{"id":10803,"date":"2017-11-24T12:22:17","date_gmt":"2017-11-24T18:22:17","guid":{"rendered":"https:\/\/accesolatino.org\/?p=10803"},"modified":"2025-10-27T13:55:57","modified_gmt":"2025-10-27T19:55:57","slug":"indocumentada-mexicana-en-la-lista-de-jovenes-mas-influyentes-en-el-mundo","status":"publish","type":"post","link":"https:\/\/accesolatino.org\/en\/indocumentada-mexicana-en-la-lista-de-jovenes-mas-influyentes-en-el-mundo\/orgullo-latino\/","title":{"rendered":"Indocumentada mexicana en la lista de j\u00f3venes m\u00e1s influyentes en el mundo"},"content":{"rendered":"<p>Reyna Montoya, es una &#8220;dreamer&#8221; que fund\u00f3 \u201c<a href=\"http:\/\/www.alientoaz.org\/\">Aliento<\/a>\u201d, una organizaci\u00f3n de apoyo a j\u00f3venes indocumentados.<\/p>\n<p>La indocumentada mexicana Reyna Montoya, elegida por la revista Forbes para su lista de los 30 j\u00f3venes menores de 30 a\u00f1os m\u00e1s influyentes por su labor social, est\u00e1 convencida de que los \u201cso\u00f1adores\u201d deben alzar su voz para defender con \u201cu\u00f1as y dientes\u201d su futuro dentro de los Estados Unidos.<\/p>\n<p>\u201cActualmente tenemos una administraci\u00f3n y un congreso que no reconoce todas las contribuciones de los j\u00f3venes \u2018so\u00f1adores\u2019 y de los inmigrantes en general. No podemos quedarnos callados, debemos seguir luchando,\u201d exhorta Montoya, de 27 a\u00f1os, en entrevista con EFE.<\/p>\n<p>La joven, fundadora en 2016 de <a title=\"\" href=\"http:\/\/www.alientoaz.org\/\" target=\"_blank\" rel=\"noopener\">Aliento<\/a>, una organizaci\u00f3n de apoyo a j\u00f3venes indocumentados, lleg\u00f3 en 2003 a los Estados Unidos de 13 a\u00f1os, escapando de la violencia, concretamente de una ola de secuestros que azotaban la ciudad fronteriza de Tijuana, en Baja California (M\u00e9xico).<\/p>\n<p><a href=\"http:\/\/www.alientoaz.org\/\">Aliento<\/a> se enfoca en ayudar a trav\u00e9s del arte a ni\u00f1os y j\u00f3venes indocumentados o que han sido impactados por la deportaci\u00f3n de un ser querido.<\/p>\n<p>La aprobaci\u00f3n de la ley estatal SB1070, en el 2010, fue determinante para que Montoya se involucrara a\u00fan m\u00e1s en la lucha por los derechos de los inmigrantes, al ver el sufrimiento de tantas familias.<\/p>\n<p>\u201cPara m\u00ed fue muy importante en ese momento compartir mi historia como estudiante indocumentada y buscar un cambio\u201d, rememora la egresada de la Universidad del Estado de Arizona (ASU) con dos licenciaturas, una en Ciencias Pol\u00edticas y otra en Estudios Transfronterizos.<\/p>\n<p>Montoya, al igual que miles de j\u00f3venes amparados bajo el programa DACA (Acci\u00f3n Diferida para los llegados en la Infancia), recibi\u00f3 como un balde de agua fr\u00eda en septiembre el anuncio de la administraci\u00f3n del actual presidente, que cancel\u00f3 este programa que protege de la deportaci\u00f3n a 800,000 j\u00f3venes indocumentados, dejando en manos del Congreso estadounidense una soluci\u00f3n final.<\/p>\n<p>La lucha para que el Congreso apruebe una legislaci\u00f3n que regularice el estatus de los \u201cso\u00f1adores\u201d es contra reloj, incluyendo a la misma Montoya, ya que el pr\u00f3ximo a\u00f1o se le vence su permiso.<\/p>\n<p>\u201cEsto me pondr\u00e1 en peligro de ser deportada\u201d, enfatiz\u00f3.<\/p>\n<p>En su opini\u00f3n, se necesita una comunidad unida que alce su voz para enviar un fuerte mensaje a los pol\u00edticos.<\/p>\n<p>\u201cLa mejor propuesta es el Acta Sue\u00f1o (DREAM Act) bipartidista de este a\u00f1o. Los dos partidos deben dejar sus divisiones y enfrentar esta crisis humanitaria. Deben tomar un voto antes de diciembre\u201d, inst\u00f3 la activista.<\/p>\n<p>Montoya se apunt\u00f3 en una caravana que viajar\u00e1 a Washington DC para hablar con miembros del Congreso.<\/p>\n<p>Estar\u00e1n en la capital del pa\u00eds desde el 27 de este mes al 8 de diciembre, en busca de apoyo.<\/p>\n<p>Entre las cosas que m\u00e1s preocupan a la joven est\u00e1 la salud mental y el estr\u00e9s en el que viven cada d\u00eda los \u201cso\u00f1adores\u201d, especialmente ahora que se est\u00e1n venciendo los permisos de DACA.<\/p>\n<p>\u201cEn <a href=\"http:\/\/www.alientoaz.org\/\">Aliento<\/a> sabemos que es muy importante no s\u00f3lo las pol\u00edticas (gubernamentales), sino adem\u00e1s c\u00f3mo lo estamos enfrentando a nivel psicol\u00f3gico, por eso debemos trabajar para mostrarnos como una comunidad diferente\u201d, argumenta la activista, cuyo padre tambi\u00e9n enfrenta un proceso de deportaci\u00f3n por ser indocumentado.<\/p>\n<p><em>Fuente: EFE<\/em><\/p>","protected":false},"excerpt":{"rendered":"<p>Reyna Montoya, es una &#8220;dreamer&#8221; que fund\u00f3 \u201cAliento\u201d, una organizaci\u00f3n de apoyo a j\u00f3venes indocumentados. La indocumentada mexicana Reyna Montoya, elegida por la revista Forbes para su lista de los 30 j\u00f3venes menores de 30 a\u00f1os m\u00e1s influyentes por su labor social, est\u00e1 convencida de que los \u201cso\u00f1adores\u201d deben alzar su voz para defender con \u201cu\u00f1as y dientes\u201d su futuro dentro de los Estados Unidos. \u201cActualmente tenemos una administraci\u00f3n y un congreso que no reconoce todas las contribuciones de los j\u00f3venes \u2018so\u00f1adores\u2019 y de los inmigrantes en general. No podemos quedarnos callados, debemos seguir luchando,\u201d exhorta Montoya, de 27 a\u00f1os, en entrevista con EFE. La joven, fundadora en 2016 de Aliento, una organizaci\u00f3n de apoyo a j\u00f3venes indocumentados, lleg\u00f3 en 2003 a los Estados Unidos de 13 a\u00f1os, escapando de la violencia, concretamente de una ola de secuestros que azotaban la ciudad fronteriza de Tijuana, en Baja California (M\u00e9xico). Aliento se enfoca en ayudar a trav\u00e9s del arte a ni\u00f1os y j\u00f3venes indocumentados o que han sido impactados por la deportaci\u00f3n de un ser querido. La aprobaci\u00f3n de la ley estatal SB1070, en el 2010, fue determinante para que Montoya se involucrara a\u00fan m\u00e1s en la lucha por los derechos de los inmigrantes, al ver el sufrimiento de tantas familias. \u201cPara m\u00ed fue muy importante en ese momento compartir mi historia como estudiante indocumentada y buscar un cambio\u201d, rememora la egresada de la Universidad del Estado de Arizona (ASU) con dos licenciaturas, una en Ciencias Pol\u00edticas y otra en Estudios Transfronterizos. Montoya, al igual que miles de j\u00f3venes amparados bajo el programa DACA (Acci\u00f3n Diferida para los llegados en la Infancia), recibi\u00f3 como un balde de agua fr\u00eda en septiembre el anuncio de la administraci\u00f3n del actual presidente, que cancel\u00f3 este programa que protege de la deportaci\u00f3n a 800,000 j\u00f3venes indocumentados, dejando en manos del Congreso estadounidense una soluci\u00f3n final. La lucha para que el Congreso apruebe una legislaci\u00f3n que regularice el estatus de los \u201cso\u00f1adores\u201d es contra reloj, incluyendo a la misma Montoya, ya que el pr\u00f3ximo a\u00f1o se le vence su permiso. \u201cEsto me pondr\u00e1 en peligro de ser deportada\u201d, enfatiz\u00f3. En su opini\u00f3n, se necesita una comunidad unida que alce su voz para enviar un fuerte mensaje a los pol\u00edticos. \u201cLa mejor propuesta es el Acta Sue\u00f1o (DREAM Act) bipartidista de este a\u00f1o. Los dos partidos deben dejar sus divisiones y enfrentar esta crisis humanitaria. Deben tomar un voto antes de diciembre\u201d, inst\u00f3 la activista. Montoya se apunt\u00f3 en una caravana que viajar\u00e1 a Washington DC para hablar con miembros del Congreso. Estar\u00e1n en la capital del pa\u00eds desde el 27 de este mes al 8 de diciembre, en busca de apoyo. Entre las cosas que m\u00e1s preocupan a la joven est\u00e1 la salud mental y el estr\u00e9s en el que viven cada d\u00eda los \u201cso\u00f1adores\u201d, especialmente ahora que se est\u00e1n venciendo los permisos de DACA. \u201cEn Aliento sabemos que es muy importante no s\u00f3lo las pol\u00edticas (gubernamentales), sino adem\u00e1s c\u00f3mo lo estamos enfrentando a nivel psicol\u00f3gico, por eso debemos trabajar para mostrarnos como una comunidad diferente\u201d, argumenta la activista, cuyo padre tambi\u00e9n enfrenta un proceso de deportaci\u00f3n por ser indocumentado. Fuente: EFE<\/p>","protected":false},"author":13,"featured_media":10804,"comment_status":"open","ping_status":"open","sticky":false,"template":"","format":"standard","meta":{"_uf_show_specific_survey":0,"_uf_disable_surveys":false,"footnotes":""},"categories":[9],"tags":[],"class_list":["post-10803","post","type-post","status-publish","format-standard","has-post-thumbnail","hentry","category-orgullo-latino"],"aioseo_notices":[],"yoast_head":"<!-- This site is optimized with the Yoast SEO plugin v27.5 - https:\/\/yoast.com\/product\/yoast-seo-wordpress\/ -->\n<title>Indocumentada mexicana en la lista de j\u00f3venes m\u00e1s influyentes en...<\/title>\n<meta name=\"description\" content=\"Reyna Montoya, es una &quot;dreamer&quot; que fund\u00f3 \u201cAliento\u201d, una organizaci\u00f3n de apoyo a j\u00f3venes indocumentados.\" \/>\n<meta name=\"robots\" content=\"index, follow, max-snippet:-1, max-image-preview:large, max-video-preview:-1\" \/>\n<link rel=\"canonical\" href=\"https:\/\/accesolatino.org\/en\/indocumentada-mexicana-en-la-lista-de-jovenes-mas-influyentes-en-el-mundo\/orgullo-latino\/\" \/>\n<meta property=\"og:locale\" content=\"en_US\" \/>\n<meta property=\"og:type\" content=\"article\" \/>\n<meta property=\"og:title\" content=\"Indocumentada mexicana en la lista de j\u00f3venes m\u00e1s influyentes en...\" \/>\n<meta property=\"og:description\" content=\"Reyna Montoya, es una &quot;dreamer&quot; que fund\u00f3 \u201cAliento\u201d, una organizaci\u00f3n de apoyo a j\u00f3venes indocumentados.\" \/>\n<meta property=\"og:url\" content=\"https:\/\/accesolatino.org\/en\/indocumentada-mexicana-en-la-lista-de-jovenes-mas-influyentes-en-el-mundo\/orgullo-latino\/\" \/>\n<meta property=\"og:site_name\" content=\"Acceso Latino\" \/>\n<meta property=\"article:publisher\" content=\"https:\/\/www.facebook.com\/AccesoLatinoOrg\" \/>\n<meta property=\"article:published_time\" content=\"2017-11-24T18:22:17+00:00\" \/>\n<meta property=\"article:modified_time\" content=\"2025-10-27T19:55:57+00:00\" \/>\n<meta property=\"og:image\" content=\"https:\/\/accesolatino.org\/wp-content\/uploads\/2017\/11\/Indocumentada-mexicana-en-la-lista-de-jovenes-mas-influyentes-en-el-mundo.jpg\" \/>\n\t<meta property=\"og:image:width\" content=\"600\" \/>\n\t<meta property=\"og:image:height\" content=\"450\" \/>\n\t<meta property=\"og:image:type\" content=\"image\/jpeg\" \/>\n<meta name=\"author\" content=\"Noticias\" \/>\n<meta name=\"twitter:card\" content=\"summary_large_image\" \/>\n<meta name=\"twitter:creator\" content=\"@FAccLatino\" \/>\n<meta name=\"twitter:site\" content=\"@FAccLatino\" \/>\n<meta name=\"twitter:label1\" content=\"Written by\" \/>\n\t<meta name=\"twitter:data1\" content=\"Noticias\" \/>\n\t<meta name=\"twitter:label2\" content=\"Est. reading time\" \/>\n\t<meta name=\"twitter:data2\" content=\"3 minutes\" \/>\n<script type=\"application\/ld+json\" class=\"yoast-schema-graph\">{\"@context\":\"https:\\\/\\\/schema.org\",\"@graph\":[{\"@type\":\"Article\",\"@id\":\"https:\\\/\\\/accesolatino.org\\\/indocumentada-mexicana-en-la-lista-de-jovenes-mas-influyentes-en-el-mundo\\\/orgullo-latino\\\/#article\",\"isPartOf\":{\"@id\":\"https:\\\/\\\/accesolatino.org\\\/indocumentada-mexicana-en-la-lista-de-jovenes-mas-influyentes-en-el-mundo\\\/orgullo-latino\\\/\"},\"author\":{\"name\":\"Noticias\",\"@id\":\"https:\\\/\\\/accesolatino.org\\\/#\\\/schema\\\/person\\\/57bc3bfd2c357610a5255490ca4cd305\"},\"headline\":\"Indocumentada mexicana en la lista de j\u00f3venes m\u00e1s influyentes en el mundo\",\"datePublished\":\"2017-11-24T18:22:17+00:00\",\"dateModified\":\"2025-10-27T19:55:57+00:00\",\"mainEntityOfPage\":{\"@id\":\"https:\\\/\\\/accesolatino.org\\\/indocumentada-mexicana-en-la-lista-de-jovenes-mas-influyentes-en-el-mundo\\\/orgullo-latino\\\/\"},\"wordCount\":582,\"commentCount\":0,\"publisher\":{\"@id\":\"https:\\\/\\\/accesolatino.org\\\/#organization\"},\"image\":{\"@id\":\"https:\\\/\\\/accesolatino.org\\\/indocumentada-mexicana-en-la-lista-de-jovenes-mas-influyentes-en-el-mundo\\\/orgullo-latino\\\/#primaryimage\"},\"thumbnailUrl\":\"https:\\\/\\\/accesolatino.org\\\/wp-content\\\/uploads\\\/2017\\\/11\\\/Indocumentada-mexicana-en-la-lista-de-jovenes-mas-influyentes-en-el-mundo.jpg\",\"articleSection\":[\"Orgullo Latino\"],\"inLanguage\":\"en-US\",\"potentialAction\":[{\"@type\":\"CommentAction\",\"name\":\"Comment\",\"target\":[\"https:\\\/\\\/accesolatino.org\\\/indocumentada-mexicana-en-la-lista-de-jovenes-mas-influyentes-en-el-mundo\\\/orgullo-latino\\\/#respond\"]}]},{\"@type\":\"WebPage\",\"@id\":\"https:\\\/\\\/accesolatino.org\\\/indocumentada-mexicana-en-la-lista-de-jovenes-mas-influyentes-en-el-mundo\\\/orgullo-latino\\\/\",\"url\":\"https:\\\/\\\/accesolatino.org\\\/indocumentada-mexicana-en-la-lista-de-jovenes-mas-influyentes-en-el-mundo\\\/orgullo-latino\\\/\",\"name\":\"Indocumentada mexicana en la lista de j\u00f3venes m\u00e1s influyentes en...\",\"isPartOf\":{\"@id\":\"https:\\\/\\\/accesolatino.org\\\/#website\"},\"primaryImageOfPage\":{\"@id\":\"https:\\\/\\\/accesolatino.org\\\/indocumentada-mexicana-en-la-lista-de-jovenes-mas-influyentes-en-el-mundo\\\/orgullo-latino\\\/#primaryimage\"},\"image\":{\"@id\":\"https:\\\/\\\/accesolatino.org\\\/indocumentada-mexicana-en-la-lista-de-jovenes-mas-influyentes-en-el-mundo\\\/orgullo-latino\\\/#primaryimage\"},\"thumbnailUrl\":\"https:\\\/\\\/accesolatino.org\\\/wp-content\\\/uploads\\\/2017\\\/11\\\/Indocumentada-mexicana-en-la-lista-de-jovenes-mas-influyentes-en-el-mundo.jpg\",\"datePublished\":\"2017-11-24T18:22:17+00:00\",\"dateModified\":\"2025-10-27T19:55:57+00:00\",\"description\":\"Reyna Montoya, es una \\\"dreamer\\\" que fund\u00f3 \u201cAliento\u201d, una organizaci\u00f3n de apoyo a j\u00f3venes indocumentados.\",\"breadcrumb\":{\"@id\":\"https:\\\/\\\/accesolatino.org\\\/indocumentada-mexicana-en-la-lista-de-jovenes-mas-influyentes-en-el-mundo\\\/orgullo-latino\\\/#breadcrumb\"},\"inLanguage\":\"en-US\",\"potentialAction\":[{\"@type\":\"ReadAction\",\"target\":[\"https:\\\/\\\/accesolatino.org\\\/indocumentada-mexicana-en-la-lista-de-jovenes-mas-influyentes-en-el-mundo\\\/orgullo-latino\\\/\"]}]},{\"@type\":\"ImageObject\",\"inLanguage\":\"en-US\",\"@id\":\"https:\\\/\\\/accesolatino.org\\\/indocumentada-mexicana-en-la-lista-de-jovenes-mas-influyentes-en-el-mundo\\\/orgullo-latino\\\/#primaryimage\",\"url\":\"https:\\\/\\\/accesolatino.org\\\/wp-content\\\/uploads\\\/2017\\\/11\\\/Indocumentada-mexicana-en-la-lista-de-jovenes-mas-influyentes-en-el-mundo.jpg\",\"contentUrl\":\"https:\\\/\\\/accesolatino.org\\\/wp-content\\\/uploads\\\/2017\\\/11\\\/Indocumentada-mexicana-en-la-lista-de-jovenes-mas-influyentes-en-el-mundo.jpg\",\"width\":\"600\",\"height\":\"450\",\"caption\":\"Indocumentada-mexicana-en-la-lista-de-jovenes-mas-influyentes-en-el-mundo\"},{\"@type\":\"BreadcrumbList\",\"@id\":\"https:\\\/\\\/accesolatino.org\\\/indocumentada-mexicana-en-la-lista-de-jovenes-mas-influyentes-en-el-mundo\\\/orgullo-latino\\\/#breadcrumb\",\"itemListElement\":[{\"@type\":\"ListItem\",\"position\":1,\"name\":\"Portada\",\"item\":\"https:\\\/\\\/accesolatino.org\\\/\"},{\"@type\":\"ListItem\",\"position\":2,\"name\":\"Orgullo Latino\",\"item\":\"https:\\\/\\\/accesolatino.org\\\/category\\\/orgullo-latino\\\/\"},{\"@type\":\"ListItem\",\"position\":3,\"name\":\"Indocumentada mexicana en la lista de j\u00f3venes m\u00e1s influyentes en el mundo\"}]},{\"@type\":\"WebSite\",\"@id\":\"https:\\\/\\\/accesolatino.org\\\/#website\",\"url\":\"https:\\\/\\\/accesolatino.org\\\/\",\"name\":\"Acceso Latino | Fundaci\u00f3n Carlos Slim\",\"description\":\"Fundaci\u00f3n Carlos Slim\",\"publisher\":{\"@id\":\"https:\\\/\\\/accesolatino.org\\\/#organization\"},\"potentialAction\":[{\"@type\":\"SearchAction\",\"target\":{\"@type\":\"EntryPoint\",\"urlTemplate\":\"https:\\\/\\\/accesolatino.org\\\/?s={search_term_string}\"},\"query-input\":{\"@type\":\"PropertyValueSpecification\",\"valueRequired\":true,\"valueName\":\"search_term_string\"}}],\"inLanguage\":\"en-US\"},{\"@type\":\"Organization\",\"@id\":\"https:\\\/\\\/accesolatino.org\\\/#organization\",\"name\":\"Acceso Latino | Fundaci\u00f3n Carlos Slim\",\"url\":\"https:\\\/\\\/accesolatino.org\\\/\",\"logo\":{\"@type\":\"ImageObject\",\"inLanguage\":\"en-US\",\"@id\":\"https:\\\/\\\/accesolatino.org\\\/#\\\/schema\\\/logo\\\/image\\\/\",\"url\":\"https:\\\/\\\/accesolatino.org\\\/wp-content\\\/uploads\\\/2021\\\/02\\\/logo-footer-acceso-latino.png\",\"contentUrl\":\"https:\\\/\\\/accesolatino.org\\\/wp-content\\\/uploads\\\/2021\\\/02\\\/logo-footer-acceso-latino.png\",\"width\":240,\"height\":40,\"caption\":\"Acceso Latino | Fundaci\u00f3n Carlos Slim\"},\"image\":{\"@id\":\"https:\\\/\\\/accesolatino.org\\\/#\\\/schema\\\/logo\\\/image\\\/\"},\"sameAs\":[\"https:\\\/\\\/www.facebook.com\\\/AccesoLatinoOrg\",\"https:\\\/\\\/x.com\\\/FAccLatino\"]},{\"@type\":\"Person\",\"@id\":\"https:\\\/\\\/accesolatino.org\\\/#\\\/schema\\\/person\\\/57bc3bfd2c357610a5255490ca4cd305\",\"name\":\"Noticias\"}]}<\/script>\n<!-- \/ Yoast SEO plugin. -->","yoast_head_json":{"title":"Indocumentada mexicana en la lista de j\u00f3venes m\u00e1s influyentes en...","description":"Reyna Montoya, es una \"dreamer\" que fund\u00f3 \u201cAliento\u201d, una organizaci\u00f3n de apoyo a j\u00f3venes indocumentados.","robots":{"index":"index","follow":"follow","max-snippet":"max-snippet:-1","max-image-preview":"max-image-preview:large","max-video-preview":"max-video-preview:-1"},"canonical":"https:\/\/accesolatino.org\/en\/indocumentada-mexicana-en-la-lista-de-jovenes-mas-influyentes-en-el-mundo\/orgullo-latino\/","og_locale":"en_US","og_type":"article","og_title":"Indocumentada mexicana en la lista de j\u00f3venes m\u00e1s influyentes en...","og_description":"Reyna Montoya, es una \"dreamer\" que fund\u00f3 \u201cAliento\u201d, una organizaci\u00f3n de apoyo a j\u00f3venes indocumentados.","og_url":"https:\/\/accesolatino.org\/en\/indocumentada-mexicana-en-la-lista-de-jovenes-mas-influyentes-en-el-mundo\/orgullo-latino\/","og_site_name":"Acceso Latino","article_publisher":"https:\/\/www.facebook.com\/AccesoLatinoOrg","article_published_time":"2017-11-24T18:22:17+00:00","article_modified_time":"2025-10-27T19:55:57+00:00","og_image":[{"width":600,"height":450,"url":"https:\/\/accesolatino.org\/wp-content\/uploads\/2017\/11\/Indocumentada-mexicana-en-la-lista-de-jovenes-mas-influyentes-en-el-mundo.jpg","type":"image\/jpeg"}],"author":"Noticias","twitter_card":"summary_large_image","twitter_creator":"@FAccLatino","twitter_site":"@FAccLatino","twitter_misc":{"Written by":"Noticias","Est. reading time":"3 minutes"},"schema":{"@context":"https:\/\/schema.org","@graph":[{"@type":"Article","@id":"https:\/\/accesolatino.org\/indocumentada-mexicana-en-la-lista-de-jovenes-mas-influyentes-en-el-mundo\/orgullo-latino\/#article","isPartOf":{"@id":"https:\/\/accesolatino.org\/indocumentada-mexicana-en-la-lista-de-jovenes-mas-influyentes-en-el-mundo\/orgullo-latino\/"},"author":{"name":"Noticias","@id":"https:\/\/accesolatino.org\/#\/schema\/person\/57bc3bfd2c357610a5255490ca4cd305"},"headline":"Indocumentada mexicana en la lista de j\u00f3venes m\u00e1s influyentes en el mundo","datePublished":"2017-11-24T18:22:17+00:00","dateModified":"2025-10-27T19:55:57+00:00","mainEntityOfPage":{"@id":"https:\/\/accesolatino.org\/indocumentada-mexicana-en-la-lista-de-jovenes-mas-influyentes-en-el-mundo\/orgullo-latino\/"},"wordCount":582,"commentCount":0,"publisher":{"@id":"https:\/\/accesolatino.org\/#organization"},"image":{"@id":"https:\/\/accesolatino.org\/indocumentada-mexicana-en-la-lista-de-jovenes-mas-influyentes-en-el-mundo\/orgullo-latino\/#primaryimage"},"thumbnailUrl":"https:\/\/accesolatino.org\/wp-content\/uploads\/2017\/11\/Indocumentada-mexicana-en-la-lista-de-jovenes-mas-influyentes-en-el-mundo.jpg","articleSection":["Orgullo Latino"],"inLanguage":"en-US","potentialAction":[{"@type":"CommentAction","name":"Comment","target":["https:\/\/accesolatino.org\/indocumentada-mexicana-en-la-lista-de-jovenes-mas-influyentes-en-el-mundo\/orgullo-latino\/#respond"]}]},{"@type":"WebPage","@id":"https:\/\/accesolatino.org\/indocumentada-mexicana-en-la-lista-de-jovenes-mas-influyentes-en-el-mundo\/orgullo-latino\/","url":"https:\/\/accesolatino.org\/indocumentada-mexicana-en-la-lista-de-jovenes-mas-influyentes-en-el-mundo\/orgullo-latino\/","name":"Indocumentada mexicana en la lista de j\u00f3venes m\u00e1s influyentes en...","isPartOf":{"@id":"https:\/\/accesolatino.org\/#website"},"primaryImageOfPage":{"@id":"https:\/\/accesolatino.org\/indocumentada-mexicana-en-la-lista-de-jovenes-mas-influyentes-en-el-mundo\/orgullo-latino\/#primaryimage"},"image":{"@id":"https:\/\/accesolatino.org\/indocumentada-mexicana-en-la-lista-de-jovenes-mas-influyentes-en-el-mundo\/orgullo-latino\/#primaryimage"},"thumbnailUrl":"https:\/\/accesolatino.org\/wp-content\/uploads\/2017\/11\/Indocumentada-mexicana-en-la-lista-de-jovenes-mas-influyentes-en-el-mundo.jpg","datePublished":"2017-11-24T18:22:17+00:00","dateModified":"2025-10-27T19:55:57+00:00","description":"Reyna Montoya, es una \"dreamer\" que fund\u00f3 \u201cAliento\u201d, una organizaci\u00f3n de apoyo a j\u00f3venes indocumentados.","breadcrumb":{"@id":"https:\/\/accesolatino.org\/indocumentada-mexicana-en-la-lista-de-jovenes-mas-influyentes-en-el-mundo\/orgullo-latino\/#breadcrumb"},"inLanguage":"en-US","potentialAction":[{"@type":"ReadAction","target":["https:\/\/accesolatino.org\/indocumentada-mexicana-en-la-lista-de-jovenes-mas-influyentes-en-el-mundo\/orgullo-latino\/"]}]},{"@type":"ImageObject","inLanguage":"en-US","@id":"https:\/\/accesolatino.org\/indocumentada-mexicana-en-la-lista-de-jovenes-mas-influyentes-en-el-mundo\/orgullo-latino\/#primaryimage","url":"https:\/\/accesolatino.org\/wp-content\/uploads\/2017\/11\/Indocumentada-mexicana-en-la-lista-de-jovenes-mas-influyentes-en-el-mundo.jpg","contentUrl":"https:\/\/accesolatino.org\/wp-content\/uploads\/2017\/11\/Indocumentada-mexicana-en-la-lista-de-jovenes-mas-influyentes-en-el-mundo.jpg","width":"600","height":"450","caption":"Indocumentada-mexicana-en-la-lista-de-jovenes-mas-influyentes-en-el-mundo"},{"@type":"BreadcrumbList","@id":"https:\/\/accesolatino.org\/indocumentada-mexicana-en-la-lista-de-jovenes-mas-influyentes-en-el-mundo\/orgullo-latino\/#breadcrumb","itemListElement":[{"@type":"ListItem","position":1,"name":"Portada","item":"https:\/\/accesolatino.org\/"},{"@type":"ListItem","position":2,"name":"Orgullo Latino","item":"https:\/\/accesolatino.org\/category\/orgullo-latino\/"},{"@type":"ListItem","position":3,"name":"Indocumentada mexicana en la lista de j\u00f3venes m\u00e1s influyentes en el mundo"}]},{"@type":"WebSite","@id":"https:\/\/accesolatino.org\/#website","url":"https:\/\/accesolatino.org\/","name":"Acceso Latino | Fundaci\u00f3n Carlos Slim","description":"Fundaci\u00f3n Carlos Slim","publisher":{"@id":"https:\/\/accesolatino.org\/#organization"},"potentialAction":[{"@type":"SearchAction","target":{"@type":"EntryPoint","urlTemplate":"https:\/\/accesolatino.org\/?s={search_term_string}"},"query-input":{"@type":"PropertyValueSpecification","valueRequired":true,"valueName":"search_term_string"}}],"inLanguage":"en-US"},{"@type":"Organization","@id":"https:\/\/accesolatino.org\/#organization","name":"Acceso Latino | Fundaci\u00f3n Carlos Slim","url":"https:\/\/accesolatino.org\/","logo":{"@type":"ImageObject","inLanguage":"en-US","@id":"https:\/\/accesolatino.org\/#\/schema\/logo\/image\/","url":"https:\/\/accesolatino.org\/wp-content\/uploads\/2021\/02\/logo-footer-acceso-latino.png","contentUrl":"https:\/\/accesolatino.org\/wp-content\/uploads\/2021\/02\/logo-footer-acceso-latino.png","width":240,"height":40,"caption":"Acceso Latino | Fundaci\u00f3n Carlos Slim"},"image":{"@id":"https:\/\/accesolatino.org\/#\/schema\/logo\/image\/"},"sameAs":["https:\/\/www.facebook.com\/AccesoLatinoOrg","https:\/\/x.com\/FAccLatino"]},{"@type":"Person","@id":"https:\/\/accesolatino.org\/#\/schema\/person\/57bc3bfd2c357610a5255490ca4cd305","name":"News"}]}},"_links":{"self":[{"href":"https:\/\/accesolatino.org\/en\/wp-json\/wp\/v2\/posts\/10803","targetHints":{"allow":["GET"]}}],"collection":[{"href":"https:\/\/accesolatino.org\/en\/wp-json\/wp\/v2\/posts"}],"about":[{"href":"https:\/\/accesolatino.org\/en\/wp-json\/wp\/v2\/types\/post"}],"author":[{"embeddable":true,"href":"https:\/\/accesolatino.org\/en\/wp-json\/wp\/v2\/users\/13"}],"replies":[{"embeddable":true,"href":"https:\/\/accesolatino.org\/en\/wp-json\/wp\/v2\/comments?post=10803"}],"version-history":[{"count":1,"href":"https:\/\/accesolatino.org\/en\/wp-json\/wp\/v2\/posts\/10803\/revisions"}],"predecessor-version":[{"id":66788,"href":"https:\/\/accesolatino.org\/en\/wp-json\/wp\/v2\/posts\/10803\/revisions\/66788"}],"wp:featuredmedia":[{"embeddable":true,"href":"https:\/\/accesolatino.org\/en\/wp-json\/wp\/v2\/media\/10804"}],"wp:attachment":[{"href":"https:\/\/accesolatino.org\/en\/wp-json\/wp\/v2\/media?parent=10803"}],"wp:term":[{"taxonomy":"category","embeddable":true,"href":"https:\/\/accesolatino.org\/en\/wp-json\/wp\/v2\/categories?post=10803"},{"taxonomy":"post_tag","embeddable":true,"href":"https:\/\/accesolatino.org\/en\/wp-json\/wp\/v2\/tags?post=10803"}],"curies":[{"name":"wp","href":"https:\/\/api.w.org\/{rel}","templated":true}]}}