{"id":10799,"date":"2017-11-23T09:26:40","date_gmt":"2017-11-23T15:26:40","guid":{"rendered":"https:\/\/accesolatino.org\/?p=10799"},"modified":"2025-10-27T13:56:09","modified_gmt":"2025-10-27T19:56:09","slug":"consulado-de-mexico-y-carecen-firmaron-acuerdo-para-promover-el-ahorro","status":"publish","type":"post","link":"https:\/\/accesolatino.org\/en\/consulado-de-mexico-y-carecen-firmaron-acuerdo-para-promover-el-ahorro\/noticias\/","title":{"rendered":"Consulado de M\u00e9xico y CARECEN firmaron acuerdo para promover el ahorro"},"content":{"rendered":"<p>La instituci\u00f3n realiz\u00f3 una Feria de Educaci\u00f3n Financiera en la que dio a conocer la aplicaci\u00f3n Afore M\u00f3vil<\/p>\n<p>El Consulado de M\u00e9xico en Washington DC firm\u00f3 un acuerdo de entendimiento con el Centro de Recursos de Centro Am\u00e9rica (CARECEN), con el fin de fomentar el ahorro para el retiro dentro de cuentas que se podr\u00e1n abrir a trav\u00e9s de internet &#8211; en pesos &#8211; mexicanos desde EEUU, mientras que ayudan a sus connacionales residentes de la regi\u00f3n que tienen fondos disponibles en el pa\u00eds azteca, a que puedan recuperarlos.<\/p>\n<p>Seg\u00fan explic\u00f3 Rafael Laveaga, Jefe de la Secci\u00f3n Consular de M\u00e9xico en DC, el memor\u00e1ndum que se firm\u00f3 busca capacitar a las personas en el manejo eficiente de su dinero. Seg\u00fan cifras oficiales se estima que entre Maryland, Virginia, West Virginia y Washington DC, residen 250 mil mexicanos.<\/p>\n<p>\u201cSi la comunidad viene a trabajar y a ganar dinero, lo siguiente es su uso inteligente. Lo guardamos en el colch\u00f3n, cargamos grandes cantidades de efectivo y la delincuencia lo sabe, muchos consideran innecesarios los seguros. Ahora que vivimos la tragedia mexicana de los terremotos, pocos ten\u00edan aseguradas sus casas porque no hay cultura al respecto. Esto tambi\u00e9n responde al temor generalizado que existen en comunidad migrante mexicana y latinoamericana, porque creen que las entidades financieras dar\u00e1n informaci\u00f3n de estatus migratorio, ese mito hay que desmontarlo\u201d, dijo el funcionario.<\/p>\n<p>Al referirse a los fondos que los mexicanos han ahorrado durante a\u00f1os de trabajo en su pa\u00eds de origen, Laveaga asegur\u00f3 que es falsa la creencia de que al emigrar los perdieron. En 50 consulados de la Uni\u00f3n Americana se realiz\u00f3 una Feria de Educaci\u00f3n Financiera, para ofrecerle a los usuarios de las instituciones informaci\u00f3n sobre c\u00f3mo proteger su patrimonio, desde el 15 hasta el 17 de noviembre.<\/p>\n<p>Por su parte, Abel N\u00fa\u00f1ez, director ejecutivo de CARECEN se mostr\u00f3 satisfecho por el acuerdo y record\u00f3 que muchas personas en sus pa\u00edses de origen dependen de las remesas que env\u00edan los familiares, lo que constituye un ingreso a las econom\u00edas locales.<\/p>\n<p>Adem\u00e1s del ente diplom\u00e1tico, promotor de la iniciativa, se dieron cita representantes de la Comisi\u00f3n Nacional para la Protecci\u00f3n y Defensa de los Usuarios de Servicios financieros (CONDUSEF), as\u00ed como la Comisi\u00f3n Nacional del Sistema de Ahorro para el Retiro (CONSAR) &#8211; ambos entes mexicanos.<\/p>\n<p>\u201cLa CONSAR ha puesto a disposici\u00f3n una aplicaci\u00f3n llamada Afore m\u00f3vil. Casi 60 millones de mexicanos tienen una cuenta de Afore y alrededor de 4 a 5 millones est\u00e1n trabajando y viviendo aqu\u00ed en EEUU, aunque muchos ya la han olvidado, pero ese es su dinero y les pertenece. Al descargar esta plataforma se le ayudar\u00e1 a ubicarla. Tambi\u00e9n pueden ahorrar desde EEUU, enviar dinero a su propia cuenta para que sigan acumulando m\u00e1s ganancias y rendimientos\u201d, declar\u00f3 Carlos Marmolejo, vicepresidente de Operaciones de la instituci\u00f3n.<\/p>\n<p>De acuerdo al funcionario p\u00fablico, las cuentas Administradoras de Fondos para el Retiro en M\u00e9xico (Afore), han pagado en los \u00faltimos 21 a\u00f1os el 6% de inter\u00e9s compuesto, por encima de la inflaci\u00f3n, por lo que cada d\u00eda se capitalizan. A trav\u00e9s de la calculadora de la aplicaci\u00f3n que invitan a descargar, el usuario podr\u00e1 localizar el dinero que tiene ahorrado e incluso proyectarlo a los 65 a\u00f1os de edad y saber qu\u00e9 pensi\u00f3n tendr\u00e1 para ese futuro.<\/p>\n<p>\u201cEn el marco de esta feria, cumplimos un a\u00f1o con presencia en 15 consulados de la Uni\u00f3n Americana, a trav\u00e9s de las ventanillas de asesor\u00eda financiera, con el m\u00f3dulo MAEX, que ayuda a conocer los productos financieros disponibles desde el exterior. Por otra parte, asesoramos a las personas para que conozcan su bur\u00f3 de cr\u00e9dito\u201d, asever\u00f3 Aurelio Castro, Director General de Tecnolog\u00edas de la informaci\u00f3n en la CONDUSEF.<\/p>\n<p>Alan Torres, C\u00f3nsul de Comunidades, resalt\u00f3 la importancia de ahorrar e inform\u00f3 que seg\u00fan las estad\u00edsticas, siete de diez mexicanos no ahorra. \u201cAs\u00ed que lo que queremos es fomentar esa cultura de prevenci\u00f3n para que quienes viven en USA empiecen a incrementar su patrimonio y tengan un mejor futuro\u201d.<\/p>\n<p>Si quiere m\u00e1s informaci\u00f3n, adem\u00e1s de asistir a la sede del Consulado de M\u00e9xico en DC, tambi\u00e9n puede llamar sin costo al 1 85 52193773.<\/p>\n<p><em>Fuente: El Tiempo Latino<\/em><\/p>","protected":false},"excerpt":{"rendered":"<p>La instituci\u00f3n realiz\u00f3 una Feria de Educaci\u00f3n Financiera en la que dio a conocer la aplicaci\u00f3n Afore M\u00f3vil El Consulado de M\u00e9xico en Washington DC firm\u00f3 un acuerdo de entendimiento con el Centro de Recursos de Centro Am\u00e9rica (CARECEN), con el fin de fomentar el ahorro para el retiro dentro de cuentas que se podr\u00e1n abrir a trav\u00e9s de internet &#8211; en pesos &#8211; mexicanos desde EEUU, mientras que ayudan a sus connacionales residentes de la regi\u00f3n que tienen fondos disponibles en el pa\u00eds azteca, a que puedan recuperarlos. Seg\u00fan explic\u00f3 Rafael Laveaga, Jefe de la Secci\u00f3n Consular de M\u00e9xico en DC, el memor\u00e1ndum que se firm\u00f3 busca capacitar a las personas en el manejo eficiente de su dinero. Seg\u00fan cifras oficiales se estima que entre Maryland, Virginia, West Virginia y Washington DC, residen 250 mil mexicanos. \u201cSi la comunidad viene a trabajar y a ganar dinero, lo siguiente es su uso inteligente. Lo guardamos en el colch\u00f3n, cargamos grandes cantidades de efectivo y la delincuencia lo sabe, muchos consideran innecesarios los seguros. Ahora que vivimos la tragedia mexicana de los terremotos, pocos ten\u00edan aseguradas sus casas porque no hay cultura al respecto. Esto tambi\u00e9n responde al temor generalizado que existen en comunidad migrante mexicana y latinoamericana, porque creen que las entidades financieras dar\u00e1n informaci\u00f3n de estatus migratorio, ese mito hay que desmontarlo\u201d, dijo el funcionario. Al referirse a los fondos que los mexicanos han ahorrado durante a\u00f1os de trabajo en su pa\u00eds de origen, Laveaga asegur\u00f3 que es falsa la creencia de que al emigrar los perdieron. En 50 consulados de la Uni\u00f3n Americana se realiz\u00f3 una Feria de Educaci\u00f3n Financiera, para ofrecerle a los usuarios de las instituciones informaci\u00f3n sobre c\u00f3mo proteger su patrimonio, desde el 15 hasta el 17 de noviembre. Por su parte, Abel N\u00fa\u00f1ez, director ejecutivo de CARECEN se mostr\u00f3 satisfecho por el acuerdo y record\u00f3 que muchas personas en sus pa\u00edses de origen dependen de las remesas que env\u00edan los familiares, lo que constituye un ingreso a las econom\u00edas locales. Adem\u00e1s del ente diplom\u00e1tico, promotor de la iniciativa, se dieron cita representantes de la Comisi\u00f3n Nacional para la Protecci\u00f3n y Defensa de los Usuarios de Servicios financieros (CONDUSEF), as\u00ed como la Comisi\u00f3n Nacional del Sistema de Ahorro para el Retiro (CONSAR) &#8211; ambos entes mexicanos. \u201cLa CONSAR ha puesto a disposici\u00f3n una aplicaci\u00f3n llamada Afore m\u00f3vil. Casi 60 millones de mexicanos tienen una cuenta de Afore y alrededor de 4 a 5 millones est\u00e1n trabajando y viviendo aqu\u00ed en EEUU, aunque muchos ya la han olvidado, pero ese es su dinero y les pertenece. Al descargar esta plataforma se le ayudar\u00e1 a ubicarla. Tambi\u00e9n pueden ahorrar desde EEUU, enviar dinero a su propia cuenta para que sigan acumulando m\u00e1s ganancias y rendimientos\u201d, declar\u00f3 Carlos Marmolejo, vicepresidente de Operaciones de la instituci\u00f3n. De acuerdo al funcionario p\u00fablico, las cuentas Administradoras de Fondos para el Retiro en M\u00e9xico (Afore), han pagado en los \u00faltimos 21 a\u00f1os el 6% de inter\u00e9s compuesto, por encima de la inflaci\u00f3n, por lo que cada d\u00eda se capitalizan. A trav\u00e9s de la calculadora de la aplicaci\u00f3n que invitan a descargar, el usuario podr\u00e1 localizar el dinero que tiene ahorrado e incluso proyectarlo a los 65 a\u00f1os de edad y saber qu\u00e9 pensi\u00f3n tendr\u00e1 para ese futuro. \u201cEn el marco de esta feria, cumplimos un a\u00f1o con presencia en 15 consulados de la Uni\u00f3n Americana, a trav\u00e9s de las ventanillas de asesor\u00eda financiera, con el m\u00f3dulo MAEX, que ayuda a conocer los productos financieros disponibles desde el exterior. Por otra parte, asesoramos a las personas para que conozcan su bur\u00f3 de cr\u00e9dito\u201d, asever\u00f3 Aurelio Castro, Director General de Tecnolog\u00edas de la informaci\u00f3n en la CONDUSEF. Alan Torres, C\u00f3nsul de Comunidades, resalt\u00f3 la importancia de ahorrar e inform\u00f3 que seg\u00fan las estad\u00edsticas, siete de diez mexicanos no ahorra. \u201cAs\u00ed que lo que queremos es fomentar esa cultura de prevenci\u00f3n para que quienes viven en USA empiecen a incrementar su patrimonio y tengan un mejor futuro\u201d. Si quiere m\u00e1s informaci\u00f3n, adem\u00e1s de asistir a la sede del Consulado de M\u00e9xico en DC, tambi\u00e9n puede llamar sin costo al 1 85 52193773. Fuente: El Tiempo Latino<\/p>","protected":false},"author":13,"featured_media":10800,"comment_status":"open","ping_status":"open","sticky":false,"template":"","format":"standard","meta":{"_uf_show_specific_survey":0,"_uf_disable_surveys":false,"footnotes":""},"categories":[10,1],"tags":[],"class_list":["post-10799","post","type-post","status-publish","format-standard","has-post-thumbnail","hentry","category-noticias","category-temas-de-interes"],"aioseo_notices":[],"yoast_head":"<!-- This site is optimized with the Yoast SEO plugin v27.5 - https:\/\/yoast.com\/product\/yoast-seo-wordpress\/ -->\n<title>Consulado de M\u00e9xico y CARECEN firmaron acuerdo para promover...<\/title>\n<meta name=\"description\" content=\"La instituci\u00f3n realiz\u00f3 una Feria de Educaci\u00f3n Financiera en la que dio a conocer la aplicaci\u00f3n Afore M\u00f3vil\" \/>\n<meta name=\"robots\" content=\"index, follow, max-snippet:-1, max-image-preview:large, max-video-preview:-1\" \/>\n<link rel=\"canonical\" href=\"https:\/\/accesolatino.org\/en\/consulado-de-mexico-y-carecen-firmaron-acuerdo-para-promover-el-ahorro\/noticias\/\" \/>\n<meta property=\"og:locale\" content=\"en_US\" \/>\n<meta property=\"og:type\" content=\"article\" \/>\n<meta property=\"og:title\" content=\"Consulado de M\u00e9xico y CARECEN firmaron acuerdo para promover...\" \/>\n<meta property=\"og:description\" content=\"La instituci\u00f3n realiz\u00f3 una Feria de Educaci\u00f3n Financiera en la que dio a conocer la aplicaci\u00f3n Afore M\u00f3vil\" \/>\n<meta property=\"og:url\" content=\"https:\/\/accesolatino.org\/en\/consulado-de-mexico-y-carecen-firmaron-acuerdo-para-promover-el-ahorro\/noticias\/\" \/>\n<meta property=\"og:site_name\" content=\"Acceso Latino\" \/>\n<meta property=\"article:publisher\" content=\"https:\/\/www.facebook.com\/AccesoLatinoOrg\" \/>\n<meta property=\"article:published_time\" content=\"2017-11-23T15:26:40+00:00\" \/>\n<meta property=\"article:modified_time\" content=\"2025-10-27T19:56:09+00:00\" \/>\n<meta property=\"og:image\" content=\"https:\/\/accesolatino.org\/wp-content\/uploads\/2017\/11\/Consulado-de-Mexico-y-CARECEN-firmaron-acuerdo-para-promover-el-ahorro.jpg\" \/>\n\t<meta property=\"og:image:width\" content=\"600\" \/>\n\t<meta property=\"og:image:height\" content=\"300\" \/>\n\t<meta property=\"og:image:type\" content=\"image\/jpeg\" \/>\n<meta name=\"author\" content=\"Noticias\" \/>\n<meta name=\"twitter:card\" content=\"summary_large_image\" \/>\n<meta name=\"twitter:creator\" content=\"@FAccLatino\" \/>\n<meta name=\"twitter:site\" content=\"@FAccLatino\" \/>\n<meta name=\"twitter:label1\" content=\"Written by\" \/>\n\t<meta name=\"twitter:data1\" content=\"Noticias\" \/>\n\t<meta name=\"twitter:label2\" content=\"Est. reading time\" \/>\n\t<meta name=\"twitter:data2\" content=\"4 minutes\" \/>\n<script type=\"application\/ld+json\" class=\"yoast-schema-graph\">{\"@context\":\"https:\\\/\\\/schema.org\",\"@graph\":[{\"@type\":\"Article\",\"@id\":\"https:\\\/\\\/accesolatino.org\\\/consulado-de-mexico-y-carecen-firmaron-acuerdo-para-promover-el-ahorro\\\/noticias\\\/#article\",\"isPartOf\":{\"@id\":\"https:\\\/\\\/accesolatino.org\\\/consulado-de-mexico-y-carecen-firmaron-acuerdo-para-promover-el-ahorro\\\/noticias\\\/\"},\"author\":{\"name\":\"Noticias\",\"@id\":\"https:\\\/\\\/accesolatino.org\\\/#\\\/schema\\\/person\\\/57bc3bfd2c357610a5255490ca4cd305\"},\"headline\":\"Consulado de M\u00e9xico y CARECEN firmaron acuerdo para promover el ahorro\",\"datePublished\":\"2017-11-23T15:26:40+00:00\",\"dateModified\":\"2025-10-27T19:56:09+00:00\",\"mainEntityOfPage\":{\"@id\":\"https:\\\/\\\/accesolatino.org\\\/consulado-de-mexico-y-carecen-firmaron-acuerdo-para-promover-el-ahorro\\\/noticias\\\/\"},\"wordCount\":758,\"commentCount\":0,\"publisher\":{\"@id\":\"https:\\\/\\\/accesolatino.org\\\/#organization\"},\"image\":{\"@id\":\"https:\\\/\\\/accesolatino.org\\\/consulado-de-mexico-y-carecen-firmaron-acuerdo-para-promover-el-ahorro\\\/noticias\\\/#primaryimage\"},\"thumbnailUrl\":\"https:\\\/\\\/accesolatino.org\\\/wp-content\\\/uploads\\\/2017\\\/11\\\/Consulado-de-Mexico-y-CARECEN-firmaron-acuerdo-para-promover-el-ahorro.jpg\",\"articleSection\":[\"Noticias\",\"Temas de inter\u00e9s\"],\"inLanguage\":\"en-US\",\"potentialAction\":[{\"@type\":\"CommentAction\",\"name\":\"Comment\",\"target\":[\"https:\\\/\\\/accesolatino.org\\\/consulado-de-mexico-y-carecen-firmaron-acuerdo-para-promover-el-ahorro\\\/noticias\\\/#respond\"]}]},{\"@type\":\"WebPage\",\"@id\":\"https:\\\/\\\/accesolatino.org\\\/consulado-de-mexico-y-carecen-firmaron-acuerdo-para-promover-el-ahorro\\\/noticias\\\/\",\"url\":\"https:\\\/\\\/accesolatino.org\\\/consulado-de-mexico-y-carecen-firmaron-acuerdo-para-promover-el-ahorro\\\/noticias\\\/\",\"name\":\"Consulado de M\u00e9xico y CARECEN firmaron acuerdo para promover...\",\"isPartOf\":{\"@id\":\"https:\\\/\\\/accesolatino.org\\\/#website\"},\"primaryImageOfPage\":{\"@id\":\"https:\\\/\\\/accesolatino.org\\\/consulado-de-mexico-y-carecen-firmaron-acuerdo-para-promover-el-ahorro\\\/noticias\\\/#primaryimage\"},\"image\":{\"@id\":\"https:\\\/\\\/accesolatino.org\\\/consulado-de-mexico-y-carecen-firmaron-acuerdo-para-promover-el-ahorro\\\/noticias\\\/#primaryimage\"},\"thumbnailUrl\":\"https:\\\/\\\/accesolatino.org\\\/wp-content\\\/uploads\\\/2017\\\/11\\\/Consulado-de-Mexico-y-CARECEN-firmaron-acuerdo-para-promover-el-ahorro.jpg\",\"datePublished\":\"2017-11-23T15:26:40+00:00\",\"dateModified\":\"2025-10-27T19:56:09+00:00\",\"description\":\"La instituci\u00f3n realiz\u00f3 una Feria de Educaci\u00f3n Financiera en la que dio a conocer la aplicaci\u00f3n Afore M\u00f3vil\",\"breadcrumb\":{\"@id\":\"https:\\\/\\\/accesolatino.org\\\/consulado-de-mexico-y-carecen-firmaron-acuerdo-para-promover-el-ahorro\\\/noticias\\\/#breadcrumb\"},\"inLanguage\":\"en-US\",\"potentialAction\":[{\"@type\":\"ReadAction\",\"target\":[\"https:\\\/\\\/accesolatino.org\\\/consulado-de-mexico-y-carecen-firmaron-acuerdo-para-promover-el-ahorro\\\/noticias\\\/\"]}]},{\"@type\":\"ImageObject\",\"inLanguage\":\"en-US\",\"@id\":\"https:\\\/\\\/accesolatino.org\\\/consulado-de-mexico-y-carecen-firmaron-acuerdo-para-promover-el-ahorro\\\/noticias\\\/#primaryimage\",\"url\":\"https:\\\/\\\/accesolatino.org\\\/wp-content\\\/uploads\\\/2017\\\/11\\\/Consulado-de-Mexico-y-CARECEN-firmaron-acuerdo-para-promover-el-ahorro.jpg\",\"contentUrl\":\"https:\\\/\\\/accesolatino.org\\\/wp-content\\\/uploads\\\/2017\\\/11\\\/Consulado-de-Mexico-y-CARECEN-firmaron-acuerdo-para-promover-el-ahorro.jpg\",\"width\":\"600\",\"height\":\"300\",\"caption\":\"Consulado-de-Mexico-y-CARECEN-firmaron-acuerdo-para-promover-el-ahorro\"},{\"@type\":\"BreadcrumbList\",\"@id\":\"https:\\\/\\\/accesolatino.org\\\/consulado-de-mexico-y-carecen-firmaron-acuerdo-para-promover-el-ahorro\\\/noticias\\\/#breadcrumb\",\"itemListElement\":[{\"@type\":\"ListItem\",\"position\":1,\"name\":\"Portada\",\"item\":\"https:\\\/\\\/accesolatino.org\\\/\"},{\"@type\":\"ListItem\",\"position\":2,\"name\":\"Noticias\",\"item\":\"https:\\\/\\\/accesolatino.org\\\/category\\\/noticias\\\/\"},{\"@type\":\"ListItem\",\"position\":3,\"name\":\"Consulado de M\u00e9xico y CARECEN firmaron acuerdo para promover el ahorro\"}]},{\"@type\":\"WebSite\",\"@id\":\"https:\\\/\\\/accesolatino.org\\\/#website\",\"url\":\"https:\\\/\\\/accesolatino.org\\\/\",\"name\":\"Acceso Latino | Fundaci\u00f3n Carlos Slim\",\"description\":\"Fundaci\u00f3n Carlos Slim\",\"publisher\":{\"@id\":\"https:\\\/\\\/accesolatino.org\\\/#organization\"},\"potentialAction\":[{\"@type\":\"SearchAction\",\"target\":{\"@type\":\"EntryPoint\",\"urlTemplate\":\"https:\\\/\\\/accesolatino.org\\\/?s={search_term_string}\"},\"query-input\":{\"@type\":\"PropertyValueSpecification\",\"valueRequired\":true,\"valueName\":\"search_term_string\"}}],\"inLanguage\":\"en-US\"},{\"@type\":\"Organization\",\"@id\":\"https:\\\/\\\/accesolatino.org\\\/#organization\",\"name\":\"Acceso Latino | Fundaci\u00f3n Carlos Slim\",\"url\":\"https:\\\/\\\/accesolatino.org\\\/\",\"logo\":{\"@type\":\"ImageObject\",\"inLanguage\":\"en-US\",\"@id\":\"https:\\\/\\\/accesolatino.org\\\/#\\\/schema\\\/logo\\\/image\\\/\",\"url\":\"https:\\\/\\\/accesolatino.org\\\/wp-content\\\/uploads\\\/2021\\\/02\\\/logo-footer-acceso-latino.png\",\"contentUrl\":\"https:\\\/\\\/accesolatino.org\\\/wp-content\\\/uploads\\\/2021\\\/02\\\/logo-footer-acceso-latino.png\",\"width\":240,\"height\":40,\"caption\":\"Acceso Latino | Fundaci\u00f3n Carlos Slim\"},\"image\":{\"@id\":\"https:\\\/\\\/accesolatino.org\\\/#\\\/schema\\\/logo\\\/image\\\/\"},\"sameAs\":[\"https:\\\/\\\/www.facebook.com\\\/AccesoLatinoOrg\",\"https:\\\/\\\/x.com\\\/FAccLatino\"]},{\"@type\":\"Person\",\"@id\":\"https:\\\/\\\/accesolatino.org\\\/#\\\/schema\\\/person\\\/57bc3bfd2c357610a5255490ca4cd305\",\"name\":\"Noticias\"}]}<\/script>\n<!-- \/ Yoast SEO plugin. -->","yoast_head_json":{"title":"Consulado de M\u00e9xico y CARECEN firmaron acuerdo para promover...","description":"La instituci\u00f3n realiz\u00f3 una Feria de Educaci\u00f3n Financiera en la que dio a conocer la aplicaci\u00f3n Afore M\u00f3vil","robots":{"index":"index","follow":"follow","max-snippet":"max-snippet:-1","max-image-preview":"max-image-preview:large","max-video-preview":"max-video-preview:-1"},"canonical":"https:\/\/accesolatino.org\/en\/consulado-de-mexico-y-carecen-firmaron-acuerdo-para-promover-el-ahorro\/noticias\/","og_locale":"en_US","og_type":"article","og_title":"Consulado de M\u00e9xico y CARECEN firmaron acuerdo para promover...","og_description":"La instituci\u00f3n realiz\u00f3 una Feria de Educaci\u00f3n Financiera en la que dio a conocer la aplicaci\u00f3n Afore M\u00f3vil","og_url":"https:\/\/accesolatino.org\/en\/consulado-de-mexico-y-carecen-firmaron-acuerdo-para-promover-el-ahorro\/noticias\/","og_site_name":"Acceso Latino","article_publisher":"https:\/\/www.facebook.com\/AccesoLatinoOrg","article_published_time":"2017-11-23T15:26:40+00:00","article_modified_time":"2025-10-27T19:56:09+00:00","og_image":[{"width":600,"height":300,"url":"https:\/\/accesolatino.org\/wp-content\/uploads\/2017\/11\/Consulado-de-Mexico-y-CARECEN-firmaron-acuerdo-para-promover-el-ahorro.jpg","type":"image\/jpeg"}],"author":"Noticias","twitter_card":"summary_large_image","twitter_creator":"@FAccLatino","twitter_site":"@FAccLatino","twitter_misc":{"Written by":"Noticias","Est. reading time":"4 minutes"},"schema":{"@context":"https:\/\/schema.org","@graph":[{"@type":"Article","@id":"https:\/\/accesolatino.org\/consulado-de-mexico-y-carecen-firmaron-acuerdo-para-promover-el-ahorro\/noticias\/#article","isPartOf":{"@id":"https:\/\/accesolatino.org\/consulado-de-mexico-y-carecen-firmaron-acuerdo-para-promover-el-ahorro\/noticias\/"},"author":{"name":"Noticias","@id":"https:\/\/accesolatino.org\/#\/schema\/person\/57bc3bfd2c357610a5255490ca4cd305"},"headline":"Consulado de M\u00e9xico y CARECEN firmaron acuerdo para promover el ahorro","datePublished":"2017-11-23T15:26:40+00:00","dateModified":"2025-10-27T19:56:09+00:00","mainEntityOfPage":{"@id":"https:\/\/accesolatino.org\/consulado-de-mexico-y-carecen-firmaron-acuerdo-para-promover-el-ahorro\/noticias\/"},"wordCount":758,"commentCount":0,"publisher":{"@id":"https:\/\/accesolatino.org\/#organization"},"image":{"@id":"https:\/\/accesolatino.org\/consulado-de-mexico-y-carecen-firmaron-acuerdo-para-promover-el-ahorro\/noticias\/#primaryimage"},"thumbnailUrl":"https:\/\/accesolatino.org\/wp-content\/uploads\/2017\/11\/Consulado-de-Mexico-y-CARECEN-firmaron-acuerdo-para-promover-el-ahorro.jpg","articleSection":["Noticias","Temas de inter\u00e9s"],"inLanguage":"en-US","potentialAction":[{"@type":"CommentAction","name":"Comment","target":["https:\/\/accesolatino.org\/consulado-de-mexico-y-carecen-firmaron-acuerdo-para-promover-el-ahorro\/noticias\/#respond"]}]},{"@type":"WebPage","@id":"https:\/\/accesolatino.org\/consulado-de-mexico-y-carecen-firmaron-acuerdo-para-promover-el-ahorro\/noticias\/","url":"https:\/\/accesolatino.org\/consulado-de-mexico-y-carecen-firmaron-acuerdo-para-promover-el-ahorro\/noticias\/","name":"Consulado de M\u00e9xico y CARECEN firmaron acuerdo para promover...","isPartOf":{"@id":"https:\/\/accesolatino.org\/#website"},"primaryImageOfPage":{"@id":"https:\/\/accesolatino.org\/consulado-de-mexico-y-carecen-firmaron-acuerdo-para-promover-el-ahorro\/noticias\/#primaryimage"},"image":{"@id":"https:\/\/accesolatino.org\/consulado-de-mexico-y-carecen-firmaron-acuerdo-para-promover-el-ahorro\/noticias\/#primaryimage"},"thumbnailUrl":"https:\/\/accesolatino.org\/wp-content\/uploads\/2017\/11\/Consulado-de-Mexico-y-CARECEN-firmaron-acuerdo-para-promover-el-ahorro.jpg","datePublished":"2017-11-23T15:26:40+00:00","dateModified":"2025-10-27T19:56:09+00:00","description":"La instituci\u00f3n realiz\u00f3 una Feria de Educaci\u00f3n Financiera en la que dio a conocer la aplicaci\u00f3n Afore M\u00f3vil","breadcrumb":{"@id":"https:\/\/accesolatino.org\/consulado-de-mexico-y-carecen-firmaron-acuerdo-para-promover-el-ahorro\/noticias\/#breadcrumb"},"inLanguage":"en-US","potentialAction":[{"@type":"ReadAction","target":["https:\/\/accesolatino.org\/consulado-de-mexico-y-carecen-firmaron-acuerdo-para-promover-el-ahorro\/noticias\/"]}]},{"@type":"ImageObject","inLanguage":"en-US","@id":"https:\/\/accesolatino.org\/consulado-de-mexico-y-carecen-firmaron-acuerdo-para-promover-el-ahorro\/noticias\/#primaryimage","url":"https:\/\/accesolatino.org\/wp-content\/uploads\/2017\/11\/Consulado-de-Mexico-y-CARECEN-firmaron-acuerdo-para-promover-el-ahorro.jpg","contentUrl":"https:\/\/accesolatino.org\/wp-content\/uploads\/2017\/11\/Consulado-de-Mexico-y-CARECEN-firmaron-acuerdo-para-promover-el-ahorro.jpg","width":"600","height":"300","caption":"Consulado-de-Mexico-y-CARECEN-firmaron-acuerdo-para-promover-el-ahorro"},{"@type":"BreadcrumbList","@id":"https:\/\/accesolatino.org\/consulado-de-mexico-y-carecen-firmaron-acuerdo-para-promover-el-ahorro\/noticias\/#breadcrumb","itemListElement":[{"@type":"ListItem","position":1,"name":"Portada","item":"https:\/\/accesolatino.org\/"},{"@type":"ListItem","position":2,"name":"Noticias","item":"https:\/\/accesolatino.org\/category\/noticias\/"},{"@type":"ListItem","position":3,"name":"Consulado de M\u00e9xico y CARECEN firmaron acuerdo para promover el ahorro"}]},{"@type":"WebSite","@id":"https:\/\/accesolatino.org\/#website","url":"https:\/\/accesolatino.org\/","name":"Acceso Latino | Fundaci\u00f3n Carlos Slim","description":"Fundaci\u00f3n Carlos Slim","publisher":{"@id":"https:\/\/accesolatino.org\/#organization"},"potentialAction":[{"@type":"SearchAction","target":{"@type":"EntryPoint","urlTemplate":"https:\/\/accesolatino.org\/?s={search_term_string}"},"query-input":{"@type":"PropertyValueSpecification","valueRequired":true,"valueName":"search_term_string"}}],"inLanguage":"en-US"},{"@type":"Organization","@id":"https:\/\/accesolatino.org\/#organization","name":"Acceso Latino | Fundaci\u00f3n Carlos Slim","url":"https:\/\/accesolatino.org\/","logo":{"@type":"ImageObject","inLanguage":"en-US","@id":"https:\/\/accesolatino.org\/#\/schema\/logo\/image\/","url":"https:\/\/accesolatino.org\/wp-content\/uploads\/2021\/02\/logo-footer-acceso-latino.png","contentUrl":"https:\/\/accesolatino.org\/wp-content\/uploads\/2021\/02\/logo-footer-acceso-latino.png","width":240,"height":40,"caption":"Acceso Latino | Fundaci\u00f3n Carlos Slim"},"image":{"@id":"https:\/\/accesolatino.org\/#\/schema\/logo\/image\/"},"sameAs":["https:\/\/www.facebook.com\/AccesoLatinoOrg","https:\/\/x.com\/FAccLatino"]},{"@type":"Person","@id":"https:\/\/accesolatino.org\/#\/schema\/person\/57bc3bfd2c357610a5255490ca4cd305","name":"News"}]}},"_links":{"self":[{"href":"https:\/\/accesolatino.org\/en\/wp-json\/wp\/v2\/posts\/10799","targetHints":{"allow":["GET"]}}],"collection":[{"href":"https:\/\/accesolatino.org\/en\/wp-json\/wp\/v2\/posts"}],"about":[{"href":"https:\/\/accesolatino.org\/en\/wp-json\/wp\/v2\/types\/post"}],"author":[{"embeddable":true,"href":"https:\/\/accesolatino.org\/en\/wp-json\/wp\/v2\/users\/13"}],"replies":[{"embeddable":true,"href":"https:\/\/accesolatino.org\/en\/wp-json\/wp\/v2\/comments?post=10799"}],"version-history":[{"count":1,"href":"https:\/\/accesolatino.org\/en\/wp-json\/wp\/v2\/posts\/10799\/revisions"}],"predecessor-version":[{"id":66789,"href":"https:\/\/accesolatino.org\/en\/wp-json\/wp\/v2\/posts\/10799\/revisions\/66789"}],"wp:featuredmedia":[{"embeddable":true,"href":"https:\/\/accesolatino.org\/en\/wp-json\/wp\/v2\/media\/10800"}],"wp:attachment":[{"href":"https:\/\/accesolatino.org\/en\/wp-json\/wp\/v2\/media?parent=10799"}],"wp:term":[{"taxonomy":"category","embeddable":true,"href":"https:\/\/accesolatino.org\/en\/wp-json\/wp\/v2\/categories?post=10799"},{"taxonomy":"post_tag","embeddable":true,"href":"https:\/\/accesolatino.org\/en\/wp-json\/wp\/v2\/tags?post=10799"}],"curies":[{"name":"wp","href":"https:\/\/api.w.org\/{rel}","templated":true}]}}