{"id":10790,"date":"2017-11-21T10:57:41","date_gmt":"2017-11-21T16:57:41","guid":{"rendered":"https:\/\/accesolatino.org\/?p=10790"},"modified":"2025-10-27T13:56:19","modified_gmt":"2025-10-27T19:56:19","slug":"astronauta-hijo-de-salvadorena-entre-latinos-mas-influyentes","status":"publish","type":"post","link":"https:\/\/accesolatino.org\/en\/astronauta-hijo-de-salvadorena-entre-latinos-mas-influyentes\/orgullo-latino\/","title":{"rendered":"Astronauta hijo de salvadore\u00f1a, entre latinos m\u00e1s influyentes"},"content":{"rendered":"<p>Frank Rubio logr\u00f3 convertirse en uno de los 12 astronautas elegidos por la NASA para integrarse a sus proyectos desde este a\u00f1o.<\/p>\n<p>Hace apenas unos meses, Frank Rubio era candidato a integrar la planilla de astronautas de la Administraci\u00f3n Nacional de la Aeron\u00e1utica y del Espacio, mejor conocida como NASA, por sus siglas en ingl\u00e9s. Luego, el pasado agosto, Rubio fue confirmado como uno de los 12 seleccionados de entre 18,000 aspirantes.<\/p>\n<p>Sin embargo, la historia de Frank Rubio, nacido en Los \u00c1ngeles pero hijo de la salvadore\u00f1a Myrna Argueta, ha sido una fuente de inspiraci\u00f3n para muchos latinos en Estados Unidos, por lo que la cadena informativa NBC Latino lo seleccion\u00f3 estos pasados d\u00edas como parte de la lista de NBC Latino 20, un compendio de latinos en EUA cuyos triunfos sirven de motivaci\u00f3n para quienes llegan buscando el sue\u00f1o americano.<\/p>\n<p>Seg\u00fan NBC Latino, para Rubio, ser astronauta es convertir en realidad uno de sus m\u00e1s importantes sue\u00f1os de la ni\u00f1ez. \u201cTodo ni\u00f1o piensa en lo maravilloso que ser\u00eda\u201d, expres\u00f3 el ahora astronauta en una entrevista para dicha cadena informativa.<\/p>\n<p>NBC destaca que \u201clos latinos est\u00e1n poco representados en ciencia y tecnolog\u00eda\u201d, enfatizando que el triunfo de Rubio le permite ser \u201cparte de un peque\u00f1o pero influyente grupo de astronautas hispanos\u201d, que van ganando notoriedad en Estados Unidos y en el mundo.<\/p>\n<p>\u201cLas oportunidades son ilimitadas para nosotros, como lo son para cualquier otra persona\u201d, dijo Rubio, enfatizando la dif\u00edcil lucha de la comunidad latinoamericana en Estados Unidos.<\/p>\n<p>El NBC Latino 20 es una lista que une a las cadenas informativas m\u00e1s importantes de Estados Unidos.<\/p>\n<p><em>Fuente: La Prensa Gr\u00e1fica<\/em><\/p>","protected":false},"excerpt":{"rendered":"<p>Frank Rubio logr\u00f3 convertirse en uno de los 12 astronautas elegidos por la NASA para integrarse a sus proyectos desde este a\u00f1o. Hace apenas unos meses, Frank Rubio era candidato a integrar la planilla de astronautas de la Administraci\u00f3n Nacional de la Aeron\u00e1utica y del Espacio, mejor conocida como NASA, por sus siglas en ingl\u00e9s. Luego, el pasado agosto, Rubio fue confirmado como uno de los 12 seleccionados de entre 18,000 aspirantes. Sin embargo, la historia de Frank Rubio, nacido en Los \u00c1ngeles pero hijo de la salvadore\u00f1a Myrna Argueta, ha sido una fuente de inspiraci\u00f3n para muchos latinos en Estados Unidos, por lo que la cadena informativa NBC Latino lo seleccion\u00f3 estos pasados d\u00edas como parte de la lista de NBC Latino 20, un compendio de latinos en EUA cuyos triunfos sirven de motivaci\u00f3n para quienes llegan buscando el sue\u00f1o americano. Seg\u00fan NBC Latino, para Rubio, ser astronauta es convertir en realidad uno de sus m\u00e1s importantes sue\u00f1os de la ni\u00f1ez. \u201cTodo ni\u00f1o piensa en lo maravilloso que ser\u00eda\u201d, expres\u00f3 el ahora astronauta en una entrevista para dicha cadena informativa. NBC destaca que \u201clos latinos est\u00e1n poco representados en ciencia y tecnolog\u00eda\u201d, enfatizando que el triunfo de Rubio le permite ser \u201cparte de un peque\u00f1o pero influyente grupo de astronautas hispanos\u201d, que van ganando notoriedad en Estados Unidos y en el mundo. \u201cLas oportunidades son ilimitadas para nosotros, como lo son para cualquier otra persona\u201d, dijo Rubio, enfatizando la dif\u00edcil lucha de la comunidad latinoamericana en Estados Unidos. El NBC Latino 20 es una lista que une a las cadenas informativas m\u00e1s importantes de Estados Unidos. Fuente: La Prensa Gr\u00e1fica<\/p>","protected":false},"author":13,"featured_media":10791,"comment_status":"open","ping_status":"open","sticky":false,"template":"","format":"standard","meta":{"_uf_show_specific_survey":0,"_uf_disable_surveys":false,"footnotes":""},"categories":[9],"tags":[],"class_list":["post-10790","post","type-post","status-publish","format-standard","has-post-thumbnail","hentry","category-orgullo-latino"],"aioseo_notices":[],"yoast_head":"<!-- This site is optimized with the Yoast SEO plugin v27.5 - https:\/\/yoast.com\/product\/yoast-seo-wordpress\/ -->\n<title>Astronauta hijo de salvadore\u00f1a, entre latinos m\u00e1s influyentes<\/title>\n<meta name=\"description\" content=\"Frank Rubio logr\u00f3 convertirse en uno de los 12 astronautas elegidos por la NASA para integrarse a sus proyectos desde este a\u00f1o\" \/>\n<meta name=\"robots\" content=\"index, follow, max-snippet:-1, max-image-preview:large, max-video-preview:-1\" \/>\n<link rel=\"canonical\" href=\"https:\/\/accesolatino.org\/en\/astronauta-hijo-de-salvadorena-entre-latinos-mas-influyentes\/orgullo-latino\/\" \/>\n<meta property=\"og:locale\" content=\"en_US\" \/>\n<meta property=\"og:type\" content=\"article\" \/>\n<meta property=\"og:title\" content=\"Astronauta hijo de salvadore\u00f1a, entre latinos m\u00e1s influyentes\" \/>\n<meta property=\"og:description\" content=\"Frank Rubio logr\u00f3 convertirse en uno de los 12 astronautas elegidos por la NASA para integrarse a sus proyectos desde este a\u00f1o\" \/>\n<meta property=\"og:url\" content=\"https:\/\/accesolatino.org\/en\/astronauta-hijo-de-salvadorena-entre-latinos-mas-influyentes\/orgullo-latino\/\" \/>\n<meta property=\"og:site_name\" content=\"Acceso Latino\" \/>\n<meta property=\"article:publisher\" content=\"https:\/\/www.facebook.com\/AccesoLatinoOrg\" \/>\n<meta property=\"article:published_time\" content=\"2017-11-21T16:57:41+00:00\" \/>\n<meta property=\"article:modified_time\" content=\"2025-10-27T19:56:19+00:00\" \/>\n<meta property=\"og:image\" content=\"https:\/\/accesolatino.org\/wp-content\/uploads\/2017\/11\/Astronauta-hijo-de-salvadorena-entre-latinos-mas-influyentes.jpg\" \/>\n\t<meta property=\"og:image:width\" content=\"600\" \/>\n\t<meta property=\"og:image:height\" content=\"600\" \/>\n\t<meta property=\"og:image:type\" content=\"image\/jpeg\" \/>\n<meta name=\"author\" content=\"Noticias\" \/>\n<meta name=\"twitter:card\" content=\"summary_large_image\" \/>\n<meta name=\"twitter:creator\" content=\"@FAccLatino\" \/>\n<meta name=\"twitter:site\" content=\"@FAccLatino\" \/>\n<meta name=\"twitter:label1\" content=\"Written by\" \/>\n\t<meta name=\"twitter:data1\" content=\"Noticias\" \/>\n\t<meta name=\"twitter:label2\" content=\"Est. reading time\" \/>\n\t<meta name=\"twitter:data2\" content=\"2 minutes\" \/>\n<script type=\"application\/ld+json\" class=\"yoast-schema-graph\">{\"@context\":\"https:\\\/\\\/schema.org\",\"@graph\":[{\"@type\":\"Article\",\"@id\":\"https:\\\/\\\/accesolatino.org\\\/astronauta-hijo-de-salvadorena-entre-latinos-mas-influyentes\\\/orgullo-latino\\\/#article\",\"isPartOf\":{\"@id\":\"https:\\\/\\\/accesolatino.org\\\/astronauta-hijo-de-salvadorena-entre-latinos-mas-influyentes\\\/orgullo-latino\\\/\"},\"author\":{\"name\":\"Noticias\",\"@id\":\"https:\\\/\\\/accesolatino.org\\\/#\\\/schema\\\/person\\\/57bc3bfd2c357610a5255490ca4cd305\"},\"headline\":\"Astronauta hijo de salvadore\u00f1a, entre latinos m\u00e1s influyentes\",\"datePublished\":\"2017-11-21T16:57:41+00:00\",\"dateModified\":\"2025-10-27T19:56:19+00:00\",\"mainEntityOfPage\":{\"@id\":\"https:\\\/\\\/accesolatino.org\\\/astronauta-hijo-de-salvadorena-entre-latinos-mas-influyentes\\\/orgullo-latino\\\/\"},\"wordCount\":297,\"commentCount\":0,\"publisher\":{\"@id\":\"https:\\\/\\\/accesolatino.org\\\/#organization\"},\"image\":{\"@id\":\"https:\\\/\\\/accesolatino.org\\\/astronauta-hijo-de-salvadorena-entre-latinos-mas-influyentes\\\/orgullo-latino\\\/#primaryimage\"},\"thumbnailUrl\":\"https:\\\/\\\/accesolatino.org\\\/wp-content\\\/uploads\\\/2017\\\/11\\\/Astronauta-hijo-de-salvadorena-entre-latinos-mas-influyentes.jpg\",\"articleSection\":[\"Orgullo Latino\"],\"inLanguage\":\"en-US\",\"potentialAction\":[{\"@type\":\"CommentAction\",\"name\":\"Comment\",\"target\":[\"https:\\\/\\\/accesolatino.org\\\/astronauta-hijo-de-salvadorena-entre-latinos-mas-influyentes\\\/orgullo-latino\\\/#respond\"]}]},{\"@type\":\"WebPage\",\"@id\":\"https:\\\/\\\/accesolatino.org\\\/astronauta-hijo-de-salvadorena-entre-latinos-mas-influyentes\\\/orgullo-latino\\\/\",\"url\":\"https:\\\/\\\/accesolatino.org\\\/astronauta-hijo-de-salvadorena-entre-latinos-mas-influyentes\\\/orgullo-latino\\\/\",\"name\":\"Astronauta hijo de salvadore\u00f1a, entre latinos m\u00e1s influyentes\",\"isPartOf\":{\"@id\":\"https:\\\/\\\/accesolatino.org\\\/#website\"},\"primaryImageOfPage\":{\"@id\":\"https:\\\/\\\/accesolatino.org\\\/astronauta-hijo-de-salvadorena-entre-latinos-mas-influyentes\\\/orgullo-latino\\\/#primaryimage\"},\"image\":{\"@id\":\"https:\\\/\\\/accesolatino.org\\\/astronauta-hijo-de-salvadorena-entre-latinos-mas-influyentes\\\/orgullo-latino\\\/#primaryimage\"},\"thumbnailUrl\":\"https:\\\/\\\/accesolatino.org\\\/wp-content\\\/uploads\\\/2017\\\/11\\\/Astronauta-hijo-de-salvadorena-entre-latinos-mas-influyentes.jpg\",\"datePublished\":\"2017-11-21T16:57:41+00:00\",\"dateModified\":\"2025-10-27T19:56:19+00:00\",\"description\":\"Frank Rubio logr\u00f3 convertirse en uno de los 12 astronautas elegidos por la NASA para integrarse a sus proyectos desde este a\u00f1o\",\"breadcrumb\":{\"@id\":\"https:\\\/\\\/accesolatino.org\\\/astronauta-hijo-de-salvadorena-entre-latinos-mas-influyentes\\\/orgullo-latino\\\/#breadcrumb\"},\"inLanguage\":\"en-US\",\"potentialAction\":[{\"@type\":\"ReadAction\",\"target\":[\"https:\\\/\\\/accesolatino.org\\\/astronauta-hijo-de-salvadorena-entre-latinos-mas-influyentes\\\/orgullo-latino\\\/\"]}]},{\"@type\":\"ImageObject\",\"inLanguage\":\"en-US\",\"@id\":\"https:\\\/\\\/accesolatino.org\\\/astronauta-hijo-de-salvadorena-entre-latinos-mas-influyentes\\\/orgullo-latino\\\/#primaryimage\",\"url\":\"https:\\\/\\\/accesolatino.org\\\/wp-content\\\/uploads\\\/2017\\\/11\\\/Astronauta-hijo-de-salvadorena-entre-latinos-mas-influyentes.jpg\",\"contentUrl\":\"https:\\\/\\\/accesolatino.org\\\/wp-content\\\/uploads\\\/2017\\\/11\\\/Astronauta-hijo-de-salvadorena-entre-latinos-mas-influyentes.jpg\",\"width\":\"600\",\"height\":\"600\",\"caption\":\"Astronauta-hijo-de-salvadorena-entre-latinos-mas-influyentes\"},{\"@type\":\"BreadcrumbList\",\"@id\":\"https:\\\/\\\/accesolatino.org\\\/astronauta-hijo-de-salvadorena-entre-latinos-mas-influyentes\\\/orgullo-latino\\\/#breadcrumb\",\"itemListElement\":[{\"@type\":\"ListItem\",\"position\":1,\"name\":\"Portada\",\"item\":\"https:\\\/\\\/accesolatino.org\\\/\"},{\"@type\":\"ListItem\",\"position\":2,\"name\":\"Orgullo Latino\",\"item\":\"https:\\\/\\\/accesolatino.org\\\/category\\\/orgullo-latino\\\/\"},{\"@type\":\"ListItem\",\"position\":3,\"name\":\"Astronauta hijo de salvadore\u00f1a, entre latinos m\u00e1s influyentes\"}]},{\"@type\":\"WebSite\",\"@id\":\"https:\\\/\\\/accesolatino.org\\\/#website\",\"url\":\"https:\\\/\\\/accesolatino.org\\\/\",\"name\":\"Acceso Latino | Fundaci\u00f3n Carlos Slim\",\"description\":\"Fundaci\u00f3n Carlos Slim\",\"publisher\":{\"@id\":\"https:\\\/\\\/accesolatino.org\\\/#organization\"},\"potentialAction\":[{\"@type\":\"SearchAction\",\"target\":{\"@type\":\"EntryPoint\",\"urlTemplate\":\"https:\\\/\\\/accesolatino.org\\\/?s={search_term_string}\"},\"query-input\":{\"@type\":\"PropertyValueSpecification\",\"valueRequired\":true,\"valueName\":\"search_term_string\"}}],\"inLanguage\":\"en-US\"},{\"@type\":\"Organization\",\"@id\":\"https:\\\/\\\/accesolatino.org\\\/#organization\",\"name\":\"Acceso Latino | Fundaci\u00f3n Carlos Slim\",\"url\":\"https:\\\/\\\/accesolatino.org\\\/\",\"logo\":{\"@type\":\"ImageObject\",\"inLanguage\":\"en-US\",\"@id\":\"https:\\\/\\\/accesolatino.org\\\/#\\\/schema\\\/logo\\\/image\\\/\",\"url\":\"https:\\\/\\\/accesolatino.org\\\/wp-content\\\/uploads\\\/2021\\\/02\\\/logo-footer-acceso-latino.png\",\"contentUrl\":\"https:\\\/\\\/accesolatino.org\\\/wp-content\\\/uploads\\\/2021\\\/02\\\/logo-footer-acceso-latino.png\",\"width\":240,\"height\":40,\"caption\":\"Acceso Latino | Fundaci\u00f3n Carlos Slim\"},\"image\":{\"@id\":\"https:\\\/\\\/accesolatino.org\\\/#\\\/schema\\\/logo\\\/image\\\/\"},\"sameAs\":[\"https:\\\/\\\/www.facebook.com\\\/AccesoLatinoOrg\",\"https:\\\/\\\/x.com\\\/FAccLatino\"]},{\"@type\":\"Person\",\"@id\":\"https:\\\/\\\/accesolatino.org\\\/#\\\/schema\\\/person\\\/57bc3bfd2c357610a5255490ca4cd305\",\"name\":\"Noticias\"}]}<\/script>\n<!-- \/ Yoast SEO plugin. -->","yoast_head_json":{"title":"Astronauta hijo de salvadore\u00f1a, entre latinos m\u00e1s influyentes","description":"Frank Rubio logr\u00f3 convertirse en uno de los 12 astronautas elegidos por la NASA para integrarse a sus proyectos desde este a\u00f1o","robots":{"index":"index","follow":"follow","max-snippet":"max-snippet:-1","max-image-preview":"max-image-preview:large","max-video-preview":"max-video-preview:-1"},"canonical":"https:\/\/accesolatino.org\/en\/astronauta-hijo-de-salvadorena-entre-latinos-mas-influyentes\/orgullo-latino\/","og_locale":"en_US","og_type":"article","og_title":"Astronauta hijo de salvadore\u00f1a, entre latinos m\u00e1s influyentes","og_description":"Frank Rubio logr\u00f3 convertirse en uno de los 12 astronautas elegidos por la NASA para integrarse a sus proyectos desde este a\u00f1o","og_url":"https:\/\/accesolatino.org\/en\/astronauta-hijo-de-salvadorena-entre-latinos-mas-influyentes\/orgullo-latino\/","og_site_name":"Acceso Latino","article_publisher":"https:\/\/www.facebook.com\/AccesoLatinoOrg","article_published_time":"2017-11-21T16:57:41+00:00","article_modified_time":"2025-10-27T19:56:19+00:00","og_image":[{"width":600,"height":600,"url":"https:\/\/accesolatino.org\/wp-content\/uploads\/2017\/11\/Astronauta-hijo-de-salvadorena-entre-latinos-mas-influyentes.jpg","type":"image\/jpeg"}],"author":"Noticias","twitter_card":"summary_large_image","twitter_creator":"@FAccLatino","twitter_site":"@FAccLatino","twitter_misc":{"Written by":"Noticias","Est. reading time":"2 minutes"},"schema":{"@context":"https:\/\/schema.org","@graph":[{"@type":"Article","@id":"https:\/\/accesolatino.org\/astronauta-hijo-de-salvadorena-entre-latinos-mas-influyentes\/orgullo-latino\/#article","isPartOf":{"@id":"https:\/\/accesolatino.org\/astronauta-hijo-de-salvadorena-entre-latinos-mas-influyentes\/orgullo-latino\/"},"author":{"name":"Noticias","@id":"https:\/\/accesolatino.org\/#\/schema\/person\/57bc3bfd2c357610a5255490ca4cd305"},"headline":"Astronauta hijo de salvadore\u00f1a, entre latinos m\u00e1s influyentes","datePublished":"2017-11-21T16:57:41+00:00","dateModified":"2025-10-27T19:56:19+00:00","mainEntityOfPage":{"@id":"https:\/\/accesolatino.org\/astronauta-hijo-de-salvadorena-entre-latinos-mas-influyentes\/orgullo-latino\/"},"wordCount":297,"commentCount":0,"publisher":{"@id":"https:\/\/accesolatino.org\/#organization"},"image":{"@id":"https:\/\/accesolatino.org\/astronauta-hijo-de-salvadorena-entre-latinos-mas-influyentes\/orgullo-latino\/#primaryimage"},"thumbnailUrl":"https:\/\/accesolatino.org\/wp-content\/uploads\/2017\/11\/Astronauta-hijo-de-salvadorena-entre-latinos-mas-influyentes.jpg","articleSection":["Orgullo Latino"],"inLanguage":"en-US","potentialAction":[{"@type":"CommentAction","name":"Comment","target":["https:\/\/accesolatino.org\/astronauta-hijo-de-salvadorena-entre-latinos-mas-influyentes\/orgullo-latino\/#respond"]}]},{"@type":"WebPage","@id":"https:\/\/accesolatino.org\/astronauta-hijo-de-salvadorena-entre-latinos-mas-influyentes\/orgullo-latino\/","url":"https:\/\/accesolatino.org\/astronauta-hijo-de-salvadorena-entre-latinos-mas-influyentes\/orgullo-latino\/","name":"Astronauta hijo de salvadore\u00f1a, entre latinos m\u00e1s influyentes","isPartOf":{"@id":"https:\/\/accesolatino.org\/#website"},"primaryImageOfPage":{"@id":"https:\/\/accesolatino.org\/astronauta-hijo-de-salvadorena-entre-latinos-mas-influyentes\/orgullo-latino\/#primaryimage"},"image":{"@id":"https:\/\/accesolatino.org\/astronauta-hijo-de-salvadorena-entre-latinos-mas-influyentes\/orgullo-latino\/#primaryimage"},"thumbnailUrl":"https:\/\/accesolatino.org\/wp-content\/uploads\/2017\/11\/Astronauta-hijo-de-salvadorena-entre-latinos-mas-influyentes.jpg","datePublished":"2017-11-21T16:57:41+00:00","dateModified":"2025-10-27T19:56:19+00:00","description":"Frank Rubio logr\u00f3 convertirse en uno de los 12 astronautas elegidos por la NASA para integrarse a sus proyectos desde este a\u00f1o","breadcrumb":{"@id":"https:\/\/accesolatino.org\/astronauta-hijo-de-salvadorena-entre-latinos-mas-influyentes\/orgullo-latino\/#breadcrumb"},"inLanguage":"en-US","potentialAction":[{"@type":"ReadAction","target":["https:\/\/accesolatino.org\/astronauta-hijo-de-salvadorena-entre-latinos-mas-influyentes\/orgullo-latino\/"]}]},{"@type":"ImageObject","inLanguage":"en-US","@id":"https:\/\/accesolatino.org\/astronauta-hijo-de-salvadorena-entre-latinos-mas-influyentes\/orgullo-latino\/#primaryimage","url":"https:\/\/accesolatino.org\/wp-content\/uploads\/2017\/11\/Astronauta-hijo-de-salvadorena-entre-latinos-mas-influyentes.jpg","contentUrl":"https:\/\/accesolatino.org\/wp-content\/uploads\/2017\/11\/Astronauta-hijo-de-salvadorena-entre-latinos-mas-influyentes.jpg","width":"600","height":"600","caption":"Astronauta-hijo-de-salvadorena-entre-latinos-mas-influyentes"},{"@type":"BreadcrumbList","@id":"https:\/\/accesolatino.org\/astronauta-hijo-de-salvadorena-entre-latinos-mas-influyentes\/orgullo-latino\/#breadcrumb","itemListElement":[{"@type":"ListItem","position":1,"name":"Portada","item":"https:\/\/accesolatino.org\/"},{"@type":"ListItem","position":2,"name":"Orgullo Latino","item":"https:\/\/accesolatino.org\/category\/orgullo-latino\/"},{"@type":"ListItem","position":3,"name":"Astronauta hijo de salvadore\u00f1a, entre latinos m\u00e1s influyentes"}]},{"@type":"WebSite","@id":"https:\/\/accesolatino.org\/#website","url":"https:\/\/accesolatino.org\/","name":"Acceso Latino | Fundaci\u00f3n Carlos Slim","description":"Fundaci\u00f3n Carlos Slim","publisher":{"@id":"https:\/\/accesolatino.org\/#organization"},"potentialAction":[{"@type":"SearchAction","target":{"@type":"EntryPoint","urlTemplate":"https:\/\/accesolatino.org\/?s={search_term_string}"},"query-input":{"@type":"PropertyValueSpecification","valueRequired":true,"valueName":"search_term_string"}}],"inLanguage":"en-US"},{"@type":"Organization","@id":"https:\/\/accesolatino.org\/#organization","name":"Acceso Latino | Fundaci\u00f3n Carlos Slim","url":"https:\/\/accesolatino.org\/","logo":{"@type":"ImageObject","inLanguage":"en-US","@id":"https:\/\/accesolatino.org\/#\/schema\/logo\/image\/","url":"https:\/\/accesolatino.org\/wp-content\/uploads\/2021\/02\/logo-footer-acceso-latino.png","contentUrl":"https:\/\/accesolatino.org\/wp-content\/uploads\/2021\/02\/logo-footer-acceso-latino.png","width":240,"height":40,"caption":"Acceso Latino | Fundaci\u00f3n Carlos Slim"},"image":{"@id":"https:\/\/accesolatino.org\/#\/schema\/logo\/image\/"},"sameAs":["https:\/\/www.facebook.com\/AccesoLatinoOrg","https:\/\/x.com\/FAccLatino"]},{"@type":"Person","@id":"https:\/\/accesolatino.org\/#\/schema\/person\/57bc3bfd2c357610a5255490ca4cd305","name":"News"}]}},"_links":{"self":[{"href":"https:\/\/accesolatino.org\/en\/wp-json\/wp\/v2\/posts\/10790","targetHints":{"allow":["GET"]}}],"collection":[{"href":"https:\/\/accesolatino.org\/en\/wp-json\/wp\/v2\/posts"}],"about":[{"href":"https:\/\/accesolatino.org\/en\/wp-json\/wp\/v2\/types\/post"}],"author":[{"embeddable":true,"href":"https:\/\/accesolatino.org\/en\/wp-json\/wp\/v2\/users\/13"}],"replies":[{"embeddable":true,"href":"https:\/\/accesolatino.org\/en\/wp-json\/wp\/v2\/comments?post=10790"}],"version-history":[{"count":1,"href":"https:\/\/accesolatino.org\/en\/wp-json\/wp\/v2\/posts\/10790\/revisions"}],"predecessor-version":[{"id":66791,"href":"https:\/\/accesolatino.org\/en\/wp-json\/wp\/v2\/posts\/10790\/revisions\/66791"}],"wp:featuredmedia":[{"embeddable":true,"href":"https:\/\/accesolatino.org\/en\/wp-json\/wp\/v2\/media\/10791"}],"wp:attachment":[{"href":"https:\/\/accesolatino.org\/en\/wp-json\/wp\/v2\/media?parent=10790"}],"wp:term":[{"taxonomy":"category","embeddable":true,"href":"https:\/\/accesolatino.org\/en\/wp-json\/wp\/v2\/categories?post=10790"},{"taxonomy":"post_tag","embeddable":true,"href":"https:\/\/accesolatino.org\/en\/wp-json\/wp\/v2\/tags?post=10790"}],"curies":[{"name":"wp","href":"https:\/\/api.w.org\/{rel}","templated":true}]}}