{"id":10773,"date":"2017-11-15T08:56:15","date_gmt":"2017-11-15T14:56:15","guid":{"rendered":"https:\/\/accesolatino.org\/?p=10773"},"modified":"2025-10-27T13:56:56","modified_gmt":"2025-10-27T19:56:56","slug":"red-de-ciudades-seguras-dara-abogado-a-todo-inmigrante-sin-recursos-en-proceso-de-deportacion","status":"publish","type":"post","link":"https:\/\/accesolatino.org\/en\/red-de-ciudades-seguras-dara-abogado-a-todo-inmigrante-sin-recursos-en-proceso-de-deportacion\/noticias\/","title":{"rendered":"Red de \u201cciudades seguras\u201d dar\u00e1 abogado a todo inmigrante sin recursos en proceso de deportaci\u00f3n"},"content":{"rendered":"<p>A diferencia del &#8220;LA Justice Fund&#8221;, este programa representar\u00eda a todos sin importar antecedentes penales, siempre y cuando no tengan los ingresos para pagarse un abogado privado.<\/p>\n<p>Una red de once ciudades a trav\u00e9s del pa\u00eds lanz\u00f3 un proyecto para ofrecer representaci\u00f3n a todos los inmigrantes en proceso de deportaci\u00f3n que no puedan, por sus bajos ingresos, obtener un abogado, con el objetivo de darles la oportunidad de defenderse efectivamente en el tribunal migratorio.<\/p>\n<p>Pero a diferencia del programa que existe en Los \u00c1ngeles y en otras ciudades y condados del pa\u00eds, la nueva llamada \u201cRed de Ciudades Seguras\u201d tiene el objetivo de ofrecer un abogado a TODOS los inmigrantes en este proceso, sin importar sus antecedentes penales. La \u00fanica condici\u00f3n es que sean de bajos ingresos.<\/p>\n<p>El objetivo, seg\u00fan dijo Tania Vargas, coordinadora de programas del <a title=\"\" href=\"https:\/\/www.vera.org\/\" target=\"_blank\" rel=\"noopener\">Vera Institute of Justice<\/a>, es lograr la representaci\u00f3n universal de los inmigrantes que est\u00e1n enfrentando los esfuerzos del gobierno federal para expulsarlos del pa\u00eds, \u201cno importa el tipo de caso\u201d.<\/p>\n<p>\u201cNo importa para este efecto que la persona tenga un buen caso o no\u201d, dijo Vargas. \u201cLo que queremos lograr es el acceso a justicia y la representaci\u00f3n de todos los que vayan frente a un juez\u201d.<\/p>\n<p>Tres ciudades y Condados de California son parte de esta red: la ciudad de Santa Ana, el condado de Oakland-Alameda y Sacramento. Aparte de California, tambi\u00e9n son parte de la red: Atlanta, Georgia; Austin, Texas; Baltimore, Maryland; Chicago, Illinois; Columbus, Ohio; Dane County, Wisconsin; Prince George\u00b4s County en Maryland; y San Antonio, Texas.<\/p>\n<p>Cada ciudad o condado administrar\u00e1 el programa y otorgar\u00e1 fondos a proveedores legales y organizaciones comunitarias, pero Vera Institute, una organizaci\u00f3n nacional que se esfuerza en facilitar acceso legal a comunidades que lo necesitan, ayudar\u00e1 a entrenar y administrar el programa en general.<\/p>\n<p>La diferencia principal entre esta red y programas como el de Los \u00c1ngeles (LA Justice Fund), es que en este \u00faltimo no se utilizar\u00e1n fondos p\u00fablicos para representar a personas convictas de ciertos delitos graves o violentos y solo se buscar\u00e1 dar prioridad a los casos que \u201ctengan la posibilidad de ganar\u201d.<\/p>\n<p>Es muy dif\u00edcil impedir la deportaci\u00f3n de una persona convicta de determinados delitos graves, pero Vargas indic\u00f3 que el objetivo de esta red es la de \u201creconocer que todos deben tener acceso al debido proceso legal\u201d.<\/p>\n<p>Un proceso de deportaci\u00f3n es la \u00fanica ocasi\u00f3n en el que una persona enfrenta a la autoridad federal en un tribunal y no tiene derecho a un abogado en caso de no poder pagarse uno. En los procesos penales o criminales, los acusados indigentes reciben un defensor p\u00fablico.<\/p>\n<p>Este no es el caso en los procesos migratorios, que son civiles.<\/p>\n<p>Fuente: La Opini\u00f3n<\/p>\n<p>&nbsp;<\/p>","protected":false},"excerpt":{"rendered":"<p>A diferencia del &#8220;LA Justice Fund&#8221;, este programa representar\u00eda a todos sin importar antecedentes penales, siempre y cuando no tengan los ingresos para pagarse un abogado privado. Una red de once ciudades a trav\u00e9s del pa\u00eds lanz\u00f3 un proyecto para ofrecer representaci\u00f3n a todos los inmigrantes en proceso de deportaci\u00f3n que no puedan, por sus bajos ingresos, obtener un abogado, con el objetivo de darles la oportunidad de defenderse efectivamente en el tribunal migratorio. Pero a diferencia del programa que existe en Los \u00c1ngeles y en otras ciudades y condados del pa\u00eds, la nueva llamada \u201cRed de Ciudades Seguras\u201d tiene el objetivo de ofrecer un abogado a TODOS los inmigrantes en este proceso, sin importar sus antecedentes penales. La \u00fanica condici\u00f3n es que sean de bajos ingresos. El objetivo, seg\u00fan dijo Tania Vargas, coordinadora de programas del Vera Institute of Justice, es lograr la representaci\u00f3n universal de los inmigrantes que est\u00e1n enfrentando los esfuerzos del gobierno federal para expulsarlos del pa\u00eds, \u201cno importa el tipo de caso\u201d. \u201cNo importa para este efecto que la persona tenga un buen caso o no\u201d, dijo Vargas. \u201cLo que queremos lograr es el acceso a justicia y la representaci\u00f3n de todos los que vayan frente a un juez\u201d. Tres ciudades y Condados de California son parte de esta red: la ciudad de Santa Ana, el condado de Oakland-Alameda y Sacramento. Aparte de California, tambi\u00e9n son parte de la red: Atlanta, Georgia; Austin, Texas; Baltimore, Maryland; Chicago, Illinois; Columbus, Ohio; Dane County, Wisconsin; Prince George\u00b4s County en Maryland; y San Antonio, Texas. Cada ciudad o condado administrar\u00e1 el programa y otorgar\u00e1 fondos a proveedores legales y organizaciones comunitarias, pero Vera Institute, una organizaci\u00f3n nacional que se esfuerza en facilitar acceso legal a comunidades que lo necesitan, ayudar\u00e1 a entrenar y administrar el programa en general. La diferencia principal entre esta red y programas como el de Los \u00c1ngeles (LA Justice Fund), es que en este \u00faltimo no se utilizar\u00e1n fondos p\u00fablicos para representar a personas convictas de ciertos delitos graves o violentos y solo se buscar\u00e1 dar prioridad a los casos que \u201ctengan la posibilidad de ganar\u201d. Es muy dif\u00edcil impedir la deportaci\u00f3n de una persona convicta de determinados delitos graves, pero Vargas indic\u00f3 que el objetivo de esta red es la de \u201creconocer que todos deben tener acceso al debido proceso legal\u201d. Un proceso de deportaci\u00f3n es la \u00fanica ocasi\u00f3n en el que una persona enfrenta a la autoridad federal en un tribunal y no tiene derecho a un abogado en caso de no poder pagarse uno. En los procesos penales o criminales, los acusados indigentes reciben un defensor p\u00fablico. Este no es el caso en los procesos migratorios, que son civiles. Fuente: La Opini\u00f3n &nbsp;<\/p>","protected":false},"author":13,"featured_media":10774,"comment_status":"open","ping_status":"open","sticky":false,"template":"","format":"standard","meta":{"_uf_show_specific_survey":0,"_uf_disable_surveys":false,"footnotes":""},"categories":[10,1],"tags":[],"class_list":["post-10773","post","type-post","status-publish","format-standard","has-post-thumbnail","hentry","category-noticias","category-temas-de-interes"],"aioseo_notices":[],"yoast_head":"<!-- This site is optimized with the Yoast SEO plugin v27.5 - https:\/\/yoast.com\/product\/yoast-seo-wordpress\/ -->\n<title>Red de \u201cciudades seguras\u201d dar\u00e1 abogado a todo inmigrante sin recursos en proceso de deportaci\u00f3n<\/title>\n<meta name=\"description\" content=\"Este programa representar\u00eda a todos sin importar antecedentes penales, siempre y cuando no tengan los ingresos para pagarse un abogado privado\" \/>\n<meta name=\"robots\" content=\"index, follow, max-snippet:-1, max-image-preview:large, max-video-preview:-1\" \/>\n<link rel=\"canonical\" href=\"https:\/\/accesolatino.org\/en\/red-de-ciudades-seguras-dara-abogado-a-todo-inmigrante-sin-recursos-en-proceso-de-deportacion\/noticias\/\" \/>\n<meta property=\"og:locale\" content=\"en_US\" \/>\n<meta property=\"og:type\" content=\"article\" \/>\n<meta property=\"og:title\" content=\"Red de \u201cciudades seguras\u201d dar\u00e1 abogado a todo inmigrante sin recursos en proceso de deportaci\u00f3n\" \/>\n<meta property=\"og:description\" content=\"Este programa representar\u00eda a todos sin importar antecedentes penales, siempre y cuando no tengan los ingresos para pagarse un abogado privado\" \/>\n<meta property=\"og:url\" content=\"https:\/\/accesolatino.org\/en\/red-de-ciudades-seguras-dara-abogado-a-todo-inmigrante-sin-recursos-en-proceso-de-deportacion\/noticias\/\" \/>\n<meta property=\"og:site_name\" content=\"Acceso Latino\" \/>\n<meta property=\"article:publisher\" content=\"https:\/\/www.facebook.com\/AccesoLatinoOrg\" \/>\n<meta property=\"article:published_time\" content=\"2017-11-15T14:56:15+00:00\" \/>\n<meta property=\"article:modified_time\" content=\"2025-10-27T19:56:56+00:00\" \/>\n<meta property=\"og:image\" content=\"https:\/\/accesolatino.org\/wp-content\/uploads\/2017\/11\/Red-de-ciudades-seguras-dara-abogado-a-todo-inmigrante-sin-recursos-en-proceso-de-deportacion.jpg\" \/>\n\t<meta property=\"og:image:width\" content=\"600\" \/>\n\t<meta property=\"og:image:height\" content=\"368\" \/>\n\t<meta property=\"og:image:type\" content=\"image\/jpeg\" \/>\n<meta name=\"author\" content=\"Noticias\" \/>\n<meta name=\"twitter:card\" content=\"summary_large_image\" \/>\n<meta name=\"twitter:creator\" content=\"@FAccLatino\" \/>\n<meta name=\"twitter:site\" content=\"@FAccLatino\" \/>\n<meta name=\"twitter:label1\" content=\"Written by\" \/>\n\t<meta name=\"twitter:data1\" content=\"Noticias\" \/>\n\t<meta name=\"twitter:label2\" content=\"Est. reading time\" \/>\n\t<meta name=\"twitter:data2\" content=\"3 minutes\" \/>\n<script type=\"application\/ld+json\" class=\"yoast-schema-graph\">{\"@context\":\"https:\\\/\\\/schema.org\",\"@graph\":[{\"@type\":\"Article\",\"@id\":\"https:\\\/\\\/accesolatino.org\\\/red-de-ciudades-seguras-dara-abogado-a-todo-inmigrante-sin-recursos-en-proceso-de-deportacion\\\/noticias\\\/#article\",\"isPartOf\":{\"@id\":\"https:\\\/\\\/accesolatino.org\\\/red-de-ciudades-seguras-dara-abogado-a-todo-inmigrante-sin-recursos-en-proceso-de-deportacion\\\/noticias\\\/\"},\"author\":{\"name\":\"Noticias\",\"@id\":\"https:\\\/\\\/accesolatino.org\\\/#\\\/schema\\\/person\\\/57bc3bfd2c357610a5255490ca4cd305\"},\"headline\":\"Red de \u201cciudades seguras\u201d dar\u00e1 abogado a todo inmigrante sin recursos en proceso de deportaci\u00f3n\",\"datePublished\":\"2017-11-15T14:56:15+00:00\",\"dateModified\":\"2025-10-27T19:56:56+00:00\",\"mainEntityOfPage\":{\"@id\":\"https:\\\/\\\/accesolatino.org\\\/red-de-ciudades-seguras-dara-abogado-a-todo-inmigrante-sin-recursos-en-proceso-de-deportacion\\\/noticias\\\/\"},\"wordCount\":491,\"commentCount\":0,\"publisher\":{\"@id\":\"https:\\\/\\\/accesolatino.org\\\/#organization\"},\"image\":{\"@id\":\"https:\\\/\\\/accesolatino.org\\\/red-de-ciudades-seguras-dara-abogado-a-todo-inmigrante-sin-recursos-en-proceso-de-deportacion\\\/noticias\\\/#primaryimage\"},\"thumbnailUrl\":\"https:\\\/\\\/accesolatino.org\\\/wp-content\\\/uploads\\\/2017\\\/11\\\/Red-de-ciudades-seguras-dara-abogado-a-todo-inmigrante-sin-recursos-en-proceso-de-deportacion.jpg\",\"articleSection\":[\"Noticias\",\"Temas de inter\u00e9s\"],\"inLanguage\":\"en-US\",\"potentialAction\":[{\"@type\":\"CommentAction\",\"name\":\"Comment\",\"target\":[\"https:\\\/\\\/accesolatino.org\\\/red-de-ciudades-seguras-dara-abogado-a-todo-inmigrante-sin-recursos-en-proceso-de-deportacion\\\/noticias\\\/#respond\"]}]},{\"@type\":\"WebPage\",\"@id\":\"https:\\\/\\\/accesolatino.org\\\/red-de-ciudades-seguras-dara-abogado-a-todo-inmigrante-sin-recursos-en-proceso-de-deportacion\\\/noticias\\\/\",\"url\":\"https:\\\/\\\/accesolatino.org\\\/red-de-ciudades-seguras-dara-abogado-a-todo-inmigrante-sin-recursos-en-proceso-de-deportacion\\\/noticias\\\/\",\"name\":\"Red de \u201cciudades seguras\u201d dar\u00e1 abogado a todo inmigrante sin recursos en proceso de deportaci\u00f3n\",\"isPartOf\":{\"@id\":\"https:\\\/\\\/accesolatino.org\\\/#website\"},\"primaryImageOfPage\":{\"@id\":\"https:\\\/\\\/accesolatino.org\\\/red-de-ciudades-seguras-dara-abogado-a-todo-inmigrante-sin-recursos-en-proceso-de-deportacion\\\/noticias\\\/#primaryimage\"},\"image\":{\"@id\":\"https:\\\/\\\/accesolatino.org\\\/red-de-ciudades-seguras-dara-abogado-a-todo-inmigrante-sin-recursos-en-proceso-de-deportacion\\\/noticias\\\/#primaryimage\"},\"thumbnailUrl\":\"https:\\\/\\\/accesolatino.org\\\/wp-content\\\/uploads\\\/2017\\\/11\\\/Red-de-ciudades-seguras-dara-abogado-a-todo-inmigrante-sin-recursos-en-proceso-de-deportacion.jpg\",\"datePublished\":\"2017-11-15T14:56:15+00:00\",\"dateModified\":\"2025-10-27T19:56:56+00:00\",\"description\":\"Este programa representar\u00eda a todos sin importar antecedentes penales, siempre y cuando no tengan los ingresos para pagarse un abogado privado\",\"breadcrumb\":{\"@id\":\"https:\\\/\\\/accesolatino.org\\\/red-de-ciudades-seguras-dara-abogado-a-todo-inmigrante-sin-recursos-en-proceso-de-deportacion\\\/noticias\\\/#breadcrumb\"},\"inLanguage\":\"en-US\",\"potentialAction\":[{\"@type\":\"ReadAction\",\"target\":[\"https:\\\/\\\/accesolatino.org\\\/red-de-ciudades-seguras-dara-abogado-a-todo-inmigrante-sin-recursos-en-proceso-de-deportacion\\\/noticias\\\/\"]}]},{\"@type\":\"ImageObject\",\"inLanguage\":\"en-US\",\"@id\":\"https:\\\/\\\/accesolatino.org\\\/red-de-ciudades-seguras-dara-abogado-a-todo-inmigrante-sin-recursos-en-proceso-de-deportacion\\\/noticias\\\/#primaryimage\",\"url\":\"https:\\\/\\\/accesolatino.org\\\/wp-content\\\/uploads\\\/2017\\\/11\\\/Red-de-ciudades-seguras-dara-abogado-a-todo-inmigrante-sin-recursos-en-proceso-de-deportacion.jpg\",\"contentUrl\":\"https:\\\/\\\/accesolatino.org\\\/wp-content\\\/uploads\\\/2017\\\/11\\\/Red-de-ciudades-seguras-dara-abogado-a-todo-inmigrante-sin-recursos-en-proceso-de-deportacion.jpg\",\"width\":\"600\",\"height\":\"368\",\"caption\":\"Red-de-ciudades-seguras-dara-abogado-a-todo-inmigrante-sin-recursos-en-proceso-de-deportacion\"},{\"@type\":\"BreadcrumbList\",\"@id\":\"https:\\\/\\\/accesolatino.org\\\/red-de-ciudades-seguras-dara-abogado-a-todo-inmigrante-sin-recursos-en-proceso-de-deportacion\\\/noticias\\\/#breadcrumb\",\"itemListElement\":[{\"@type\":\"ListItem\",\"position\":1,\"name\":\"Portada\",\"item\":\"https:\\\/\\\/accesolatino.org\\\/\"},{\"@type\":\"ListItem\",\"position\":2,\"name\":\"Noticias\",\"item\":\"https:\\\/\\\/accesolatino.org\\\/category\\\/noticias\\\/\"},{\"@type\":\"ListItem\",\"position\":3,\"name\":\"Red de \u201cciudades seguras\u201d dar\u00e1 abogado a todo inmigrante sin recursos en proceso de deportaci\u00f3n\"}]},{\"@type\":\"WebSite\",\"@id\":\"https:\\\/\\\/accesolatino.org\\\/#website\",\"url\":\"https:\\\/\\\/accesolatino.org\\\/\",\"name\":\"Acceso Latino | Fundaci\u00f3n Carlos Slim\",\"description\":\"Fundaci\u00f3n Carlos Slim\",\"publisher\":{\"@id\":\"https:\\\/\\\/accesolatino.org\\\/#organization\"},\"potentialAction\":[{\"@type\":\"SearchAction\",\"target\":{\"@type\":\"EntryPoint\",\"urlTemplate\":\"https:\\\/\\\/accesolatino.org\\\/?s={search_term_string}\"},\"query-input\":{\"@type\":\"PropertyValueSpecification\",\"valueRequired\":true,\"valueName\":\"search_term_string\"}}],\"inLanguage\":\"en-US\"},{\"@type\":\"Organization\",\"@id\":\"https:\\\/\\\/accesolatino.org\\\/#organization\",\"name\":\"Acceso Latino | Fundaci\u00f3n Carlos Slim\",\"url\":\"https:\\\/\\\/accesolatino.org\\\/\",\"logo\":{\"@type\":\"ImageObject\",\"inLanguage\":\"en-US\",\"@id\":\"https:\\\/\\\/accesolatino.org\\\/#\\\/schema\\\/logo\\\/image\\\/\",\"url\":\"https:\\\/\\\/accesolatino.org\\\/wp-content\\\/uploads\\\/2021\\\/02\\\/logo-footer-acceso-latino.png\",\"contentUrl\":\"https:\\\/\\\/accesolatino.org\\\/wp-content\\\/uploads\\\/2021\\\/02\\\/logo-footer-acceso-latino.png\",\"width\":240,\"height\":40,\"caption\":\"Acceso Latino | Fundaci\u00f3n Carlos Slim\"},\"image\":{\"@id\":\"https:\\\/\\\/accesolatino.org\\\/#\\\/schema\\\/logo\\\/image\\\/\"},\"sameAs\":[\"https:\\\/\\\/www.facebook.com\\\/AccesoLatinoOrg\",\"https:\\\/\\\/x.com\\\/FAccLatino\"]},{\"@type\":\"Person\",\"@id\":\"https:\\\/\\\/accesolatino.org\\\/#\\\/schema\\\/person\\\/57bc3bfd2c357610a5255490ca4cd305\",\"name\":\"Noticias\"}]}<\/script>\n<!-- \/ Yoast SEO plugin. -->","yoast_head_json":{"title":"Red de \u201cciudades seguras\u201d dar\u00e1 abogado a todo inmigrante sin recursos en proceso de deportaci\u00f3n","description":"Este programa representar\u00eda a todos sin importar antecedentes penales, siempre y cuando no tengan los ingresos para pagarse un abogado privado","robots":{"index":"index","follow":"follow","max-snippet":"max-snippet:-1","max-image-preview":"max-image-preview:large","max-video-preview":"max-video-preview:-1"},"canonical":"https:\/\/accesolatino.org\/en\/red-de-ciudades-seguras-dara-abogado-a-todo-inmigrante-sin-recursos-en-proceso-de-deportacion\/noticias\/","og_locale":"en_US","og_type":"article","og_title":"Red de \u201cciudades seguras\u201d dar\u00e1 abogado a todo inmigrante sin recursos en proceso de deportaci\u00f3n","og_description":"Este programa representar\u00eda a todos sin importar antecedentes penales, siempre y cuando no tengan los ingresos para pagarse un abogado privado","og_url":"https:\/\/accesolatino.org\/en\/red-de-ciudades-seguras-dara-abogado-a-todo-inmigrante-sin-recursos-en-proceso-de-deportacion\/noticias\/","og_site_name":"Acceso Latino","article_publisher":"https:\/\/www.facebook.com\/AccesoLatinoOrg","article_published_time":"2017-11-15T14:56:15+00:00","article_modified_time":"2025-10-27T19:56:56+00:00","og_image":[{"width":600,"height":368,"url":"https:\/\/accesolatino.org\/wp-content\/uploads\/2017\/11\/Red-de-ciudades-seguras-dara-abogado-a-todo-inmigrante-sin-recursos-en-proceso-de-deportacion.jpg","type":"image\/jpeg"}],"author":"Noticias","twitter_card":"summary_large_image","twitter_creator":"@FAccLatino","twitter_site":"@FAccLatino","twitter_misc":{"Written by":"Noticias","Est. reading time":"3 minutes"},"schema":{"@context":"https:\/\/schema.org","@graph":[{"@type":"Article","@id":"https:\/\/accesolatino.org\/red-de-ciudades-seguras-dara-abogado-a-todo-inmigrante-sin-recursos-en-proceso-de-deportacion\/noticias\/#article","isPartOf":{"@id":"https:\/\/accesolatino.org\/red-de-ciudades-seguras-dara-abogado-a-todo-inmigrante-sin-recursos-en-proceso-de-deportacion\/noticias\/"},"author":{"name":"Noticias","@id":"https:\/\/accesolatino.org\/#\/schema\/person\/57bc3bfd2c357610a5255490ca4cd305"},"headline":"Red de \u201cciudades seguras\u201d dar\u00e1 abogado a todo inmigrante sin recursos en proceso de deportaci\u00f3n","datePublished":"2017-11-15T14:56:15+00:00","dateModified":"2025-10-27T19:56:56+00:00","mainEntityOfPage":{"@id":"https:\/\/accesolatino.org\/red-de-ciudades-seguras-dara-abogado-a-todo-inmigrante-sin-recursos-en-proceso-de-deportacion\/noticias\/"},"wordCount":491,"commentCount":0,"publisher":{"@id":"https:\/\/accesolatino.org\/#organization"},"image":{"@id":"https:\/\/accesolatino.org\/red-de-ciudades-seguras-dara-abogado-a-todo-inmigrante-sin-recursos-en-proceso-de-deportacion\/noticias\/#primaryimage"},"thumbnailUrl":"https:\/\/accesolatino.org\/wp-content\/uploads\/2017\/11\/Red-de-ciudades-seguras-dara-abogado-a-todo-inmigrante-sin-recursos-en-proceso-de-deportacion.jpg","articleSection":["Noticias","Temas de inter\u00e9s"],"inLanguage":"en-US","potentialAction":[{"@type":"CommentAction","name":"Comment","target":["https:\/\/accesolatino.org\/red-de-ciudades-seguras-dara-abogado-a-todo-inmigrante-sin-recursos-en-proceso-de-deportacion\/noticias\/#respond"]}]},{"@type":"WebPage","@id":"https:\/\/accesolatino.org\/red-de-ciudades-seguras-dara-abogado-a-todo-inmigrante-sin-recursos-en-proceso-de-deportacion\/noticias\/","url":"https:\/\/accesolatino.org\/red-de-ciudades-seguras-dara-abogado-a-todo-inmigrante-sin-recursos-en-proceso-de-deportacion\/noticias\/","name":"Red de \u201cciudades seguras\u201d dar\u00e1 abogado a todo inmigrante sin recursos en proceso de deportaci\u00f3n","isPartOf":{"@id":"https:\/\/accesolatino.org\/#website"},"primaryImageOfPage":{"@id":"https:\/\/accesolatino.org\/red-de-ciudades-seguras-dara-abogado-a-todo-inmigrante-sin-recursos-en-proceso-de-deportacion\/noticias\/#primaryimage"},"image":{"@id":"https:\/\/accesolatino.org\/red-de-ciudades-seguras-dara-abogado-a-todo-inmigrante-sin-recursos-en-proceso-de-deportacion\/noticias\/#primaryimage"},"thumbnailUrl":"https:\/\/accesolatino.org\/wp-content\/uploads\/2017\/11\/Red-de-ciudades-seguras-dara-abogado-a-todo-inmigrante-sin-recursos-en-proceso-de-deportacion.jpg","datePublished":"2017-11-15T14:56:15+00:00","dateModified":"2025-10-27T19:56:56+00:00","description":"Este programa representar\u00eda a todos sin importar antecedentes penales, siempre y cuando no tengan los ingresos para pagarse un abogado privado","breadcrumb":{"@id":"https:\/\/accesolatino.org\/red-de-ciudades-seguras-dara-abogado-a-todo-inmigrante-sin-recursos-en-proceso-de-deportacion\/noticias\/#breadcrumb"},"inLanguage":"en-US","potentialAction":[{"@type":"ReadAction","target":["https:\/\/accesolatino.org\/red-de-ciudades-seguras-dara-abogado-a-todo-inmigrante-sin-recursos-en-proceso-de-deportacion\/noticias\/"]}]},{"@type":"ImageObject","inLanguage":"en-US","@id":"https:\/\/accesolatino.org\/red-de-ciudades-seguras-dara-abogado-a-todo-inmigrante-sin-recursos-en-proceso-de-deportacion\/noticias\/#primaryimage","url":"https:\/\/accesolatino.org\/wp-content\/uploads\/2017\/11\/Red-de-ciudades-seguras-dara-abogado-a-todo-inmigrante-sin-recursos-en-proceso-de-deportacion.jpg","contentUrl":"https:\/\/accesolatino.org\/wp-content\/uploads\/2017\/11\/Red-de-ciudades-seguras-dara-abogado-a-todo-inmigrante-sin-recursos-en-proceso-de-deportacion.jpg","width":"600","height":"368","caption":"Red-de-ciudades-seguras-dara-abogado-a-todo-inmigrante-sin-recursos-en-proceso-de-deportacion"},{"@type":"BreadcrumbList","@id":"https:\/\/accesolatino.org\/red-de-ciudades-seguras-dara-abogado-a-todo-inmigrante-sin-recursos-en-proceso-de-deportacion\/noticias\/#breadcrumb","itemListElement":[{"@type":"ListItem","position":1,"name":"Portada","item":"https:\/\/accesolatino.org\/"},{"@type":"ListItem","position":2,"name":"Noticias","item":"https:\/\/accesolatino.org\/category\/noticias\/"},{"@type":"ListItem","position":3,"name":"Red de \u201cciudades seguras\u201d dar\u00e1 abogado a todo inmigrante sin recursos en proceso de deportaci\u00f3n"}]},{"@type":"WebSite","@id":"https:\/\/accesolatino.org\/#website","url":"https:\/\/accesolatino.org\/","name":"Acceso Latino | Fundaci\u00f3n Carlos Slim","description":"Fundaci\u00f3n Carlos Slim","publisher":{"@id":"https:\/\/accesolatino.org\/#organization"},"potentialAction":[{"@type":"SearchAction","target":{"@type":"EntryPoint","urlTemplate":"https:\/\/accesolatino.org\/?s={search_term_string}"},"query-input":{"@type":"PropertyValueSpecification","valueRequired":true,"valueName":"search_term_string"}}],"inLanguage":"en-US"},{"@type":"Organization","@id":"https:\/\/accesolatino.org\/#organization","name":"Acceso Latino | Fundaci\u00f3n Carlos Slim","url":"https:\/\/accesolatino.org\/","logo":{"@type":"ImageObject","inLanguage":"en-US","@id":"https:\/\/accesolatino.org\/#\/schema\/logo\/image\/","url":"https:\/\/accesolatino.org\/wp-content\/uploads\/2021\/02\/logo-footer-acceso-latino.png","contentUrl":"https:\/\/accesolatino.org\/wp-content\/uploads\/2021\/02\/logo-footer-acceso-latino.png","width":240,"height":40,"caption":"Acceso Latino | Fundaci\u00f3n Carlos Slim"},"image":{"@id":"https:\/\/accesolatino.org\/#\/schema\/logo\/image\/"},"sameAs":["https:\/\/www.facebook.com\/AccesoLatinoOrg","https:\/\/x.com\/FAccLatino"]},{"@type":"Person","@id":"https:\/\/accesolatino.org\/#\/schema\/person\/57bc3bfd2c357610a5255490ca4cd305","name":"News"}]}},"_links":{"self":[{"href":"https:\/\/accesolatino.org\/en\/wp-json\/wp\/v2\/posts\/10773","targetHints":{"allow":["GET"]}}],"collection":[{"href":"https:\/\/accesolatino.org\/en\/wp-json\/wp\/v2\/posts"}],"about":[{"href":"https:\/\/accesolatino.org\/en\/wp-json\/wp\/v2\/types\/post"}],"author":[{"embeddable":true,"href":"https:\/\/accesolatino.org\/en\/wp-json\/wp\/v2\/users\/13"}],"replies":[{"embeddable":true,"href":"https:\/\/accesolatino.org\/en\/wp-json\/wp\/v2\/comments?post=10773"}],"version-history":[{"count":1,"href":"https:\/\/accesolatino.org\/en\/wp-json\/wp\/v2\/posts\/10773\/revisions"}],"predecessor-version":[{"id":66796,"href":"https:\/\/accesolatino.org\/en\/wp-json\/wp\/v2\/posts\/10773\/revisions\/66796"}],"wp:featuredmedia":[{"embeddable":true,"href":"https:\/\/accesolatino.org\/en\/wp-json\/wp\/v2\/media\/10774"}],"wp:attachment":[{"href":"https:\/\/accesolatino.org\/en\/wp-json\/wp\/v2\/media?parent=10773"}],"wp:term":[{"taxonomy":"category","embeddable":true,"href":"https:\/\/accesolatino.org\/en\/wp-json\/wp\/v2\/categories?post=10773"},{"taxonomy":"post_tag","embeddable":true,"href":"https:\/\/accesolatino.org\/en\/wp-json\/wp\/v2\/tags?post=10773"}],"curies":[{"name":"wp","href":"https:\/\/api.w.org\/{rel}","templated":true}]}}