{"id":10766,"date":"2017-11-13T17:02:35","date_gmt":"2017-11-13T17:02:35","guid":{"rendered":"https:\/\/accesolatino.org\/?p=10766"},"modified":"2025-11-13T21:51:47","modified_gmt":"2025-11-14T03:51:47","slug":"estas-en-mexico-conoce-tus-derechos","status":"publish","type":"post","link":"https:\/\/accesolatino.org\/en\/estas-en-mexico-conoce-tus-derechos\/noticias\/","title":{"rendered":"\u00bfEst\u00e1s en M\u00e9xico? Conoce tus derechos"},"content":{"rendered":"<p>Si est\u00e1s de nuevo en M\u00e9xico inf\u00f3rmate sobre tus derechos, c\u00f3mo identificarte y qu\u00e9 hacer para regresar a tu ciudad de origen.<\/p>\n<p>De igual manera, es importante que te comuniques con un familiar o una persona de confianza, esto lo puedes solicitar a un agente del Instituto Nacional de Migraci\u00f3n.<\/p>\n<p>Tu y tu familia tienen derecho a permanecer unidos y ser reintegrados por medio de programas sociales que les otorgan ayuda econ\u00f3mica, educativa y pol\u00edtica. Al igual que madres solteras repatriadas.<\/p>\n<p>Ori\u00e9ntate y conoce los n\u00fameros e instituciones que te pueden apoyar en tu regreso a M\u00e9xico, entando a:&nbsp;<a title=\"\" href=\"https:\/\/accesolatino.org\/en\/conoce-y-protege-tus-derechos-laborales-basicos\/derecho\/\" target=\"_blank\" rel=\"noopener\">accesolatino.org\/tus-derechos<\/a><\/p>","protected":false},"excerpt":{"rendered":"<p>Si est\u00e1s de nuevo en M\u00e9xico inf\u00f3rmate sobre tus derechos, c\u00f3mo identificarte y qu\u00e9 hacer para regresar a tu ciudad de origen. De igual manera, es importante que te comuniques con un familiar o una persona de confianza, esto lo puedes solicitar a un agente del Instituto Nacional de Migraci\u00f3n. Tu y tu familia tienen derecho a permanecer unidos y ser reintegrados por medio de programas sociales que les otorgan ayuda econ\u00f3mica, educativa y pol\u00edtica. Al igual que madres solteras repatriadas. Ori\u00e9ntate y conoce los n\u00fameros e instituciones que te pueden apoyar en tu regreso a M\u00e9xico, entando a:&nbsp;accesolatino.org\/tus-derechos<\/p>","protected":false},"author":13,"featured_media":10769,"comment_status":"open","ping_status":"open","sticky":false,"template":"","format":"standard","meta":{"_uf_show_specific_survey":0,"_uf_disable_surveys":false,"footnotes":""},"categories":[10,1],"tags":[],"class_list":["post-10766","post","type-post","status-publish","format-standard","has-post-thumbnail","hentry","category-noticias","category-temas-de-interes"],"aioseo_notices":[],"yoast_head":"<!-- This site is optimized with the Yoast SEO plugin v27.5 - https:\/\/yoast.com\/product\/yoast-seo-wordpress\/ -->\n<title>\u00bfEst\u00e1s en M\u00e9xico? Conoce tus derechos - Acceso Latino<\/title>\n<meta name=\"description\" content=\"Si est\u00e1s de nuevo en M\u00e9xico inf\u00f3rmate sobre tus derechos, c\u00f3mo identificarte y qu\u00e9 hacer para regresar a tu ciudad de origen.\" \/>\n<meta name=\"robots\" content=\"index, follow, max-snippet:-1, max-image-preview:large, max-video-preview:-1\" \/>\n<link rel=\"canonical\" href=\"https:\/\/accesolatino.org\/en\/estas-en-mexico-conoce-tus-derechos\/temas-de-interes\/\" \/>\n<meta property=\"og:locale\" content=\"en_US\" \/>\n<meta property=\"og:type\" content=\"article\" \/>\n<meta property=\"og:title\" content=\"\u00bfEst\u00e1s en M\u00e9xico? Conoce tus derechos - Acceso Latino\" \/>\n<meta property=\"og:description\" content=\"Si est\u00e1s de nuevo en M\u00e9xico inf\u00f3rmate sobre tus derechos, c\u00f3mo identificarte y qu\u00e9 hacer para regresar a tu ciudad de origen.\" \/>\n<meta property=\"og:url\" content=\"https:\/\/accesolatino.org\/en\/estas-en-mexico-conoce-tus-derechos\/temas-de-interes\/\" \/>\n<meta property=\"og:site_name\" content=\"Acceso Latino\" \/>\n<meta property=\"article:publisher\" content=\"https:\/\/www.facebook.com\/AccesoLatinoOrg\" \/>\n<meta property=\"article:published_time\" content=\"2017-11-13T17:02:35+00:00\" \/>\n<meta property=\"article:modified_time\" content=\"2025-11-14T03:51:47+00:00\" \/>\n<meta property=\"og:image\" content=\"https:\/\/accesolatino.org\/wp-content\/uploads\/2017\/11\/Tus-Derechos.jpg\" \/>\n\t<meta property=\"og:image:width\" content=\"600\" \/>\n\t<meta property=\"og:image:height\" content=\"401\" \/>\n\t<meta property=\"og:image:type\" content=\"image\/jpeg\" \/>\n<meta name=\"author\" content=\"Noticias\" \/>\n<meta name=\"twitter:card\" content=\"summary_large_image\" \/>\n<meta name=\"twitter:creator\" content=\"@FAccLatino\" \/>\n<meta name=\"twitter:site\" content=\"@FAccLatino\" \/>\n<meta name=\"twitter:label1\" content=\"Written by\" \/>\n\t<meta name=\"twitter:data1\" content=\"Noticias\" \/>\n\t<meta name=\"twitter:label2\" content=\"Est. reading time\" \/>\n\t<meta name=\"twitter:data2\" content=\"1 minute\" \/>\n<script type=\"application\/ld+json\" class=\"yoast-schema-graph\">{\"@context\":\"https:\\\/\\\/schema.org\",\"@graph\":[{\"@type\":\"Article\",\"@id\":\"https:\\\/\\\/accesolatino.org\\\/estas-en-mexico-conoce-tus-derechos\\\/temas-de-interes\\\/#article\",\"isPartOf\":{\"@id\":\"https:\\\/\\\/accesolatino.org\\\/estas-en-mexico-conoce-tus-derechos\\\/temas-de-interes\\\/\"},\"author\":{\"name\":\"Noticias\",\"@id\":\"https:\\\/\\\/accesolatino.org\\\/#\\\/schema\\\/person\\\/57bc3bfd2c357610a5255490ca4cd305\"},\"headline\":\"\u00bfEst\u00e1s en M\u00e9xico? Conoce tus derechos\",\"datePublished\":\"2017-11-13T17:02:35+00:00\",\"dateModified\":\"2025-11-14T03:51:47+00:00\",\"mainEntityOfPage\":{\"@id\":\"https:\\\/\\\/accesolatino.org\\\/estas-en-mexico-conoce-tus-derechos\\\/temas-de-interes\\\/\"},\"wordCount\":121,\"commentCount\":0,\"publisher\":{\"@id\":\"https:\\\/\\\/accesolatino.org\\\/#organization\"},\"image\":{\"@id\":\"https:\\\/\\\/accesolatino.org\\\/estas-en-mexico-conoce-tus-derechos\\\/temas-de-interes\\\/#primaryimage\"},\"thumbnailUrl\":\"https:\\\/\\\/accesolatino.org\\\/wp-content\\\/uploads\\\/2017\\\/11\\\/Tus-Derechos.jpg\",\"articleSection\":[\"Noticias\",\"Temas de inter\u00e9s\"],\"inLanguage\":\"en-US\",\"potentialAction\":[{\"@type\":\"CommentAction\",\"name\":\"Comment\",\"target\":[\"https:\\\/\\\/accesolatino.org\\\/estas-en-mexico-conoce-tus-derechos\\\/temas-de-interes\\\/#respond\"]}]},{\"@type\":\"WebPage\",\"@id\":\"https:\\\/\\\/accesolatino.org\\\/estas-en-mexico-conoce-tus-derechos\\\/temas-de-interes\\\/\",\"url\":\"https:\\\/\\\/accesolatino.org\\\/estas-en-mexico-conoce-tus-derechos\\\/temas-de-interes\\\/\",\"name\":\"\u00bfEst\u00e1s en M\u00e9xico? Conoce tus derechos - Acceso Latino\",\"isPartOf\":{\"@id\":\"https:\\\/\\\/accesolatino.org\\\/#website\"},\"primaryImageOfPage\":{\"@id\":\"https:\\\/\\\/accesolatino.org\\\/estas-en-mexico-conoce-tus-derechos\\\/temas-de-interes\\\/#primaryimage\"},\"image\":{\"@id\":\"https:\\\/\\\/accesolatino.org\\\/estas-en-mexico-conoce-tus-derechos\\\/temas-de-interes\\\/#primaryimage\"},\"thumbnailUrl\":\"https:\\\/\\\/accesolatino.org\\\/wp-content\\\/uploads\\\/2017\\\/11\\\/Tus-Derechos.jpg\",\"datePublished\":\"2017-11-13T17:02:35+00:00\",\"dateModified\":\"2025-11-14T03:51:47+00:00\",\"description\":\"Si est\u00e1s de nuevo en M\u00e9xico inf\u00f3rmate sobre tus derechos, c\u00f3mo identificarte y qu\u00e9 hacer para regresar a tu ciudad de origen.\",\"breadcrumb\":{\"@id\":\"https:\\\/\\\/accesolatino.org\\\/estas-en-mexico-conoce-tus-derechos\\\/temas-de-interes\\\/#breadcrumb\"},\"inLanguage\":\"en-US\",\"potentialAction\":[{\"@type\":\"ReadAction\",\"target\":[\"https:\\\/\\\/accesolatino.org\\\/estas-en-mexico-conoce-tus-derechos\\\/temas-de-interes\\\/\"]}]},{\"@type\":\"ImageObject\",\"inLanguage\":\"en-US\",\"@id\":\"https:\\\/\\\/accesolatino.org\\\/estas-en-mexico-conoce-tus-derechos\\\/temas-de-interes\\\/#primaryimage\",\"url\":\"https:\\\/\\\/accesolatino.org\\\/wp-content\\\/uploads\\\/2017\\\/11\\\/Tus-Derechos.jpg\",\"contentUrl\":\"https:\\\/\\\/accesolatino.org\\\/wp-content\\\/uploads\\\/2017\\\/11\\\/Tus-Derechos.jpg\",\"width\":\"600\",\"height\":\"401\",\"caption\":\"Tus-Derechos\"},{\"@type\":\"BreadcrumbList\",\"@id\":\"https:\\\/\\\/accesolatino.org\\\/estas-en-mexico-conoce-tus-derechos\\\/temas-de-interes\\\/#breadcrumb\",\"itemListElement\":[{\"@type\":\"ListItem\",\"position\":1,\"name\":\"Portada\",\"item\":\"https:\\\/\\\/accesolatino.org\\\/\"},{\"@type\":\"ListItem\",\"position\":2,\"name\":\"Noticias\",\"item\":\"https:\\\/\\\/accesolatino.org\\\/category\\\/noticias\\\/\"},{\"@type\":\"ListItem\",\"position\":3,\"name\":\"\u00bfEst\u00e1s en M\u00e9xico? Conoce tus derechos\"}]},{\"@type\":\"WebSite\",\"@id\":\"https:\\\/\\\/accesolatino.org\\\/#website\",\"url\":\"https:\\\/\\\/accesolatino.org\\\/\",\"name\":\"Acceso Latino | Fundaci\u00f3n Carlos Slim\",\"description\":\"Fundaci\u00f3n Carlos Slim\",\"publisher\":{\"@id\":\"https:\\\/\\\/accesolatino.org\\\/#organization\"},\"potentialAction\":[{\"@type\":\"SearchAction\",\"target\":{\"@type\":\"EntryPoint\",\"urlTemplate\":\"https:\\\/\\\/accesolatino.org\\\/?s={search_term_string}\"},\"query-input\":{\"@type\":\"PropertyValueSpecification\",\"valueRequired\":true,\"valueName\":\"search_term_string\"}}],\"inLanguage\":\"en-US\"},{\"@type\":\"Organization\",\"@id\":\"https:\\\/\\\/accesolatino.org\\\/#organization\",\"name\":\"Acceso Latino | Fundaci\u00f3n Carlos Slim\",\"url\":\"https:\\\/\\\/accesolatino.org\\\/\",\"logo\":{\"@type\":\"ImageObject\",\"inLanguage\":\"en-US\",\"@id\":\"https:\\\/\\\/accesolatino.org\\\/#\\\/schema\\\/logo\\\/image\\\/\",\"url\":\"https:\\\/\\\/accesolatino.org\\\/wp-content\\\/uploads\\\/2021\\\/02\\\/logo-footer-acceso-latino.png\",\"contentUrl\":\"https:\\\/\\\/accesolatino.org\\\/wp-content\\\/uploads\\\/2021\\\/02\\\/logo-footer-acceso-latino.png\",\"width\":240,\"height\":40,\"caption\":\"Acceso Latino | Fundaci\u00f3n Carlos Slim\"},\"image\":{\"@id\":\"https:\\\/\\\/accesolatino.org\\\/#\\\/schema\\\/logo\\\/image\\\/\"},\"sameAs\":[\"https:\\\/\\\/www.facebook.com\\\/AccesoLatinoOrg\",\"https:\\\/\\\/x.com\\\/FAccLatino\"]},{\"@type\":\"Person\",\"@id\":\"https:\\\/\\\/accesolatino.org\\\/#\\\/schema\\\/person\\\/57bc3bfd2c357610a5255490ca4cd305\",\"name\":\"Noticias\"}]}<\/script>\n<!-- \/ Yoast SEO plugin. -->","yoast_head_json":{"title":"\u00bfEst\u00e1s en M\u00e9xico? Conoce tus derechos - Acceso Latino","description":"Si est\u00e1s de nuevo en M\u00e9xico inf\u00f3rmate sobre tus derechos, c\u00f3mo identificarte y qu\u00e9 hacer para regresar a tu ciudad de origen.","robots":{"index":"index","follow":"follow","max-snippet":"max-snippet:-1","max-image-preview":"max-image-preview:large","max-video-preview":"max-video-preview:-1"},"canonical":"https:\/\/accesolatino.org\/en\/estas-en-mexico-conoce-tus-derechos\/temas-de-interes\/","og_locale":"en_US","og_type":"article","og_title":"\u00bfEst\u00e1s en M\u00e9xico? Conoce tus derechos - Acceso Latino","og_description":"Si est\u00e1s de nuevo en M\u00e9xico inf\u00f3rmate sobre tus derechos, c\u00f3mo identificarte y qu\u00e9 hacer para regresar a tu ciudad de origen.","og_url":"https:\/\/accesolatino.org\/en\/estas-en-mexico-conoce-tus-derechos\/temas-de-interes\/","og_site_name":"Acceso Latino","article_publisher":"https:\/\/www.facebook.com\/AccesoLatinoOrg","article_published_time":"2017-11-13T17:02:35+00:00","article_modified_time":"2025-11-14T03:51:47+00:00","og_image":[{"width":600,"height":401,"url":"https:\/\/accesolatino.org\/wp-content\/uploads\/2017\/11\/Tus-Derechos.jpg","type":"image\/jpeg"}],"author":"Noticias","twitter_card":"summary_large_image","twitter_creator":"@FAccLatino","twitter_site":"@FAccLatino","twitter_misc":{"Written by":"Noticias","Est. reading time":"1 minute"},"schema":{"@context":"https:\/\/schema.org","@graph":[{"@type":"Article","@id":"https:\/\/accesolatino.org\/estas-en-mexico-conoce-tus-derechos\/temas-de-interes\/#article","isPartOf":{"@id":"https:\/\/accesolatino.org\/estas-en-mexico-conoce-tus-derechos\/temas-de-interes\/"},"author":{"name":"Noticias","@id":"https:\/\/accesolatino.org\/#\/schema\/person\/57bc3bfd2c357610a5255490ca4cd305"},"headline":"\u00bfEst\u00e1s en M\u00e9xico? Conoce tus derechos","datePublished":"2017-11-13T17:02:35+00:00","dateModified":"2025-11-14T03:51:47+00:00","mainEntityOfPage":{"@id":"https:\/\/accesolatino.org\/estas-en-mexico-conoce-tus-derechos\/temas-de-interes\/"},"wordCount":121,"commentCount":0,"publisher":{"@id":"https:\/\/accesolatino.org\/#organization"},"image":{"@id":"https:\/\/accesolatino.org\/estas-en-mexico-conoce-tus-derechos\/temas-de-interes\/#primaryimage"},"thumbnailUrl":"https:\/\/accesolatino.org\/wp-content\/uploads\/2017\/11\/Tus-Derechos.jpg","articleSection":["Noticias","Temas de inter\u00e9s"],"inLanguage":"en-US","potentialAction":[{"@type":"CommentAction","name":"Comment","target":["https:\/\/accesolatino.org\/estas-en-mexico-conoce-tus-derechos\/temas-de-interes\/#respond"]}]},{"@type":"WebPage","@id":"https:\/\/accesolatino.org\/estas-en-mexico-conoce-tus-derechos\/temas-de-interes\/","url":"https:\/\/accesolatino.org\/estas-en-mexico-conoce-tus-derechos\/temas-de-interes\/","name":"\u00bfEst\u00e1s en M\u00e9xico? Conoce tus derechos - Acceso Latino","isPartOf":{"@id":"https:\/\/accesolatino.org\/#website"},"primaryImageOfPage":{"@id":"https:\/\/accesolatino.org\/estas-en-mexico-conoce-tus-derechos\/temas-de-interes\/#primaryimage"},"image":{"@id":"https:\/\/accesolatino.org\/estas-en-mexico-conoce-tus-derechos\/temas-de-interes\/#primaryimage"},"thumbnailUrl":"https:\/\/accesolatino.org\/wp-content\/uploads\/2017\/11\/Tus-Derechos.jpg","datePublished":"2017-11-13T17:02:35+00:00","dateModified":"2025-11-14T03:51:47+00:00","description":"Si est\u00e1s de nuevo en M\u00e9xico inf\u00f3rmate sobre tus derechos, c\u00f3mo identificarte y qu\u00e9 hacer para regresar a tu ciudad de origen.","breadcrumb":{"@id":"https:\/\/accesolatino.org\/estas-en-mexico-conoce-tus-derechos\/temas-de-interes\/#breadcrumb"},"inLanguage":"en-US","potentialAction":[{"@type":"ReadAction","target":["https:\/\/accesolatino.org\/estas-en-mexico-conoce-tus-derechos\/temas-de-interes\/"]}]},{"@type":"ImageObject","inLanguage":"en-US","@id":"https:\/\/accesolatino.org\/estas-en-mexico-conoce-tus-derechos\/temas-de-interes\/#primaryimage","url":"https:\/\/accesolatino.org\/wp-content\/uploads\/2017\/11\/Tus-Derechos.jpg","contentUrl":"https:\/\/accesolatino.org\/wp-content\/uploads\/2017\/11\/Tus-Derechos.jpg","width":"600","height":"401","caption":"Tus-Derechos"},{"@type":"BreadcrumbList","@id":"https:\/\/accesolatino.org\/estas-en-mexico-conoce-tus-derechos\/temas-de-interes\/#breadcrumb","itemListElement":[{"@type":"ListItem","position":1,"name":"Portada","item":"https:\/\/accesolatino.org\/"},{"@type":"ListItem","position":2,"name":"Noticias","item":"https:\/\/accesolatino.org\/category\/noticias\/"},{"@type":"ListItem","position":3,"name":"\u00bfEst\u00e1s en M\u00e9xico? Conoce tus derechos"}]},{"@type":"WebSite","@id":"https:\/\/accesolatino.org\/#website","url":"https:\/\/accesolatino.org\/","name":"Acceso Latino | Fundaci\u00f3n Carlos Slim","description":"Fundaci\u00f3n Carlos Slim","publisher":{"@id":"https:\/\/accesolatino.org\/#organization"},"potentialAction":[{"@type":"SearchAction","target":{"@type":"EntryPoint","urlTemplate":"https:\/\/accesolatino.org\/?s={search_term_string}"},"query-input":{"@type":"PropertyValueSpecification","valueRequired":true,"valueName":"search_term_string"}}],"inLanguage":"en-US"},{"@type":"Organization","@id":"https:\/\/accesolatino.org\/#organization","name":"Acceso Latino | Fundaci\u00f3n Carlos Slim","url":"https:\/\/accesolatino.org\/","logo":{"@type":"ImageObject","inLanguage":"en-US","@id":"https:\/\/accesolatino.org\/#\/schema\/logo\/image\/","url":"https:\/\/accesolatino.org\/wp-content\/uploads\/2021\/02\/logo-footer-acceso-latino.png","contentUrl":"https:\/\/accesolatino.org\/wp-content\/uploads\/2021\/02\/logo-footer-acceso-latino.png","width":240,"height":40,"caption":"Acceso Latino | Fundaci\u00f3n Carlos Slim"},"image":{"@id":"https:\/\/accesolatino.org\/#\/schema\/logo\/image\/"},"sameAs":["https:\/\/www.facebook.com\/AccesoLatinoOrg","https:\/\/x.com\/FAccLatino"]},{"@type":"Person","@id":"https:\/\/accesolatino.org\/#\/schema\/person\/57bc3bfd2c357610a5255490ca4cd305","name":"News"}]}},"_links":{"self":[{"href":"https:\/\/accesolatino.org\/en\/wp-json\/wp\/v2\/posts\/10766","targetHints":{"allow":["GET"]}}],"collection":[{"href":"https:\/\/accesolatino.org\/en\/wp-json\/wp\/v2\/posts"}],"about":[{"href":"https:\/\/accesolatino.org\/en\/wp-json\/wp\/v2\/types\/post"}],"author":[{"embeddable":true,"href":"https:\/\/accesolatino.org\/en\/wp-json\/wp\/v2\/users\/13"}],"replies":[{"embeddable":true,"href":"https:\/\/accesolatino.org\/en\/wp-json\/wp\/v2\/comments?post=10766"}],"version-history":[{"count":1,"href":"https:\/\/accesolatino.org\/en\/wp-json\/wp\/v2\/posts\/10766\/revisions"}],"predecessor-version":[{"id":68703,"href":"https:\/\/accesolatino.org\/en\/wp-json\/wp\/v2\/posts\/10766\/revisions\/68703"}],"wp:featuredmedia":[{"embeddable":true,"href":"https:\/\/accesolatino.org\/en\/wp-json\/wp\/v2\/media\/10769"}],"wp:attachment":[{"href":"https:\/\/accesolatino.org\/en\/wp-json\/wp\/v2\/media?parent=10766"}],"wp:term":[{"taxonomy":"category","embeddable":true,"href":"https:\/\/accesolatino.org\/en\/wp-json\/wp\/v2\/categories?post=10766"},{"taxonomy":"post_tag","embeddable":true,"href":"https:\/\/accesolatino.org\/en\/wp-json\/wp\/v2\/tags?post=10766"}],"curies":[{"name":"wp","href":"https:\/\/api.w.org\/{rel}","templated":true}]}}