{"id":10763,"date":"2017-11-13T11:39:13","date_gmt":"2017-11-13T17:39:13","guid":{"rendered":"https:\/\/accesolatino.org\/?p=10763"},"modified":"2025-10-27T13:57:14","modified_gmt":"2025-10-27T19:57:14","slug":"hija-de-salvadorenos-hace-historia-en-virginia-al-ganar-cargo-politico-local","status":"publish","type":"post","link":"https:\/\/accesolatino.org\/en\/hija-de-salvadorenos-hace-historia-en-virginia-al-ganar-cargo-politico-local\/orgullo-latino\/","title":{"rendered":"Hija de salvadore\u00f1os hace historia en Virginia al ganar cargo pol\u00edtico local"},"content":{"rendered":"<p>Hala Ayala de padres salvadore\u00f1os, se convertir\u00e1 en una de las primeras mujeres latinas en llegar a la Asamblea General de Virginia, Estados Unidos, al derrotar al republicano Rich Anderson, quien se hab\u00eda hecho a la idea de ganar un quinto t\u00e9rmino.<\/p>\n<p>Ayala, que tiene sus ra\u00edces en La Uni\u00f3n, gan\u00f3 con el Partido Dem\u00f3crata m\u00e1s de la mitad de los votos en la asamblea del estado de Virginia, donde representar\u00e1 al distrito 51, de acuerdo al peri\u00f3dico local \u201cInside Nova\u201d.<\/p>\n<p>El peri\u00f3dico report\u00f3 que Ayala tiene experiencia laboral como parte del Departamento de Seguridad Nacional (DHS, en ingl\u00e9s) de Estados Unidos. La compatriota es, adem\u00e1s, la tercera persona de origen hispano en servir en la Asamblea de Virginia, dijo Inside Nova.<\/p>\n<p>Ayala es hija de padres salvadore\u00f1os, originarios de Intipuc\u00e1 (La Uni\u00f3n). Ellos emigraron a los Estados Unidos en los a\u00f1os 70.<\/p>\n<p>Estados Unidos celebr\u00f3 este martes elecciones locales, de las que el Partido Dem\u00f3crata sali\u00f3 fortalecido.<\/p>\n<p><em>Fuente: La Prensa Gr\u00e1fica<\/em><\/p>","protected":false},"excerpt":{"rendered":"<p>Hala Ayala de padres salvadore\u00f1os, se convertir\u00e1 en una de las primeras mujeres latinas en llegar a la Asamblea General de Virginia, Estados Unidos, al derrotar al republicano Rich Anderson, quien se hab\u00eda hecho a la idea de ganar un quinto t\u00e9rmino. Ayala, que tiene sus ra\u00edces en La Uni\u00f3n, gan\u00f3 con el Partido Dem\u00f3crata m\u00e1s de la mitad de los votos en la asamblea del estado de Virginia, donde representar\u00e1 al distrito 51, de acuerdo al peri\u00f3dico local \u201cInside Nova\u201d. El peri\u00f3dico report\u00f3 que Ayala tiene experiencia laboral como parte del Departamento de Seguridad Nacional (DHS, en ingl\u00e9s) de Estados Unidos. La compatriota es, adem\u00e1s, la tercera persona de origen hispano en servir en la Asamblea de Virginia, dijo Inside Nova. Ayala es hija de padres salvadore\u00f1os, originarios de Intipuc\u00e1 (La Uni\u00f3n). Ellos emigraron a los Estados Unidos en los a\u00f1os 70. Estados Unidos celebr\u00f3 este martes elecciones locales, de las que el Partido Dem\u00f3crata sali\u00f3 fortalecido. Fuente: La Prensa Gr\u00e1fica<\/p>","protected":false},"author":13,"featured_media":10764,"comment_status":"open","ping_status":"open","sticky":false,"template":"","format":"standard","meta":{"_uf_show_specific_survey":0,"_uf_disable_surveys":false,"footnotes":""},"categories":[9],"tags":[],"class_list":["post-10763","post","type-post","status-publish","format-standard","has-post-thumbnail","hentry","category-orgullo-latino"],"aioseo_notices":[],"yoast_head":"<!-- This site is optimized with the Yoast SEO plugin v27.5 - https:\/\/yoast.com\/product\/yoast-seo-wordpress\/ -->\n<title>Hija de salvadore\u00f1os hace historia en Virginia al ganar cargo pol\u00edtico local<\/title>\n<meta name=\"description\" content=\"Hala Ayala de padres salvadore\u00f1os, se convertir\u00e1 en una de las primeras mujeres latinas en llegar a la Asamblea General de Virginia, Estados Unidos\" \/>\n<meta name=\"robots\" content=\"index, follow, max-snippet:-1, max-image-preview:large, max-video-preview:-1\" \/>\n<link rel=\"canonical\" href=\"https:\/\/accesolatino.org\/en\/hija-de-salvadorenos-hace-historia-en-virginia-al-ganar-cargo-politico-local\/orgullo-latino\/\" \/>\n<meta property=\"og:locale\" content=\"en_US\" \/>\n<meta property=\"og:type\" content=\"article\" \/>\n<meta property=\"og:title\" content=\"Hija de salvadore\u00f1os hace historia en Virginia al ganar cargo pol\u00edtico local\" \/>\n<meta property=\"og:description\" content=\"Hala Ayala de padres salvadore\u00f1os, se convertir\u00e1 en una de las primeras mujeres latinas en llegar a la Asamblea General de Virginia, Estados Unidos\" \/>\n<meta property=\"og:url\" content=\"https:\/\/accesolatino.org\/en\/hija-de-salvadorenos-hace-historia-en-virginia-al-ganar-cargo-politico-local\/orgullo-latino\/\" \/>\n<meta property=\"og:site_name\" content=\"Acceso Latino\" \/>\n<meta property=\"article:publisher\" content=\"https:\/\/www.facebook.com\/AccesoLatinoOrg\" \/>\n<meta property=\"article:published_time\" content=\"2017-11-13T17:39:13+00:00\" \/>\n<meta property=\"article:modified_time\" content=\"2025-10-27T19:57:14+00:00\" \/>\n<meta property=\"og:image\" content=\"https:\/\/accesolatino.org\/wp-content\/uploads\/2017\/11\/Hija-de-salvadorenos-hace-historia-en-Virginia-al-ganar-cargo-politico-local.jpg\" \/>\n\t<meta property=\"og:image:width\" content=\"600\" \/>\n\t<meta property=\"og:image:height\" content=\"450\" \/>\n\t<meta property=\"og:image:type\" content=\"image\/jpeg\" \/>\n<meta name=\"author\" content=\"Noticias\" \/>\n<meta name=\"twitter:card\" content=\"summary_large_image\" \/>\n<meta name=\"twitter:creator\" content=\"@FAccLatino\" \/>\n<meta name=\"twitter:site\" content=\"@FAccLatino\" \/>\n<meta name=\"twitter:label1\" content=\"Written by\" \/>\n\t<meta name=\"twitter:data1\" content=\"Noticias\" \/>\n\t<meta name=\"twitter:label2\" content=\"Est. reading time\" \/>\n\t<meta name=\"twitter:data2\" content=\"1 minute\" \/>\n<script type=\"application\/ld+json\" class=\"yoast-schema-graph\">{\"@context\":\"https:\\\/\\\/schema.org\",\"@graph\":[{\"@type\":\"Article\",\"@id\":\"https:\\\/\\\/accesolatino.org\\\/hija-de-salvadorenos-hace-historia-en-virginia-al-ganar-cargo-politico-local\\\/orgullo-latino\\\/#article\",\"isPartOf\":{\"@id\":\"https:\\\/\\\/accesolatino.org\\\/hija-de-salvadorenos-hace-historia-en-virginia-al-ganar-cargo-politico-local\\\/orgullo-latino\\\/\"},\"author\":{\"name\":\"Noticias\",\"@id\":\"https:\\\/\\\/accesolatino.org\\\/#\\\/schema\\\/person\\\/57bc3bfd2c357610a5255490ca4cd305\"},\"headline\":\"Hija de salvadore\u00f1os hace historia en Virginia al ganar cargo pol\u00edtico local\",\"datePublished\":\"2017-11-13T17:39:13+00:00\",\"dateModified\":\"2025-10-27T19:57:14+00:00\",\"mainEntityOfPage\":{\"@id\":\"https:\\\/\\\/accesolatino.org\\\/hija-de-salvadorenos-hace-historia-en-virginia-al-ganar-cargo-politico-local\\\/orgullo-latino\\\/\"},\"wordCount\":190,\"commentCount\":0,\"publisher\":{\"@id\":\"https:\\\/\\\/accesolatino.org\\\/#organization\"},\"image\":{\"@id\":\"https:\\\/\\\/accesolatino.org\\\/hija-de-salvadorenos-hace-historia-en-virginia-al-ganar-cargo-politico-local\\\/orgullo-latino\\\/#primaryimage\"},\"thumbnailUrl\":\"https:\\\/\\\/accesolatino.org\\\/wp-content\\\/uploads\\\/2017\\\/11\\\/Hija-de-salvadorenos-hace-historia-en-Virginia-al-ganar-cargo-politico-local.jpg\",\"articleSection\":[\"Orgullo Latino\"],\"inLanguage\":\"en-US\",\"potentialAction\":[{\"@type\":\"CommentAction\",\"name\":\"Comment\",\"target\":[\"https:\\\/\\\/accesolatino.org\\\/hija-de-salvadorenos-hace-historia-en-virginia-al-ganar-cargo-politico-local\\\/orgullo-latino\\\/#respond\"]}]},{\"@type\":\"WebPage\",\"@id\":\"https:\\\/\\\/accesolatino.org\\\/hija-de-salvadorenos-hace-historia-en-virginia-al-ganar-cargo-politico-local\\\/orgullo-latino\\\/\",\"url\":\"https:\\\/\\\/accesolatino.org\\\/hija-de-salvadorenos-hace-historia-en-virginia-al-ganar-cargo-politico-local\\\/orgullo-latino\\\/\",\"name\":\"Hija de salvadore\u00f1os hace historia en Virginia al ganar cargo pol\u00edtico local\",\"isPartOf\":{\"@id\":\"https:\\\/\\\/accesolatino.org\\\/#website\"},\"primaryImageOfPage\":{\"@id\":\"https:\\\/\\\/accesolatino.org\\\/hija-de-salvadorenos-hace-historia-en-virginia-al-ganar-cargo-politico-local\\\/orgullo-latino\\\/#primaryimage\"},\"image\":{\"@id\":\"https:\\\/\\\/accesolatino.org\\\/hija-de-salvadorenos-hace-historia-en-virginia-al-ganar-cargo-politico-local\\\/orgullo-latino\\\/#primaryimage\"},\"thumbnailUrl\":\"https:\\\/\\\/accesolatino.org\\\/wp-content\\\/uploads\\\/2017\\\/11\\\/Hija-de-salvadorenos-hace-historia-en-Virginia-al-ganar-cargo-politico-local.jpg\",\"datePublished\":\"2017-11-13T17:39:13+00:00\",\"dateModified\":\"2025-10-27T19:57:14+00:00\",\"description\":\"Hala Ayala de padres salvadore\u00f1os, se convertir\u00e1 en una de las primeras mujeres latinas en llegar a la Asamblea General de Virginia, Estados Unidos\",\"breadcrumb\":{\"@id\":\"https:\\\/\\\/accesolatino.org\\\/hija-de-salvadorenos-hace-historia-en-virginia-al-ganar-cargo-politico-local\\\/orgullo-latino\\\/#breadcrumb\"},\"inLanguage\":\"en-US\",\"potentialAction\":[{\"@type\":\"ReadAction\",\"target\":[\"https:\\\/\\\/accesolatino.org\\\/hija-de-salvadorenos-hace-historia-en-virginia-al-ganar-cargo-politico-local\\\/orgullo-latino\\\/\"]}]},{\"@type\":\"ImageObject\",\"inLanguage\":\"en-US\",\"@id\":\"https:\\\/\\\/accesolatino.org\\\/hija-de-salvadorenos-hace-historia-en-virginia-al-ganar-cargo-politico-local\\\/orgullo-latino\\\/#primaryimage\",\"url\":\"https:\\\/\\\/accesolatino.org\\\/wp-content\\\/uploads\\\/2017\\\/11\\\/Hija-de-salvadorenos-hace-historia-en-Virginia-al-ganar-cargo-politico-local.jpg\",\"contentUrl\":\"https:\\\/\\\/accesolatino.org\\\/wp-content\\\/uploads\\\/2017\\\/11\\\/Hija-de-salvadorenos-hace-historia-en-Virginia-al-ganar-cargo-politico-local.jpg\",\"width\":\"600\",\"height\":\"450\",\"caption\":\"Hija-de-salvadorenos-hace-historia-en-Virginia-al-ganar-cargo-politico-local\"},{\"@type\":\"BreadcrumbList\",\"@id\":\"https:\\\/\\\/accesolatino.org\\\/hija-de-salvadorenos-hace-historia-en-virginia-al-ganar-cargo-politico-local\\\/orgullo-latino\\\/#breadcrumb\",\"itemListElement\":[{\"@type\":\"ListItem\",\"position\":1,\"name\":\"Portada\",\"item\":\"https:\\\/\\\/accesolatino.org\\\/\"},{\"@type\":\"ListItem\",\"position\":2,\"name\":\"Orgullo Latino\",\"item\":\"https:\\\/\\\/accesolatino.org\\\/category\\\/orgullo-latino\\\/\"},{\"@type\":\"ListItem\",\"position\":3,\"name\":\"Hija de salvadore\u00f1os hace historia en Virginia al ganar cargo pol\u00edtico local\"}]},{\"@type\":\"WebSite\",\"@id\":\"https:\\\/\\\/accesolatino.org\\\/#website\",\"url\":\"https:\\\/\\\/accesolatino.org\\\/\",\"name\":\"Acceso Latino | Fundaci\u00f3n Carlos Slim\",\"description\":\"Fundaci\u00f3n Carlos Slim\",\"publisher\":{\"@id\":\"https:\\\/\\\/accesolatino.org\\\/#organization\"},\"potentialAction\":[{\"@type\":\"SearchAction\",\"target\":{\"@type\":\"EntryPoint\",\"urlTemplate\":\"https:\\\/\\\/accesolatino.org\\\/?s={search_term_string}\"},\"query-input\":{\"@type\":\"PropertyValueSpecification\",\"valueRequired\":true,\"valueName\":\"search_term_string\"}}],\"inLanguage\":\"en-US\"},{\"@type\":\"Organization\",\"@id\":\"https:\\\/\\\/accesolatino.org\\\/#organization\",\"name\":\"Acceso Latino | Fundaci\u00f3n Carlos Slim\",\"url\":\"https:\\\/\\\/accesolatino.org\\\/\",\"logo\":{\"@type\":\"ImageObject\",\"inLanguage\":\"en-US\",\"@id\":\"https:\\\/\\\/accesolatino.org\\\/#\\\/schema\\\/logo\\\/image\\\/\",\"url\":\"https:\\\/\\\/accesolatino.org\\\/wp-content\\\/uploads\\\/2021\\\/02\\\/logo-footer-acceso-latino.png\",\"contentUrl\":\"https:\\\/\\\/accesolatino.org\\\/wp-content\\\/uploads\\\/2021\\\/02\\\/logo-footer-acceso-latino.png\",\"width\":240,\"height\":40,\"caption\":\"Acceso Latino | Fundaci\u00f3n Carlos Slim\"},\"image\":{\"@id\":\"https:\\\/\\\/accesolatino.org\\\/#\\\/schema\\\/logo\\\/image\\\/\"},\"sameAs\":[\"https:\\\/\\\/www.facebook.com\\\/AccesoLatinoOrg\",\"https:\\\/\\\/x.com\\\/FAccLatino\"]},{\"@type\":\"Person\",\"@id\":\"https:\\\/\\\/accesolatino.org\\\/#\\\/schema\\\/person\\\/57bc3bfd2c357610a5255490ca4cd305\",\"name\":\"Noticias\"}]}<\/script>\n<!-- \/ Yoast SEO plugin. -->","yoast_head_json":{"title":"Hija de salvadore\u00f1os hace historia en Virginia al ganar cargo pol\u00edtico local","description":"Hala Ayala de padres salvadore\u00f1os, se convertir\u00e1 en una de las primeras mujeres latinas en llegar a la Asamblea General de Virginia, Estados Unidos","robots":{"index":"index","follow":"follow","max-snippet":"max-snippet:-1","max-image-preview":"max-image-preview:large","max-video-preview":"max-video-preview:-1"},"canonical":"https:\/\/accesolatino.org\/en\/hija-de-salvadorenos-hace-historia-en-virginia-al-ganar-cargo-politico-local\/orgullo-latino\/","og_locale":"en_US","og_type":"article","og_title":"Hija de salvadore\u00f1os hace historia en Virginia al ganar cargo pol\u00edtico local","og_description":"Hala Ayala de padres salvadore\u00f1os, se convertir\u00e1 en una de las primeras mujeres latinas en llegar a la Asamblea General de Virginia, Estados Unidos","og_url":"https:\/\/accesolatino.org\/en\/hija-de-salvadorenos-hace-historia-en-virginia-al-ganar-cargo-politico-local\/orgullo-latino\/","og_site_name":"Acceso Latino","article_publisher":"https:\/\/www.facebook.com\/AccesoLatinoOrg","article_published_time":"2017-11-13T17:39:13+00:00","article_modified_time":"2025-10-27T19:57:14+00:00","og_image":[{"width":600,"height":450,"url":"https:\/\/accesolatino.org\/wp-content\/uploads\/2017\/11\/Hija-de-salvadorenos-hace-historia-en-Virginia-al-ganar-cargo-politico-local.jpg","type":"image\/jpeg"}],"author":"Noticias","twitter_card":"summary_large_image","twitter_creator":"@FAccLatino","twitter_site":"@FAccLatino","twitter_misc":{"Written by":"Noticias","Est. reading time":"1 minute"},"schema":{"@context":"https:\/\/schema.org","@graph":[{"@type":"Article","@id":"https:\/\/accesolatino.org\/hija-de-salvadorenos-hace-historia-en-virginia-al-ganar-cargo-politico-local\/orgullo-latino\/#article","isPartOf":{"@id":"https:\/\/accesolatino.org\/hija-de-salvadorenos-hace-historia-en-virginia-al-ganar-cargo-politico-local\/orgullo-latino\/"},"author":{"name":"Noticias","@id":"https:\/\/accesolatino.org\/#\/schema\/person\/57bc3bfd2c357610a5255490ca4cd305"},"headline":"Hija de salvadore\u00f1os hace historia en Virginia al ganar cargo pol\u00edtico local","datePublished":"2017-11-13T17:39:13+00:00","dateModified":"2025-10-27T19:57:14+00:00","mainEntityOfPage":{"@id":"https:\/\/accesolatino.org\/hija-de-salvadorenos-hace-historia-en-virginia-al-ganar-cargo-politico-local\/orgullo-latino\/"},"wordCount":190,"commentCount":0,"publisher":{"@id":"https:\/\/accesolatino.org\/#organization"},"image":{"@id":"https:\/\/accesolatino.org\/hija-de-salvadorenos-hace-historia-en-virginia-al-ganar-cargo-politico-local\/orgullo-latino\/#primaryimage"},"thumbnailUrl":"https:\/\/accesolatino.org\/wp-content\/uploads\/2017\/11\/Hija-de-salvadorenos-hace-historia-en-Virginia-al-ganar-cargo-politico-local.jpg","articleSection":["Orgullo Latino"],"inLanguage":"en-US","potentialAction":[{"@type":"CommentAction","name":"Comment","target":["https:\/\/accesolatino.org\/hija-de-salvadorenos-hace-historia-en-virginia-al-ganar-cargo-politico-local\/orgullo-latino\/#respond"]}]},{"@type":"WebPage","@id":"https:\/\/accesolatino.org\/hija-de-salvadorenos-hace-historia-en-virginia-al-ganar-cargo-politico-local\/orgullo-latino\/","url":"https:\/\/accesolatino.org\/hija-de-salvadorenos-hace-historia-en-virginia-al-ganar-cargo-politico-local\/orgullo-latino\/","name":"Hija de salvadore\u00f1os hace historia en Virginia al ganar cargo pol\u00edtico local","isPartOf":{"@id":"https:\/\/accesolatino.org\/#website"},"primaryImageOfPage":{"@id":"https:\/\/accesolatino.org\/hija-de-salvadorenos-hace-historia-en-virginia-al-ganar-cargo-politico-local\/orgullo-latino\/#primaryimage"},"image":{"@id":"https:\/\/accesolatino.org\/hija-de-salvadorenos-hace-historia-en-virginia-al-ganar-cargo-politico-local\/orgullo-latino\/#primaryimage"},"thumbnailUrl":"https:\/\/accesolatino.org\/wp-content\/uploads\/2017\/11\/Hija-de-salvadorenos-hace-historia-en-Virginia-al-ganar-cargo-politico-local.jpg","datePublished":"2017-11-13T17:39:13+00:00","dateModified":"2025-10-27T19:57:14+00:00","description":"Hala Ayala de padres salvadore\u00f1os, se convertir\u00e1 en una de las primeras mujeres latinas en llegar a la Asamblea General de Virginia, Estados Unidos","breadcrumb":{"@id":"https:\/\/accesolatino.org\/hija-de-salvadorenos-hace-historia-en-virginia-al-ganar-cargo-politico-local\/orgullo-latino\/#breadcrumb"},"inLanguage":"en-US","potentialAction":[{"@type":"ReadAction","target":["https:\/\/accesolatino.org\/hija-de-salvadorenos-hace-historia-en-virginia-al-ganar-cargo-politico-local\/orgullo-latino\/"]}]},{"@type":"ImageObject","inLanguage":"en-US","@id":"https:\/\/accesolatino.org\/hija-de-salvadorenos-hace-historia-en-virginia-al-ganar-cargo-politico-local\/orgullo-latino\/#primaryimage","url":"https:\/\/accesolatino.org\/wp-content\/uploads\/2017\/11\/Hija-de-salvadorenos-hace-historia-en-Virginia-al-ganar-cargo-politico-local.jpg","contentUrl":"https:\/\/accesolatino.org\/wp-content\/uploads\/2017\/11\/Hija-de-salvadorenos-hace-historia-en-Virginia-al-ganar-cargo-politico-local.jpg","width":"600","height":"450","caption":"Hija-de-salvadorenos-hace-historia-en-Virginia-al-ganar-cargo-politico-local"},{"@type":"BreadcrumbList","@id":"https:\/\/accesolatino.org\/hija-de-salvadorenos-hace-historia-en-virginia-al-ganar-cargo-politico-local\/orgullo-latino\/#breadcrumb","itemListElement":[{"@type":"ListItem","position":1,"name":"Portada","item":"https:\/\/accesolatino.org\/"},{"@type":"ListItem","position":2,"name":"Orgullo Latino","item":"https:\/\/accesolatino.org\/category\/orgullo-latino\/"},{"@type":"ListItem","position":3,"name":"Hija de salvadore\u00f1os hace historia en Virginia al ganar cargo pol\u00edtico local"}]},{"@type":"WebSite","@id":"https:\/\/accesolatino.org\/#website","url":"https:\/\/accesolatino.org\/","name":"Acceso Latino | Fundaci\u00f3n Carlos Slim","description":"Fundaci\u00f3n Carlos Slim","publisher":{"@id":"https:\/\/accesolatino.org\/#organization"},"potentialAction":[{"@type":"SearchAction","target":{"@type":"EntryPoint","urlTemplate":"https:\/\/accesolatino.org\/?s={search_term_string}"},"query-input":{"@type":"PropertyValueSpecification","valueRequired":true,"valueName":"search_term_string"}}],"inLanguage":"en-US"},{"@type":"Organization","@id":"https:\/\/accesolatino.org\/#organization","name":"Acceso Latino | Fundaci\u00f3n Carlos Slim","url":"https:\/\/accesolatino.org\/","logo":{"@type":"ImageObject","inLanguage":"en-US","@id":"https:\/\/accesolatino.org\/#\/schema\/logo\/image\/","url":"https:\/\/accesolatino.org\/wp-content\/uploads\/2021\/02\/logo-footer-acceso-latino.png","contentUrl":"https:\/\/accesolatino.org\/wp-content\/uploads\/2021\/02\/logo-footer-acceso-latino.png","width":240,"height":40,"caption":"Acceso Latino | Fundaci\u00f3n Carlos Slim"},"image":{"@id":"https:\/\/accesolatino.org\/#\/schema\/logo\/image\/"},"sameAs":["https:\/\/www.facebook.com\/AccesoLatinoOrg","https:\/\/x.com\/FAccLatino"]},{"@type":"Person","@id":"https:\/\/accesolatino.org\/#\/schema\/person\/57bc3bfd2c357610a5255490ca4cd305","name":"News"}]}},"_links":{"self":[{"href":"https:\/\/accesolatino.org\/en\/wp-json\/wp\/v2\/posts\/10763","targetHints":{"allow":["GET"]}}],"collection":[{"href":"https:\/\/accesolatino.org\/en\/wp-json\/wp\/v2\/posts"}],"about":[{"href":"https:\/\/accesolatino.org\/en\/wp-json\/wp\/v2\/types\/post"}],"author":[{"embeddable":true,"href":"https:\/\/accesolatino.org\/en\/wp-json\/wp\/v2\/users\/13"}],"replies":[{"embeddable":true,"href":"https:\/\/accesolatino.org\/en\/wp-json\/wp\/v2\/comments?post=10763"}],"version-history":[{"count":1,"href":"https:\/\/accesolatino.org\/en\/wp-json\/wp\/v2\/posts\/10763\/revisions"}],"predecessor-version":[{"id":66798,"href":"https:\/\/accesolatino.org\/en\/wp-json\/wp\/v2\/posts\/10763\/revisions\/66798"}],"wp:featuredmedia":[{"embeddable":true,"href":"https:\/\/accesolatino.org\/en\/wp-json\/wp\/v2\/media\/10764"}],"wp:attachment":[{"href":"https:\/\/accesolatino.org\/en\/wp-json\/wp\/v2\/media?parent=10763"}],"wp:term":[{"taxonomy":"category","embeddable":true,"href":"https:\/\/accesolatino.org\/en\/wp-json\/wp\/v2\/categories?post=10763"},{"taxonomy":"post_tag","embeddable":true,"href":"https:\/\/accesolatino.org\/en\/wp-json\/wp\/v2\/tags?post=10763"}],"curies":[{"name":"wp","href":"https:\/\/api.w.org\/{rel}","templated":true}]}}