{"id":10709,"date":"2017-11-06T11:28:51","date_gmt":"2017-11-06T17:28:51","guid":{"rendered":"https:\/\/accesolatino.org\/?p=10709"},"modified":"2025-10-27T13:57:59","modified_gmt":"2025-10-27T19:57:59","slug":"joven-mexicano-logra-el-segundo-lugar-en-competencia-de-la-nasa","status":"publish","type":"post","link":"https:\/\/accesolatino.org\/en\/joven-mexicano-logra-el-segundo-lugar-en-competencia-de-la-nasa\/orgullo-latino\/","title":{"rendered":"Joven mexicano logra el segundo lugar en competencia de la NASA"},"content":{"rendered":"<p>Con un trofeo de segundo lugar en sus manos, Jonathan S\u00e1nchez regres\u00f3 a M\u00e9xico luego de que fuera elegido por la NASA para ir a Estados Unidos a exponer un proyecto que ayudar\u00e1 a estimar probabilidades de vida en J\u00fapiter.<\/p>\n<p>Con una sonrisa en el rostro y una sudadera con el logotipo de la NASA, el joven de 19 a\u00f1os de edad arrib\u00f3 con el orgullo de saber que su propuesta fue seleccionada de entre iniciativas presentadas por j\u00f3venes de todo el mundo, como una de las mejores.<\/p>\n<p>\u201cLo logr\u00e9. Vali\u00f3 la pena, se lo traje a mi M\u00e9xico\u201d, dijo el joven, al que el Gobierno y las autoridades estudiantiles de su pa\u00eds le voltearon la espalda cuando pidi\u00f3 apoyo para sustentar los gastos que implicar\u00eda el viaje.<\/p>\n<p>Ahora, Jonathan se siente esperanzado, pero hace dos semanas el estudiante oriundo del Estado de M\u00e9xico estaba desesperado, pues, a pesar de sus esfuerzos, no lograba conseguir los 3,500 d\u00f3lares que necesitaba para probarse en el pa\u00eds vecino y para cubrir lo que por meses hab\u00eda planeado.<\/p>\n<p>\u201cToqu\u00e9 puerta por puerta, se burlaban de m\u00ed, no me cre\u00edan que iba a ir a la NASA, que era verdad. Pensaban que s\u00f3lo les quer\u00eda sacar dinero, por eso decid\u00ed rifar el vocho (Volkswagen Escarabajo), pero no me alcanzaba\u201d, coment\u00f3.<\/p>\n<p>\u201cYo no ve\u00eda nada de apoyo del Gobierno, del que dice en los comerciales que hay mejor educaci\u00f3n, pero me siento feliz porque, en el camino, encontr\u00e9 a unos mexicanos de la empresa mexicana Seguritech me hablaron, me dieron la mano, me dijeron: \u2018\u00a1Vas porque vas! Fui y fui muy feliz&#8217;\u201d, agreg\u00f3.<\/p>\n<p>Como premio, la NASA le dio una computadora port\u00e1til y un diploma que, asegura, al llegar a su casa, en Tultepec, y a su escuela, la Universidad Polit\u00e9cnica Metropolitana de Hidalgo, lo presumir\u00e1.<\/p>\n<p>\u201cLes dir\u00e9 que s\u00ed se puede, que tenemos que luchar por lo que queramos, aunque a veces sea muy dif\u00edcil\u201d, se\u00f1ala.<\/p>\n<p>El proyecto con el que particip\u00f3 en el programa Air and Space International Program 2017, cuyo objetivo es proponer mejoras para un sat\u00e9lite que pueda rondar J\u00fapiter, consiste en generar energ\u00eda en la colonia por medio de electr\u00f3lisis, optimizar el funcionamiento de robots y una propuesta para ahorrar combustible.<\/p>\n<p>D\u00edas antes de partir, la Alcald\u00eda de Tultepec se sum\u00f3 a la ayuda, con eso y con lo recibido por la rifa de su autom\u00f3vil, con el que viajaba a kil\u00f3metros de distancia de su hogar para estudiar, pudo irse.<\/p>\n<p>En Estados Unidos, le ense\u00f1aron a construir robots, flotaje de aeronaves y ah\u00ed conoci\u00f3 a los astronautas Flanklin Chang D\u00edaz y a Clayton Anderson; este \u00faltimo le autografi\u00f3 una estampilla con su fotograf\u00eda y le escribi\u00f3 unas palabras que, dice, har\u00e1 d\u00eda con d\u00eda: \u201cJonathan, dream!\u201d (\u201c\u00a1Sue\u00f1a, Jonathan!\u201d).<\/p>\n<p><em>Fuente: Reforma<\/em><\/p>","protected":false},"excerpt":{"rendered":"<p>Con un trofeo de segundo lugar en sus manos, Jonathan S\u00e1nchez regres\u00f3 a M\u00e9xico luego de que fuera elegido por la NASA para ir a Estados Unidos a exponer un proyecto que ayudar\u00e1 a estimar probabilidades de vida en J\u00fapiter. Con una sonrisa en el rostro y una sudadera con el logotipo de la NASA, el joven de 19 a\u00f1os de edad arrib\u00f3 con el orgullo de saber que su propuesta fue seleccionada de entre iniciativas presentadas por j\u00f3venes de todo el mundo, como una de las mejores. \u201cLo logr\u00e9. Vali\u00f3 la pena, se lo traje a mi M\u00e9xico\u201d, dijo el joven, al que el Gobierno y las autoridades estudiantiles de su pa\u00eds le voltearon la espalda cuando pidi\u00f3 apoyo para sustentar los gastos que implicar\u00eda el viaje. Ahora, Jonathan se siente esperanzado, pero hace dos semanas el estudiante oriundo del Estado de M\u00e9xico estaba desesperado, pues, a pesar de sus esfuerzos, no lograba conseguir los 3,500 d\u00f3lares que necesitaba para probarse en el pa\u00eds vecino y para cubrir lo que por meses hab\u00eda planeado. \u201cToqu\u00e9 puerta por puerta, se burlaban de m\u00ed, no me cre\u00edan que iba a ir a la NASA, que era verdad. Pensaban que s\u00f3lo les quer\u00eda sacar dinero, por eso decid\u00ed rifar el vocho (Volkswagen Escarabajo), pero no me alcanzaba\u201d, coment\u00f3. \u201cYo no ve\u00eda nada de apoyo del Gobierno, del que dice en los comerciales que hay mejor educaci\u00f3n, pero me siento feliz porque, en el camino, encontr\u00e9 a unos mexicanos de la empresa mexicana Seguritech me hablaron, me dieron la mano, me dijeron: \u2018\u00a1Vas porque vas! Fui y fui muy feliz&#8217;\u201d, agreg\u00f3. Como premio, la NASA le dio una computadora port\u00e1til y un diploma que, asegura, al llegar a su casa, en Tultepec, y a su escuela, la Universidad Polit\u00e9cnica Metropolitana de Hidalgo, lo presumir\u00e1. \u201cLes dir\u00e9 que s\u00ed se puede, que tenemos que luchar por lo que queramos, aunque a veces sea muy dif\u00edcil\u201d, se\u00f1ala. El proyecto con el que particip\u00f3 en el programa Air and Space International Program 2017, cuyo objetivo es proponer mejoras para un sat\u00e9lite que pueda rondar J\u00fapiter, consiste en generar energ\u00eda en la colonia por medio de electr\u00f3lisis, optimizar el funcionamiento de robots y una propuesta para ahorrar combustible. D\u00edas antes de partir, la Alcald\u00eda de Tultepec se sum\u00f3 a la ayuda, con eso y con lo recibido por la rifa de su autom\u00f3vil, con el que viajaba a kil\u00f3metros de distancia de su hogar para estudiar, pudo irse. En Estados Unidos, le ense\u00f1aron a construir robots, flotaje de aeronaves y ah\u00ed conoci\u00f3 a los astronautas Flanklin Chang D\u00edaz y a Clayton Anderson; este \u00faltimo le autografi\u00f3 una estampilla con su fotograf\u00eda y le escribi\u00f3 unas palabras que, dice, har\u00e1 d\u00eda con d\u00eda: \u201cJonathan, dream!\u201d (\u201c\u00a1Sue\u00f1a, Jonathan!\u201d). Fuente: Reforma<\/p>","protected":false},"author":13,"featured_media":10710,"comment_status":"open","ping_status":"open","sticky":false,"template":"","format":"standard","meta":{"_uf_show_specific_survey":0,"_uf_disable_surveys":false,"footnotes":""},"categories":[9],"tags":[],"class_list":["post-10709","post","type-post","status-publish","format-standard","has-post-thumbnail","hentry","category-orgullo-latino"],"aioseo_notices":[],"yoast_head":"<!-- This site is optimized with the Yoast SEO plugin v27.5 - https:\/\/yoast.com\/product\/yoast-seo-wordpress\/ -->\n<title>Joven mexicano logra el segundo lugar en competencia de la NASA<\/title>\n<meta name=\"description\" content=\"Con un trofeo de segundo lugar en sus manos, Jonathan S\u00e1nchez regres\u00f3 a M\u00e9xico luego de que fuera elegido por la NASA\" \/>\n<meta name=\"robots\" content=\"index, follow, max-snippet:-1, max-image-preview:large, max-video-preview:-1\" \/>\n<link rel=\"canonical\" href=\"https:\/\/accesolatino.org\/en\/joven-mexicano-logra-el-segundo-lugar-en-competencia-de-la-nasa\/orgullo-latino\/\" \/>\n<meta property=\"og:locale\" content=\"en_US\" \/>\n<meta property=\"og:type\" content=\"article\" \/>\n<meta property=\"og:title\" content=\"Joven mexicano logra el segundo lugar en competencia de la NASA\" \/>\n<meta property=\"og:description\" content=\"Con un trofeo de segundo lugar en sus manos, Jonathan S\u00e1nchez regres\u00f3 a M\u00e9xico luego de que fuera elegido por la NASA\" \/>\n<meta property=\"og:url\" content=\"https:\/\/accesolatino.org\/en\/joven-mexicano-logra-el-segundo-lugar-en-competencia-de-la-nasa\/orgullo-latino\/\" \/>\n<meta property=\"og:site_name\" content=\"Acceso Latino\" \/>\n<meta property=\"article:publisher\" content=\"https:\/\/www.facebook.com\/AccesoLatinoOrg\" \/>\n<meta property=\"article:published_time\" content=\"2017-11-06T17:28:51+00:00\" \/>\n<meta property=\"article:modified_time\" content=\"2025-10-27T19:57:59+00:00\" \/>\n<meta property=\"og:image\" content=\"https:\/\/accesolatino.org\/wp-content\/uploads\/2017\/11\/Joven-mexicano-logra-el-segundo-lugar-en-competencia-de-la-NASA.jpg\" \/>\n\t<meta property=\"og:image:width\" content=\"600\" \/>\n\t<meta property=\"og:image:height\" content=\"322\" \/>\n\t<meta property=\"og:image:type\" content=\"image\/jpeg\" \/>\n<meta name=\"author\" content=\"Noticias\" \/>\n<meta name=\"twitter:card\" content=\"summary_large_image\" \/>\n<meta name=\"twitter:creator\" content=\"@FAccLatino\" \/>\n<meta name=\"twitter:site\" content=\"@FAccLatino\" \/>\n<meta name=\"twitter:label1\" content=\"Written by\" \/>\n\t<meta name=\"twitter:data1\" content=\"Noticias\" \/>\n\t<meta name=\"twitter:label2\" content=\"Est. reading time\" \/>\n\t<meta name=\"twitter:data2\" content=\"3 minutes\" \/>\n<script type=\"application\/ld+json\" class=\"yoast-schema-graph\">{\"@context\":\"https:\\\/\\\/schema.org\",\"@graph\":[{\"@type\":\"Article\",\"@id\":\"https:\\\/\\\/accesolatino.org\\\/joven-mexicano-logra-el-segundo-lugar-en-competencia-de-la-nasa\\\/orgullo-latino\\\/#article\",\"isPartOf\":{\"@id\":\"https:\\\/\\\/accesolatino.org\\\/joven-mexicano-logra-el-segundo-lugar-en-competencia-de-la-nasa\\\/orgullo-latino\\\/\"},\"author\":{\"name\":\"Noticias\",\"@id\":\"https:\\\/\\\/accesolatino.org\\\/#\\\/schema\\\/person\\\/57bc3bfd2c357610a5255490ca4cd305\"},\"headline\":\"Joven mexicano logra el segundo lugar en competencia de la NASA\",\"datePublished\":\"2017-11-06T17:28:51+00:00\",\"dateModified\":\"2025-10-27T19:57:59+00:00\",\"mainEntityOfPage\":{\"@id\":\"https:\\\/\\\/accesolatino.org\\\/joven-mexicano-logra-el-segundo-lugar-en-competencia-de-la-nasa\\\/orgullo-latino\\\/\"},\"wordCount\":504,\"commentCount\":0,\"publisher\":{\"@id\":\"https:\\\/\\\/accesolatino.org\\\/#organization\"},\"image\":{\"@id\":\"https:\\\/\\\/accesolatino.org\\\/joven-mexicano-logra-el-segundo-lugar-en-competencia-de-la-nasa\\\/orgullo-latino\\\/#primaryimage\"},\"thumbnailUrl\":\"https:\\\/\\\/accesolatino.org\\\/wp-content\\\/uploads\\\/2017\\\/11\\\/Joven-mexicano-logra-el-segundo-lugar-en-competencia-de-la-NASA.jpg\",\"articleSection\":[\"Orgullo Latino\"],\"inLanguage\":\"en-US\",\"potentialAction\":[{\"@type\":\"CommentAction\",\"name\":\"Comment\",\"target\":[\"https:\\\/\\\/accesolatino.org\\\/joven-mexicano-logra-el-segundo-lugar-en-competencia-de-la-nasa\\\/orgullo-latino\\\/#respond\"]}]},{\"@type\":\"WebPage\",\"@id\":\"https:\\\/\\\/accesolatino.org\\\/joven-mexicano-logra-el-segundo-lugar-en-competencia-de-la-nasa\\\/orgullo-latino\\\/\",\"url\":\"https:\\\/\\\/accesolatino.org\\\/joven-mexicano-logra-el-segundo-lugar-en-competencia-de-la-nasa\\\/orgullo-latino\\\/\",\"name\":\"Joven mexicano logra el segundo lugar en competencia de la NASA\",\"isPartOf\":{\"@id\":\"https:\\\/\\\/accesolatino.org\\\/#website\"},\"primaryImageOfPage\":{\"@id\":\"https:\\\/\\\/accesolatino.org\\\/joven-mexicano-logra-el-segundo-lugar-en-competencia-de-la-nasa\\\/orgullo-latino\\\/#primaryimage\"},\"image\":{\"@id\":\"https:\\\/\\\/accesolatino.org\\\/joven-mexicano-logra-el-segundo-lugar-en-competencia-de-la-nasa\\\/orgullo-latino\\\/#primaryimage\"},\"thumbnailUrl\":\"https:\\\/\\\/accesolatino.org\\\/wp-content\\\/uploads\\\/2017\\\/11\\\/Joven-mexicano-logra-el-segundo-lugar-en-competencia-de-la-NASA.jpg\",\"datePublished\":\"2017-11-06T17:28:51+00:00\",\"dateModified\":\"2025-10-27T19:57:59+00:00\",\"description\":\"Con un trofeo de segundo lugar en sus manos, Jonathan S\u00e1nchez regres\u00f3 a M\u00e9xico luego de que fuera elegido por la NASA\",\"breadcrumb\":{\"@id\":\"https:\\\/\\\/accesolatino.org\\\/joven-mexicano-logra-el-segundo-lugar-en-competencia-de-la-nasa\\\/orgullo-latino\\\/#breadcrumb\"},\"inLanguage\":\"en-US\",\"potentialAction\":[{\"@type\":\"ReadAction\",\"target\":[\"https:\\\/\\\/accesolatino.org\\\/joven-mexicano-logra-el-segundo-lugar-en-competencia-de-la-nasa\\\/orgullo-latino\\\/\"]}]},{\"@type\":\"ImageObject\",\"inLanguage\":\"en-US\",\"@id\":\"https:\\\/\\\/accesolatino.org\\\/joven-mexicano-logra-el-segundo-lugar-en-competencia-de-la-nasa\\\/orgullo-latino\\\/#primaryimage\",\"url\":\"https:\\\/\\\/accesolatino.org\\\/wp-content\\\/uploads\\\/2017\\\/11\\\/Joven-mexicano-logra-el-segundo-lugar-en-competencia-de-la-NASA.jpg\",\"contentUrl\":\"https:\\\/\\\/accesolatino.org\\\/wp-content\\\/uploads\\\/2017\\\/11\\\/Joven-mexicano-logra-el-segundo-lugar-en-competencia-de-la-NASA.jpg\",\"width\":\"600\",\"height\":\"322\",\"caption\":\"Joven-mexicano-logra-el-segundo-lugar-en-competencia-de-la-NASA\"},{\"@type\":\"BreadcrumbList\",\"@id\":\"https:\\\/\\\/accesolatino.org\\\/joven-mexicano-logra-el-segundo-lugar-en-competencia-de-la-nasa\\\/orgullo-latino\\\/#breadcrumb\",\"itemListElement\":[{\"@type\":\"ListItem\",\"position\":1,\"name\":\"Portada\",\"item\":\"https:\\\/\\\/accesolatino.org\\\/\"},{\"@type\":\"ListItem\",\"position\":2,\"name\":\"Orgullo Latino\",\"item\":\"https:\\\/\\\/accesolatino.org\\\/category\\\/orgullo-latino\\\/\"},{\"@type\":\"ListItem\",\"position\":3,\"name\":\"Joven mexicano logra el segundo lugar en competencia de la NASA\"}]},{\"@type\":\"WebSite\",\"@id\":\"https:\\\/\\\/accesolatino.org\\\/#website\",\"url\":\"https:\\\/\\\/accesolatino.org\\\/\",\"name\":\"Acceso Latino | Fundaci\u00f3n Carlos Slim\",\"description\":\"Fundaci\u00f3n Carlos Slim\",\"publisher\":{\"@id\":\"https:\\\/\\\/accesolatino.org\\\/#organization\"},\"potentialAction\":[{\"@type\":\"SearchAction\",\"target\":{\"@type\":\"EntryPoint\",\"urlTemplate\":\"https:\\\/\\\/accesolatino.org\\\/?s={search_term_string}\"},\"query-input\":{\"@type\":\"PropertyValueSpecification\",\"valueRequired\":true,\"valueName\":\"search_term_string\"}}],\"inLanguage\":\"en-US\"},{\"@type\":\"Organization\",\"@id\":\"https:\\\/\\\/accesolatino.org\\\/#organization\",\"name\":\"Acceso Latino | Fundaci\u00f3n Carlos Slim\",\"url\":\"https:\\\/\\\/accesolatino.org\\\/\",\"logo\":{\"@type\":\"ImageObject\",\"inLanguage\":\"en-US\",\"@id\":\"https:\\\/\\\/accesolatino.org\\\/#\\\/schema\\\/logo\\\/image\\\/\",\"url\":\"https:\\\/\\\/accesolatino.org\\\/wp-content\\\/uploads\\\/2021\\\/02\\\/logo-footer-acceso-latino.png\",\"contentUrl\":\"https:\\\/\\\/accesolatino.org\\\/wp-content\\\/uploads\\\/2021\\\/02\\\/logo-footer-acceso-latino.png\",\"width\":240,\"height\":40,\"caption\":\"Acceso Latino | Fundaci\u00f3n Carlos Slim\"},\"image\":{\"@id\":\"https:\\\/\\\/accesolatino.org\\\/#\\\/schema\\\/logo\\\/image\\\/\"},\"sameAs\":[\"https:\\\/\\\/www.facebook.com\\\/AccesoLatinoOrg\",\"https:\\\/\\\/x.com\\\/FAccLatino\"]},{\"@type\":\"Person\",\"@id\":\"https:\\\/\\\/accesolatino.org\\\/#\\\/schema\\\/person\\\/57bc3bfd2c357610a5255490ca4cd305\",\"name\":\"Noticias\"}]}<\/script>\n<!-- \/ Yoast SEO plugin. -->","yoast_head_json":{"title":"Joven mexicano logra el segundo lugar en competencia de la NASA","description":"Con un trofeo de segundo lugar en sus manos, Jonathan S\u00e1nchez regres\u00f3 a M\u00e9xico luego de que fuera elegido por la NASA","robots":{"index":"index","follow":"follow","max-snippet":"max-snippet:-1","max-image-preview":"max-image-preview:large","max-video-preview":"max-video-preview:-1"},"canonical":"https:\/\/accesolatino.org\/en\/joven-mexicano-logra-el-segundo-lugar-en-competencia-de-la-nasa\/orgullo-latino\/","og_locale":"en_US","og_type":"article","og_title":"Joven mexicano logra el segundo lugar en competencia de la NASA","og_description":"Con un trofeo de segundo lugar en sus manos, Jonathan S\u00e1nchez regres\u00f3 a M\u00e9xico luego de que fuera elegido por la NASA","og_url":"https:\/\/accesolatino.org\/en\/joven-mexicano-logra-el-segundo-lugar-en-competencia-de-la-nasa\/orgullo-latino\/","og_site_name":"Acceso Latino","article_publisher":"https:\/\/www.facebook.com\/AccesoLatinoOrg","article_published_time":"2017-11-06T17:28:51+00:00","article_modified_time":"2025-10-27T19:57:59+00:00","og_image":[{"width":600,"height":322,"url":"https:\/\/accesolatino.org\/wp-content\/uploads\/2017\/11\/Joven-mexicano-logra-el-segundo-lugar-en-competencia-de-la-NASA.jpg","type":"image\/jpeg"}],"author":"Noticias","twitter_card":"summary_large_image","twitter_creator":"@FAccLatino","twitter_site":"@FAccLatino","twitter_misc":{"Written by":"Noticias","Est. reading time":"3 minutes"},"schema":{"@context":"https:\/\/schema.org","@graph":[{"@type":"Article","@id":"https:\/\/accesolatino.org\/joven-mexicano-logra-el-segundo-lugar-en-competencia-de-la-nasa\/orgullo-latino\/#article","isPartOf":{"@id":"https:\/\/accesolatino.org\/joven-mexicano-logra-el-segundo-lugar-en-competencia-de-la-nasa\/orgullo-latino\/"},"author":{"name":"Noticias","@id":"https:\/\/accesolatino.org\/#\/schema\/person\/57bc3bfd2c357610a5255490ca4cd305"},"headline":"Joven mexicano logra el segundo lugar en competencia de la NASA","datePublished":"2017-11-06T17:28:51+00:00","dateModified":"2025-10-27T19:57:59+00:00","mainEntityOfPage":{"@id":"https:\/\/accesolatino.org\/joven-mexicano-logra-el-segundo-lugar-en-competencia-de-la-nasa\/orgullo-latino\/"},"wordCount":504,"commentCount":0,"publisher":{"@id":"https:\/\/accesolatino.org\/#organization"},"image":{"@id":"https:\/\/accesolatino.org\/joven-mexicano-logra-el-segundo-lugar-en-competencia-de-la-nasa\/orgullo-latino\/#primaryimage"},"thumbnailUrl":"https:\/\/accesolatino.org\/wp-content\/uploads\/2017\/11\/Joven-mexicano-logra-el-segundo-lugar-en-competencia-de-la-NASA.jpg","articleSection":["Orgullo Latino"],"inLanguage":"en-US","potentialAction":[{"@type":"CommentAction","name":"Comment","target":["https:\/\/accesolatino.org\/joven-mexicano-logra-el-segundo-lugar-en-competencia-de-la-nasa\/orgullo-latino\/#respond"]}]},{"@type":"WebPage","@id":"https:\/\/accesolatino.org\/joven-mexicano-logra-el-segundo-lugar-en-competencia-de-la-nasa\/orgullo-latino\/","url":"https:\/\/accesolatino.org\/joven-mexicano-logra-el-segundo-lugar-en-competencia-de-la-nasa\/orgullo-latino\/","name":"Joven mexicano logra el segundo lugar en competencia de la NASA","isPartOf":{"@id":"https:\/\/accesolatino.org\/#website"},"primaryImageOfPage":{"@id":"https:\/\/accesolatino.org\/joven-mexicano-logra-el-segundo-lugar-en-competencia-de-la-nasa\/orgullo-latino\/#primaryimage"},"image":{"@id":"https:\/\/accesolatino.org\/joven-mexicano-logra-el-segundo-lugar-en-competencia-de-la-nasa\/orgullo-latino\/#primaryimage"},"thumbnailUrl":"https:\/\/accesolatino.org\/wp-content\/uploads\/2017\/11\/Joven-mexicano-logra-el-segundo-lugar-en-competencia-de-la-NASA.jpg","datePublished":"2017-11-06T17:28:51+00:00","dateModified":"2025-10-27T19:57:59+00:00","description":"Con un trofeo de segundo lugar en sus manos, Jonathan S\u00e1nchez regres\u00f3 a M\u00e9xico luego de que fuera elegido por la NASA","breadcrumb":{"@id":"https:\/\/accesolatino.org\/joven-mexicano-logra-el-segundo-lugar-en-competencia-de-la-nasa\/orgullo-latino\/#breadcrumb"},"inLanguage":"en-US","potentialAction":[{"@type":"ReadAction","target":["https:\/\/accesolatino.org\/joven-mexicano-logra-el-segundo-lugar-en-competencia-de-la-nasa\/orgullo-latino\/"]}]},{"@type":"ImageObject","inLanguage":"en-US","@id":"https:\/\/accesolatino.org\/joven-mexicano-logra-el-segundo-lugar-en-competencia-de-la-nasa\/orgullo-latino\/#primaryimage","url":"https:\/\/accesolatino.org\/wp-content\/uploads\/2017\/11\/Joven-mexicano-logra-el-segundo-lugar-en-competencia-de-la-NASA.jpg","contentUrl":"https:\/\/accesolatino.org\/wp-content\/uploads\/2017\/11\/Joven-mexicano-logra-el-segundo-lugar-en-competencia-de-la-NASA.jpg","width":"600","height":"322","caption":"Joven-mexicano-logra-el-segundo-lugar-en-competencia-de-la-NASA"},{"@type":"BreadcrumbList","@id":"https:\/\/accesolatino.org\/joven-mexicano-logra-el-segundo-lugar-en-competencia-de-la-nasa\/orgullo-latino\/#breadcrumb","itemListElement":[{"@type":"ListItem","position":1,"name":"Portada","item":"https:\/\/accesolatino.org\/"},{"@type":"ListItem","position":2,"name":"Orgullo Latino","item":"https:\/\/accesolatino.org\/category\/orgullo-latino\/"},{"@type":"ListItem","position":3,"name":"Joven mexicano logra el segundo lugar en competencia de la NASA"}]},{"@type":"WebSite","@id":"https:\/\/accesolatino.org\/#website","url":"https:\/\/accesolatino.org\/","name":"Acceso Latino | Fundaci\u00f3n Carlos Slim","description":"Fundaci\u00f3n Carlos Slim","publisher":{"@id":"https:\/\/accesolatino.org\/#organization"},"potentialAction":[{"@type":"SearchAction","target":{"@type":"EntryPoint","urlTemplate":"https:\/\/accesolatino.org\/?s={search_term_string}"},"query-input":{"@type":"PropertyValueSpecification","valueRequired":true,"valueName":"search_term_string"}}],"inLanguage":"en-US"},{"@type":"Organization","@id":"https:\/\/accesolatino.org\/#organization","name":"Acceso Latino | Fundaci\u00f3n Carlos Slim","url":"https:\/\/accesolatino.org\/","logo":{"@type":"ImageObject","inLanguage":"en-US","@id":"https:\/\/accesolatino.org\/#\/schema\/logo\/image\/","url":"https:\/\/accesolatino.org\/wp-content\/uploads\/2021\/02\/logo-footer-acceso-latino.png","contentUrl":"https:\/\/accesolatino.org\/wp-content\/uploads\/2021\/02\/logo-footer-acceso-latino.png","width":240,"height":40,"caption":"Acceso Latino | Fundaci\u00f3n Carlos Slim"},"image":{"@id":"https:\/\/accesolatino.org\/#\/schema\/logo\/image\/"},"sameAs":["https:\/\/www.facebook.com\/AccesoLatinoOrg","https:\/\/x.com\/FAccLatino"]},{"@type":"Person","@id":"https:\/\/accesolatino.org\/#\/schema\/person\/57bc3bfd2c357610a5255490ca4cd305","name":"News"}]}},"_links":{"self":[{"href":"https:\/\/accesolatino.org\/en\/wp-json\/wp\/v2\/posts\/10709","targetHints":{"allow":["GET"]}}],"collection":[{"href":"https:\/\/accesolatino.org\/en\/wp-json\/wp\/v2\/posts"}],"about":[{"href":"https:\/\/accesolatino.org\/en\/wp-json\/wp\/v2\/types\/post"}],"author":[{"embeddable":true,"href":"https:\/\/accesolatino.org\/en\/wp-json\/wp\/v2\/users\/13"}],"replies":[{"embeddable":true,"href":"https:\/\/accesolatino.org\/en\/wp-json\/wp\/v2\/comments?post=10709"}],"version-history":[{"count":1,"href":"https:\/\/accesolatino.org\/en\/wp-json\/wp\/v2\/posts\/10709\/revisions"}],"predecessor-version":[{"id":66803,"href":"https:\/\/accesolatino.org\/en\/wp-json\/wp\/v2\/posts\/10709\/revisions\/66803"}],"wp:featuredmedia":[{"embeddable":true,"href":"https:\/\/accesolatino.org\/en\/wp-json\/wp\/v2\/media\/10710"}],"wp:attachment":[{"href":"https:\/\/accesolatino.org\/en\/wp-json\/wp\/v2\/media?parent=10709"}],"wp:term":[{"taxonomy":"category","embeddable":true,"href":"https:\/\/accesolatino.org\/en\/wp-json\/wp\/v2\/categories?post=10709"},{"taxonomy":"post_tag","embeddable":true,"href":"https:\/\/accesolatino.org\/en\/wp-json\/wp\/v2\/tags?post=10709"}],"curies":[{"name":"wp","href":"https:\/\/api.w.org\/{rel}","templated":true}]}}