{"id":10690,"date":"2017-11-01T12:02:15","date_gmt":"2017-11-01T18:02:15","guid":{"rendered":"https:\/\/accesolatino.org\/?p=10690"},"modified":"2025-10-27T13:59:03","modified_gmt":"2025-10-27T19:59:03","slug":"ucla-se-prepara-para-defender-con-todo-tipo-de-medidas-a-sus-estudiantes-indocumentados","status":"publish","type":"post","link":"https:\/\/accesolatino.org\/en\/ucla-se-prepara-para-defender-con-todo-tipo-de-medidas-a-sus-estudiantes-indocumentados\/noticias\/","title":{"rendered":"UCLA se prepara para defender con todo tipo de medidas a sus estudiantes indocumentados"},"content":{"rendered":"<p>Nombramiento de nuevo &#8220;asesor del rector sobre inmigraci\u00f3n&#8221;, el catedr\u00e1tico Abel Valenzuela, se a\u00f1ade a una serie de cambios implementados para proteger al estudiantado, reforzar la pol\u00edtica abierta de la universidad y activarse en caso de arrestos por ICE.<\/p>\n<p>La Universidad de California Los \u00c1ngeles (UCLA) se prepara para desplegar una serie de medidas en protecci\u00f3n, asistencia y beneficio de los indocumentados, luego que su rector nombr\u00f3 a uno de sus profesores m\u00e1s involucrado en temas migratorios como \u201casesor especial\u201d sobre el tema.<\/p>\n<p>El rector Gene Block acaba de anunciar, el nombramiento Abel Valenzuela, catedr\u00e1tico de estudios chicanos y urbanismo como su asesor especial sobre pol\u00edticas migratorias y le encarg\u00f3 la implementaci\u00f3n de una serie de recomendaciones realizadas por un equipo especial de profesores y expertos tras la elecci\u00f3n del presidente de EEUU a la presidencia.<\/p>\n<p>Valenzuela es el director del Instituto para la Investigaci\u00f3n en el Trabajo y el Empleo de UCLA y ha sido una voz importante a nivel nacional en torno a la inmigraci\u00f3n, los cambios demogr\u00e1ficos y el mercado laboral inmigrante.<\/p>\n<p>Block indic\u00f3 que la universidad, parte del sistema universitario de California (UC), \u201cdebe seguir siendo una comunidad global abierta, acogedora y excepcional donde estudiantes y acad\u00e9micos de todos los or\u00edgenes pueden estudiar e investigar\u201d.<\/p>\n<p>Tras la elecci\u00f3n del mandam\u00e1s de Estados Unidos, Block nombr\u00f3 el concilio asesor en temas migratorios, formado por m\u00e1s de una veintena de catedr\u00e1ticos, y estos publicaron un amplio estudio en el que delinearon pasos a seguir para proteger y facilitar la vida a los estudiantes.<\/p>\n<p>El concilio hizo dos tipos de recomendaciones, unas que requieren invertir recursos para ofrecer ayuda, representaci\u00f3n legal y asistencia financiera a estudiantes indocumentados y otras que tienen que ver con pol\u00edticas y pr\u00e1cticas en las diferentes escuelas de la universidad, para hacer frente a la situaci\u00f3n de los estudiantes inmigrantes.<\/p>\n<p>El nombramiento del asesor especial era una de esas recomendaciones.<\/p>\n<p>Entre las medidas que es estar\u00e1n implementando en los pr\u00f3ximos meses est\u00e1n las de ampliar las fuentes de financiamiento para los estudiantes indocumentados, reaccionar al arresto de estudiantes y ponerse en acci\u00f3n, facilitar alternativas en materias que requieran viajes de los estudiantes, ofrecer asesor\u00eda legal, coordinar la comunicaci\u00f3n con las autoridades migratorias e instruir a la polic\u00eda universitaria sobre pr\u00e1cticas para mantener la confianza del alumnado.<\/p>\n<p><em>Fuente: El Diario NY<\/em><\/p>","protected":false},"excerpt":{"rendered":"<p>Nombramiento de nuevo &#8220;asesor del rector sobre inmigraci\u00f3n&#8221;, el catedr\u00e1tico Abel Valenzuela, se a\u00f1ade a una serie de cambios implementados para proteger al estudiantado, reforzar la pol\u00edtica abierta de la universidad y activarse en caso de arrestos por ICE. La Universidad de California Los \u00c1ngeles (UCLA) se prepara para desplegar una serie de medidas en protecci\u00f3n, asistencia y beneficio de los indocumentados, luego que su rector nombr\u00f3 a uno de sus profesores m\u00e1s involucrado en temas migratorios como \u201casesor especial\u201d sobre el tema. El rector Gene Block acaba de anunciar, el nombramiento Abel Valenzuela, catedr\u00e1tico de estudios chicanos y urbanismo como su asesor especial sobre pol\u00edticas migratorias y le encarg\u00f3 la implementaci\u00f3n de una serie de recomendaciones realizadas por un equipo especial de profesores y expertos tras la elecci\u00f3n del presidente de EEUU a la presidencia. Valenzuela es el director del Instituto para la Investigaci\u00f3n en el Trabajo y el Empleo de UCLA y ha sido una voz importante a nivel nacional en torno a la inmigraci\u00f3n, los cambios demogr\u00e1ficos y el mercado laboral inmigrante. Block indic\u00f3 que la universidad, parte del sistema universitario de California (UC), \u201cdebe seguir siendo una comunidad global abierta, acogedora y excepcional donde estudiantes y acad\u00e9micos de todos los or\u00edgenes pueden estudiar e investigar\u201d. Tras la elecci\u00f3n del mandam\u00e1s de Estados Unidos, Block nombr\u00f3 el concilio asesor en temas migratorios, formado por m\u00e1s de una veintena de catedr\u00e1ticos, y estos publicaron un amplio estudio en el que delinearon pasos a seguir para proteger y facilitar la vida a los estudiantes. El concilio hizo dos tipos de recomendaciones, unas que requieren invertir recursos para ofrecer ayuda, representaci\u00f3n legal y asistencia financiera a estudiantes indocumentados y otras que tienen que ver con pol\u00edticas y pr\u00e1cticas en las diferentes escuelas de la universidad, para hacer frente a la situaci\u00f3n de los estudiantes inmigrantes. El nombramiento del asesor especial era una de esas recomendaciones. Entre las medidas que es estar\u00e1n implementando en los pr\u00f3ximos meses est\u00e1n las de ampliar las fuentes de financiamiento para los estudiantes indocumentados, reaccionar al arresto de estudiantes y ponerse en acci\u00f3n, facilitar alternativas en materias que requieran viajes de los estudiantes, ofrecer asesor\u00eda legal, coordinar la comunicaci\u00f3n con las autoridades migratorias e instruir a la polic\u00eda universitaria sobre pr\u00e1cticas para mantener la confianza del alumnado. Fuente: El Diario NY<\/p>","protected":false},"author":13,"featured_media":10691,"comment_status":"open","ping_status":"open","sticky":false,"template":"","format":"standard","meta":{"_uf_show_specific_survey":0,"_uf_disable_surveys":false,"footnotes":""},"categories":[10,1],"tags":[],"class_list":["post-10690","post","type-post","status-publish","format-standard","has-post-thumbnail","hentry","category-noticias","category-temas-de-interes"],"aioseo_notices":[],"yoast_head":"<!-- This site is optimized with the Yoast SEO plugin v27.5 - https:\/\/yoast.com\/product\/yoast-seo-wordpress\/ -->\n<title>UCLA se prepara para defender con todo tipo de medidas a sus estudiantes indocumentados<\/title>\n<meta name=\"description\" content=\"Nombramiento de nuevo &quot;asesor del rector sobre inmigraci\u00f3n&quot;, se a\u00f1ade a una serie de cambios implementados para proteger al estudiantado\" \/>\n<meta name=\"robots\" content=\"index, follow, max-snippet:-1, max-image-preview:large, max-video-preview:-1\" \/>\n<link rel=\"canonical\" href=\"https:\/\/accesolatino.org\/en\/ucla-se-prepara-para-defender-con-todo-tipo-de-medidas-a-sus-estudiantes-indocumentados\/noticias\/\" \/>\n<meta property=\"og:locale\" content=\"en_US\" \/>\n<meta property=\"og:type\" content=\"article\" \/>\n<meta property=\"og:title\" content=\"UCLA se prepara para defender con todo tipo de medidas a sus estudiantes indocumentados\" \/>\n<meta property=\"og:description\" content=\"Nombramiento de nuevo &quot;asesor del rector sobre inmigraci\u00f3n&quot;, se a\u00f1ade a una serie de cambios implementados para proteger al estudiantado\" \/>\n<meta property=\"og:url\" content=\"https:\/\/accesolatino.org\/en\/ucla-se-prepara-para-defender-con-todo-tipo-de-medidas-a-sus-estudiantes-indocumentados\/noticias\/\" \/>\n<meta property=\"og:site_name\" content=\"Acceso Latino\" \/>\n<meta property=\"article:publisher\" content=\"https:\/\/www.facebook.com\/AccesoLatinoOrg\" \/>\n<meta property=\"article:published_time\" content=\"2017-11-01T18:02:15+00:00\" \/>\n<meta property=\"article:modified_time\" content=\"2025-10-27T19:59:03+00:00\" \/>\n<meta property=\"og:image\" content=\"https:\/\/accesolatino.org\/wp-content\/uploads\/2017\/11\/UCLA-se-prepara-para-defender-con-todo-tipo-de-medidas-a-sus-estudiantes-indocumentados.jpg\" \/>\n\t<meta property=\"og:image:width\" content=\"600\" \/>\n\t<meta property=\"og:image:height\" content=\"313\" \/>\n\t<meta property=\"og:image:type\" content=\"image\/jpeg\" \/>\n<meta name=\"author\" content=\"Noticias\" \/>\n<meta name=\"twitter:card\" content=\"summary_large_image\" \/>\n<meta name=\"twitter:creator\" content=\"@FAccLatino\" \/>\n<meta name=\"twitter:site\" content=\"@FAccLatino\" \/>\n<meta name=\"twitter:label1\" content=\"Written by\" \/>\n\t<meta name=\"twitter:data1\" content=\"Noticias\" \/>\n\t<meta name=\"twitter:label2\" content=\"Est. reading time\" \/>\n\t<meta name=\"twitter:data2\" content=\"2 minutes\" \/>\n<script type=\"application\/ld+json\" class=\"yoast-schema-graph\">{\"@context\":\"https:\\\/\\\/schema.org\",\"@graph\":[{\"@type\":\"Article\",\"@id\":\"https:\\\/\\\/accesolatino.org\\\/ucla-se-prepara-para-defender-con-todo-tipo-de-medidas-a-sus-estudiantes-indocumentados\\\/noticias\\\/#article\",\"isPartOf\":{\"@id\":\"https:\\\/\\\/accesolatino.org\\\/ucla-se-prepara-para-defender-con-todo-tipo-de-medidas-a-sus-estudiantes-indocumentados\\\/noticias\\\/\"},\"author\":{\"name\":\"Noticias\",\"@id\":\"https:\\\/\\\/accesolatino.org\\\/#\\\/schema\\\/person\\\/57bc3bfd2c357610a5255490ca4cd305\"},\"headline\":\"UCLA se prepara para defender con todo tipo de medidas a sus estudiantes indocumentados\",\"datePublished\":\"2017-11-01T18:02:15+00:00\",\"dateModified\":\"2025-10-27T19:59:03+00:00\",\"mainEntityOfPage\":{\"@id\":\"https:\\\/\\\/accesolatino.org\\\/ucla-se-prepara-para-defender-con-todo-tipo-de-medidas-a-sus-estudiantes-indocumentados\\\/noticias\\\/\"},\"wordCount\":430,\"commentCount\":0,\"publisher\":{\"@id\":\"https:\\\/\\\/accesolatino.org\\\/#organization\"},\"image\":{\"@id\":\"https:\\\/\\\/accesolatino.org\\\/ucla-se-prepara-para-defender-con-todo-tipo-de-medidas-a-sus-estudiantes-indocumentados\\\/noticias\\\/#primaryimage\"},\"thumbnailUrl\":\"https:\\\/\\\/accesolatino.org\\\/wp-content\\\/uploads\\\/2017\\\/11\\\/UCLA-se-prepara-para-defender-con-todo-tipo-de-medidas-a-sus-estudiantes-indocumentados.jpg\",\"articleSection\":[\"Noticias\",\"Temas de inter\u00e9s\"],\"inLanguage\":\"en-US\",\"potentialAction\":[{\"@type\":\"CommentAction\",\"name\":\"Comment\",\"target\":[\"https:\\\/\\\/accesolatino.org\\\/ucla-se-prepara-para-defender-con-todo-tipo-de-medidas-a-sus-estudiantes-indocumentados\\\/noticias\\\/#respond\"]}]},{\"@type\":\"WebPage\",\"@id\":\"https:\\\/\\\/accesolatino.org\\\/ucla-se-prepara-para-defender-con-todo-tipo-de-medidas-a-sus-estudiantes-indocumentados\\\/noticias\\\/\",\"url\":\"https:\\\/\\\/accesolatino.org\\\/ucla-se-prepara-para-defender-con-todo-tipo-de-medidas-a-sus-estudiantes-indocumentados\\\/noticias\\\/\",\"name\":\"UCLA se prepara para defender con todo tipo de medidas a sus estudiantes indocumentados\",\"isPartOf\":{\"@id\":\"https:\\\/\\\/accesolatino.org\\\/#website\"},\"primaryImageOfPage\":{\"@id\":\"https:\\\/\\\/accesolatino.org\\\/ucla-se-prepara-para-defender-con-todo-tipo-de-medidas-a-sus-estudiantes-indocumentados\\\/noticias\\\/#primaryimage\"},\"image\":{\"@id\":\"https:\\\/\\\/accesolatino.org\\\/ucla-se-prepara-para-defender-con-todo-tipo-de-medidas-a-sus-estudiantes-indocumentados\\\/noticias\\\/#primaryimage\"},\"thumbnailUrl\":\"https:\\\/\\\/accesolatino.org\\\/wp-content\\\/uploads\\\/2017\\\/11\\\/UCLA-se-prepara-para-defender-con-todo-tipo-de-medidas-a-sus-estudiantes-indocumentados.jpg\",\"datePublished\":\"2017-11-01T18:02:15+00:00\",\"dateModified\":\"2025-10-27T19:59:03+00:00\",\"description\":\"Nombramiento de nuevo \\\"asesor del rector sobre inmigraci\u00f3n\\\", se a\u00f1ade a una serie de cambios implementados para proteger al estudiantado\",\"breadcrumb\":{\"@id\":\"https:\\\/\\\/accesolatino.org\\\/ucla-se-prepara-para-defender-con-todo-tipo-de-medidas-a-sus-estudiantes-indocumentados\\\/noticias\\\/#breadcrumb\"},\"inLanguage\":\"en-US\",\"potentialAction\":[{\"@type\":\"ReadAction\",\"target\":[\"https:\\\/\\\/accesolatino.org\\\/ucla-se-prepara-para-defender-con-todo-tipo-de-medidas-a-sus-estudiantes-indocumentados\\\/noticias\\\/\"]}]},{\"@type\":\"ImageObject\",\"inLanguage\":\"en-US\",\"@id\":\"https:\\\/\\\/accesolatino.org\\\/ucla-se-prepara-para-defender-con-todo-tipo-de-medidas-a-sus-estudiantes-indocumentados\\\/noticias\\\/#primaryimage\",\"url\":\"https:\\\/\\\/accesolatino.org\\\/wp-content\\\/uploads\\\/2017\\\/11\\\/UCLA-se-prepara-para-defender-con-todo-tipo-de-medidas-a-sus-estudiantes-indocumentados.jpg\",\"contentUrl\":\"https:\\\/\\\/accesolatino.org\\\/wp-content\\\/uploads\\\/2017\\\/11\\\/UCLA-se-prepara-para-defender-con-todo-tipo-de-medidas-a-sus-estudiantes-indocumentados.jpg\",\"width\":\"600\",\"height\":\"313\",\"caption\":\"UCLA-se-prepara-para-defender-con-todo-tipo-de-medidas-a-sus-estudiantes-indocumentados\"},{\"@type\":\"BreadcrumbList\",\"@id\":\"https:\\\/\\\/accesolatino.org\\\/ucla-se-prepara-para-defender-con-todo-tipo-de-medidas-a-sus-estudiantes-indocumentados\\\/noticias\\\/#breadcrumb\",\"itemListElement\":[{\"@type\":\"ListItem\",\"position\":1,\"name\":\"Portada\",\"item\":\"https:\\\/\\\/accesolatino.org\\\/\"},{\"@type\":\"ListItem\",\"position\":2,\"name\":\"Noticias\",\"item\":\"https:\\\/\\\/accesolatino.org\\\/category\\\/noticias\\\/\"},{\"@type\":\"ListItem\",\"position\":3,\"name\":\"UCLA se prepara para defender con todo tipo de medidas a sus estudiantes indocumentados\"}]},{\"@type\":\"WebSite\",\"@id\":\"https:\\\/\\\/accesolatino.org\\\/#website\",\"url\":\"https:\\\/\\\/accesolatino.org\\\/\",\"name\":\"Acceso Latino | Fundaci\u00f3n Carlos Slim\",\"description\":\"Fundaci\u00f3n Carlos Slim\",\"publisher\":{\"@id\":\"https:\\\/\\\/accesolatino.org\\\/#organization\"},\"potentialAction\":[{\"@type\":\"SearchAction\",\"target\":{\"@type\":\"EntryPoint\",\"urlTemplate\":\"https:\\\/\\\/accesolatino.org\\\/?s={search_term_string}\"},\"query-input\":{\"@type\":\"PropertyValueSpecification\",\"valueRequired\":true,\"valueName\":\"search_term_string\"}}],\"inLanguage\":\"en-US\"},{\"@type\":\"Organization\",\"@id\":\"https:\\\/\\\/accesolatino.org\\\/#organization\",\"name\":\"Acceso Latino | Fundaci\u00f3n Carlos Slim\",\"url\":\"https:\\\/\\\/accesolatino.org\\\/\",\"logo\":{\"@type\":\"ImageObject\",\"inLanguage\":\"en-US\",\"@id\":\"https:\\\/\\\/accesolatino.org\\\/#\\\/schema\\\/logo\\\/image\\\/\",\"url\":\"https:\\\/\\\/accesolatino.org\\\/wp-content\\\/uploads\\\/2021\\\/02\\\/logo-footer-acceso-latino.png\",\"contentUrl\":\"https:\\\/\\\/accesolatino.org\\\/wp-content\\\/uploads\\\/2021\\\/02\\\/logo-footer-acceso-latino.png\",\"width\":240,\"height\":40,\"caption\":\"Acceso Latino | Fundaci\u00f3n Carlos Slim\"},\"image\":{\"@id\":\"https:\\\/\\\/accesolatino.org\\\/#\\\/schema\\\/logo\\\/image\\\/\"},\"sameAs\":[\"https:\\\/\\\/www.facebook.com\\\/AccesoLatinoOrg\",\"https:\\\/\\\/x.com\\\/FAccLatino\"]},{\"@type\":\"Person\",\"@id\":\"https:\\\/\\\/accesolatino.org\\\/#\\\/schema\\\/person\\\/57bc3bfd2c357610a5255490ca4cd305\",\"name\":\"Noticias\"}]}<\/script>\n<!-- \/ Yoast SEO plugin. -->","yoast_head_json":{"title":"UCLA se prepara para defender con todo tipo de medidas a sus estudiantes indocumentados","description":"Nombramiento de nuevo \"asesor del rector sobre inmigraci\u00f3n\", se a\u00f1ade a una serie de cambios implementados para proteger al estudiantado","robots":{"index":"index","follow":"follow","max-snippet":"max-snippet:-1","max-image-preview":"max-image-preview:large","max-video-preview":"max-video-preview:-1"},"canonical":"https:\/\/accesolatino.org\/en\/ucla-se-prepara-para-defender-con-todo-tipo-de-medidas-a-sus-estudiantes-indocumentados\/noticias\/","og_locale":"en_US","og_type":"article","og_title":"UCLA se prepara para defender con todo tipo de medidas a sus estudiantes indocumentados","og_description":"Nombramiento de nuevo \"asesor del rector sobre inmigraci\u00f3n\", se a\u00f1ade a una serie de cambios implementados para proteger al estudiantado","og_url":"https:\/\/accesolatino.org\/en\/ucla-se-prepara-para-defender-con-todo-tipo-de-medidas-a-sus-estudiantes-indocumentados\/noticias\/","og_site_name":"Acceso Latino","article_publisher":"https:\/\/www.facebook.com\/AccesoLatinoOrg","article_published_time":"2017-11-01T18:02:15+00:00","article_modified_time":"2025-10-27T19:59:03+00:00","og_image":[{"width":600,"height":313,"url":"https:\/\/accesolatino.org\/wp-content\/uploads\/2017\/11\/UCLA-se-prepara-para-defender-con-todo-tipo-de-medidas-a-sus-estudiantes-indocumentados.jpg","type":"image\/jpeg"}],"author":"Noticias","twitter_card":"summary_large_image","twitter_creator":"@FAccLatino","twitter_site":"@FAccLatino","twitter_misc":{"Written by":"Noticias","Est. reading time":"2 minutes"},"schema":{"@context":"https:\/\/schema.org","@graph":[{"@type":"Article","@id":"https:\/\/accesolatino.org\/ucla-se-prepara-para-defender-con-todo-tipo-de-medidas-a-sus-estudiantes-indocumentados\/noticias\/#article","isPartOf":{"@id":"https:\/\/accesolatino.org\/ucla-se-prepara-para-defender-con-todo-tipo-de-medidas-a-sus-estudiantes-indocumentados\/noticias\/"},"author":{"name":"Noticias","@id":"https:\/\/accesolatino.org\/#\/schema\/person\/57bc3bfd2c357610a5255490ca4cd305"},"headline":"UCLA se prepara para defender con todo tipo de medidas a sus estudiantes indocumentados","datePublished":"2017-11-01T18:02:15+00:00","dateModified":"2025-10-27T19:59:03+00:00","mainEntityOfPage":{"@id":"https:\/\/accesolatino.org\/ucla-se-prepara-para-defender-con-todo-tipo-de-medidas-a-sus-estudiantes-indocumentados\/noticias\/"},"wordCount":430,"commentCount":0,"publisher":{"@id":"https:\/\/accesolatino.org\/#organization"},"image":{"@id":"https:\/\/accesolatino.org\/ucla-se-prepara-para-defender-con-todo-tipo-de-medidas-a-sus-estudiantes-indocumentados\/noticias\/#primaryimage"},"thumbnailUrl":"https:\/\/accesolatino.org\/wp-content\/uploads\/2017\/11\/UCLA-se-prepara-para-defender-con-todo-tipo-de-medidas-a-sus-estudiantes-indocumentados.jpg","articleSection":["Noticias","Temas de inter\u00e9s"],"inLanguage":"en-US","potentialAction":[{"@type":"CommentAction","name":"Comment","target":["https:\/\/accesolatino.org\/ucla-se-prepara-para-defender-con-todo-tipo-de-medidas-a-sus-estudiantes-indocumentados\/noticias\/#respond"]}]},{"@type":"WebPage","@id":"https:\/\/accesolatino.org\/ucla-se-prepara-para-defender-con-todo-tipo-de-medidas-a-sus-estudiantes-indocumentados\/noticias\/","url":"https:\/\/accesolatino.org\/ucla-se-prepara-para-defender-con-todo-tipo-de-medidas-a-sus-estudiantes-indocumentados\/noticias\/","name":"UCLA se prepara para defender con todo tipo de medidas a sus estudiantes indocumentados","isPartOf":{"@id":"https:\/\/accesolatino.org\/#website"},"primaryImageOfPage":{"@id":"https:\/\/accesolatino.org\/ucla-se-prepara-para-defender-con-todo-tipo-de-medidas-a-sus-estudiantes-indocumentados\/noticias\/#primaryimage"},"image":{"@id":"https:\/\/accesolatino.org\/ucla-se-prepara-para-defender-con-todo-tipo-de-medidas-a-sus-estudiantes-indocumentados\/noticias\/#primaryimage"},"thumbnailUrl":"https:\/\/accesolatino.org\/wp-content\/uploads\/2017\/11\/UCLA-se-prepara-para-defender-con-todo-tipo-de-medidas-a-sus-estudiantes-indocumentados.jpg","datePublished":"2017-11-01T18:02:15+00:00","dateModified":"2025-10-27T19:59:03+00:00","description":"Nombramiento de nuevo \"asesor del rector sobre inmigraci\u00f3n\", se a\u00f1ade a una serie de cambios implementados para proteger al estudiantado","breadcrumb":{"@id":"https:\/\/accesolatino.org\/ucla-se-prepara-para-defender-con-todo-tipo-de-medidas-a-sus-estudiantes-indocumentados\/noticias\/#breadcrumb"},"inLanguage":"en-US","potentialAction":[{"@type":"ReadAction","target":["https:\/\/accesolatino.org\/ucla-se-prepara-para-defender-con-todo-tipo-de-medidas-a-sus-estudiantes-indocumentados\/noticias\/"]}]},{"@type":"ImageObject","inLanguage":"en-US","@id":"https:\/\/accesolatino.org\/ucla-se-prepara-para-defender-con-todo-tipo-de-medidas-a-sus-estudiantes-indocumentados\/noticias\/#primaryimage","url":"https:\/\/accesolatino.org\/wp-content\/uploads\/2017\/11\/UCLA-se-prepara-para-defender-con-todo-tipo-de-medidas-a-sus-estudiantes-indocumentados.jpg","contentUrl":"https:\/\/accesolatino.org\/wp-content\/uploads\/2017\/11\/UCLA-se-prepara-para-defender-con-todo-tipo-de-medidas-a-sus-estudiantes-indocumentados.jpg","width":"600","height":"313","caption":"UCLA-se-prepara-para-defender-con-todo-tipo-de-medidas-a-sus-estudiantes-indocumentados"},{"@type":"BreadcrumbList","@id":"https:\/\/accesolatino.org\/ucla-se-prepara-para-defender-con-todo-tipo-de-medidas-a-sus-estudiantes-indocumentados\/noticias\/#breadcrumb","itemListElement":[{"@type":"ListItem","position":1,"name":"Portada","item":"https:\/\/accesolatino.org\/"},{"@type":"ListItem","position":2,"name":"Noticias","item":"https:\/\/accesolatino.org\/category\/noticias\/"},{"@type":"ListItem","position":3,"name":"UCLA se prepara para defender con todo tipo de medidas a sus estudiantes indocumentados"}]},{"@type":"WebSite","@id":"https:\/\/accesolatino.org\/#website","url":"https:\/\/accesolatino.org\/","name":"Acceso Latino | Fundaci\u00f3n Carlos Slim","description":"Fundaci\u00f3n Carlos Slim","publisher":{"@id":"https:\/\/accesolatino.org\/#organization"},"potentialAction":[{"@type":"SearchAction","target":{"@type":"EntryPoint","urlTemplate":"https:\/\/accesolatino.org\/?s={search_term_string}"},"query-input":{"@type":"PropertyValueSpecification","valueRequired":true,"valueName":"search_term_string"}}],"inLanguage":"en-US"},{"@type":"Organization","@id":"https:\/\/accesolatino.org\/#organization","name":"Acceso Latino | Fundaci\u00f3n Carlos Slim","url":"https:\/\/accesolatino.org\/","logo":{"@type":"ImageObject","inLanguage":"en-US","@id":"https:\/\/accesolatino.org\/#\/schema\/logo\/image\/","url":"https:\/\/accesolatino.org\/wp-content\/uploads\/2021\/02\/logo-footer-acceso-latino.png","contentUrl":"https:\/\/accesolatino.org\/wp-content\/uploads\/2021\/02\/logo-footer-acceso-latino.png","width":240,"height":40,"caption":"Acceso Latino | Fundaci\u00f3n Carlos Slim"},"image":{"@id":"https:\/\/accesolatino.org\/#\/schema\/logo\/image\/"},"sameAs":["https:\/\/www.facebook.com\/AccesoLatinoOrg","https:\/\/x.com\/FAccLatino"]},{"@type":"Person","@id":"https:\/\/accesolatino.org\/#\/schema\/person\/57bc3bfd2c357610a5255490ca4cd305","name":"News"}]}},"_links":{"self":[{"href":"https:\/\/accesolatino.org\/en\/wp-json\/wp\/v2\/posts\/10690","targetHints":{"allow":["GET"]}}],"collection":[{"href":"https:\/\/accesolatino.org\/en\/wp-json\/wp\/v2\/posts"}],"about":[{"href":"https:\/\/accesolatino.org\/en\/wp-json\/wp\/v2\/types\/post"}],"author":[{"embeddable":true,"href":"https:\/\/accesolatino.org\/en\/wp-json\/wp\/v2\/users\/13"}],"replies":[{"embeddable":true,"href":"https:\/\/accesolatino.org\/en\/wp-json\/wp\/v2\/comments?post=10690"}],"version-history":[{"count":1,"href":"https:\/\/accesolatino.org\/en\/wp-json\/wp\/v2\/posts\/10690\/revisions"}],"predecessor-version":[{"id":66809,"href":"https:\/\/accesolatino.org\/en\/wp-json\/wp\/v2\/posts\/10690\/revisions\/66809"}],"wp:featuredmedia":[{"embeddable":true,"href":"https:\/\/accesolatino.org\/en\/wp-json\/wp\/v2\/media\/10691"}],"wp:attachment":[{"href":"https:\/\/accesolatino.org\/en\/wp-json\/wp\/v2\/media?parent=10690"}],"wp:term":[{"taxonomy":"category","embeddable":true,"href":"https:\/\/accesolatino.org\/en\/wp-json\/wp\/v2\/categories?post=10690"},{"taxonomy":"post_tag","embeddable":true,"href":"https:\/\/accesolatino.org\/en\/wp-json\/wp\/v2\/tags?post=10690"}],"curies":[{"name":"wp","href":"https:\/\/api.w.org\/{rel}","templated":true}]}}