{"id":10679,"date":"2017-10-31T09:58:16","date_gmt":"2017-10-31T15:58:16","guid":{"rendered":"https:\/\/accesolatino.org\/?p=10679"},"modified":"2025-10-27T13:59:09","modified_gmt":"2025-10-27T19:59:09","slug":"defiende-condusef-a-migrantes-en-eu","status":"publish","type":"post","link":"https:\/\/accesolatino.org\/en\/defiende-condusef-a-migrantes-en-eu\/noticias\/","title":{"rendered":"Defiende Condusef a migrantes en EU"},"content":{"rendered":"<p>Con la finalidad de realizar acciones que defiendan los intereses de los mexicanos que radican en Estados Unidos, la Comisi\u00f3n Nacional para la Protecci\u00f3n y Defensa de los Usuarios de Servicios Financieros (CONDUSEF), firm\u00f3 un acuerdo de colaboraci\u00f3n con diversas instituciones.<\/p>\n<p>Este convenio que realiza con Bansefi, Integra Institute, Consar, Habvita, Latino Tax Pro, Raza Development Fund, Happy Tax, Fintech M\u00e9xico y Latinos Together, busca construir un nuevo contexto de oportunidades para la poblaci\u00f3n mexicana en el vecino pa\u00eds, mejorando con ello la calidad en la educaci\u00f3n, los servicios de salud, el emprendedurismo y participaci\u00f3n c\u00edvica, as\u00ed como de cultura financiera.<\/p>\n<p>Entre las iniciativas del convenio firmado destacan el dar difusi\u00f3n a los programas, acciones y campa\u00f1as que beneficien a los mexicanos y que est\u00e9n alineados con los objetivos de Integra Institute de 2018, v\u00eda la red de 220 organizaciones filiales y el acuerdo de colaboraci\u00f3n con Latino Tax Pro, Happy Tax y otras empresas de preparaci\u00f3n de impuestos.<\/p>\n<p><em>Fuente: El Sol<\/em><\/p>","protected":false},"excerpt":{"rendered":"<p>Con la finalidad de realizar acciones que defiendan los intereses de los mexicanos que radican en Estados Unidos, la Comisi\u00f3n Nacional para la Protecci\u00f3n y Defensa de los Usuarios de Servicios Financieros (CONDUSEF), firm\u00f3 un acuerdo de colaboraci\u00f3n con diversas instituciones. Este convenio que realiza con Bansefi, Integra Institute, Consar, Habvita, Latino Tax Pro, Raza Development Fund, Happy Tax, Fintech M\u00e9xico y Latinos Together, busca construir un nuevo contexto de oportunidades para la poblaci\u00f3n mexicana en el vecino pa\u00eds, mejorando con ello la calidad en la educaci\u00f3n, los servicios de salud, el emprendedurismo y participaci\u00f3n c\u00edvica, as\u00ed como de cultura financiera. Entre las iniciativas del convenio firmado destacan el dar difusi\u00f3n a los programas, acciones y campa\u00f1as que beneficien a los mexicanos y que est\u00e9n alineados con los objetivos de Integra Institute de 2018, v\u00eda la red de 220 organizaciones filiales y el acuerdo de colaboraci\u00f3n con Latino Tax Pro, Happy Tax y otras empresas de preparaci\u00f3n de impuestos. Fuente: El Sol<\/p>","protected":false},"author":13,"featured_media":10680,"comment_status":"open","ping_status":"open","sticky":false,"template":"","format":"standard","meta":{"_uf_show_specific_survey":0,"_uf_disable_surveys":false,"footnotes":""},"categories":[10,1],"tags":[],"class_list":["post-10679","post","type-post","status-publish","format-standard","has-post-thumbnail","hentry","category-noticias","category-temas-de-interes"],"aioseo_notices":[],"yoast_head":"<!-- This site is optimized with the Yoast SEO plugin v27.5 - https:\/\/yoast.com\/product\/yoast-seo-wordpress\/ -->\n<title>Defiende Condusef a migrantes en EU - Acceso Latino<\/title>\n<meta name=\"description\" content=\"Con la finalidad de realizar acciones que defiendan los intereses de los mexicanos que radican en EU, la CONDUSEF, firm\u00f3 un acuerdo de colaboraci\u00f3n\" \/>\n<meta name=\"robots\" content=\"index, follow, max-snippet:-1, max-image-preview:large, max-video-preview:-1\" \/>\n<link rel=\"canonical\" href=\"https:\/\/accesolatino.org\/en\/defiende-condusef-a-migrantes-en-eu\/noticias\/\" \/>\n<meta property=\"og:locale\" content=\"en_US\" \/>\n<meta property=\"og:type\" content=\"article\" \/>\n<meta property=\"og:title\" content=\"Defiende Condusef a migrantes en EU - Acceso Latino\" \/>\n<meta property=\"og:description\" content=\"Con la finalidad de realizar acciones que defiendan los intereses de los mexicanos que radican en EU, la CONDUSEF, firm\u00f3 un acuerdo de colaboraci\u00f3n\" \/>\n<meta property=\"og:url\" content=\"https:\/\/accesolatino.org\/en\/defiende-condusef-a-migrantes-en-eu\/noticias\/\" \/>\n<meta property=\"og:site_name\" content=\"Acceso Latino\" \/>\n<meta property=\"article:publisher\" content=\"https:\/\/www.facebook.com\/AccesoLatinoOrg\" \/>\n<meta property=\"article:published_time\" content=\"2017-10-31T15:58:16+00:00\" \/>\n<meta property=\"article:modified_time\" content=\"2025-10-27T19:59:09+00:00\" \/>\n<meta property=\"og:image\" content=\"https:\/\/accesolatino.org\/wp-content\/uploads\/2017\/10\/Defiende-Condusef-a-migrantes-en-EU.jpg\" \/>\n\t<meta property=\"og:image:width\" content=\"600\" \/>\n\t<meta property=\"og:image:height\" content=\"350\" \/>\n\t<meta property=\"og:image:type\" content=\"image\/jpeg\" \/>\n<meta name=\"author\" content=\"Noticias\" \/>\n<meta name=\"twitter:card\" content=\"summary_large_image\" \/>\n<meta name=\"twitter:creator\" content=\"@FAccLatino\" \/>\n<meta name=\"twitter:site\" content=\"@FAccLatino\" \/>\n<meta name=\"twitter:label1\" content=\"Written by\" \/>\n\t<meta name=\"twitter:data1\" content=\"Noticias\" \/>\n\t<meta name=\"twitter:label2\" content=\"Est. reading time\" \/>\n\t<meta name=\"twitter:data2\" content=\"1 minute\" \/>\n<script type=\"application\/ld+json\" class=\"yoast-schema-graph\">{\"@context\":\"https:\\\/\\\/schema.org\",\"@graph\":[{\"@type\":\"Article\",\"@id\":\"https:\\\/\\\/accesolatino.org\\\/defiende-condusef-a-migrantes-en-eu\\\/noticias\\\/#article\",\"isPartOf\":{\"@id\":\"https:\\\/\\\/accesolatino.org\\\/defiende-condusef-a-migrantes-en-eu\\\/noticias\\\/\"},\"author\":{\"name\":\"Noticias\",\"@id\":\"https:\\\/\\\/accesolatino.org\\\/#\\\/schema\\\/person\\\/57bc3bfd2c357610a5255490ca4cd305\"},\"headline\":\"Defiende Condusef a migrantes en EU\",\"datePublished\":\"2017-10-31T15:58:16+00:00\",\"dateModified\":\"2025-10-27T19:59:09+00:00\",\"mainEntityOfPage\":{\"@id\":\"https:\\\/\\\/accesolatino.org\\\/defiende-condusef-a-migrantes-en-eu\\\/noticias\\\/\"},\"wordCount\":181,\"commentCount\":0,\"publisher\":{\"@id\":\"https:\\\/\\\/accesolatino.org\\\/#organization\"},\"image\":{\"@id\":\"https:\\\/\\\/accesolatino.org\\\/defiende-condusef-a-migrantes-en-eu\\\/noticias\\\/#primaryimage\"},\"thumbnailUrl\":\"https:\\\/\\\/accesolatino.org\\\/wp-content\\\/uploads\\\/2017\\\/10\\\/Defiende-Condusef-a-migrantes-en-EU.jpg\",\"articleSection\":[\"Noticias\",\"Temas de inter\u00e9s\"],\"inLanguage\":\"en-US\",\"potentialAction\":[{\"@type\":\"CommentAction\",\"name\":\"Comment\",\"target\":[\"https:\\\/\\\/accesolatino.org\\\/defiende-condusef-a-migrantes-en-eu\\\/noticias\\\/#respond\"]}]},{\"@type\":\"WebPage\",\"@id\":\"https:\\\/\\\/accesolatino.org\\\/defiende-condusef-a-migrantes-en-eu\\\/noticias\\\/\",\"url\":\"https:\\\/\\\/accesolatino.org\\\/defiende-condusef-a-migrantes-en-eu\\\/noticias\\\/\",\"name\":\"Defiende Condusef a migrantes en EU - Acceso Latino\",\"isPartOf\":{\"@id\":\"https:\\\/\\\/accesolatino.org\\\/#website\"},\"primaryImageOfPage\":{\"@id\":\"https:\\\/\\\/accesolatino.org\\\/defiende-condusef-a-migrantes-en-eu\\\/noticias\\\/#primaryimage\"},\"image\":{\"@id\":\"https:\\\/\\\/accesolatino.org\\\/defiende-condusef-a-migrantes-en-eu\\\/noticias\\\/#primaryimage\"},\"thumbnailUrl\":\"https:\\\/\\\/accesolatino.org\\\/wp-content\\\/uploads\\\/2017\\\/10\\\/Defiende-Condusef-a-migrantes-en-EU.jpg\",\"datePublished\":\"2017-10-31T15:58:16+00:00\",\"dateModified\":\"2025-10-27T19:59:09+00:00\",\"description\":\"Con la finalidad de realizar acciones que defiendan los intereses de los mexicanos que radican en EU, la CONDUSEF, firm\u00f3 un acuerdo de colaboraci\u00f3n\",\"breadcrumb\":{\"@id\":\"https:\\\/\\\/accesolatino.org\\\/defiende-condusef-a-migrantes-en-eu\\\/noticias\\\/#breadcrumb\"},\"inLanguage\":\"en-US\",\"potentialAction\":[{\"@type\":\"ReadAction\",\"target\":[\"https:\\\/\\\/accesolatino.org\\\/defiende-condusef-a-migrantes-en-eu\\\/noticias\\\/\"]}]},{\"@type\":\"ImageObject\",\"inLanguage\":\"en-US\",\"@id\":\"https:\\\/\\\/accesolatino.org\\\/defiende-condusef-a-migrantes-en-eu\\\/noticias\\\/#primaryimage\",\"url\":\"https:\\\/\\\/accesolatino.org\\\/wp-content\\\/uploads\\\/2017\\\/10\\\/Defiende-Condusef-a-migrantes-en-EU.jpg\",\"contentUrl\":\"https:\\\/\\\/accesolatino.org\\\/wp-content\\\/uploads\\\/2017\\\/10\\\/Defiende-Condusef-a-migrantes-en-EU.jpg\",\"width\":\"600\",\"height\":\"350\",\"caption\":\"Defiende-Condusef-a-migrantes-en-EU\"},{\"@type\":\"BreadcrumbList\",\"@id\":\"https:\\\/\\\/accesolatino.org\\\/defiende-condusef-a-migrantes-en-eu\\\/noticias\\\/#breadcrumb\",\"itemListElement\":[{\"@type\":\"ListItem\",\"position\":1,\"name\":\"Portada\",\"item\":\"https:\\\/\\\/accesolatino.org\\\/\"},{\"@type\":\"ListItem\",\"position\":2,\"name\":\"Noticias\",\"item\":\"https:\\\/\\\/accesolatino.org\\\/category\\\/noticias\\\/\"},{\"@type\":\"ListItem\",\"position\":3,\"name\":\"Defiende Condusef a migrantes en EU\"}]},{\"@type\":\"WebSite\",\"@id\":\"https:\\\/\\\/accesolatino.org\\\/#website\",\"url\":\"https:\\\/\\\/accesolatino.org\\\/\",\"name\":\"Acceso Latino | Fundaci\u00f3n Carlos Slim\",\"description\":\"Fundaci\u00f3n Carlos Slim\",\"publisher\":{\"@id\":\"https:\\\/\\\/accesolatino.org\\\/#organization\"},\"potentialAction\":[{\"@type\":\"SearchAction\",\"target\":{\"@type\":\"EntryPoint\",\"urlTemplate\":\"https:\\\/\\\/accesolatino.org\\\/?s={search_term_string}\"},\"query-input\":{\"@type\":\"PropertyValueSpecification\",\"valueRequired\":true,\"valueName\":\"search_term_string\"}}],\"inLanguage\":\"en-US\"},{\"@type\":\"Organization\",\"@id\":\"https:\\\/\\\/accesolatino.org\\\/#organization\",\"name\":\"Acceso Latino | Fundaci\u00f3n Carlos Slim\",\"url\":\"https:\\\/\\\/accesolatino.org\\\/\",\"logo\":{\"@type\":\"ImageObject\",\"inLanguage\":\"en-US\",\"@id\":\"https:\\\/\\\/accesolatino.org\\\/#\\\/schema\\\/logo\\\/image\\\/\",\"url\":\"https:\\\/\\\/accesolatino.org\\\/wp-content\\\/uploads\\\/2021\\\/02\\\/logo-footer-acceso-latino.png\",\"contentUrl\":\"https:\\\/\\\/accesolatino.org\\\/wp-content\\\/uploads\\\/2021\\\/02\\\/logo-footer-acceso-latino.png\",\"width\":240,\"height\":40,\"caption\":\"Acceso Latino | Fundaci\u00f3n Carlos Slim\"},\"image\":{\"@id\":\"https:\\\/\\\/accesolatino.org\\\/#\\\/schema\\\/logo\\\/image\\\/\"},\"sameAs\":[\"https:\\\/\\\/www.facebook.com\\\/AccesoLatinoOrg\",\"https:\\\/\\\/x.com\\\/FAccLatino\"]},{\"@type\":\"Person\",\"@id\":\"https:\\\/\\\/accesolatino.org\\\/#\\\/schema\\\/person\\\/57bc3bfd2c357610a5255490ca4cd305\",\"name\":\"Noticias\"}]}<\/script>\n<!-- \/ Yoast SEO plugin. -->","yoast_head_json":{"title":"Defiende Condusef a migrantes en EU - Acceso Latino","description":"Con la finalidad de realizar acciones que defiendan los intereses de los mexicanos que radican en EU, la CONDUSEF, firm\u00f3 un acuerdo de colaboraci\u00f3n","robots":{"index":"index","follow":"follow","max-snippet":"max-snippet:-1","max-image-preview":"max-image-preview:large","max-video-preview":"max-video-preview:-1"},"canonical":"https:\/\/accesolatino.org\/en\/defiende-condusef-a-migrantes-en-eu\/noticias\/","og_locale":"en_US","og_type":"article","og_title":"Defiende Condusef a migrantes en EU - Acceso Latino","og_description":"Con la finalidad de realizar acciones que defiendan los intereses de los mexicanos que radican en EU, la CONDUSEF, firm\u00f3 un acuerdo de colaboraci\u00f3n","og_url":"https:\/\/accesolatino.org\/en\/defiende-condusef-a-migrantes-en-eu\/noticias\/","og_site_name":"Acceso Latino","article_publisher":"https:\/\/www.facebook.com\/AccesoLatinoOrg","article_published_time":"2017-10-31T15:58:16+00:00","article_modified_time":"2025-10-27T19:59:09+00:00","og_image":[{"width":600,"height":350,"url":"https:\/\/accesolatino.org\/wp-content\/uploads\/2017\/10\/Defiende-Condusef-a-migrantes-en-EU.jpg","type":"image\/jpeg"}],"author":"Noticias","twitter_card":"summary_large_image","twitter_creator":"@FAccLatino","twitter_site":"@FAccLatino","twitter_misc":{"Written by":"Noticias","Est. reading time":"1 minute"},"schema":{"@context":"https:\/\/schema.org","@graph":[{"@type":"Article","@id":"https:\/\/accesolatino.org\/defiende-condusef-a-migrantes-en-eu\/noticias\/#article","isPartOf":{"@id":"https:\/\/accesolatino.org\/defiende-condusef-a-migrantes-en-eu\/noticias\/"},"author":{"name":"Noticias","@id":"https:\/\/accesolatino.org\/#\/schema\/person\/57bc3bfd2c357610a5255490ca4cd305"},"headline":"Defiende Condusef a migrantes en EU","datePublished":"2017-10-31T15:58:16+00:00","dateModified":"2025-10-27T19:59:09+00:00","mainEntityOfPage":{"@id":"https:\/\/accesolatino.org\/defiende-condusef-a-migrantes-en-eu\/noticias\/"},"wordCount":181,"commentCount":0,"publisher":{"@id":"https:\/\/accesolatino.org\/#organization"},"image":{"@id":"https:\/\/accesolatino.org\/defiende-condusef-a-migrantes-en-eu\/noticias\/#primaryimage"},"thumbnailUrl":"https:\/\/accesolatino.org\/wp-content\/uploads\/2017\/10\/Defiende-Condusef-a-migrantes-en-EU.jpg","articleSection":["Noticias","Temas de inter\u00e9s"],"inLanguage":"en-US","potentialAction":[{"@type":"CommentAction","name":"Comment","target":["https:\/\/accesolatino.org\/defiende-condusef-a-migrantes-en-eu\/noticias\/#respond"]}]},{"@type":"WebPage","@id":"https:\/\/accesolatino.org\/defiende-condusef-a-migrantes-en-eu\/noticias\/","url":"https:\/\/accesolatino.org\/defiende-condusef-a-migrantes-en-eu\/noticias\/","name":"Defiende Condusef a migrantes en EU - Acceso Latino","isPartOf":{"@id":"https:\/\/accesolatino.org\/#website"},"primaryImageOfPage":{"@id":"https:\/\/accesolatino.org\/defiende-condusef-a-migrantes-en-eu\/noticias\/#primaryimage"},"image":{"@id":"https:\/\/accesolatino.org\/defiende-condusef-a-migrantes-en-eu\/noticias\/#primaryimage"},"thumbnailUrl":"https:\/\/accesolatino.org\/wp-content\/uploads\/2017\/10\/Defiende-Condusef-a-migrantes-en-EU.jpg","datePublished":"2017-10-31T15:58:16+00:00","dateModified":"2025-10-27T19:59:09+00:00","description":"Con la finalidad de realizar acciones que defiendan los intereses de los mexicanos que radican en EU, la CONDUSEF, firm\u00f3 un acuerdo de colaboraci\u00f3n","breadcrumb":{"@id":"https:\/\/accesolatino.org\/defiende-condusef-a-migrantes-en-eu\/noticias\/#breadcrumb"},"inLanguage":"en-US","potentialAction":[{"@type":"ReadAction","target":["https:\/\/accesolatino.org\/defiende-condusef-a-migrantes-en-eu\/noticias\/"]}]},{"@type":"ImageObject","inLanguage":"en-US","@id":"https:\/\/accesolatino.org\/defiende-condusef-a-migrantes-en-eu\/noticias\/#primaryimage","url":"https:\/\/accesolatino.org\/wp-content\/uploads\/2017\/10\/Defiende-Condusef-a-migrantes-en-EU.jpg","contentUrl":"https:\/\/accesolatino.org\/wp-content\/uploads\/2017\/10\/Defiende-Condusef-a-migrantes-en-EU.jpg","width":"600","height":"350","caption":"Defiende-Condusef-a-migrantes-en-EU"},{"@type":"BreadcrumbList","@id":"https:\/\/accesolatino.org\/defiende-condusef-a-migrantes-en-eu\/noticias\/#breadcrumb","itemListElement":[{"@type":"ListItem","position":1,"name":"Portada","item":"https:\/\/accesolatino.org\/"},{"@type":"ListItem","position":2,"name":"Noticias","item":"https:\/\/accesolatino.org\/category\/noticias\/"},{"@type":"ListItem","position":3,"name":"Defiende Condusef a migrantes en EU"}]},{"@type":"WebSite","@id":"https:\/\/accesolatino.org\/#website","url":"https:\/\/accesolatino.org\/","name":"Acceso Latino | Fundaci\u00f3n Carlos Slim","description":"Fundaci\u00f3n Carlos Slim","publisher":{"@id":"https:\/\/accesolatino.org\/#organization"},"potentialAction":[{"@type":"SearchAction","target":{"@type":"EntryPoint","urlTemplate":"https:\/\/accesolatino.org\/?s={search_term_string}"},"query-input":{"@type":"PropertyValueSpecification","valueRequired":true,"valueName":"search_term_string"}}],"inLanguage":"en-US"},{"@type":"Organization","@id":"https:\/\/accesolatino.org\/#organization","name":"Acceso Latino | Fundaci\u00f3n Carlos Slim","url":"https:\/\/accesolatino.org\/","logo":{"@type":"ImageObject","inLanguage":"en-US","@id":"https:\/\/accesolatino.org\/#\/schema\/logo\/image\/","url":"https:\/\/accesolatino.org\/wp-content\/uploads\/2021\/02\/logo-footer-acceso-latino.png","contentUrl":"https:\/\/accesolatino.org\/wp-content\/uploads\/2021\/02\/logo-footer-acceso-latino.png","width":240,"height":40,"caption":"Acceso Latino | Fundaci\u00f3n Carlos Slim"},"image":{"@id":"https:\/\/accesolatino.org\/#\/schema\/logo\/image\/"},"sameAs":["https:\/\/www.facebook.com\/AccesoLatinoOrg","https:\/\/x.com\/FAccLatino"]},{"@type":"Person","@id":"https:\/\/accesolatino.org\/#\/schema\/person\/57bc3bfd2c357610a5255490ca4cd305","name":"News"}]}},"_links":{"self":[{"href":"https:\/\/accesolatino.org\/en\/wp-json\/wp\/v2\/posts\/10679","targetHints":{"allow":["GET"]}}],"collection":[{"href":"https:\/\/accesolatino.org\/en\/wp-json\/wp\/v2\/posts"}],"about":[{"href":"https:\/\/accesolatino.org\/en\/wp-json\/wp\/v2\/types\/post"}],"author":[{"embeddable":true,"href":"https:\/\/accesolatino.org\/en\/wp-json\/wp\/v2\/users\/13"}],"replies":[{"embeddable":true,"href":"https:\/\/accesolatino.org\/en\/wp-json\/wp\/v2\/comments?post=10679"}],"version-history":[{"count":1,"href":"https:\/\/accesolatino.org\/en\/wp-json\/wp\/v2\/posts\/10679\/revisions"}],"predecessor-version":[{"id":66810,"href":"https:\/\/accesolatino.org\/en\/wp-json\/wp\/v2\/posts\/10679\/revisions\/66810"}],"wp:featuredmedia":[{"embeddable":true,"href":"https:\/\/accesolatino.org\/en\/wp-json\/wp\/v2\/media\/10680"}],"wp:attachment":[{"href":"https:\/\/accesolatino.org\/en\/wp-json\/wp\/v2\/media?parent=10679"}],"wp:term":[{"taxonomy":"category","embeddable":true,"href":"https:\/\/accesolatino.org\/en\/wp-json\/wp\/v2\/categories?post=10679"},{"taxonomy":"post_tag","embeddable":true,"href":"https:\/\/accesolatino.org\/en\/wp-json\/wp\/v2\/tags?post=10679"}],"curies":[{"name":"wp","href":"https:\/\/api.w.org\/{rel}","templated":true}]}}