{"id":10676,"date":"2017-10-30T10:55:41","date_gmt":"2017-10-30T16:55:41","guid":{"rendered":"https:\/\/accesolatino.org\/?p=10676"},"modified":"2025-10-27T13:59:11","modified_gmt":"2025-10-27T19:59:11","slug":"dreamers-podran-acceder-a-un-abogado-personal-que-atendera-su-caso","status":"publish","type":"post","link":"https:\/\/accesolatino.org\/en\/dreamers-podran-acceder-a-un-abogado-personal-que-atendera-su-caso\/noticias\/","title":{"rendered":"\u201cDreamers\u201d podr\u00e1n acceder a un abogado personal que atender\u00e1 su caso"},"content":{"rendered":"<p>La iniciativa lanzada por organizaciones mexicanas beneficiar\u00e1 a j\u00f3venes DACA de cualquier nacionalidad.<\/p>\n<p>Cualquier \u201cDreamer\u201d afectado por el fin de la Acci\u00f3n Diferida (DACA), sin importar su nacionalidad, podr\u00e1 tener acceso a un abogado \u201cpro bono\u201d que trabajar\u00e1 su caso hasta las \u00faltimas consecuencias.<\/p>\n<p>La p\u00e1gina de internet <a title=\"\" href=\"http:\/\/mexicofordreamers.bma.org.mx\" target=\"_blank\" rel=\"noopener\">mexicofordreamers.bma.org.mx<\/a>, que ser\u00e1 la primera v\u00eda de contacto, fue creada por la Barra Mexicana de Abogados (BMA) y la C\u00e1mara Patronal de la Rep\u00fablica Mexicana (Coparmex), la cual comenz\u00f3 a operar este viernes, anunciaron los presidentes de ambas organizaciones, Jos\u00e9 Mario de la Garza Marroqu\u00edn y Gustavo de Hoyos Walther, respectivamente.<\/p>\n<p>Los m\u00e1s de 21,000 j\u00f3venes que no lograron renovar su permiso de estancia en el pa\u00eds y su Autorizaci\u00f3n de Empleo, seg\u00fan datos del Departamento de Seguridad Nacional (DHS), podr\u00edan ser prioridad para recibir la atenci\u00f3n jur\u00eddica, pero deben solicitarla, confirm\u00f3 en entrevista De la Garza Marroqu\u00edn, aunque tambi\u00e9n se atender\u00e1n a quienes lograron renovar DACA, pero buscan otras opciones migratorias para permanecer en los Estados Unidos.<\/p>\n<p>\u201cSabemos que la prioridad de estos j\u00f3venes es quedarse en EEUU, as\u00ed que no lanzamos la propuesta all\u00e1 (en M\u00e9xico), sino aqu\u00ed, para ayudarlos a que logren sus sue\u00f1os ac\u00e1\u201d, explic\u00f3 el abogado mexicano, quien a pregunta expresa dijo que los expertos dar\u00e1n diagn\u00f3stico y llevar\u00e1n los casos ante tribunales. \u201cLa idea es ayudarlos con abogados migratorios en este pa\u00eds sin que les cueste y que les lleve su caso hasta las \u00faltimas consecuencias\u201d.<\/p>\n<p>Aunque se trata de una iniciativa de la asociaci\u00f3n civil mexicana, el apoyo ser\u00e1 para j\u00f3venes de cualquier pa\u00eds. \u201cEstamos viendo a los inmigrantes de Latinoam\u00e9rica como un todo, como hermanos, por eso no habr\u00e1 distinci\u00f3n\u201d, confirm\u00f3 De la Garza Marroqu\u00edn.<\/p>\n<p>El programa inicia con 30 firmas de abogados estadounidenses, pero durante la misma conferencia de prensa en el Harvard Club, en la Gran Manzana, se confirm\u00f3 que hay otras que ya eval\u00faan integrarse. De hecho, en el evento organizado este viernes, Leire Larracoechea, directora de los Socios Pro Bono de la Barra de Nueva York, la cual integra decenas de firmas, dijo que se se sumar\u00e1 al esfuerzo, para atender a m\u00e1s jovenes.<\/p>\n<p>\u201cSon firmas nacionales, lo que significa que atenderemos a gente de cualquier parte del pa\u00eds, aunque lo demos a conocer aqu\u00ed\u201d, especific\u00f3 De la Garza Marroqu\u00edn. \u201cPor eso les pedimos su c\u00f3digo postal, pero toda la informaci\u00f3n que proporcionan es confidencial\u201d.<\/p>\n<p>Sobre este punto, los responsables de la iniciativa aseguraron que ning\u00fan dato ser\u00e1 compartido con el DHS, uno de los principales temores de los m\u00e1s de 690,000 j\u00f3venes que son afectados por el fin del programa por parte del gobierno del presidente de EEUU.<\/p>\n<p>Adem\u00e1s de las opciones legales, la Coparmex ofreci\u00f3 contactar a los \u201cDreamers\u201d con empresas mexicanas que forman parte de esa organizaci\u00f3n para que obtengan trabajo.<\/p>\n<p><strong>C\u00f3mo aplicar<\/strong><\/p>\n<ul>\n<li>Ingresar a la p\u00e1gina <a title=\"\" href=\"http:\/\/mexicofordreamers.bma.org.mx\" target=\"_blank\" rel=\"noopener\">mexicofordreamers.bma.org.mx<\/a><\/li>\n<li>Seleccionar el idioma: espa\u00f1ol o ingl\u00e9s.<\/li>\n<li>Llenar el peque\u00f1o formulario que pide de manera obligatoria: un \u201cnick name\u201d, por si no se quiere proporcionar el nombre real y un correo electr\u00f3nico para contactar al interesado.<\/li>\n<li>Se puede proporcionar de manera voluntaria: c\u00f3digo postal y tel\u00e9fono.<\/li>\n<li>La informaci\u00f3n que se env\u00eda est\u00e1 encriptada y ser\u00e1 referida a las firmas.<\/li>\n<li>Un abogado se pondr\u00e1 en contacto con el \u201cDreamer\u201d, para explicar su caso y establecer una cita.<\/li>\n<\/ul>\n<p><em>Fuente: La Opini\u00f3n<\/em><\/p>","protected":false},"excerpt":{"rendered":"<p>La iniciativa lanzada por organizaciones mexicanas beneficiar\u00e1 a j\u00f3venes DACA de cualquier nacionalidad. Cualquier \u201cDreamer\u201d afectado por el fin de la Acci\u00f3n Diferida (DACA), sin importar su nacionalidad, podr\u00e1 tener acceso a un abogado \u201cpro bono\u201d que trabajar\u00e1 su caso hasta las \u00faltimas consecuencias. La p\u00e1gina de internet mexicofordreamers.bma.org.mx, que ser\u00e1 la primera v\u00eda de contacto, fue creada por la Barra Mexicana de Abogados (BMA) y la C\u00e1mara Patronal de la Rep\u00fablica Mexicana (Coparmex), la cual comenz\u00f3 a operar este viernes, anunciaron los presidentes de ambas organizaciones, Jos\u00e9 Mario de la Garza Marroqu\u00edn y Gustavo de Hoyos Walther, respectivamente. Los m\u00e1s de 21,000 j\u00f3venes que no lograron renovar su permiso de estancia en el pa\u00eds y su Autorizaci\u00f3n de Empleo, seg\u00fan datos del Departamento de Seguridad Nacional (DHS), podr\u00edan ser prioridad para recibir la atenci\u00f3n jur\u00eddica, pero deben solicitarla, confirm\u00f3 en entrevista De la Garza Marroqu\u00edn, aunque tambi\u00e9n se atender\u00e1n a quienes lograron renovar DACA, pero buscan otras opciones migratorias para permanecer en los Estados Unidos. \u201cSabemos que la prioridad de estos j\u00f3venes es quedarse en EEUU, as\u00ed que no lanzamos la propuesta all\u00e1 (en M\u00e9xico), sino aqu\u00ed, para ayudarlos a que logren sus sue\u00f1os ac\u00e1\u201d, explic\u00f3 el abogado mexicano, quien a pregunta expresa dijo que los expertos dar\u00e1n diagn\u00f3stico y llevar\u00e1n los casos ante tribunales. \u201cLa idea es ayudarlos con abogados migratorios en este pa\u00eds sin que les cueste y que les lleve su caso hasta las \u00faltimas consecuencias\u201d. Aunque se trata de una iniciativa de la asociaci\u00f3n civil mexicana, el apoyo ser\u00e1 para j\u00f3venes de cualquier pa\u00eds. \u201cEstamos viendo a los inmigrantes de Latinoam\u00e9rica como un todo, como hermanos, por eso no habr\u00e1 distinci\u00f3n\u201d, confirm\u00f3 De la Garza Marroqu\u00edn. El programa inicia con 30 firmas de abogados estadounidenses, pero durante la misma conferencia de prensa en el Harvard Club, en la Gran Manzana, se confirm\u00f3 que hay otras que ya eval\u00faan integrarse. De hecho, en el evento organizado este viernes, Leire Larracoechea, directora de los Socios Pro Bono de la Barra de Nueva York, la cual integra decenas de firmas, dijo que se se sumar\u00e1 al esfuerzo, para atender a m\u00e1s jovenes. \u201cSon firmas nacionales, lo que significa que atenderemos a gente de cualquier parte del pa\u00eds, aunque lo demos a conocer aqu\u00ed\u201d, especific\u00f3 De la Garza Marroqu\u00edn. \u201cPor eso les pedimos su c\u00f3digo postal, pero toda la informaci\u00f3n que proporcionan es confidencial\u201d. Sobre este punto, los responsables de la iniciativa aseguraron que ning\u00fan dato ser\u00e1 compartido con el DHS, uno de los principales temores de los m\u00e1s de 690,000 j\u00f3venes que son afectados por el fin del programa por parte del gobierno del presidente de EEUU. Adem\u00e1s de las opciones legales, la Coparmex ofreci\u00f3 contactar a los \u201cDreamers\u201d con empresas mexicanas que forman parte de esa organizaci\u00f3n para que obtengan trabajo. C\u00f3mo aplicar Ingresar a la p\u00e1gina mexicofordreamers.bma.org.mx Seleccionar el idioma: espa\u00f1ol o ingl\u00e9s. Llenar el peque\u00f1o formulario que pide de manera obligatoria: un \u201cnick name\u201d, por si no se quiere proporcionar el nombre real y un correo electr\u00f3nico para contactar al interesado. Se puede proporcionar de manera voluntaria: c\u00f3digo postal y tel\u00e9fono. La informaci\u00f3n que se env\u00eda est\u00e1 encriptada y ser\u00e1 referida a las firmas. Un abogado se pondr\u00e1 en contacto con el \u201cDreamer\u201d, para explicar su caso y establecer una cita. Fuente: La Opini\u00f3n<\/p>","protected":false},"author":13,"featured_media":10677,"comment_status":"open","ping_status":"open","sticky":false,"template":"","format":"standard","meta":{"_uf_show_specific_survey":0,"_uf_disable_surveys":false,"footnotes":""},"categories":[10,1],"tags":[],"class_list":["post-10676","post","type-post","status-publish","format-standard","has-post-thumbnail","hentry","category-noticias","category-temas-de-interes"],"aioseo_notices":[],"yoast_head":"<!-- This site is optimized with the Yoast SEO plugin v27.5 - https:\/\/yoast.com\/product\/yoast-seo-wordpress\/ -->\n<title>\u201cDreamers\u201d podr\u00e1n acceder a un abogado personal que atender\u00e1 su caso<\/title>\n<meta name=\"description\" content=\"La iniciativa lanzada por organizaciones mexicanas beneficiar\u00e1 a j\u00f3venes DACA de cualquier nacionalidad.\" \/>\n<meta name=\"robots\" content=\"index, follow, max-snippet:-1, max-image-preview:large, max-video-preview:-1\" \/>\n<link rel=\"canonical\" href=\"https:\/\/accesolatino.org\/en\/dreamers-podran-acceder-a-un-abogado-personal-que-atendera-su-caso\/noticias\/\" \/>\n<meta property=\"og:locale\" content=\"en_US\" \/>\n<meta property=\"og:type\" content=\"article\" \/>\n<meta property=\"og:title\" content=\"\u201cDreamers\u201d podr\u00e1n acceder a un abogado personal que atender\u00e1 su caso\" \/>\n<meta property=\"og:description\" content=\"La iniciativa lanzada por organizaciones mexicanas beneficiar\u00e1 a j\u00f3venes DACA de cualquier nacionalidad.\" \/>\n<meta property=\"og:url\" content=\"https:\/\/accesolatino.org\/en\/dreamers-podran-acceder-a-un-abogado-personal-que-atendera-su-caso\/noticias\/\" \/>\n<meta property=\"og:site_name\" content=\"Acceso Latino\" \/>\n<meta property=\"article:publisher\" content=\"https:\/\/www.facebook.com\/AccesoLatinoOrg\" \/>\n<meta property=\"article:published_time\" content=\"2017-10-30T16:55:41+00:00\" \/>\n<meta property=\"article:modified_time\" content=\"2025-10-27T19:59:11+00:00\" \/>\n<meta property=\"og:image\" content=\"https:\/\/accesolatino.org\/wp-content\/uploads\/2017\/10\/Dreamers-podran-acceder-a-un-abogado-personal-que-atendera-su-caso.jpg\" \/>\n\t<meta property=\"og:image:width\" content=\"600\" \/>\n\t<meta property=\"og:image:height\" content=\"337\" \/>\n\t<meta property=\"og:image:type\" content=\"image\/jpeg\" \/>\n<meta name=\"author\" content=\"Noticias\" \/>\n<meta name=\"twitter:card\" content=\"summary_large_image\" \/>\n<meta name=\"twitter:creator\" content=\"@FAccLatino\" \/>\n<meta name=\"twitter:site\" content=\"@FAccLatino\" \/>\n<meta name=\"twitter:label1\" content=\"Written by\" \/>\n\t<meta name=\"twitter:data1\" content=\"Noticias\" \/>\n\t<meta name=\"twitter:label2\" content=\"Est. reading time\" \/>\n\t<meta name=\"twitter:data2\" content=\"3 minutes\" \/>\n<script type=\"application\/ld+json\" class=\"yoast-schema-graph\">{\"@context\":\"https:\\\/\\\/schema.org\",\"@graph\":[{\"@type\":\"Article\",\"@id\":\"https:\\\/\\\/accesolatino.org\\\/dreamers-podran-acceder-a-un-abogado-personal-que-atendera-su-caso\\\/noticias\\\/#article\",\"isPartOf\":{\"@id\":\"https:\\\/\\\/accesolatino.org\\\/dreamers-podran-acceder-a-un-abogado-personal-que-atendera-su-caso\\\/noticias\\\/\"},\"author\":{\"name\":\"Noticias\",\"@id\":\"https:\\\/\\\/accesolatino.org\\\/#\\\/schema\\\/person\\\/57bc3bfd2c357610a5255490ca4cd305\"},\"headline\":\"\u201cDreamers\u201d podr\u00e1n acceder a un abogado personal que atender\u00e1 su caso\",\"datePublished\":\"2017-10-30T16:55:41+00:00\",\"dateModified\":\"2025-10-27T19:59:11+00:00\",\"mainEntityOfPage\":{\"@id\":\"https:\\\/\\\/accesolatino.org\\\/dreamers-podran-acceder-a-un-abogado-personal-que-atendera-su-caso\\\/noticias\\\/\"},\"wordCount\":617,\"commentCount\":0,\"publisher\":{\"@id\":\"https:\\\/\\\/accesolatino.org\\\/#organization\"},\"image\":{\"@id\":\"https:\\\/\\\/accesolatino.org\\\/dreamers-podran-acceder-a-un-abogado-personal-que-atendera-su-caso\\\/noticias\\\/#primaryimage\"},\"thumbnailUrl\":\"https:\\\/\\\/accesolatino.org\\\/wp-content\\\/uploads\\\/2017\\\/10\\\/Dreamers-podran-acceder-a-un-abogado-personal-que-atendera-su-caso.jpg\",\"articleSection\":[\"Noticias\",\"Temas de inter\u00e9s\"],\"inLanguage\":\"en-US\",\"potentialAction\":[{\"@type\":\"CommentAction\",\"name\":\"Comment\",\"target\":[\"https:\\\/\\\/accesolatino.org\\\/dreamers-podran-acceder-a-un-abogado-personal-que-atendera-su-caso\\\/noticias\\\/#respond\"]}]},{\"@type\":\"WebPage\",\"@id\":\"https:\\\/\\\/accesolatino.org\\\/dreamers-podran-acceder-a-un-abogado-personal-que-atendera-su-caso\\\/noticias\\\/\",\"url\":\"https:\\\/\\\/accesolatino.org\\\/dreamers-podran-acceder-a-un-abogado-personal-que-atendera-su-caso\\\/noticias\\\/\",\"name\":\"\u201cDreamers\u201d podr\u00e1n acceder a un abogado personal que atender\u00e1 su caso\",\"isPartOf\":{\"@id\":\"https:\\\/\\\/accesolatino.org\\\/#website\"},\"primaryImageOfPage\":{\"@id\":\"https:\\\/\\\/accesolatino.org\\\/dreamers-podran-acceder-a-un-abogado-personal-que-atendera-su-caso\\\/noticias\\\/#primaryimage\"},\"image\":{\"@id\":\"https:\\\/\\\/accesolatino.org\\\/dreamers-podran-acceder-a-un-abogado-personal-que-atendera-su-caso\\\/noticias\\\/#primaryimage\"},\"thumbnailUrl\":\"https:\\\/\\\/accesolatino.org\\\/wp-content\\\/uploads\\\/2017\\\/10\\\/Dreamers-podran-acceder-a-un-abogado-personal-que-atendera-su-caso.jpg\",\"datePublished\":\"2017-10-30T16:55:41+00:00\",\"dateModified\":\"2025-10-27T19:59:11+00:00\",\"description\":\"La iniciativa lanzada por organizaciones mexicanas beneficiar\u00e1 a j\u00f3venes DACA de cualquier nacionalidad.\",\"breadcrumb\":{\"@id\":\"https:\\\/\\\/accesolatino.org\\\/dreamers-podran-acceder-a-un-abogado-personal-que-atendera-su-caso\\\/noticias\\\/#breadcrumb\"},\"inLanguage\":\"en-US\",\"potentialAction\":[{\"@type\":\"ReadAction\",\"target\":[\"https:\\\/\\\/accesolatino.org\\\/dreamers-podran-acceder-a-un-abogado-personal-que-atendera-su-caso\\\/noticias\\\/\"]}]},{\"@type\":\"ImageObject\",\"inLanguage\":\"en-US\",\"@id\":\"https:\\\/\\\/accesolatino.org\\\/dreamers-podran-acceder-a-un-abogado-personal-que-atendera-su-caso\\\/noticias\\\/#primaryimage\",\"url\":\"https:\\\/\\\/accesolatino.org\\\/wp-content\\\/uploads\\\/2017\\\/10\\\/Dreamers-podran-acceder-a-un-abogado-personal-que-atendera-su-caso.jpg\",\"contentUrl\":\"https:\\\/\\\/accesolatino.org\\\/wp-content\\\/uploads\\\/2017\\\/10\\\/Dreamers-podran-acceder-a-un-abogado-personal-que-atendera-su-caso.jpg\",\"width\":\"600\",\"height\":\"337\",\"caption\":\"Dreamers-podran-acceder-a-un-abogado-personal-que-atendera-su-caso\"},{\"@type\":\"BreadcrumbList\",\"@id\":\"https:\\\/\\\/accesolatino.org\\\/dreamers-podran-acceder-a-un-abogado-personal-que-atendera-su-caso\\\/noticias\\\/#breadcrumb\",\"itemListElement\":[{\"@type\":\"ListItem\",\"position\":1,\"name\":\"Portada\",\"item\":\"https:\\\/\\\/accesolatino.org\\\/\"},{\"@type\":\"ListItem\",\"position\":2,\"name\":\"Noticias\",\"item\":\"https:\\\/\\\/accesolatino.org\\\/category\\\/noticias\\\/\"},{\"@type\":\"ListItem\",\"position\":3,\"name\":\"\u201cDreamers\u201d podr\u00e1n acceder a un abogado personal que atender\u00e1 su caso\"}]},{\"@type\":\"WebSite\",\"@id\":\"https:\\\/\\\/accesolatino.org\\\/#website\",\"url\":\"https:\\\/\\\/accesolatino.org\\\/\",\"name\":\"Acceso Latino | Fundaci\u00f3n Carlos Slim\",\"description\":\"Fundaci\u00f3n Carlos Slim\",\"publisher\":{\"@id\":\"https:\\\/\\\/accesolatino.org\\\/#organization\"},\"potentialAction\":[{\"@type\":\"SearchAction\",\"target\":{\"@type\":\"EntryPoint\",\"urlTemplate\":\"https:\\\/\\\/accesolatino.org\\\/?s={search_term_string}\"},\"query-input\":{\"@type\":\"PropertyValueSpecification\",\"valueRequired\":true,\"valueName\":\"search_term_string\"}}],\"inLanguage\":\"en-US\"},{\"@type\":\"Organization\",\"@id\":\"https:\\\/\\\/accesolatino.org\\\/#organization\",\"name\":\"Acceso Latino | Fundaci\u00f3n Carlos Slim\",\"url\":\"https:\\\/\\\/accesolatino.org\\\/\",\"logo\":{\"@type\":\"ImageObject\",\"inLanguage\":\"en-US\",\"@id\":\"https:\\\/\\\/accesolatino.org\\\/#\\\/schema\\\/logo\\\/image\\\/\",\"url\":\"https:\\\/\\\/accesolatino.org\\\/wp-content\\\/uploads\\\/2021\\\/02\\\/logo-footer-acceso-latino.png\",\"contentUrl\":\"https:\\\/\\\/accesolatino.org\\\/wp-content\\\/uploads\\\/2021\\\/02\\\/logo-footer-acceso-latino.png\",\"width\":240,\"height\":40,\"caption\":\"Acceso Latino | Fundaci\u00f3n Carlos Slim\"},\"image\":{\"@id\":\"https:\\\/\\\/accesolatino.org\\\/#\\\/schema\\\/logo\\\/image\\\/\"},\"sameAs\":[\"https:\\\/\\\/www.facebook.com\\\/AccesoLatinoOrg\",\"https:\\\/\\\/x.com\\\/FAccLatino\"]},{\"@type\":\"Person\",\"@id\":\"https:\\\/\\\/accesolatino.org\\\/#\\\/schema\\\/person\\\/57bc3bfd2c357610a5255490ca4cd305\",\"name\":\"Noticias\"}]}<\/script>\n<!-- \/ Yoast SEO plugin. -->","yoast_head_json":{"title":"\u201cDreamers\u201d podr\u00e1n acceder a un abogado personal que atender\u00e1 su caso","description":"La iniciativa lanzada por organizaciones mexicanas beneficiar\u00e1 a j\u00f3venes DACA de cualquier nacionalidad.","robots":{"index":"index","follow":"follow","max-snippet":"max-snippet:-1","max-image-preview":"max-image-preview:large","max-video-preview":"max-video-preview:-1"},"canonical":"https:\/\/accesolatino.org\/en\/dreamers-podran-acceder-a-un-abogado-personal-que-atendera-su-caso\/noticias\/","og_locale":"en_US","og_type":"article","og_title":"\u201cDreamers\u201d podr\u00e1n acceder a un abogado personal que atender\u00e1 su caso","og_description":"La iniciativa lanzada por organizaciones mexicanas beneficiar\u00e1 a j\u00f3venes DACA de cualquier nacionalidad.","og_url":"https:\/\/accesolatino.org\/en\/dreamers-podran-acceder-a-un-abogado-personal-que-atendera-su-caso\/noticias\/","og_site_name":"Acceso Latino","article_publisher":"https:\/\/www.facebook.com\/AccesoLatinoOrg","article_published_time":"2017-10-30T16:55:41+00:00","article_modified_time":"2025-10-27T19:59:11+00:00","og_image":[{"width":600,"height":337,"url":"https:\/\/accesolatino.org\/wp-content\/uploads\/2017\/10\/Dreamers-podran-acceder-a-un-abogado-personal-que-atendera-su-caso.jpg","type":"image\/jpeg"}],"author":"Noticias","twitter_card":"summary_large_image","twitter_creator":"@FAccLatino","twitter_site":"@FAccLatino","twitter_misc":{"Written by":"Noticias","Est. reading time":"3 minutes"},"schema":{"@context":"https:\/\/schema.org","@graph":[{"@type":"Article","@id":"https:\/\/accesolatino.org\/dreamers-podran-acceder-a-un-abogado-personal-que-atendera-su-caso\/noticias\/#article","isPartOf":{"@id":"https:\/\/accesolatino.org\/dreamers-podran-acceder-a-un-abogado-personal-que-atendera-su-caso\/noticias\/"},"author":{"name":"Noticias","@id":"https:\/\/accesolatino.org\/#\/schema\/person\/57bc3bfd2c357610a5255490ca4cd305"},"headline":"\u201cDreamers\u201d podr\u00e1n acceder a un abogado personal que atender\u00e1 su caso","datePublished":"2017-10-30T16:55:41+00:00","dateModified":"2025-10-27T19:59:11+00:00","mainEntityOfPage":{"@id":"https:\/\/accesolatino.org\/dreamers-podran-acceder-a-un-abogado-personal-que-atendera-su-caso\/noticias\/"},"wordCount":617,"commentCount":0,"publisher":{"@id":"https:\/\/accesolatino.org\/#organization"},"image":{"@id":"https:\/\/accesolatino.org\/dreamers-podran-acceder-a-un-abogado-personal-que-atendera-su-caso\/noticias\/#primaryimage"},"thumbnailUrl":"https:\/\/accesolatino.org\/wp-content\/uploads\/2017\/10\/Dreamers-podran-acceder-a-un-abogado-personal-que-atendera-su-caso.jpg","articleSection":["Noticias","Temas de inter\u00e9s"],"inLanguage":"en-US","potentialAction":[{"@type":"CommentAction","name":"Comment","target":["https:\/\/accesolatino.org\/dreamers-podran-acceder-a-un-abogado-personal-que-atendera-su-caso\/noticias\/#respond"]}]},{"@type":"WebPage","@id":"https:\/\/accesolatino.org\/dreamers-podran-acceder-a-un-abogado-personal-que-atendera-su-caso\/noticias\/","url":"https:\/\/accesolatino.org\/dreamers-podran-acceder-a-un-abogado-personal-que-atendera-su-caso\/noticias\/","name":"\u201cDreamers\u201d podr\u00e1n acceder a un abogado personal que atender\u00e1 su caso","isPartOf":{"@id":"https:\/\/accesolatino.org\/#website"},"primaryImageOfPage":{"@id":"https:\/\/accesolatino.org\/dreamers-podran-acceder-a-un-abogado-personal-que-atendera-su-caso\/noticias\/#primaryimage"},"image":{"@id":"https:\/\/accesolatino.org\/dreamers-podran-acceder-a-un-abogado-personal-que-atendera-su-caso\/noticias\/#primaryimage"},"thumbnailUrl":"https:\/\/accesolatino.org\/wp-content\/uploads\/2017\/10\/Dreamers-podran-acceder-a-un-abogado-personal-que-atendera-su-caso.jpg","datePublished":"2017-10-30T16:55:41+00:00","dateModified":"2025-10-27T19:59:11+00:00","description":"La iniciativa lanzada por organizaciones mexicanas beneficiar\u00e1 a j\u00f3venes DACA de cualquier nacionalidad.","breadcrumb":{"@id":"https:\/\/accesolatino.org\/dreamers-podran-acceder-a-un-abogado-personal-que-atendera-su-caso\/noticias\/#breadcrumb"},"inLanguage":"en-US","potentialAction":[{"@type":"ReadAction","target":["https:\/\/accesolatino.org\/dreamers-podran-acceder-a-un-abogado-personal-que-atendera-su-caso\/noticias\/"]}]},{"@type":"ImageObject","inLanguage":"en-US","@id":"https:\/\/accesolatino.org\/dreamers-podran-acceder-a-un-abogado-personal-que-atendera-su-caso\/noticias\/#primaryimage","url":"https:\/\/accesolatino.org\/wp-content\/uploads\/2017\/10\/Dreamers-podran-acceder-a-un-abogado-personal-que-atendera-su-caso.jpg","contentUrl":"https:\/\/accesolatino.org\/wp-content\/uploads\/2017\/10\/Dreamers-podran-acceder-a-un-abogado-personal-que-atendera-su-caso.jpg","width":"600","height":"337","caption":"Dreamers-podran-acceder-a-un-abogado-personal-que-atendera-su-caso"},{"@type":"BreadcrumbList","@id":"https:\/\/accesolatino.org\/dreamers-podran-acceder-a-un-abogado-personal-que-atendera-su-caso\/noticias\/#breadcrumb","itemListElement":[{"@type":"ListItem","position":1,"name":"Portada","item":"https:\/\/accesolatino.org\/"},{"@type":"ListItem","position":2,"name":"Noticias","item":"https:\/\/accesolatino.org\/category\/noticias\/"},{"@type":"ListItem","position":3,"name":"\u201cDreamers\u201d podr\u00e1n acceder a un abogado personal que atender\u00e1 su caso"}]},{"@type":"WebSite","@id":"https:\/\/accesolatino.org\/#website","url":"https:\/\/accesolatino.org\/","name":"Acceso Latino | Fundaci\u00f3n Carlos Slim","description":"Fundaci\u00f3n Carlos Slim","publisher":{"@id":"https:\/\/accesolatino.org\/#organization"},"potentialAction":[{"@type":"SearchAction","target":{"@type":"EntryPoint","urlTemplate":"https:\/\/accesolatino.org\/?s={search_term_string}"},"query-input":{"@type":"PropertyValueSpecification","valueRequired":true,"valueName":"search_term_string"}}],"inLanguage":"en-US"},{"@type":"Organization","@id":"https:\/\/accesolatino.org\/#organization","name":"Acceso Latino | Fundaci\u00f3n Carlos Slim","url":"https:\/\/accesolatino.org\/","logo":{"@type":"ImageObject","inLanguage":"en-US","@id":"https:\/\/accesolatino.org\/#\/schema\/logo\/image\/","url":"https:\/\/accesolatino.org\/wp-content\/uploads\/2021\/02\/logo-footer-acceso-latino.png","contentUrl":"https:\/\/accesolatino.org\/wp-content\/uploads\/2021\/02\/logo-footer-acceso-latino.png","width":240,"height":40,"caption":"Acceso Latino | Fundaci\u00f3n Carlos Slim"},"image":{"@id":"https:\/\/accesolatino.org\/#\/schema\/logo\/image\/"},"sameAs":["https:\/\/www.facebook.com\/AccesoLatinoOrg","https:\/\/x.com\/FAccLatino"]},{"@type":"Person","@id":"https:\/\/accesolatino.org\/#\/schema\/person\/57bc3bfd2c357610a5255490ca4cd305","name":"News"}]}},"_links":{"self":[{"href":"https:\/\/accesolatino.org\/en\/wp-json\/wp\/v2\/posts\/10676","targetHints":{"allow":["GET"]}}],"collection":[{"href":"https:\/\/accesolatino.org\/en\/wp-json\/wp\/v2\/posts"}],"about":[{"href":"https:\/\/accesolatino.org\/en\/wp-json\/wp\/v2\/types\/post"}],"author":[{"embeddable":true,"href":"https:\/\/accesolatino.org\/en\/wp-json\/wp\/v2\/users\/13"}],"replies":[{"embeddable":true,"href":"https:\/\/accesolatino.org\/en\/wp-json\/wp\/v2\/comments?post=10676"}],"version-history":[{"count":1,"href":"https:\/\/accesolatino.org\/en\/wp-json\/wp\/v2\/posts\/10676\/revisions"}],"predecessor-version":[{"id":66812,"href":"https:\/\/accesolatino.org\/en\/wp-json\/wp\/v2\/posts\/10676\/revisions\/66812"}],"wp:featuredmedia":[{"embeddable":true,"href":"https:\/\/accesolatino.org\/en\/wp-json\/wp\/v2\/media\/10677"}],"wp:attachment":[{"href":"https:\/\/accesolatino.org\/en\/wp-json\/wp\/v2\/media?parent=10676"}],"wp:term":[{"taxonomy":"category","embeddable":true,"href":"https:\/\/accesolatino.org\/en\/wp-json\/wp\/v2\/categories?post=10676"},{"taxonomy":"post_tag","embeddable":true,"href":"https:\/\/accesolatino.org\/en\/wp-json\/wp\/v2\/tags?post=10676"}],"curies":[{"name":"wp","href":"https:\/\/api.w.org\/{rel}","templated":true}]}}