{"id":10655,"date":"2017-10-26T10:04:43","date_gmt":"2017-10-26T15:04:43","guid":{"rendered":"https:\/\/accesolatino.org\/?p=10655"},"modified":"2025-10-27T14:00:29","modified_gmt":"2025-10-27T20:00:29","slug":"beneficiarios-de-daca-reciben-residencia-legal-gracias-a-su-padrastro","status":"publish","type":"post","link":"https:\/\/accesolatino.org\/en\/beneficiarios-de-daca-reciben-residencia-legal-gracias-a-su-padrastro\/orgullo-latino\/","title":{"rendered":"Beneficiarios de DACA reciben residencia legal gracias a su padrastro"},"content":{"rendered":"<p>Los sue\u00f1os no terminaron, siguieron sus instintos y su coraz\u00f3n y hoy tienen lo que necesitaban para estar tranquilos.<\/p>\n<p>Con toda la actitud de un boxeador profesional, Jonathan Minero Villareal entrena cinco d\u00edas a la semana por dos horas en un gimnasio de Santa Fe Springs. Su sue\u00f1o es llegar a ser in pugilista como Muhammed Ali o Julio C\u00e9sar Ch\u00e1vez.<\/p>\n<p>Sin embargo, una de las peleas m\u00e1s duras de su vida recientemente la gan\u00f3 con la ayuda de su familia. Jonathan y sus dos hermanos, Christian de 21 a\u00f1os y Alondra de 20, recientemente obtuvieron su residencia legal gracias a la ayuda de su padrastro.<\/p>\n<p>Cuauht\u00e9moc Martin Laureano, de 45 a\u00f1os, es ciudadano estadounidense y ha estado casado con Alma Laureano, la madre de los j\u00f3venes, por los pasados 10 a\u00f1os. Ella logr\u00f3 obtener su residencia legal hace algunos a\u00f1os, pero no pudieron incluir a los\u2014entonces\u2014ni\u00f1os.<\/p>\n<p>Laureano dijo que \u00e9l siempre ha visto a los j\u00f3venes como sus hijos y le pesaba que no tuvieran un estatus legal permanente.<\/p>\n<p>\u201cYo lo miraba muy imposible porque como est\u00e1n las cosas ahora no se sabe\u201d, dijo Laureano.<\/p>\n<p><strong>Dreamers<\/strong><\/p>\n<p>En el 2013, los hermanos solicitaron la Acci\u00f3n Diferida para los Llegados en la Infancia (DACA), pero para Jonathan no era suficiente.<\/p>\n<p>\u201cMe acuerdo que uno de los managers de boxeo me dijo que mis oportunidades estaban muy cortas por la falta de papeles\u201d, record\u00f3 el joven de 23 a\u00f1os.<\/p>\n<p>Mientras tanto, sus hermanos enfrentaban una situaci\u00f3n similar. Alondra recuerda que durante sus a\u00f1os de secundaria nunca se preocup\u00f3 de su estatus migratorio. \u201cMis padres me dec\u00edan que s\u00f3lo me enfocara a mis estudios\u201d.<\/p>\n<p>Pero al estar en el colegio comunitario de Ventura y empezar a trabajar su situaci\u00f3n migratoria tom\u00f3 relevancia. \u201cMi permiso se iba a vencer y no sab\u00eda qu\u00e9 iba a hacer\u201d, dijo la joven, quien quiere asistir a una universidad privada en Santa B\u00e1rbara.<\/p>\n<p>Debido a que los hermanos hab\u00edan ingresado al pa\u00eds ilegalmente necesitaban tener una entrada legal. Los hermanos lograron salir del pa\u00eds el verano del a\u00f1o pasado gracias al permiso de salida condicional conocido como Advance Parole que obten\u00edan los beneficiarios de DACA, el cual ya no est\u00e1 vigente.<\/p>\n<p>\u201cCasi toda mi familia me dec\u00eda que no viaj\u00e1ramos a M\u00e9xico, que eso no era real y que no \u00edbamos a poder regresar\u201d, recuerda Jonathan. \u201cPero yo dije que les iba a comprobar que estaban equivocados y lo logr\u00e9\u201d.<\/p>\n<p>Al reingresar se comenz\u00f3 a hacer el proceso de \u201cAdjustment of Status\u201d (AOS) o Ajuste de Estatus para los tres hermanos, dijo la abogada Nieto. En agosto del 2017 los j\u00f3venes recibieron su tarjeta de residencia legal.<\/p>\n<p>Entre los comprobantes necesarios para solicitar una residencia legal por medio de un padre\/padrastro ciudadano est\u00e1n:<\/p>\n<ul>\n<li>el acta de matrimonio de los padres.<\/li>\n<li>declaraci\u00f3n de impuestos si el hijo\/hijastro aparece como dependiente.<\/li>\n<li>registraci\u00f3n de la escuela, fotos familiares y el certificado de ciudadan\u00eda o acta de nacimiento del ciudadano que va a emigrar al residente.<\/li>\n<\/ul>\n<p>Nieto dijo que lo m\u00e1s importante en estos casos de inmigraci\u00f3n, aparte de recibir asesor\u00eda adecuada, es confiar en su instinto.<\/p>\n<p>\u201cHablamos de leyes pero no entendemos exactamente cada caso. Deben usar su instinto y pedir opciones de varias fuentes\u201d, recalc\u00f3 la abogada.<\/p>\n<p><em>Fuente: La Opini\u00f3n<\/em><\/p>","protected":false},"excerpt":{"rendered":"<p>Los sue\u00f1os no terminaron, siguieron sus instintos y su coraz\u00f3n y hoy tienen lo que necesitaban para estar tranquilos. Con toda la actitud de un boxeador profesional, Jonathan Minero Villareal entrena cinco d\u00edas a la semana por dos horas en un gimnasio de Santa Fe Springs. Su sue\u00f1o es llegar a ser in pugilista como Muhammed Ali o Julio C\u00e9sar Ch\u00e1vez. Sin embargo, una de las peleas m\u00e1s duras de su vida recientemente la gan\u00f3 con la ayuda de su familia. Jonathan y sus dos hermanos, Christian de 21 a\u00f1os y Alondra de 20, recientemente obtuvieron su residencia legal gracias a la ayuda de su padrastro. Cuauht\u00e9moc Martin Laureano, de 45 a\u00f1os, es ciudadano estadounidense y ha estado casado con Alma Laureano, la madre de los j\u00f3venes, por los pasados 10 a\u00f1os. Ella logr\u00f3 obtener su residencia legal hace algunos a\u00f1os, pero no pudieron incluir a los\u2014entonces\u2014ni\u00f1os. Laureano dijo que \u00e9l siempre ha visto a los j\u00f3venes como sus hijos y le pesaba que no tuvieran un estatus legal permanente. \u201cYo lo miraba muy imposible porque como est\u00e1n las cosas ahora no se sabe\u201d, dijo Laureano. Dreamers En el 2013, los hermanos solicitaron la Acci\u00f3n Diferida para los Llegados en la Infancia (DACA), pero para Jonathan no era suficiente. \u201cMe acuerdo que uno de los managers de boxeo me dijo que mis oportunidades estaban muy cortas por la falta de papeles\u201d, record\u00f3 el joven de 23 a\u00f1os. Mientras tanto, sus hermanos enfrentaban una situaci\u00f3n similar. Alondra recuerda que durante sus a\u00f1os de secundaria nunca se preocup\u00f3 de su estatus migratorio. \u201cMis padres me dec\u00edan que s\u00f3lo me enfocara a mis estudios\u201d. Pero al estar en el colegio comunitario de Ventura y empezar a trabajar su situaci\u00f3n migratoria tom\u00f3 relevancia. \u201cMi permiso se iba a vencer y no sab\u00eda qu\u00e9 iba a hacer\u201d, dijo la joven, quien quiere asistir a una universidad privada en Santa B\u00e1rbara. Debido a que los hermanos hab\u00edan ingresado al pa\u00eds ilegalmente necesitaban tener una entrada legal. Los hermanos lograron salir del pa\u00eds el verano del a\u00f1o pasado gracias al permiso de salida condicional conocido como Advance Parole que obten\u00edan los beneficiarios de DACA, el cual ya no est\u00e1 vigente. \u201cCasi toda mi familia me dec\u00eda que no viaj\u00e1ramos a M\u00e9xico, que eso no era real y que no \u00edbamos a poder regresar\u201d, recuerda Jonathan. \u201cPero yo dije que les iba a comprobar que estaban equivocados y lo logr\u00e9\u201d. Al reingresar se comenz\u00f3 a hacer el proceso de \u201cAdjustment of Status\u201d (AOS) o Ajuste de Estatus para los tres hermanos, dijo la abogada Nieto. En agosto del 2017 los j\u00f3venes recibieron su tarjeta de residencia legal. Entre los comprobantes necesarios para solicitar una residencia legal por medio de un padre\/padrastro ciudadano est\u00e1n: el acta de matrimonio de los padres. declaraci\u00f3n de impuestos si el hijo\/hijastro aparece como dependiente. registraci\u00f3n de la escuela, fotos familiares y el certificado de ciudadan\u00eda o acta de nacimiento del ciudadano que va a emigrar al residente. Nieto dijo que lo m\u00e1s importante en estos casos de inmigraci\u00f3n, aparte de recibir asesor\u00eda adecuada, es confiar en su instinto. \u201cHablamos de leyes pero no entendemos exactamente cada caso. Deben usar su instinto y pedir opciones de varias fuentes\u201d, recalc\u00f3 la abogada. Fuente: La Opini\u00f3n<\/p>","protected":false},"author":13,"featured_media":10656,"comment_status":"open","ping_status":"open","sticky":false,"template":"","format":"standard","meta":{"_uf_show_specific_survey":0,"_uf_disable_surveys":false,"footnotes":""},"categories":[9],"tags":[],"class_list":["post-10655","post","type-post","status-publish","format-standard","has-post-thumbnail","hentry","category-orgullo-latino"],"aioseo_notices":[],"yoast_head":"<!-- This site is optimized with the Yoast SEO plugin v27.5 - https:\/\/yoast.com\/product\/yoast-seo-wordpress\/ -->\n<title>Beneficiarios de DACA reciben residencia legal gracias a su padrastro<\/title>\n<meta name=\"description\" content=\"Los sue\u00f1os no terminaron, siguieron sus instintos y su coraz\u00f3n y hoy tienen lo que necesitaban para estar tranquilos.\" \/>\n<meta name=\"robots\" content=\"index, follow, max-snippet:-1, max-image-preview:large, max-video-preview:-1\" \/>\n<link rel=\"canonical\" href=\"https:\/\/accesolatino.org\/en\/beneficiarios-de-daca-reciben-residencia-legal-gracias-a-su-padrastro\/orgullo-latino\/\" \/>\n<meta property=\"og:locale\" content=\"en_US\" \/>\n<meta property=\"og:type\" content=\"article\" \/>\n<meta property=\"og:title\" content=\"Beneficiarios de DACA reciben residencia legal gracias a su padrastro\" \/>\n<meta property=\"og:description\" content=\"Los sue\u00f1os no terminaron, siguieron sus instintos y su coraz\u00f3n y hoy tienen lo que necesitaban para estar tranquilos.\" \/>\n<meta property=\"og:url\" content=\"https:\/\/accesolatino.org\/en\/beneficiarios-de-daca-reciben-residencia-legal-gracias-a-su-padrastro\/orgullo-latino\/\" \/>\n<meta property=\"og:site_name\" content=\"Acceso Latino\" \/>\n<meta property=\"article:publisher\" content=\"https:\/\/www.facebook.com\/AccesoLatinoOrg\" \/>\n<meta property=\"article:published_time\" content=\"2017-10-26T15:04:43+00:00\" \/>\n<meta property=\"article:modified_time\" content=\"2025-10-27T20:00:29+00:00\" \/>\n<meta property=\"og:image\" content=\"https:\/\/accesolatino.org\/wp-content\/uploads\/2017\/10\/Beneficiarios-de-DACA-reciben-residencia-legal-gracias-a-su-padrastro.jpg\" \/>\n\t<meta property=\"og:image:width\" content=\"600\" \/>\n\t<meta property=\"og:image:height\" content=\"400\" \/>\n\t<meta property=\"og:image:type\" content=\"image\/jpeg\" \/>\n<meta name=\"author\" content=\"Noticias\" \/>\n<meta name=\"twitter:card\" content=\"summary_large_image\" \/>\n<meta name=\"twitter:creator\" content=\"@FAccLatino\" \/>\n<meta name=\"twitter:site\" content=\"@FAccLatino\" \/>\n<meta name=\"twitter:label1\" content=\"Written by\" \/>\n\t<meta name=\"twitter:data1\" content=\"Noticias\" \/>\n\t<meta name=\"twitter:label2\" content=\"Est. reading time\" \/>\n\t<meta name=\"twitter:data2\" content=\"3 minutes\" \/>\n<script type=\"application\/ld+json\" class=\"yoast-schema-graph\">{\"@context\":\"https:\\\/\\\/schema.org\",\"@graph\":[{\"@type\":\"Article\",\"@id\":\"https:\\\/\\\/accesolatino.org\\\/beneficiarios-de-daca-reciben-residencia-legal-gracias-a-su-padrastro\\\/orgullo-latino\\\/#article\",\"isPartOf\":{\"@id\":\"https:\\\/\\\/accesolatino.org\\\/beneficiarios-de-daca-reciben-residencia-legal-gracias-a-su-padrastro\\\/orgullo-latino\\\/\"},\"author\":{\"name\":\"Noticias\",\"@id\":\"https:\\\/\\\/accesolatino.org\\\/#\\\/schema\\\/person\\\/57bc3bfd2c357610a5255490ca4cd305\"},\"headline\":\"Beneficiarios de DACA reciben residencia legal gracias a su padrastro\",\"datePublished\":\"2017-10-26T15:04:43+00:00\",\"dateModified\":\"2025-10-27T20:00:29+00:00\",\"mainEntityOfPage\":{\"@id\":\"https:\\\/\\\/accesolatino.org\\\/beneficiarios-de-daca-reciben-residencia-legal-gracias-a-su-padrastro\\\/orgullo-latino\\\/\"},\"wordCount\":589,\"commentCount\":0,\"publisher\":{\"@id\":\"https:\\\/\\\/accesolatino.org\\\/#organization\"},\"image\":{\"@id\":\"https:\\\/\\\/accesolatino.org\\\/beneficiarios-de-daca-reciben-residencia-legal-gracias-a-su-padrastro\\\/orgullo-latino\\\/#primaryimage\"},\"thumbnailUrl\":\"https:\\\/\\\/accesolatino.org\\\/wp-content\\\/uploads\\\/2017\\\/10\\\/Beneficiarios-de-DACA-reciben-residencia-legal-gracias-a-su-padrastro.jpg\",\"articleSection\":[\"Orgullo Latino\"],\"inLanguage\":\"en-US\",\"potentialAction\":[{\"@type\":\"CommentAction\",\"name\":\"Comment\",\"target\":[\"https:\\\/\\\/accesolatino.org\\\/beneficiarios-de-daca-reciben-residencia-legal-gracias-a-su-padrastro\\\/orgullo-latino\\\/#respond\"]}]},{\"@type\":\"WebPage\",\"@id\":\"https:\\\/\\\/accesolatino.org\\\/beneficiarios-de-daca-reciben-residencia-legal-gracias-a-su-padrastro\\\/orgullo-latino\\\/\",\"url\":\"https:\\\/\\\/accesolatino.org\\\/beneficiarios-de-daca-reciben-residencia-legal-gracias-a-su-padrastro\\\/orgullo-latino\\\/\",\"name\":\"Beneficiarios de DACA reciben residencia legal gracias a su padrastro\",\"isPartOf\":{\"@id\":\"https:\\\/\\\/accesolatino.org\\\/#website\"},\"primaryImageOfPage\":{\"@id\":\"https:\\\/\\\/accesolatino.org\\\/beneficiarios-de-daca-reciben-residencia-legal-gracias-a-su-padrastro\\\/orgullo-latino\\\/#primaryimage\"},\"image\":{\"@id\":\"https:\\\/\\\/accesolatino.org\\\/beneficiarios-de-daca-reciben-residencia-legal-gracias-a-su-padrastro\\\/orgullo-latino\\\/#primaryimage\"},\"thumbnailUrl\":\"https:\\\/\\\/accesolatino.org\\\/wp-content\\\/uploads\\\/2017\\\/10\\\/Beneficiarios-de-DACA-reciben-residencia-legal-gracias-a-su-padrastro.jpg\",\"datePublished\":\"2017-10-26T15:04:43+00:00\",\"dateModified\":\"2025-10-27T20:00:29+00:00\",\"description\":\"Los sue\u00f1os no terminaron, siguieron sus instintos y su coraz\u00f3n y hoy tienen lo que necesitaban para estar tranquilos.\",\"breadcrumb\":{\"@id\":\"https:\\\/\\\/accesolatino.org\\\/beneficiarios-de-daca-reciben-residencia-legal-gracias-a-su-padrastro\\\/orgullo-latino\\\/#breadcrumb\"},\"inLanguage\":\"en-US\",\"potentialAction\":[{\"@type\":\"ReadAction\",\"target\":[\"https:\\\/\\\/accesolatino.org\\\/beneficiarios-de-daca-reciben-residencia-legal-gracias-a-su-padrastro\\\/orgullo-latino\\\/\"]}]},{\"@type\":\"ImageObject\",\"inLanguage\":\"en-US\",\"@id\":\"https:\\\/\\\/accesolatino.org\\\/beneficiarios-de-daca-reciben-residencia-legal-gracias-a-su-padrastro\\\/orgullo-latino\\\/#primaryimage\",\"url\":\"https:\\\/\\\/accesolatino.org\\\/wp-content\\\/uploads\\\/2017\\\/10\\\/Beneficiarios-de-DACA-reciben-residencia-legal-gracias-a-su-padrastro.jpg\",\"contentUrl\":\"https:\\\/\\\/accesolatino.org\\\/wp-content\\\/uploads\\\/2017\\\/10\\\/Beneficiarios-de-DACA-reciben-residencia-legal-gracias-a-su-padrastro.jpg\",\"width\":\"600\",\"height\":\"400\",\"caption\":\"Beneficiarios-de-DACA-reciben-residencia-legal-gracias-a-su-padrastro\"},{\"@type\":\"BreadcrumbList\",\"@id\":\"https:\\\/\\\/accesolatino.org\\\/beneficiarios-de-daca-reciben-residencia-legal-gracias-a-su-padrastro\\\/orgullo-latino\\\/#breadcrumb\",\"itemListElement\":[{\"@type\":\"ListItem\",\"position\":1,\"name\":\"Portada\",\"item\":\"https:\\\/\\\/accesolatino.org\\\/\"},{\"@type\":\"ListItem\",\"position\":2,\"name\":\"Orgullo Latino\",\"item\":\"https:\\\/\\\/accesolatino.org\\\/category\\\/orgullo-latino\\\/\"},{\"@type\":\"ListItem\",\"position\":3,\"name\":\"Beneficiarios de DACA reciben residencia legal gracias a su padrastro\"}]},{\"@type\":\"WebSite\",\"@id\":\"https:\\\/\\\/accesolatino.org\\\/#website\",\"url\":\"https:\\\/\\\/accesolatino.org\\\/\",\"name\":\"Acceso Latino | Fundaci\u00f3n Carlos Slim\",\"description\":\"Fundaci\u00f3n Carlos Slim\",\"publisher\":{\"@id\":\"https:\\\/\\\/accesolatino.org\\\/#organization\"},\"potentialAction\":[{\"@type\":\"SearchAction\",\"target\":{\"@type\":\"EntryPoint\",\"urlTemplate\":\"https:\\\/\\\/accesolatino.org\\\/?s={search_term_string}\"},\"query-input\":{\"@type\":\"PropertyValueSpecification\",\"valueRequired\":true,\"valueName\":\"search_term_string\"}}],\"inLanguage\":\"en-US\"},{\"@type\":\"Organization\",\"@id\":\"https:\\\/\\\/accesolatino.org\\\/#organization\",\"name\":\"Acceso Latino | Fundaci\u00f3n Carlos Slim\",\"url\":\"https:\\\/\\\/accesolatino.org\\\/\",\"logo\":{\"@type\":\"ImageObject\",\"inLanguage\":\"en-US\",\"@id\":\"https:\\\/\\\/accesolatino.org\\\/#\\\/schema\\\/logo\\\/image\\\/\",\"url\":\"https:\\\/\\\/accesolatino.org\\\/wp-content\\\/uploads\\\/2021\\\/02\\\/logo-footer-acceso-latino.png\",\"contentUrl\":\"https:\\\/\\\/accesolatino.org\\\/wp-content\\\/uploads\\\/2021\\\/02\\\/logo-footer-acceso-latino.png\",\"width\":240,\"height\":40,\"caption\":\"Acceso Latino | Fundaci\u00f3n Carlos Slim\"},\"image\":{\"@id\":\"https:\\\/\\\/accesolatino.org\\\/#\\\/schema\\\/logo\\\/image\\\/\"},\"sameAs\":[\"https:\\\/\\\/www.facebook.com\\\/AccesoLatinoOrg\",\"https:\\\/\\\/x.com\\\/FAccLatino\"]},{\"@type\":\"Person\",\"@id\":\"https:\\\/\\\/accesolatino.org\\\/#\\\/schema\\\/person\\\/57bc3bfd2c357610a5255490ca4cd305\",\"name\":\"Noticias\"}]}<\/script>\n<!-- \/ Yoast SEO plugin. -->","yoast_head_json":{"title":"Beneficiarios de DACA reciben residencia legal gracias a su padrastro","description":"Los sue\u00f1os no terminaron, siguieron sus instintos y su coraz\u00f3n y hoy tienen lo que necesitaban para estar tranquilos.","robots":{"index":"index","follow":"follow","max-snippet":"max-snippet:-1","max-image-preview":"max-image-preview:large","max-video-preview":"max-video-preview:-1"},"canonical":"https:\/\/accesolatino.org\/en\/beneficiarios-de-daca-reciben-residencia-legal-gracias-a-su-padrastro\/orgullo-latino\/","og_locale":"en_US","og_type":"article","og_title":"Beneficiarios de DACA reciben residencia legal gracias a su padrastro","og_description":"Los sue\u00f1os no terminaron, siguieron sus instintos y su coraz\u00f3n y hoy tienen lo que necesitaban para estar tranquilos.","og_url":"https:\/\/accesolatino.org\/en\/beneficiarios-de-daca-reciben-residencia-legal-gracias-a-su-padrastro\/orgullo-latino\/","og_site_name":"Acceso Latino","article_publisher":"https:\/\/www.facebook.com\/AccesoLatinoOrg","article_published_time":"2017-10-26T15:04:43+00:00","article_modified_time":"2025-10-27T20:00:29+00:00","og_image":[{"width":600,"height":400,"url":"https:\/\/accesolatino.org\/wp-content\/uploads\/2017\/10\/Beneficiarios-de-DACA-reciben-residencia-legal-gracias-a-su-padrastro.jpg","type":"image\/jpeg"}],"author":"Noticias","twitter_card":"summary_large_image","twitter_creator":"@FAccLatino","twitter_site":"@FAccLatino","twitter_misc":{"Written by":"Noticias","Est. reading time":"3 minutes"},"schema":{"@context":"https:\/\/schema.org","@graph":[{"@type":"Article","@id":"https:\/\/accesolatino.org\/beneficiarios-de-daca-reciben-residencia-legal-gracias-a-su-padrastro\/orgullo-latino\/#article","isPartOf":{"@id":"https:\/\/accesolatino.org\/beneficiarios-de-daca-reciben-residencia-legal-gracias-a-su-padrastro\/orgullo-latino\/"},"author":{"name":"Noticias","@id":"https:\/\/accesolatino.org\/#\/schema\/person\/57bc3bfd2c357610a5255490ca4cd305"},"headline":"Beneficiarios de DACA reciben residencia legal gracias a su padrastro","datePublished":"2017-10-26T15:04:43+00:00","dateModified":"2025-10-27T20:00:29+00:00","mainEntityOfPage":{"@id":"https:\/\/accesolatino.org\/beneficiarios-de-daca-reciben-residencia-legal-gracias-a-su-padrastro\/orgullo-latino\/"},"wordCount":589,"commentCount":0,"publisher":{"@id":"https:\/\/accesolatino.org\/#organization"},"image":{"@id":"https:\/\/accesolatino.org\/beneficiarios-de-daca-reciben-residencia-legal-gracias-a-su-padrastro\/orgullo-latino\/#primaryimage"},"thumbnailUrl":"https:\/\/accesolatino.org\/wp-content\/uploads\/2017\/10\/Beneficiarios-de-DACA-reciben-residencia-legal-gracias-a-su-padrastro.jpg","articleSection":["Orgullo Latino"],"inLanguage":"en-US","potentialAction":[{"@type":"CommentAction","name":"Comment","target":["https:\/\/accesolatino.org\/beneficiarios-de-daca-reciben-residencia-legal-gracias-a-su-padrastro\/orgullo-latino\/#respond"]}]},{"@type":"WebPage","@id":"https:\/\/accesolatino.org\/beneficiarios-de-daca-reciben-residencia-legal-gracias-a-su-padrastro\/orgullo-latino\/","url":"https:\/\/accesolatino.org\/beneficiarios-de-daca-reciben-residencia-legal-gracias-a-su-padrastro\/orgullo-latino\/","name":"Beneficiarios de DACA reciben residencia legal gracias a su padrastro","isPartOf":{"@id":"https:\/\/accesolatino.org\/#website"},"primaryImageOfPage":{"@id":"https:\/\/accesolatino.org\/beneficiarios-de-daca-reciben-residencia-legal-gracias-a-su-padrastro\/orgullo-latino\/#primaryimage"},"image":{"@id":"https:\/\/accesolatino.org\/beneficiarios-de-daca-reciben-residencia-legal-gracias-a-su-padrastro\/orgullo-latino\/#primaryimage"},"thumbnailUrl":"https:\/\/accesolatino.org\/wp-content\/uploads\/2017\/10\/Beneficiarios-de-DACA-reciben-residencia-legal-gracias-a-su-padrastro.jpg","datePublished":"2017-10-26T15:04:43+00:00","dateModified":"2025-10-27T20:00:29+00:00","description":"Los sue\u00f1os no terminaron, siguieron sus instintos y su coraz\u00f3n y hoy tienen lo que necesitaban para estar tranquilos.","breadcrumb":{"@id":"https:\/\/accesolatino.org\/beneficiarios-de-daca-reciben-residencia-legal-gracias-a-su-padrastro\/orgullo-latino\/#breadcrumb"},"inLanguage":"en-US","potentialAction":[{"@type":"ReadAction","target":["https:\/\/accesolatino.org\/beneficiarios-de-daca-reciben-residencia-legal-gracias-a-su-padrastro\/orgullo-latino\/"]}]},{"@type":"ImageObject","inLanguage":"en-US","@id":"https:\/\/accesolatino.org\/beneficiarios-de-daca-reciben-residencia-legal-gracias-a-su-padrastro\/orgullo-latino\/#primaryimage","url":"https:\/\/accesolatino.org\/wp-content\/uploads\/2017\/10\/Beneficiarios-de-DACA-reciben-residencia-legal-gracias-a-su-padrastro.jpg","contentUrl":"https:\/\/accesolatino.org\/wp-content\/uploads\/2017\/10\/Beneficiarios-de-DACA-reciben-residencia-legal-gracias-a-su-padrastro.jpg","width":"600","height":"400","caption":"Beneficiarios-de-DACA-reciben-residencia-legal-gracias-a-su-padrastro"},{"@type":"BreadcrumbList","@id":"https:\/\/accesolatino.org\/beneficiarios-de-daca-reciben-residencia-legal-gracias-a-su-padrastro\/orgullo-latino\/#breadcrumb","itemListElement":[{"@type":"ListItem","position":1,"name":"Portada","item":"https:\/\/accesolatino.org\/"},{"@type":"ListItem","position":2,"name":"Orgullo Latino","item":"https:\/\/accesolatino.org\/category\/orgullo-latino\/"},{"@type":"ListItem","position":3,"name":"Beneficiarios de DACA reciben residencia legal gracias a su padrastro"}]},{"@type":"WebSite","@id":"https:\/\/accesolatino.org\/#website","url":"https:\/\/accesolatino.org\/","name":"Acceso Latino | Fundaci\u00f3n Carlos Slim","description":"Fundaci\u00f3n Carlos Slim","publisher":{"@id":"https:\/\/accesolatino.org\/#organization"},"potentialAction":[{"@type":"SearchAction","target":{"@type":"EntryPoint","urlTemplate":"https:\/\/accesolatino.org\/?s={search_term_string}"},"query-input":{"@type":"PropertyValueSpecification","valueRequired":true,"valueName":"search_term_string"}}],"inLanguage":"en-US"},{"@type":"Organization","@id":"https:\/\/accesolatino.org\/#organization","name":"Acceso Latino | Fundaci\u00f3n Carlos Slim","url":"https:\/\/accesolatino.org\/","logo":{"@type":"ImageObject","inLanguage":"en-US","@id":"https:\/\/accesolatino.org\/#\/schema\/logo\/image\/","url":"https:\/\/accesolatino.org\/wp-content\/uploads\/2021\/02\/logo-footer-acceso-latino.png","contentUrl":"https:\/\/accesolatino.org\/wp-content\/uploads\/2021\/02\/logo-footer-acceso-latino.png","width":240,"height":40,"caption":"Acceso Latino | Fundaci\u00f3n Carlos Slim"},"image":{"@id":"https:\/\/accesolatino.org\/#\/schema\/logo\/image\/"},"sameAs":["https:\/\/www.facebook.com\/AccesoLatinoOrg","https:\/\/x.com\/FAccLatino"]},{"@type":"Person","@id":"https:\/\/accesolatino.org\/#\/schema\/person\/57bc3bfd2c357610a5255490ca4cd305","name":"News"}]}},"_links":{"self":[{"href":"https:\/\/accesolatino.org\/en\/wp-json\/wp\/v2\/posts\/10655","targetHints":{"allow":["GET"]}}],"collection":[{"href":"https:\/\/accesolatino.org\/en\/wp-json\/wp\/v2\/posts"}],"about":[{"href":"https:\/\/accesolatino.org\/en\/wp-json\/wp\/v2\/types\/post"}],"author":[{"embeddable":true,"href":"https:\/\/accesolatino.org\/en\/wp-json\/wp\/v2\/users\/13"}],"replies":[{"embeddable":true,"href":"https:\/\/accesolatino.org\/en\/wp-json\/wp\/v2\/comments?post=10655"}],"version-history":[{"count":1,"href":"https:\/\/accesolatino.org\/en\/wp-json\/wp\/v2\/posts\/10655\/revisions"}],"predecessor-version":[{"id":66821,"href":"https:\/\/accesolatino.org\/en\/wp-json\/wp\/v2\/posts\/10655\/revisions\/66821"}],"wp:featuredmedia":[{"embeddable":true,"href":"https:\/\/accesolatino.org\/en\/wp-json\/wp\/v2\/media\/10656"}],"wp:attachment":[{"href":"https:\/\/accesolatino.org\/en\/wp-json\/wp\/v2\/media?parent=10655"}],"wp:term":[{"taxonomy":"category","embeddable":true,"href":"https:\/\/accesolatino.org\/en\/wp-json\/wp\/v2\/categories?post=10655"},{"taxonomy":"post_tag","embeddable":true,"href":"https:\/\/accesolatino.org\/en\/wp-json\/wp\/v2\/tags?post=10655"}],"curies":[{"name":"wp","href":"https:\/\/api.w.org\/{rel}","templated":true}]}}