{"id":10631,"date":"2017-10-24T09:57:06","date_gmt":"2017-10-24T14:57:06","guid":{"rendered":"https:\/\/accesolatino.org\/?p=10631"},"modified":"2025-10-27T14:05:39","modified_gmt":"2025-10-27T20:05:39","slug":"francisco-rodriguez-de-hijo-de-inmigrantes-a-rector-del-mayor-distrito-de-colegios-del-pais","status":"publish","type":"post","link":"https:\/\/accesolatino.org\/en\/francisco-rodriguez-de-hijo-de-inmigrantes-a-rector-del-mayor-distrito-de-colegios-del-pais\/orgullo-latino\/","title":{"rendered":"Francisco Rodr\u00edguez: De hijo de inmigrantes a rector del mayor distrito de colegios del pa\u00eds"},"content":{"rendered":"<p>El distrito de colegios comunitarios de Los \u00c1ngeles (LACCD) est\u00e1 considerado como el mayor distrito de colegios del pa\u00eds y abarca nueve colegios, que van desde Woodland Hills y Sylmar, hasta Los \u00c1ngeles y Wilmington. M\u00e1s de 135,000 estudiantes acuden a sus aulas, ya sea para iniciar una carrera, para aprender un oficio, o para ampliar su educaci\u00f3n. M\u00e1s del 56% de ellos es de origen latino.<\/p>\n<p>En 2014, el doctor Francisco Rodr\u00edguez fue nombrado rector de LACCD. El hijo de inmigrantes mexicanos, quien previamente se desempe\u00f1\u00f3 como Superintendente y Presidente del distrito escolar de Mira Costa y como Presidente de Consumnes River College, no olvida sus or\u00edgenes y sus ra\u00edces hispanas.<\/p>\n<p>\u201cMis padres son oriundos de La Barranca de Santa Clara, en Jalisco, M\u00e9xico\u201d, record\u00f3 el educador. Su padre lleg\u00f3 a San Francisco, California, en los a\u00f1os 40 y, a los a\u00f1os, lo siguieron su madre y sus hermanas.<\/p>\n<p>\u201cVengo de una familia binacional. En momentos como estos, en los que se vive un clima de ignorancia y hostilidad hacia los inmigrantes, yo siento orgullo de mis padres. Como tantos otros inmigrantes que llegan al pa\u00eds, su \u00fanica misi\u00f3n era trabajar y ganarse la vida de manera honesta\u201d, se\u00f1al\u00f3.<\/p>\n<p>Rodr\u00edguez cont\u00f3 que durante 35 a\u00f1os, su padre trabaj\u00f3 en una f\u00e1brica, y su madre, en una lavander\u00eda industrial.<\/p>\n<p>\u201cPor m\u00e1s de 30 a\u00f1os, mi madre trabaj\u00f3 de pie, lavando los manteles de restaurantes lujosos en San Francisco. Ni ella, ni mi padre jam\u00e1s perdieron un d\u00eda de trabajo\u201d, describi\u00f3, ejemplificando el esfuerzo de los inmigrantes que laboran para ofrecerles a sus familias una vida mejor .<\/p>\n<p>\u00bfC\u00f3mo se siente haber crecido rodeado de hermanas mujeres?<\/p>\n<p>\u201cYo dir\u00eda que me ense\u00f1aron bien\u201d, respondi\u00f3 riendo. \u201cCrec\u00ed rodeado de mujeres fuertes, y es por ello, que siento tanto respeto por la mujer. Gracias a mi madre y a mis hermanas aprend\u00ed, entre muchas cosas, a apreciar el esfuerzo que realizan las mujeres, su resistencia \u00fanica y su valor\u201d, remarc\u00f3.<\/p>\n<p>Rodr\u00edguez destac\u00f3 las cualidades de las familias latinas inmigrantes como la suya.<\/p>\n<p>\u201cEn mi familia, somos como los nopales, no nos rajamos por nada\u201d, dijo riendo. \u201cMis padres y mis abuelos siempre nos inculcaron el valor de la educaci\u00f3n, del esfuerzo y del trabajo duro, de la fuerza que existe en la persistencia. Nos transmitieron la importancia de ser resistentes frente a las adversidades, y por sobre todas las cosas, nos inculcaron el valor de tratar a todos con respeto e integridad\u201d.<\/p>\n<p>De ingeniero a profesor<\/p>\n<p>De ni\u00f1o, Rodr\u00edguez so\u00f1aba con ser ingeniero civil y sent\u00eda pasi\u00f3n por los edificios, por las estructuras de puentes y otras obras de ingenier\u00eda. No fue hasta sus a\u00f1os de estudiante en la universidad, que descubri\u00f3 su vocaci\u00f3n de educador, luego de que le ofrecieran ser tutor de matem\u00e1tica de otros estudiantes.<\/p>\n<p>\u201cCuando empec\u00e9 a ense\u00f1ar, inmediatamente descubr\u00ed el poder que tiene la educaci\u00f3n\u201d, comparti\u00f3. \u201cLa educaci\u00f3n es definitivamente una de las herramientas m\u00e1s poderosas que tenemos en la sociedad\u201d. Desde entonces, Rodr\u00edguez edific\u00f3 su trayectoria de 30 a\u00f1os de liderazgo en el sector educativo.<\/p>\n<p>\u00bfQu\u00e9 significa ser latino?<\/p>\n<p>\u201cYo dir\u00eda que cada fibra de mi cuerpo siente orgullo de mis ra\u00edces latinas y es por ello que nunca quise perder mi lenguaje\u201d, asegur\u00f3.<\/p>\n<p>\u201cMi vida no empez\u00f3 el d\u00eda que nac\u00ed. Cuando llegamos a este mundo, ya traemos una herencia fuerte. Los latinos venimos de personas inteligentes, que ya conoc\u00edan la tierra, sab\u00edan interpretar las estrellas y conoc\u00edan de astrolog\u00eda\u201d, se\u00f1al\u00f3. \u201cLos latinos somos Am\u00e9rica. Fue la frontera la que nos cruz\u00f3, nosotros no cruzamos la frontera. Y es precisamente esa identidad, ese orgullo, lo que nos hace fuertes y nos mantiene de pie en tiempos dif\u00edciles\u201d, concluy\u00f3.<\/p>\n<p><em>Fuente: El Diario NY<\/em><\/p>","protected":false},"excerpt":{"rendered":"<p>El distrito de colegios comunitarios de Los \u00c1ngeles (LACCD) est\u00e1 considerado como el mayor distrito de colegios del pa\u00eds y abarca nueve colegios, que van desde Woodland Hills y Sylmar, hasta Los \u00c1ngeles y Wilmington. M\u00e1s de 135,000 estudiantes acuden a sus aulas, ya sea para iniciar una carrera, para aprender un oficio, o para ampliar su educaci\u00f3n. M\u00e1s del 56% de ellos es de origen latino. En 2014, el doctor Francisco Rodr\u00edguez fue nombrado rector de LACCD. El hijo de inmigrantes mexicanos, quien previamente se desempe\u00f1\u00f3 como Superintendente y Presidente del distrito escolar de Mira Costa y como Presidente de Consumnes River College, no olvida sus or\u00edgenes y sus ra\u00edces hispanas. \u201cMis padres son oriundos de La Barranca de Santa Clara, en Jalisco, M\u00e9xico\u201d, record\u00f3 el educador. Su padre lleg\u00f3 a San Francisco, California, en los a\u00f1os 40 y, a los a\u00f1os, lo siguieron su madre y sus hermanas. \u201cVengo de una familia binacional. En momentos como estos, en los que se vive un clima de ignorancia y hostilidad hacia los inmigrantes, yo siento orgullo de mis padres. Como tantos otros inmigrantes que llegan al pa\u00eds, su \u00fanica misi\u00f3n era trabajar y ganarse la vida de manera honesta\u201d, se\u00f1al\u00f3. Rodr\u00edguez cont\u00f3 que durante 35 a\u00f1os, su padre trabaj\u00f3 en una f\u00e1brica, y su madre, en una lavander\u00eda industrial. \u201cPor m\u00e1s de 30 a\u00f1os, mi madre trabaj\u00f3 de pie, lavando los manteles de restaurantes lujosos en San Francisco. Ni ella, ni mi padre jam\u00e1s perdieron un d\u00eda de trabajo\u201d, describi\u00f3, ejemplificando el esfuerzo de los inmigrantes que laboran para ofrecerles a sus familias una vida mejor . \u00bfC\u00f3mo se siente haber crecido rodeado de hermanas mujeres? \u201cYo dir\u00eda que me ense\u00f1aron bien\u201d, respondi\u00f3 riendo. \u201cCrec\u00ed rodeado de mujeres fuertes, y es por ello, que siento tanto respeto por la mujer. Gracias a mi madre y a mis hermanas aprend\u00ed, entre muchas cosas, a apreciar el esfuerzo que realizan las mujeres, su resistencia \u00fanica y su valor\u201d, remarc\u00f3. Rodr\u00edguez destac\u00f3 las cualidades de las familias latinas inmigrantes como la suya. \u201cEn mi familia, somos como los nopales, no nos rajamos por nada\u201d, dijo riendo. \u201cMis padres y mis abuelos siempre nos inculcaron el valor de la educaci\u00f3n, del esfuerzo y del trabajo duro, de la fuerza que existe en la persistencia. Nos transmitieron la importancia de ser resistentes frente a las adversidades, y por sobre todas las cosas, nos inculcaron el valor de tratar a todos con respeto e integridad\u201d. De ingeniero a profesor De ni\u00f1o, Rodr\u00edguez so\u00f1aba con ser ingeniero civil y sent\u00eda pasi\u00f3n por los edificios, por las estructuras de puentes y otras obras de ingenier\u00eda. No fue hasta sus a\u00f1os de estudiante en la universidad, que descubri\u00f3 su vocaci\u00f3n de educador, luego de que le ofrecieran ser tutor de matem\u00e1tica de otros estudiantes. \u201cCuando empec\u00e9 a ense\u00f1ar, inmediatamente descubr\u00ed el poder que tiene la educaci\u00f3n\u201d, comparti\u00f3. \u201cLa educaci\u00f3n es definitivamente una de las herramientas m\u00e1s poderosas que tenemos en la sociedad\u201d. Desde entonces, Rodr\u00edguez edific\u00f3 su trayectoria de 30 a\u00f1os de liderazgo en el sector educativo. \u00bfQu\u00e9 significa ser latino? \u201cYo dir\u00eda que cada fibra de mi cuerpo siente orgullo de mis ra\u00edces latinas y es por ello que nunca quise perder mi lenguaje\u201d, asegur\u00f3. \u201cMi vida no empez\u00f3 el d\u00eda que nac\u00ed. Cuando llegamos a este mundo, ya traemos una herencia fuerte. Los latinos venimos de personas inteligentes, que ya conoc\u00edan la tierra, sab\u00edan interpretar las estrellas y conoc\u00edan de astrolog\u00eda\u201d, se\u00f1al\u00f3. \u201cLos latinos somos Am\u00e9rica. Fue la frontera la que nos cruz\u00f3, nosotros no cruzamos la frontera. Y es precisamente esa identidad, ese orgullo, lo que nos hace fuertes y nos mantiene de pie en tiempos dif\u00edciles\u201d, concluy\u00f3. Fuente: El Diario NY<\/p>","protected":false},"author":13,"featured_media":10632,"comment_status":"open","ping_status":"open","sticky":false,"template":"","format":"standard","meta":{"_uf_show_specific_survey":0,"_uf_disable_surveys":false,"footnotes":""},"categories":[9],"tags":[],"class_list":["post-10631","post","type-post","status-publish","format-standard","has-post-thumbnail","hentry","category-orgullo-latino"],"aioseo_notices":[],"yoast_head":"<!-- This site is optimized with the Yoast SEO plugin v27.5 - https:\/\/yoast.com\/product\/yoast-seo-wordpress\/ -->\n<title>Francisco Rodr\u00edguez: De hijo de inmigrantes a rector del mayor distrito...<\/title>\n<meta name=\"description\" content=\"LACCD est\u00e1 considerado como el mayor distrito de colegios del pa\u00eds y abarca nueve colegios, m\u00e1s del 56% de los alumnos son de origen latino.\" \/>\n<meta name=\"robots\" content=\"index, follow, max-snippet:-1, max-image-preview:large, max-video-preview:-1\" \/>\n<link rel=\"canonical\" href=\"https:\/\/accesolatino.org\/en\/francisco-rodriguez-de-hijo-de-inmigrantes-a-rector-del-mayor-distrito-de-colegios-del-pais\/orgullo-latino\/\" \/>\n<meta property=\"og:locale\" content=\"en_US\" \/>\n<meta property=\"og:type\" content=\"article\" \/>\n<meta property=\"og:title\" content=\"Francisco Rodr\u00edguez: De hijo de inmigrantes a rector del mayor distrito...\" \/>\n<meta property=\"og:description\" content=\"LACCD est\u00e1 considerado como el mayor distrito de colegios del pa\u00eds y abarca nueve colegios, m\u00e1s del 56% de los alumnos son de origen latino.\" \/>\n<meta property=\"og:url\" content=\"https:\/\/accesolatino.org\/en\/francisco-rodriguez-de-hijo-de-inmigrantes-a-rector-del-mayor-distrito-de-colegios-del-pais\/orgullo-latino\/\" \/>\n<meta property=\"og:site_name\" content=\"Acceso Latino\" \/>\n<meta property=\"article:publisher\" content=\"https:\/\/www.facebook.com\/AccesoLatinoOrg\" \/>\n<meta property=\"article:published_time\" content=\"2017-10-24T14:57:06+00:00\" \/>\n<meta property=\"article:modified_time\" content=\"2025-10-27T20:05:39+00:00\" \/>\n<meta property=\"og:image\" content=\"https:\/\/accesolatino.org\/wp-content\/uploads\/2017\/10\/Francisco-Rodriguez-De-hijo-de-inmigrantes-a-rector-del-mayor-distrito-de-colegios-del-pais.jpg\" \/>\n\t<meta property=\"og:image:width\" content=\"600\" \/>\n\t<meta property=\"og:image:height\" content=\"777\" \/>\n\t<meta property=\"og:image:type\" content=\"image\/jpeg\" \/>\n<meta name=\"author\" content=\"Noticias\" \/>\n<meta name=\"twitter:card\" content=\"summary_large_image\" \/>\n<meta name=\"twitter:creator\" content=\"@FAccLatino\" \/>\n<meta name=\"twitter:site\" content=\"@FAccLatino\" \/>\n<meta name=\"twitter:label1\" content=\"Written by\" \/>\n\t<meta name=\"twitter:data1\" content=\"Noticias\" \/>\n\t<meta name=\"twitter:label2\" content=\"Est. reading time\" \/>\n\t<meta name=\"twitter:data2\" content=\"4 minutes\" \/>\n<script type=\"application\/ld+json\" class=\"yoast-schema-graph\">{\"@context\":\"https:\\\/\\\/schema.org\",\"@graph\":[{\"@type\":\"Article\",\"@id\":\"https:\\\/\\\/accesolatino.org\\\/francisco-rodriguez-de-hijo-de-inmigrantes-a-rector-del-mayor-distrito-de-colegios-del-pais\\\/orgullo-latino\\\/#article\",\"isPartOf\":{\"@id\":\"https:\\\/\\\/accesolatino.org\\\/francisco-rodriguez-de-hijo-de-inmigrantes-a-rector-del-mayor-distrito-de-colegios-del-pais\\\/orgullo-latino\\\/\"},\"author\":{\"name\":\"Noticias\",\"@id\":\"https:\\\/\\\/accesolatino.org\\\/#\\\/schema\\\/person\\\/57bc3bfd2c357610a5255490ca4cd305\"},\"headline\":\"Francisco Rodr\u00edguez: De hijo de inmigrantes a rector del mayor distrito de colegios del pa\u00eds\",\"datePublished\":\"2017-10-24T14:57:06+00:00\",\"dateModified\":\"2025-10-27T20:05:39+00:00\",\"mainEntityOfPage\":{\"@id\":\"https:\\\/\\\/accesolatino.org\\\/francisco-rodriguez-de-hijo-de-inmigrantes-a-rector-del-mayor-distrito-de-colegios-del-pais\\\/orgullo-latino\\\/\"},\"wordCount\":676,\"commentCount\":0,\"publisher\":{\"@id\":\"https:\\\/\\\/accesolatino.org\\\/#organization\"},\"image\":{\"@id\":\"https:\\\/\\\/accesolatino.org\\\/francisco-rodriguez-de-hijo-de-inmigrantes-a-rector-del-mayor-distrito-de-colegios-del-pais\\\/orgullo-latino\\\/#primaryimage\"},\"thumbnailUrl\":\"https:\\\/\\\/accesolatino.org\\\/wp-content\\\/uploads\\\/2017\\\/10\\\/Francisco-Rodriguez-De-hijo-de-inmigrantes-a-rector-del-mayor-distrito-de-colegios-del-pais.jpg\",\"articleSection\":[\"Orgullo Latino\"],\"inLanguage\":\"en-US\",\"potentialAction\":[{\"@type\":\"CommentAction\",\"name\":\"Comment\",\"target\":[\"https:\\\/\\\/accesolatino.org\\\/francisco-rodriguez-de-hijo-de-inmigrantes-a-rector-del-mayor-distrito-de-colegios-del-pais\\\/orgullo-latino\\\/#respond\"]}]},{\"@type\":\"WebPage\",\"@id\":\"https:\\\/\\\/accesolatino.org\\\/francisco-rodriguez-de-hijo-de-inmigrantes-a-rector-del-mayor-distrito-de-colegios-del-pais\\\/orgullo-latino\\\/\",\"url\":\"https:\\\/\\\/accesolatino.org\\\/francisco-rodriguez-de-hijo-de-inmigrantes-a-rector-del-mayor-distrito-de-colegios-del-pais\\\/orgullo-latino\\\/\",\"name\":\"Francisco Rodr\u00edguez: De hijo de inmigrantes a rector del mayor distrito...\",\"isPartOf\":{\"@id\":\"https:\\\/\\\/accesolatino.org\\\/#website\"},\"primaryImageOfPage\":{\"@id\":\"https:\\\/\\\/accesolatino.org\\\/francisco-rodriguez-de-hijo-de-inmigrantes-a-rector-del-mayor-distrito-de-colegios-del-pais\\\/orgullo-latino\\\/#primaryimage\"},\"image\":{\"@id\":\"https:\\\/\\\/accesolatino.org\\\/francisco-rodriguez-de-hijo-de-inmigrantes-a-rector-del-mayor-distrito-de-colegios-del-pais\\\/orgullo-latino\\\/#primaryimage\"},\"thumbnailUrl\":\"https:\\\/\\\/accesolatino.org\\\/wp-content\\\/uploads\\\/2017\\\/10\\\/Francisco-Rodriguez-De-hijo-de-inmigrantes-a-rector-del-mayor-distrito-de-colegios-del-pais.jpg\",\"datePublished\":\"2017-10-24T14:57:06+00:00\",\"dateModified\":\"2025-10-27T20:05:39+00:00\",\"description\":\"LACCD est\u00e1 considerado como el mayor distrito de colegios del pa\u00eds y abarca nueve colegios, m\u00e1s del 56% de los alumnos son de origen latino.\",\"breadcrumb\":{\"@id\":\"https:\\\/\\\/accesolatino.org\\\/francisco-rodriguez-de-hijo-de-inmigrantes-a-rector-del-mayor-distrito-de-colegios-del-pais\\\/orgullo-latino\\\/#breadcrumb\"},\"inLanguage\":\"en-US\",\"potentialAction\":[{\"@type\":\"ReadAction\",\"target\":[\"https:\\\/\\\/accesolatino.org\\\/francisco-rodriguez-de-hijo-de-inmigrantes-a-rector-del-mayor-distrito-de-colegios-del-pais\\\/orgullo-latino\\\/\"]}]},{\"@type\":\"ImageObject\",\"inLanguage\":\"en-US\",\"@id\":\"https:\\\/\\\/accesolatino.org\\\/francisco-rodriguez-de-hijo-de-inmigrantes-a-rector-del-mayor-distrito-de-colegios-del-pais\\\/orgullo-latino\\\/#primaryimage\",\"url\":\"https:\\\/\\\/accesolatino.org\\\/wp-content\\\/uploads\\\/2017\\\/10\\\/Francisco-Rodriguez-De-hijo-de-inmigrantes-a-rector-del-mayor-distrito-de-colegios-del-pais.jpg\",\"contentUrl\":\"https:\\\/\\\/accesolatino.org\\\/wp-content\\\/uploads\\\/2017\\\/10\\\/Francisco-Rodriguez-De-hijo-de-inmigrantes-a-rector-del-mayor-distrito-de-colegios-del-pais.jpg\",\"width\":\"600\",\"height\":\"777\",\"caption\":\"Francisco-Rodriguez-De-hijo-de-inmigrantes-a-rector-del-mayor-distrito-de-colegios-del-pais\"},{\"@type\":\"BreadcrumbList\",\"@id\":\"https:\\\/\\\/accesolatino.org\\\/francisco-rodriguez-de-hijo-de-inmigrantes-a-rector-del-mayor-distrito-de-colegios-del-pais\\\/orgullo-latino\\\/#breadcrumb\",\"itemListElement\":[{\"@type\":\"ListItem\",\"position\":1,\"name\":\"Portada\",\"item\":\"https:\\\/\\\/accesolatino.org\\\/\"},{\"@type\":\"ListItem\",\"position\":2,\"name\":\"Orgullo Latino\",\"item\":\"https:\\\/\\\/accesolatino.org\\\/category\\\/orgullo-latino\\\/\"},{\"@type\":\"ListItem\",\"position\":3,\"name\":\"Francisco Rodr\u00edguez: De hijo de inmigrantes a rector del mayor distrito de colegios del pa\u00eds\"}]},{\"@type\":\"WebSite\",\"@id\":\"https:\\\/\\\/accesolatino.org\\\/#website\",\"url\":\"https:\\\/\\\/accesolatino.org\\\/\",\"name\":\"Acceso Latino | Fundaci\u00f3n Carlos Slim\",\"description\":\"Fundaci\u00f3n Carlos Slim\",\"publisher\":{\"@id\":\"https:\\\/\\\/accesolatino.org\\\/#organization\"},\"potentialAction\":[{\"@type\":\"SearchAction\",\"target\":{\"@type\":\"EntryPoint\",\"urlTemplate\":\"https:\\\/\\\/accesolatino.org\\\/?s={search_term_string}\"},\"query-input\":{\"@type\":\"PropertyValueSpecification\",\"valueRequired\":true,\"valueName\":\"search_term_string\"}}],\"inLanguage\":\"en-US\"},{\"@type\":\"Organization\",\"@id\":\"https:\\\/\\\/accesolatino.org\\\/#organization\",\"name\":\"Acceso Latino | Fundaci\u00f3n Carlos Slim\",\"url\":\"https:\\\/\\\/accesolatino.org\\\/\",\"logo\":{\"@type\":\"ImageObject\",\"inLanguage\":\"en-US\",\"@id\":\"https:\\\/\\\/accesolatino.org\\\/#\\\/schema\\\/logo\\\/image\\\/\",\"url\":\"https:\\\/\\\/accesolatino.org\\\/wp-content\\\/uploads\\\/2021\\\/02\\\/logo-footer-acceso-latino.png\",\"contentUrl\":\"https:\\\/\\\/accesolatino.org\\\/wp-content\\\/uploads\\\/2021\\\/02\\\/logo-footer-acceso-latino.png\",\"width\":240,\"height\":40,\"caption\":\"Acceso Latino | Fundaci\u00f3n Carlos Slim\"},\"image\":{\"@id\":\"https:\\\/\\\/accesolatino.org\\\/#\\\/schema\\\/logo\\\/image\\\/\"},\"sameAs\":[\"https:\\\/\\\/www.facebook.com\\\/AccesoLatinoOrg\",\"https:\\\/\\\/x.com\\\/FAccLatino\"]},{\"@type\":\"Person\",\"@id\":\"https:\\\/\\\/accesolatino.org\\\/#\\\/schema\\\/person\\\/57bc3bfd2c357610a5255490ca4cd305\",\"name\":\"Noticias\"}]}<\/script>\n<!-- \/ Yoast SEO plugin. -->","yoast_head_json":{"title":"Francisco Rodr\u00edguez: De hijo de inmigrantes a rector del mayor distrito...","description":"LACCD est\u00e1 considerado como el mayor distrito de colegios del pa\u00eds y abarca nueve colegios, m\u00e1s del 56% de los alumnos son de origen latino.","robots":{"index":"index","follow":"follow","max-snippet":"max-snippet:-1","max-image-preview":"max-image-preview:large","max-video-preview":"max-video-preview:-1"},"canonical":"https:\/\/accesolatino.org\/en\/francisco-rodriguez-de-hijo-de-inmigrantes-a-rector-del-mayor-distrito-de-colegios-del-pais\/orgullo-latino\/","og_locale":"en_US","og_type":"article","og_title":"Francisco Rodr\u00edguez: De hijo de inmigrantes a rector del mayor distrito...","og_description":"LACCD est\u00e1 considerado como el mayor distrito de colegios del pa\u00eds y abarca nueve colegios, m\u00e1s del 56% de los alumnos son de origen latino.","og_url":"https:\/\/accesolatino.org\/en\/francisco-rodriguez-de-hijo-de-inmigrantes-a-rector-del-mayor-distrito-de-colegios-del-pais\/orgullo-latino\/","og_site_name":"Acceso Latino","article_publisher":"https:\/\/www.facebook.com\/AccesoLatinoOrg","article_published_time":"2017-10-24T14:57:06+00:00","article_modified_time":"2025-10-27T20:05:39+00:00","og_image":[{"width":600,"height":777,"url":"https:\/\/accesolatino.org\/wp-content\/uploads\/2017\/10\/Francisco-Rodriguez-De-hijo-de-inmigrantes-a-rector-del-mayor-distrito-de-colegios-del-pais.jpg","type":"image\/jpeg"}],"author":"Noticias","twitter_card":"summary_large_image","twitter_creator":"@FAccLatino","twitter_site":"@FAccLatino","twitter_misc":{"Written by":"Noticias","Est. reading time":"4 minutes"},"schema":{"@context":"https:\/\/schema.org","@graph":[{"@type":"Article","@id":"https:\/\/accesolatino.org\/francisco-rodriguez-de-hijo-de-inmigrantes-a-rector-del-mayor-distrito-de-colegios-del-pais\/orgullo-latino\/#article","isPartOf":{"@id":"https:\/\/accesolatino.org\/francisco-rodriguez-de-hijo-de-inmigrantes-a-rector-del-mayor-distrito-de-colegios-del-pais\/orgullo-latino\/"},"author":{"name":"Noticias","@id":"https:\/\/accesolatino.org\/#\/schema\/person\/57bc3bfd2c357610a5255490ca4cd305"},"headline":"Francisco Rodr\u00edguez: De hijo de inmigrantes a rector del mayor distrito de colegios del pa\u00eds","datePublished":"2017-10-24T14:57:06+00:00","dateModified":"2025-10-27T20:05:39+00:00","mainEntityOfPage":{"@id":"https:\/\/accesolatino.org\/francisco-rodriguez-de-hijo-de-inmigrantes-a-rector-del-mayor-distrito-de-colegios-del-pais\/orgullo-latino\/"},"wordCount":676,"commentCount":0,"publisher":{"@id":"https:\/\/accesolatino.org\/#organization"},"image":{"@id":"https:\/\/accesolatino.org\/francisco-rodriguez-de-hijo-de-inmigrantes-a-rector-del-mayor-distrito-de-colegios-del-pais\/orgullo-latino\/#primaryimage"},"thumbnailUrl":"https:\/\/accesolatino.org\/wp-content\/uploads\/2017\/10\/Francisco-Rodriguez-De-hijo-de-inmigrantes-a-rector-del-mayor-distrito-de-colegios-del-pais.jpg","articleSection":["Orgullo Latino"],"inLanguage":"en-US","potentialAction":[{"@type":"CommentAction","name":"Comment","target":["https:\/\/accesolatino.org\/francisco-rodriguez-de-hijo-de-inmigrantes-a-rector-del-mayor-distrito-de-colegios-del-pais\/orgullo-latino\/#respond"]}]},{"@type":"WebPage","@id":"https:\/\/accesolatino.org\/francisco-rodriguez-de-hijo-de-inmigrantes-a-rector-del-mayor-distrito-de-colegios-del-pais\/orgullo-latino\/","url":"https:\/\/accesolatino.org\/francisco-rodriguez-de-hijo-de-inmigrantes-a-rector-del-mayor-distrito-de-colegios-del-pais\/orgullo-latino\/","name":"Francisco Rodr\u00edguez: De hijo de inmigrantes a rector del mayor distrito...","isPartOf":{"@id":"https:\/\/accesolatino.org\/#website"},"primaryImageOfPage":{"@id":"https:\/\/accesolatino.org\/francisco-rodriguez-de-hijo-de-inmigrantes-a-rector-del-mayor-distrito-de-colegios-del-pais\/orgullo-latino\/#primaryimage"},"image":{"@id":"https:\/\/accesolatino.org\/francisco-rodriguez-de-hijo-de-inmigrantes-a-rector-del-mayor-distrito-de-colegios-del-pais\/orgullo-latino\/#primaryimage"},"thumbnailUrl":"https:\/\/accesolatino.org\/wp-content\/uploads\/2017\/10\/Francisco-Rodriguez-De-hijo-de-inmigrantes-a-rector-del-mayor-distrito-de-colegios-del-pais.jpg","datePublished":"2017-10-24T14:57:06+00:00","dateModified":"2025-10-27T20:05:39+00:00","description":"LACCD est\u00e1 considerado como el mayor distrito de colegios del pa\u00eds y abarca nueve colegios, m\u00e1s del 56% de los alumnos son de origen latino.","breadcrumb":{"@id":"https:\/\/accesolatino.org\/francisco-rodriguez-de-hijo-de-inmigrantes-a-rector-del-mayor-distrito-de-colegios-del-pais\/orgullo-latino\/#breadcrumb"},"inLanguage":"en-US","potentialAction":[{"@type":"ReadAction","target":["https:\/\/accesolatino.org\/francisco-rodriguez-de-hijo-de-inmigrantes-a-rector-del-mayor-distrito-de-colegios-del-pais\/orgullo-latino\/"]}]},{"@type":"ImageObject","inLanguage":"en-US","@id":"https:\/\/accesolatino.org\/francisco-rodriguez-de-hijo-de-inmigrantes-a-rector-del-mayor-distrito-de-colegios-del-pais\/orgullo-latino\/#primaryimage","url":"https:\/\/accesolatino.org\/wp-content\/uploads\/2017\/10\/Francisco-Rodriguez-De-hijo-de-inmigrantes-a-rector-del-mayor-distrito-de-colegios-del-pais.jpg","contentUrl":"https:\/\/accesolatino.org\/wp-content\/uploads\/2017\/10\/Francisco-Rodriguez-De-hijo-de-inmigrantes-a-rector-del-mayor-distrito-de-colegios-del-pais.jpg","width":"600","height":"777","caption":"Francisco-Rodriguez-De-hijo-de-inmigrantes-a-rector-del-mayor-distrito-de-colegios-del-pais"},{"@type":"BreadcrumbList","@id":"https:\/\/accesolatino.org\/francisco-rodriguez-de-hijo-de-inmigrantes-a-rector-del-mayor-distrito-de-colegios-del-pais\/orgullo-latino\/#breadcrumb","itemListElement":[{"@type":"ListItem","position":1,"name":"Portada","item":"https:\/\/accesolatino.org\/"},{"@type":"ListItem","position":2,"name":"Orgullo Latino","item":"https:\/\/accesolatino.org\/category\/orgullo-latino\/"},{"@type":"ListItem","position":3,"name":"Francisco Rodr\u00edguez: De hijo de inmigrantes a rector del mayor distrito de colegios del pa\u00eds"}]},{"@type":"WebSite","@id":"https:\/\/accesolatino.org\/#website","url":"https:\/\/accesolatino.org\/","name":"Acceso Latino | Fundaci\u00f3n Carlos Slim","description":"Fundaci\u00f3n Carlos Slim","publisher":{"@id":"https:\/\/accesolatino.org\/#organization"},"potentialAction":[{"@type":"SearchAction","target":{"@type":"EntryPoint","urlTemplate":"https:\/\/accesolatino.org\/?s={search_term_string}"},"query-input":{"@type":"PropertyValueSpecification","valueRequired":true,"valueName":"search_term_string"}}],"inLanguage":"en-US"},{"@type":"Organization","@id":"https:\/\/accesolatino.org\/#organization","name":"Acceso Latino | Fundaci\u00f3n Carlos Slim","url":"https:\/\/accesolatino.org\/","logo":{"@type":"ImageObject","inLanguage":"en-US","@id":"https:\/\/accesolatino.org\/#\/schema\/logo\/image\/","url":"https:\/\/accesolatino.org\/wp-content\/uploads\/2021\/02\/logo-footer-acceso-latino.png","contentUrl":"https:\/\/accesolatino.org\/wp-content\/uploads\/2021\/02\/logo-footer-acceso-latino.png","width":240,"height":40,"caption":"Acceso Latino | Fundaci\u00f3n Carlos Slim"},"image":{"@id":"https:\/\/accesolatino.org\/#\/schema\/logo\/image\/"},"sameAs":["https:\/\/www.facebook.com\/AccesoLatinoOrg","https:\/\/x.com\/FAccLatino"]},{"@type":"Person","@id":"https:\/\/accesolatino.org\/#\/schema\/person\/57bc3bfd2c357610a5255490ca4cd305","name":"News"}]}},"_links":{"self":[{"href":"https:\/\/accesolatino.org\/en\/wp-json\/wp\/v2\/posts\/10631","targetHints":{"allow":["GET"]}}],"collection":[{"href":"https:\/\/accesolatino.org\/en\/wp-json\/wp\/v2\/posts"}],"about":[{"href":"https:\/\/accesolatino.org\/en\/wp-json\/wp\/v2\/types\/post"}],"author":[{"embeddable":true,"href":"https:\/\/accesolatino.org\/en\/wp-json\/wp\/v2\/users\/13"}],"replies":[{"embeddable":true,"href":"https:\/\/accesolatino.org\/en\/wp-json\/wp\/v2\/comments?post=10631"}],"version-history":[{"count":1,"href":"https:\/\/accesolatino.org\/en\/wp-json\/wp\/v2\/posts\/10631\/revisions"}],"predecessor-version":[{"id":66826,"href":"https:\/\/accesolatino.org\/en\/wp-json\/wp\/v2\/posts\/10631\/revisions\/66826"}],"wp:featuredmedia":[{"embeddable":true,"href":"https:\/\/accesolatino.org\/en\/wp-json\/wp\/v2\/media\/10632"}],"wp:attachment":[{"href":"https:\/\/accesolatino.org\/en\/wp-json\/wp\/v2\/media?parent=10631"}],"wp:term":[{"taxonomy":"category","embeddable":true,"href":"https:\/\/accesolatino.org\/en\/wp-json\/wp\/v2\/categories?post=10631"},{"taxonomy":"post_tag","embeddable":true,"href":"https:\/\/accesolatino.org\/en\/wp-json\/wp\/v2\/tags?post=10631"}],"curies":[{"name":"wp","href":"https:\/\/api.w.org\/{rel}","templated":true}]}}