{"id":10625,"date":"2017-10-23T11:18:56","date_gmt":"2017-10-23T16:18:56","guid":{"rendered":"https:\/\/accesolatino.org\/?p=10625"},"modified":"2025-10-27T14:05:51","modified_gmt":"2025-10-27T20:05:51","slug":"ingeniera-colombiana-protege-de-la-radiacion-cosmica-a-nuevas-naves-de-nasa","status":"publish","type":"post","link":"https:\/\/accesolatino.org\/en\/ingeniera-colombiana-protege-de-la-radiacion-cosmica-a-nuevas-naves-de-nasa\/orgullo-latino\/","title":{"rendered":"Ingeniera colombiana protege de la radiaci\u00f3n c\u00f3smica a nuevas naves de NASA"},"content":{"rendered":"<p>Luz Mar\u00eda Mart\u00ednez, ingeniera colombiana de JPL-NASA, optimiza las naves espaciales con una \u201cprotecci\u00f3n contra radiaci\u00f3n\u201d c\u00f3smica para asegurar el resguardo de componentes sensibles en la sonda que estudiar\u00e1 Europa, una de las lunas de J\u00fapiter.<\/p>\n<p>La misi\u00f3n espacial Europa Clipper de JPL-NASA, cuyo lanzamiento est\u00e1 programado para 2025 y su llegada al menos cinco a\u00f1os m\u00e1s tarde, es el proyecto al que la especialista del Laboratorio de Propulsi\u00f3n de la NASA (JPL-NASA) en Pasadena, California, concentra su esfuerzo para evitar que los rayos c\u00f3smicos puedan da\u00f1ar la nave.<\/p>\n<p>\u201cEl espacio exterior est\u00e1 lleno de part\u00edculas energ\u00e9ticas que en una nave podr\u00edan afectar circuitos electr\u00f3nicos, borrar una memoria del computador, apagar un interruptor, encenderlo u ocasionar otros errores perjudiciales para la misi\u00f3n\u201d, dijo la ingeniera de ambientes espaciales.<\/p>\n<p>\u201cPor eso, desde mi computadora trabajamos de forma interactiva, con ingenieros de dise\u00f1o para preparar naves espaciales y as\u00ed protegerlas mejor en esos ambientes tan hostiles, con el fin de asegurar que sobrevivir\u00e1n\u201d, describi\u00f3 en su base en Pasadena, California.<\/p>\n<p>Europa Clipper orbitar\u00e1 J\u00fapiter y ser\u00e1 programada para pasar 45 veces a baja altura de la luna \u201ccongelada\u201d para completar nueve misiones cient\u00edficas, como realizar una cartograf\u00eda detallada, conocer la composici\u00f3n de la superficie con ubicaci\u00f3n de componentes minerales u \u201corg\u00e1nicos\u201d y un radar de penetraci\u00f3n del hielo para averiguar si en el fondo hay agua l\u00edquida, entre otros.<\/p>\n<p>Los cient\u00edficos quieren indagar si en Europa hay formas elementales de vida y esta nave ampliar\u00e1 los conocimientos sobre esta luna que envi\u00f3 la sonda Galileo desde 1995.<\/p>\n<p>Para entender las fuerzas qu\u00e9 podr\u00edan afectar la nave en la cercan\u00eda a Europa la ingeniera Mart\u00ednez revisa la informaci\u00f3n enviada tambi\u00e9n por la sonda Juno, en \u00f3rbita polar de J\u00fapiter desde julio de 2016 para \u201caprender sobre la atm\u00f3sfera y el campo magn\u00e9tico que est\u00e1 conectado a Europa\u201d, indic\u00f3.<\/p>\n<p>\u201cTenemos programas de computadoras para simular todo\u201d, revel\u00f3 la ingeniera sobre el ambiente gal\u00e1ctico para evaluar la protecci\u00f3n adecuada para la nave espacial y as\u00ed recomendar materiales espec\u00edficos, por ejemplo \u201csi s\u00f3lo es necesario usar aluminio u otro metal fuerte como titanio\u201d.<\/p>\n<p>Adem\u00e1s, cont\u00f3 Mart\u00ednez, para crear mayor protecci\u00f3n al cerebro de la nave optimizan una especie \u201cde caja fuerte\u201d contra la radiaci\u00f3n c\u00f3smica.<\/p>\n<p><em>Fuente: EFE<\/em><\/p>","protected":false},"excerpt":{"rendered":"<p>Luz Mar\u00eda Mart\u00ednez, ingeniera colombiana de JPL-NASA, optimiza las naves espaciales con una \u201cprotecci\u00f3n contra radiaci\u00f3n\u201d c\u00f3smica para asegurar el resguardo de componentes sensibles en la sonda que estudiar\u00e1 Europa, una de las lunas de J\u00fapiter. La misi\u00f3n espacial Europa Clipper de JPL-NASA, cuyo lanzamiento est\u00e1 programado para 2025 y su llegada al menos cinco a\u00f1os m\u00e1s tarde, es el proyecto al que la especialista del Laboratorio de Propulsi\u00f3n de la NASA (JPL-NASA) en Pasadena, California, concentra su esfuerzo para evitar que los rayos c\u00f3smicos puedan da\u00f1ar la nave. \u201cEl espacio exterior est\u00e1 lleno de part\u00edculas energ\u00e9ticas que en una nave podr\u00edan afectar circuitos electr\u00f3nicos, borrar una memoria del computador, apagar un interruptor, encenderlo u ocasionar otros errores perjudiciales para la misi\u00f3n\u201d, dijo la ingeniera de ambientes espaciales. \u201cPor eso, desde mi computadora trabajamos de forma interactiva, con ingenieros de dise\u00f1o para preparar naves espaciales y as\u00ed protegerlas mejor en esos ambientes tan hostiles, con el fin de asegurar que sobrevivir\u00e1n\u201d, describi\u00f3 en su base en Pasadena, California. Europa Clipper orbitar\u00e1 J\u00fapiter y ser\u00e1 programada para pasar 45 veces a baja altura de la luna \u201ccongelada\u201d para completar nueve misiones cient\u00edficas, como realizar una cartograf\u00eda detallada, conocer la composici\u00f3n de la superficie con ubicaci\u00f3n de componentes minerales u \u201corg\u00e1nicos\u201d y un radar de penetraci\u00f3n del hielo para averiguar si en el fondo hay agua l\u00edquida, entre otros. Los cient\u00edficos quieren indagar si en Europa hay formas elementales de vida y esta nave ampliar\u00e1 los conocimientos sobre esta luna que envi\u00f3 la sonda Galileo desde 1995. Para entender las fuerzas qu\u00e9 podr\u00edan afectar la nave en la cercan\u00eda a Europa la ingeniera Mart\u00ednez revisa la informaci\u00f3n enviada tambi\u00e9n por la sonda Juno, en \u00f3rbita polar de J\u00fapiter desde julio de 2016 para \u201caprender sobre la atm\u00f3sfera y el campo magn\u00e9tico que est\u00e1 conectado a Europa\u201d, indic\u00f3. \u201cTenemos programas de computadoras para simular todo\u201d, revel\u00f3 la ingeniera sobre el ambiente gal\u00e1ctico para evaluar la protecci\u00f3n adecuada para la nave espacial y as\u00ed recomendar materiales espec\u00edficos, por ejemplo \u201csi s\u00f3lo es necesario usar aluminio u otro metal fuerte como titanio\u201d. Adem\u00e1s, cont\u00f3 Mart\u00ednez, para crear mayor protecci\u00f3n al cerebro de la nave optimizan una especie \u201cde caja fuerte\u201d contra la radiaci\u00f3n c\u00f3smica. Fuente: EFE<\/p>","protected":false},"author":13,"featured_media":10626,"comment_status":"open","ping_status":"open","sticky":false,"template":"","format":"standard","meta":{"_uf_show_specific_survey":0,"_uf_disable_surveys":false,"footnotes":""},"categories":[9],"tags":[],"class_list":["post-10625","post","type-post","status-publish","format-standard","has-post-thumbnail","hentry","category-orgullo-latino"],"aioseo_notices":[],"yoast_head":"<!-- This site is optimized with the Yoast SEO plugin v27.5 - https:\/\/yoast.com\/product\/yoast-seo-wordpress\/ -->\n<title>Ingeniera colombiana protege de la radiaci\u00f3n c\u00f3smica a nuevas naves...<\/title>\n<meta name=\"description\" content=\"Luz Mar\u00eda Mart\u00ednez, ingeniera colombiana de JPL-NASA, optimiza las naves espaciales con una \u201cprotecci\u00f3n contra radiaci\u00f3n\u201d c\u00f3smica\" \/>\n<meta name=\"robots\" content=\"index, follow, max-snippet:-1, max-image-preview:large, max-video-preview:-1\" \/>\n<link rel=\"canonical\" href=\"https:\/\/accesolatino.org\/en\/ingeniera-colombiana-protege-de-la-radiacion-cosmica-a-nuevas-naves-de-nasa\/orgullo-latino\/\" \/>\n<meta property=\"og:locale\" content=\"en_US\" \/>\n<meta property=\"og:type\" content=\"article\" \/>\n<meta property=\"og:title\" content=\"Ingeniera colombiana protege de la radiaci\u00f3n c\u00f3smica a nuevas naves...\" \/>\n<meta property=\"og:description\" content=\"Luz Mar\u00eda Mart\u00ednez, ingeniera colombiana de JPL-NASA, optimiza las naves espaciales con una \u201cprotecci\u00f3n contra radiaci\u00f3n\u201d c\u00f3smica\" \/>\n<meta property=\"og:url\" content=\"https:\/\/accesolatino.org\/en\/ingeniera-colombiana-protege-de-la-radiacion-cosmica-a-nuevas-naves-de-nasa\/orgullo-latino\/\" \/>\n<meta property=\"og:site_name\" content=\"Acceso Latino\" \/>\n<meta property=\"article:publisher\" content=\"https:\/\/www.facebook.com\/AccesoLatinoOrg\" \/>\n<meta property=\"article:published_time\" content=\"2017-10-23T16:18:56+00:00\" \/>\n<meta property=\"article:modified_time\" content=\"2025-10-27T20:05:51+00:00\" \/>\n<meta property=\"og:image\" content=\"https:\/\/accesolatino.org\/wp-content\/uploads\/2017\/10\/Ingeniera-colombiana-protege-de-la-radiacion-cosmica-a-nuevas-naves-de-NASA.jpg\" \/>\n\t<meta property=\"og:image:width\" content=\"600\" \/>\n\t<meta property=\"og:image:height\" content=\"401\" \/>\n\t<meta property=\"og:image:type\" content=\"image\/jpeg\" \/>\n<meta name=\"author\" content=\"Noticias\" \/>\n<meta name=\"twitter:card\" content=\"summary_large_image\" \/>\n<meta name=\"twitter:creator\" content=\"@FAccLatino\" \/>\n<meta name=\"twitter:site\" content=\"@FAccLatino\" \/>\n<meta name=\"twitter:label1\" content=\"Written by\" \/>\n\t<meta name=\"twitter:data1\" content=\"Noticias\" \/>\n\t<meta name=\"twitter:label2\" content=\"Est. reading time\" \/>\n\t<meta name=\"twitter:data2\" content=\"2 minutes\" \/>\n<script type=\"application\/ld+json\" class=\"yoast-schema-graph\">{\"@context\":\"https:\\\/\\\/schema.org\",\"@graph\":[{\"@type\":\"Article\",\"@id\":\"https:\\\/\\\/accesolatino.org\\\/ingeniera-colombiana-protege-de-la-radiacion-cosmica-a-nuevas-naves-de-nasa\\\/orgullo-latino\\\/#article\",\"isPartOf\":{\"@id\":\"https:\\\/\\\/accesolatino.org\\\/ingeniera-colombiana-protege-de-la-radiacion-cosmica-a-nuevas-naves-de-nasa\\\/orgullo-latino\\\/\"},\"author\":{\"name\":\"Noticias\",\"@id\":\"https:\\\/\\\/accesolatino.org\\\/#\\\/schema\\\/person\\\/57bc3bfd2c357610a5255490ca4cd305\"},\"headline\":\"Ingeniera colombiana protege de la radiaci\u00f3n c\u00f3smica a nuevas naves de NASA\",\"datePublished\":\"2017-10-23T16:18:56+00:00\",\"dateModified\":\"2025-10-27T20:05:51+00:00\",\"mainEntityOfPage\":{\"@id\":\"https:\\\/\\\/accesolatino.org\\\/ingeniera-colombiana-protege-de-la-radiacion-cosmica-a-nuevas-naves-de-nasa\\\/orgullo-latino\\\/\"},\"wordCount\":426,\"commentCount\":0,\"publisher\":{\"@id\":\"https:\\\/\\\/accesolatino.org\\\/#organization\"},\"image\":{\"@id\":\"https:\\\/\\\/accesolatino.org\\\/ingeniera-colombiana-protege-de-la-radiacion-cosmica-a-nuevas-naves-de-nasa\\\/orgullo-latino\\\/#primaryimage\"},\"thumbnailUrl\":\"https:\\\/\\\/accesolatino.org\\\/wp-content\\\/uploads\\\/2017\\\/10\\\/Ingeniera-colombiana-protege-de-la-radiacion-cosmica-a-nuevas-naves-de-NASA.jpg\",\"articleSection\":[\"Orgullo Latino\"],\"inLanguage\":\"en-US\",\"potentialAction\":[{\"@type\":\"CommentAction\",\"name\":\"Comment\",\"target\":[\"https:\\\/\\\/accesolatino.org\\\/ingeniera-colombiana-protege-de-la-radiacion-cosmica-a-nuevas-naves-de-nasa\\\/orgullo-latino\\\/#respond\"]}]},{\"@type\":\"WebPage\",\"@id\":\"https:\\\/\\\/accesolatino.org\\\/ingeniera-colombiana-protege-de-la-radiacion-cosmica-a-nuevas-naves-de-nasa\\\/orgullo-latino\\\/\",\"url\":\"https:\\\/\\\/accesolatino.org\\\/ingeniera-colombiana-protege-de-la-radiacion-cosmica-a-nuevas-naves-de-nasa\\\/orgullo-latino\\\/\",\"name\":\"Ingeniera colombiana protege de la radiaci\u00f3n c\u00f3smica a nuevas naves...\",\"isPartOf\":{\"@id\":\"https:\\\/\\\/accesolatino.org\\\/#website\"},\"primaryImageOfPage\":{\"@id\":\"https:\\\/\\\/accesolatino.org\\\/ingeniera-colombiana-protege-de-la-radiacion-cosmica-a-nuevas-naves-de-nasa\\\/orgullo-latino\\\/#primaryimage\"},\"image\":{\"@id\":\"https:\\\/\\\/accesolatino.org\\\/ingeniera-colombiana-protege-de-la-radiacion-cosmica-a-nuevas-naves-de-nasa\\\/orgullo-latino\\\/#primaryimage\"},\"thumbnailUrl\":\"https:\\\/\\\/accesolatino.org\\\/wp-content\\\/uploads\\\/2017\\\/10\\\/Ingeniera-colombiana-protege-de-la-radiacion-cosmica-a-nuevas-naves-de-NASA.jpg\",\"datePublished\":\"2017-10-23T16:18:56+00:00\",\"dateModified\":\"2025-10-27T20:05:51+00:00\",\"description\":\"Luz Mar\u00eda Mart\u00ednez, ingeniera colombiana de JPL-NASA, optimiza las naves espaciales con una \u201cprotecci\u00f3n contra radiaci\u00f3n\u201d c\u00f3smica\",\"breadcrumb\":{\"@id\":\"https:\\\/\\\/accesolatino.org\\\/ingeniera-colombiana-protege-de-la-radiacion-cosmica-a-nuevas-naves-de-nasa\\\/orgullo-latino\\\/#breadcrumb\"},\"inLanguage\":\"en-US\",\"potentialAction\":[{\"@type\":\"ReadAction\",\"target\":[\"https:\\\/\\\/accesolatino.org\\\/ingeniera-colombiana-protege-de-la-radiacion-cosmica-a-nuevas-naves-de-nasa\\\/orgullo-latino\\\/\"]}]},{\"@type\":\"ImageObject\",\"inLanguage\":\"en-US\",\"@id\":\"https:\\\/\\\/accesolatino.org\\\/ingeniera-colombiana-protege-de-la-radiacion-cosmica-a-nuevas-naves-de-nasa\\\/orgullo-latino\\\/#primaryimage\",\"url\":\"https:\\\/\\\/accesolatino.org\\\/wp-content\\\/uploads\\\/2017\\\/10\\\/Ingeniera-colombiana-protege-de-la-radiacion-cosmica-a-nuevas-naves-de-NASA.jpg\",\"contentUrl\":\"https:\\\/\\\/accesolatino.org\\\/wp-content\\\/uploads\\\/2017\\\/10\\\/Ingeniera-colombiana-protege-de-la-radiacion-cosmica-a-nuevas-naves-de-NASA.jpg\",\"width\":\"600\",\"height\":\"401\",\"caption\":\"Ingeniera-colombiana-protege-de-la-radiacion-cosmica-a-nuevas-naves-de-NASA\"},{\"@type\":\"BreadcrumbList\",\"@id\":\"https:\\\/\\\/accesolatino.org\\\/ingeniera-colombiana-protege-de-la-radiacion-cosmica-a-nuevas-naves-de-nasa\\\/orgullo-latino\\\/#breadcrumb\",\"itemListElement\":[{\"@type\":\"ListItem\",\"position\":1,\"name\":\"Portada\",\"item\":\"https:\\\/\\\/accesolatino.org\\\/\"},{\"@type\":\"ListItem\",\"position\":2,\"name\":\"Orgullo Latino\",\"item\":\"https:\\\/\\\/accesolatino.org\\\/category\\\/orgullo-latino\\\/\"},{\"@type\":\"ListItem\",\"position\":3,\"name\":\"Ingeniera colombiana protege de la radiaci\u00f3n c\u00f3smica a nuevas naves de NASA\"}]},{\"@type\":\"WebSite\",\"@id\":\"https:\\\/\\\/accesolatino.org\\\/#website\",\"url\":\"https:\\\/\\\/accesolatino.org\\\/\",\"name\":\"Acceso Latino | Fundaci\u00f3n Carlos Slim\",\"description\":\"Fundaci\u00f3n Carlos Slim\",\"publisher\":{\"@id\":\"https:\\\/\\\/accesolatino.org\\\/#organization\"},\"potentialAction\":[{\"@type\":\"SearchAction\",\"target\":{\"@type\":\"EntryPoint\",\"urlTemplate\":\"https:\\\/\\\/accesolatino.org\\\/?s={search_term_string}\"},\"query-input\":{\"@type\":\"PropertyValueSpecification\",\"valueRequired\":true,\"valueName\":\"search_term_string\"}}],\"inLanguage\":\"en-US\"},{\"@type\":\"Organization\",\"@id\":\"https:\\\/\\\/accesolatino.org\\\/#organization\",\"name\":\"Acceso Latino | Fundaci\u00f3n Carlos Slim\",\"url\":\"https:\\\/\\\/accesolatino.org\\\/\",\"logo\":{\"@type\":\"ImageObject\",\"inLanguage\":\"en-US\",\"@id\":\"https:\\\/\\\/accesolatino.org\\\/#\\\/schema\\\/logo\\\/image\\\/\",\"url\":\"https:\\\/\\\/accesolatino.org\\\/wp-content\\\/uploads\\\/2021\\\/02\\\/logo-footer-acceso-latino.png\",\"contentUrl\":\"https:\\\/\\\/accesolatino.org\\\/wp-content\\\/uploads\\\/2021\\\/02\\\/logo-footer-acceso-latino.png\",\"width\":240,\"height\":40,\"caption\":\"Acceso Latino | Fundaci\u00f3n Carlos Slim\"},\"image\":{\"@id\":\"https:\\\/\\\/accesolatino.org\\\/#\\\/schema\\\/logo\\\/image\\\/\"},\"sameAs\":[\"https:\\\/\\\/www.facebook.com\\\/AccesoLatinoOrg\",\"https:\\\/\\\/x.com\\\/FAccLatino\"]},{\"@type\":\"Person\",\"@id\":\"https:\\\/\\\/accesolatino.org\\\/#\\\/schema\\\/person\\\/57bc3bfd2c357610a5255490ca4cd305\",\"name\":\"Noticias\"}]}<\/script>\n<!-- \/ Yoast SEO plugin. -->","yoast_head_json":{"title":"Ingeniera colombiana protege de la radiaci\u00f3n c\u00f3smica a nuevas naves...","description":"Luz Mar\u00eda Mart\u00ednez, ingeniera colombiana de JPL-NASA, optimiza las naves espaciales con una \u201cprotecci\u00f3n contra radiaci\u00f3n\u201d c\u00f3smica","robots":{"index":"index","follow":"follow","max-snippet":"max-snippet:-1","max-image-preview":"max-image-preview:large","max-video-preview":"max-video-preview:-1"},"canonical":"https:\/\/accesolatino.org\/en\/ingeniera-colombiana-protege-de-la-radiacion-cosmica-a-nuevas-naves-de-nasa\/orgullo-latino\/","og_locale":"en_US","og_type":"article","og_title":"Ingeniera colombiana protege de la radiaci\u00f3n c\u00f3smica a nuevas naves...","og_description":"Luz Mar\u00eda Mart\u00ednez, ingeniera colombiana de JPL-NASA, optimiza las naves espaciales con una \u201cprotecci\u00f3n contra radiaci\u00f3n\u201d c\u00f3smica","og_url":"https:\/\/accesolatino.org\/en\/ingeniera-colombiana-protege-de-la-radiacion-cosmica-a-nuevas-naves-de-nasa\/orgullo-latino\/","og_site_name":"Acceso Latino","article_publisher":"https:\/\/www.facebook.com\/AccesoLatinoOrg","article_published_time":"2017-10-23T16:18:56+00:00","article_modified_time":"2025-10-27T20:05:51+00:00","og_image":[{"width":600,"height":401,"url":"https:\/\/accesolatino.org\/wp-content\/uploads\/2017\/10\/Ingeniera-colombiana-protege-de-la-radiacion-cosmica-a-nuevas-naves-de-NASA.jpg","type":"image\/jpeg"}],"author":"Noticias","twitter_card":"summary_large_image","twitter_creator":"@FAccLatino","twitter_site":"@FAccLatino","twitter_misc":{"Written by":"Noticias","Est. reading time":"2 minutes"},"schema":{"@context":"https:\/\/schema.org","@graph":[{"@type":"Article","@id":"https:\/\/accesolatino.org\/ingeniera-colombiana-protege-de-la-radiacion-cosmica-a-nuevas-naves-de-nasa\/orgullo-latino\/#article","isPartOf":{"@id":"https:\/\/accesolatino.org\/ingeniera-colombiana-protege-de-la-radiacion-cosmica-a-nuevas-naves-de-nasa\/orgullo-latino\/"},"author":{"name":"Noticias","@id":"https:\/\/accesolatino.org\/#\/schema\/person\/57bc3bfd2c357610a5255490ca4cd305"},"headline":"Ingeniera colombiana protege de la radiaci\u00f3n c\u00f3smica a nuevas naves de NASA","datePublished":"2017-10-23T16:18:56+00:00","dateModified":"2025-10-27T20:05:51+00:00","mainEntityOfPage":{"@id":"https:\/\/accesolatino.org\/ingeniera-colombiana-protege-de-la-radiacion-cosmica-a-nuevas-naves-de-nasa\/orgullo-latino\/"},"wordCount":426,"commentCount":0,"publisher":{"@id":"https:\/\/accesolatino.org\/#organization"},"image":{"@id":"https:\/\/accesolatino.org\/ingeniera-colombiana-protege-de-la-radiacion-cosmica-a-nuevas-naves-de-nasa\/orgullo-latino\/#primaryimage"},"thumbnailUrl":"https:\/\/accesolatino.org\/wp-content\/uploads\/2017\/10\/Ingeniera-colombiana-protege-de-la-radiacion-cosmica-a-nuevas-naves-de-NASA.jpg","articleSection":["Orgullo Latino"],"inLanguage":"en-US","potentialAction":[{"@type":"CommentAction","name":"Comment","target":["https:\/\/accesolatino.org\/ingeniera-colombiana-protege-de-la-radiacion-cosmica-a-nuevas-naves-de-nasa\/orgullo-latino\/#respond"]}]},{"@type":"WebPage","@id":"https:\/\/accesolatino.org\/ingeniera-colombiana-protege-de-la-radiacion-cosmica-a-nuevas-naves-de-nasa\/orgullo-latino\/","url":"https:\/\/accesolatino.org\/ingeniera-colombiana-protege-de-la-radiacion-cosmica-a-nuevas-naves-de-nasa\/orgullo-latino\/","name":"Ingeniera colombiana protege de la radiaci\u00f3n c\u00f3smica a nuevas naves...","isPartOf":{"@id":"https:\/\/accesolatino.org\/#website"},"primaryImageOfPage":{"@id":"https:\/\/accesolatino.org\/ingeniera-colombiana-protege-de-la-radiacion-cosmica-a-nuevas-naves-de-nasa\/orgullo-latino\/#primaryimage"},"image":{"@id":"https:\/\/accesolatino.org\/ingeniera-colombiana-protege-de-la-radiacion-cosmica-a-nuevas-naves-de-nasa\/orgullo-latino\/#primaryimage"},"thumbnailUrl":"https:\/\/accesolatino.org\/wp-content\/uploads\/2017\/10\/Ingeniera-colombiana-protege-de-la-radiacion-cosmica-a-nuevas-naves-de-NASA.jpg","datePublished":"2017-10-23T16:18:56+00:00","dateModified":"2025-10-27T20:05:51+00:00","description":"Luz Mar\u00eda Mart\u00ednez, ingeniera colombiana de JPL-NASA, optimiza las naves espaciales con una \u201cprotecci\u00f3n contra radiaci\u00f3n\u201d c\u00f3smica","breadcrumb":{"@id":"https:\/\/accesolatino.org\/ingeniera-colombiana-protege-de-la-radiacion-cosmica-a-nuevas-naves-de-nasa\/orgullo-latino\/#breadcrumb"},"inLanguage":"en-US","potentialAction":[{"@type":"ReadAction","target":["https:\/\/accesolatino.org\/ingeniera-colombiana-protege-de-la-radiacion-cosmica-a-nuevas-naves-de-nasa\/orgullo-latino\/"]}]},{"@type":"ImageObject","inLanguage":"en-US","@id":"https:\/\/accesolatino.org\/ingeniera-colombiana-protege-de-la-radiacion-cosmica-a-nuevas-naves-de-nasa\/orgullo-latino\/#primaryimage","url":"https:\/\/accesolatino.org\/wp-content\/uploads\/2017\/10\/Ingeniera-colombiana-protege-de-la-radiacion-cosmica-a-nuevas-naves-de-NASA.jpg","contentUrl":"https:\/\/accesolatino.org\/wp-content\/uploads\/2017\/10\/Ingeniera-colombiana-protege-de-la-radiacion-cosmica-a-nuevas-naves-de-NASA.jpg","width":"600","height":"401","caption":"Ingeniera-colombiana-protege-de-la-radiacion-cosmica-a-nuevas-naves-de-NASA"},{"@type":"BreadcrumbList","@id":"https:\/\/accesolatino.org\/ingeniera-colombiana-protege-de-la-radiacion-cosmica-a-nuevas-naves-de-nasa\/orgullo-latino\/#breadcrumb","itemListElement":[{"@type":"ListItem","position":1,"name":"Portada","item":"https:\/\/accesolatino.org\/"},{"@type":"ListItem","position":2,"name":"Orgullo Latino","item":"https:\/\/accesolatino.org\/category\/orgullo-latino\/"},{"@type":"ListItem","position":3,"name":"Ingeniera colombiana protege de la radiaci\u00f3n c\u00f3smica a nuevas naves de NASA"}]},{"@type":"WebSite","@id":"https:\/\/accesolatino.org\/#website","url":"https:\/\/accesolatino.org\/","name":"Acceso Latino | Fundaci\u00f3n Carlos Slim","description":"Fundaci\u00f3n Carlos Slim","publisher":{"@id":"https:\/\/accesolatino.org\/#organization"},"potentialAction":[{"@type":"SearchAction","target":{"@type":"EntryPoint","urlTemplate":"https:\/\/accesolatino.org\/?s={search_term_string}"},"query-input":{"@type":"PropertyValueSpecification","valueRequired":true,"valueName":"search_term_string"}}],"inLanguage":"en-US"},{"@type":"Organization","@id":"https:\/\/accesolatino.org\/#organization","name":"Acceso Latino | Fundaci\u00f3n Carlos Slim","url":"https:\/\/accesolatino.org\/","logo":{"@type":"ImageObject","inLanguage":"en-US","@id":"https:\/\/accesolatino.org\/#\/schema\/logo\/image\/","url":"https:\/\/accesolatino.org\/wp-content\/uploads\/2021\/02\/logo-footer-acceso-latino.png","contentUrl":"https:\/\/accesolatino.org\/wp-content\/uploads\/2021\/02\/logo-footer-acceso-latino.png","width":240,"height":40,"caption":"Acceso Latino | Fundaci\u00f3n Carlos Slim"},"image":{"@id":"https:\/\/accesolatino.org\/#\/schema\/logo\/image\/"},"sameAs":["https:\/\/www.facebook.com\/AccesoLatinoOrg","https:\/\/x.com\/FAccLatino"]},{"@type":"Person","@id":"https:\/\/accesolatino.org\/#\/schema\/person\/57bc3bfd2c357610a5255490ca4cd305","name":"News"}]}},"_links":{"self":[{"href":"https:\/\/accesolatino.org\/en\/wp-json\/wp\/v2\/posts\/10625","targetHints":{"allow":["GET"]}}],"collection":[{"href":"https:\/\/accesolatino.org\/en\/wp-json\/wp\/v2\/posts"}],"about":[{"href":"https:\/\/accesolatino.org\/en\/wp-json\/wp\/v2\/types\/post"}],"author":[{"embeddable":true,"href":"https:\/\/accesolatino.org\/en\/wp-json\/wp\/v2\/users\/13"}],"replies":[{"embeddable":true,"href":"https:\/\/accesolatino.org\/en\/wp-json\/wp\/v2\/comments?post=10625"}],"version-history":[{"count":1,"href":"https:\/\/accesolatino.org\/en\/wp-json\/wp\/v2\/posts\/10625\/revisions"}],"predecessor-version":[{"id":66828,"href":"https:\/\/accesolatino.org\/en\/wp-json\/wp\/v2\/posts\/10625\/revisions\/66828"}],"wp:featuredmedia":[{"embeddable":true,"href":"https:\/\/accesolatino.org\/en\/wp-json\/wp\/v2\/media\/10626"}],"wp:attachment":[{"href":"https:\/\/accesolatino.org\/en\/wp-json\/wp\/v2\/media?parent=10625"}],"wp:term":[{"taxonomy":"category","embeddable":true,"href":"https:\/\/accesolatino.org\/en\/wp-json\/wp\/v2\/categories?post=10625"},{"taxonomy":"post_tag","embeddable":true,"href":"https:\/\/accesolatino.org\/en\/wp-json\/wp\/v2\/tags?post=10625"}],"curies":[{"name":"wp","href":"https:\/\/api.w.org\/{rel}","templated":true}]}}