{"id":10615,"date":"2017-10-20T09:35:00","date_gmt":"2017-10-20T14:35:00","guid":{"rendered":"https:\/\/accesolatino.org\/?p=10615"},"modified":"2025-10-27T14:14:33","modified_gmt":"2025-10-27T20:14:33","slug":"jovenes-inmigrantes-y-refugiados-pagaran-colegiaturas-de-residentes-en-california-bajo-nueva-ley","status":"publish","type":"post","link":"https:\/\/accesolatino.org\/en\/jovenes-inmigrantes-y-refugiados-pagaran-colegiaturas-de-residentes-en-california-bajo-nueva-ley\/noticias\/","title":{"rendered":"J\u00f3venes inmigrantes y refugiados pagar\u00e1n colegiaturas de residentes en California bajo nueva ley"},"content":{"rendered":"<p>El sue\u00f1o de Mateo Nicol\u00e1s Francisco Esteban de ir a la universidad se ve m\u00e1s cerca bajo una nueva ley que va a permitir que j\u00f3venes refugiados y quienes tienen visas de inmigrante especial paguen las mismas colegiaturas que los residentes en los colegios comunitarios de California.<\/p>\n<p>\u201cPrimero quiero terminar la secundaria para despu\u00e9s ir al colegio comunitario. Ahora estoy pensando qu\u00e9 estudiar\u201d, dice el joven mientras refriega con fuerza un auto que limpia para el negocio de lavado de carros en el que trabaja en Los \u00c1ngeles.<\/p>\n<p>\u201cVivo con unos primos. A m\u00ed nadie me ayuda. Fui a la secundaria por unos siete meses pero ya no pude. Tengo que trabajar\u201d, argument\u00f3.<\/p>\n<p>Francisco Esteban, quien reci\u00e9n cumpli\u00f3 18 a\u00f1os, lleg\u00f3 de Guatemala a Los \u00c1ngeles en julio de 2015. El a\u00f1o pasado obtuvo el amparo a trav\u00e9s de la visa inmigrante especial.<\/p>\n<p>\u201cLos pandilleros me ten\u00edan lleno de miedo. Me ped\u00edan cuotas mensuales, me pegaban, me correteaban. Lo peor vino cuando entraron a mi casa y violaron a mi mam\u00e1 y a una de mis hermanitas\u201d, cuenta Francisco Esteban, a quien se le dificulta expresarse en espa\u00f1ol porque su primera lengua es el dialecto maya.<\/p>\n<p>Le llev\u00f3 un mes el trayecto de Guatemala a la frontera con Estados Unidos. En Nogales, Arizona fue arrestado y llevado a una casa para menores no acompa\u00f1ados. Las autoridades de migraci\u00f3n se lo entregaron a un primo que es ciudadano estadounidense.<\/p>\n<p>A los cuatro meses despu\u00e9s de haber venido a la urbe angelina, Francisco Esteban recibi\u00f3 el asilo pol\u00edtico y un permiso de trabajo. Su sue\u00f1o de estar legalmente en Estados Unidos se le hizo realidad. El siguiente es regresar a la secundaria, aunque sea de noche. \u201cNo quiero una vida de sufrimiento por no haberme educado\u201d, confi\u00f3.<\/p>\n<p><strong>Buscan integrarlos<\/strong><\/p>\n<p>Los planes de este joven inmigrante para estudiar se le van a facilitar a partir de que el gobernador Jerry Brown hizo ley la medida AB343 de los asamble\u00edstas Kevin McCarty de Sacramento, Lorena Gonz\u00e1lez de San Diego y Adrin Nazarian de Van Nuys que autoriza a los refugiados con ciertas visas \u2013 como es el caso de Francisco Esteban \u2013 a que paguen las mismas colegiaturas que los residentes en los colegios comunitarios durante su primer a\u00f1o de residencia.<\/p>\n<p>La medida AB343 es parte de un paquete legislativo de bienvenida a los refugiados de California, y apoya a personas a quienes se les ha dado una visa como inmigrante especial debido a que han sido desplazados de sus pa\u00edses de origen debido a conflictos y guerras.<\/p>\n<p>Se estima que California es el hogar de la poblaci\u00f3n m\u00e1s grande de refugiados de Estados Unidos. En los \u00faltimos 15 a\u00f1os le ha dado la bienvenida a m\u00e1s de 112,000.<\/p>\n<p>En apoyo a los ni\u00f1os refugiados, este a\u00f1o el presupuesto estatal incluy\u00f3 10 millones de d\u00f3lares para los distritos escolares del Kinder al grado 12 para que los destinen a dar servicios de apoyo complementarios como traducci\u00f3n y consejer\u00eda.<\/p>\n<p>Los condados de Sacramento, San Diego y Los \u00c1ngeles que representan McCarthy, Gonz\u00e1lez y Nazarian, tienen la m\u00e1s alta poblaci\u00f3n de refugiados en California.<\/p>\n<p>\u201cCalifornia liderar\u00e1 con hechos, no con miedo\u201d, dijo el asamble\u00edsta McCarthy. \u201cEl hecho es que al integrar con \u00e9xito a las comunidades de refugiados, California se volver\u00e1 m\u00e1s fuerte y nuestras comunidades m\u00e1s seguras\u201d, consider\u00f3.<\/p>\n<p>La nueva ley s\u00f3lo funciona para el primer a\u00f1o en que los refugiados llegan a California porque despu\u00e9s de ese periodo ya se consideran residentes y no tienen que pagar las colegiaturas como si fueran estudiantes de fuera del estado.<\/p>\n<p>El costo de la unidad en un colegio comunitario en California es de 46 d\u00f3lares por unidad para los residentes; para los no residentes, var\u00eda por distrito, pero en promedio es de 234 d\u00f3lares por unidad.<\/p>\n<p><em>Fuente: La Opini\u00f3n.<\/em><\/p>\n\n\n<p><\/p>","protected":false},"excerpt":{"rendered":"<p>El sue\u00f1o de Mateo Nicol\u00e1s Francisco Esteban de ir a la universidad se ve m\u00e1s cerca bajo una nueva ley que va a permitir que j\u00f3venes refugiados y quienes tienen visas de inmigrante especial paguen las mismas colegiaturas que los residentes en los colegios comunitarios de California. \u201cPrimero quiero terminar la secundaria para despu\u00e9s ir al colegio comunitario. Ahora estoy pensando qu\u00e9 estudiar\u201d, dice el joven mientras refriega con fuerza un auto que limpia para el negocio de lavado de carros en el que trabaja en Los \u00c1ngeles. \u201cVivo con unos primos. A m\u00ed nadie me ayuda. Fui a la secundaria por unos siete meses pero ya no pude. Tengo que trabajar\u201d, argument\u00f3. Francisco Esteban, quien reci\u00e9n cumpli\u00f3 18 a\u00f1os, lleg\u00f3 de Guatemala a Los \u00c1ngeles en julio de 2015. El a\u00f1o pasado obtuvo el amparo a trav\u00e9s de la visa inmigrante especial. \u201cLos pandilleros me ten\u00edan lleno de miedo. Me ped\u00edan cuotas mensuales, me pegaban, me correteaban. Lo peor vino cuando entraron a mi casa y violaron a mi mam\u00e1 y a una de mis hermanitas\u201d, cuenta Francisco Esteban, a quien se le dificulta expresarse en espa\u00f1ol porque su primera lengua es el dialecto maya. Le llev\u00f3 un mes el trayecto de Guatemala a la frontera con Estados Unidos. En Nogales, Arizona fue arrestado y llevado a una casa para menores no acompa\u00f1ados. Las autoridades de migraci\u00f3n se lo entregaron a un primo que es ciudadano estadounidense. A los cuatro meses despu\u00e9s de haber venido a la urbe angelina, Francisco Esteban recibi\u00f3 el asilo pol\u00edtico y un permiso de trabajo. Su sue\u00f1o de estar legalmente en Estados Unidos se le hizo realidad. El siguiente es regresar a la secundaria, aunque sea de noche. \u201cNo quiero una vida de sufrimiento por no haberme educado\u201d, confi\u00f3. Buscan integrarlos Los planes de este joven inmigrante para estudiar se le van a facilitar a partir de que el gobernador Jerry Brown hizo ley la medida AB343 de los asamble\u00edstas Kevin McCarty de Sacramento, Lorena Gonz\u00e1lez de San Diego y Adrin Nazarian de Van Nuys que autoriza a los refugiados con ciertas visas \u2013 como es el caso de Francisco Esteban \u2013 a que paguen las mismas colegiaturas que los residentes en los colegios comunitarios durante su primer a\u00f1o de residencia. La medida AB343 es parte de un paquete legislativo de bienvenida a los refugiados de California, y apoya a personas a quienes se les ha dado una visa como inmigrante especial debido a que han sido desplazados de sus pa\u00edses de origen debido a conflictos y guerras. Se estima que California es el hogar de la poblaci\u00f3n m\u00e1s grande de refugiados de Estados Unidos. En los \u00faltimos 15 a\u00f1os le ha dado la bienvenida a m\u00e1s de 112,000. En apoyo a los ni\u00f1os refugiados, este a\u00f1o el presupuesto estatal incluy\u00f3 10 millones de d\u00f3lares para los distritos escolares del Kinder al grado 12 para que los destinen a dar servicios de apoyo complementarios como traducci\u00f3n y consejer\u00eda. Los condados de Sacramento, San Diego y Los \u00c1ngeles que representan McCarthy, Gonz\u00e1lez y Nazarian, tienen la m\u00e1s alta poblaci\u00f3n de refugiados en California. \u201cCalifornia liderar\u00e1 con hechos, no con miedo\u201d, dijo el asamble\u00edsta McCarthy. \u201cEl hecho es que al integrar con \u00e9xito a las comunidades de refugiados, California se volver\u00e1 m\u00e1s fuerte y nuestras comunidades m\u00e1s seguras\u201d, consider\u00f3. La nueva ley s\u00f3lo funciona para el primer a\u00f1o en que los refugiados llegan a California porque despu\u00e9s de ese periodo ya se consideran residentes y no tienen que pagar las colegiaturas como si fueran estudiantes de fuera del estado. El costo de la unidad en un colegio comunitario en California es de 46 d\u00f3lares por unidad para los residentes; para los no residentes, var\u00eda por distrito, pero en promedio es de 234 d\u00f3lares por unidad. Fuente: La Opini\u00f3n.<\/p>","protected":false},"author":13,"featured_media":10616,"comment_status":"open","ping_status":"open","sticky":false,"template":"","format":"standard","meta":{"_uf_show_specific_survey":0,"_uf_disable_surveys":false,"footnotes":""},"categories":[10,1],"tags":[],"class_list":["post-10615","post","type-post","status-publish","format-standard","has-post-thumbnail","hentry","category-noticias","category-temas-de-interes"],"aioseo_notices":[],"yoast_head":"<!-- This site is optimized with the Yoast SEO plugin v27.5 - https:\/\/yoast.com\/product\/yoast-seo-wordpress\/ -->\n<title>J\u00f3venes inmigrantes y refugiados pagar\u00e1n colegiaturas de residentes en California bajo nueva ley<\/title>\n<meta name=\"description\" content=\"El sue\u00f1o de Mateo Nicol\u00e1s Francisco Esteban de ir a la universidad se ve m\u00e1s cerca bajo una nueva ley\" \/>\n<meta name=\"robots\" content=\"index, follow, max-snippet:-1, max-image-preview:large, max-video-preview:-1\" \/>\n<link rel=\"canonical\" href=\"https:\/\/accesolatino.org\/en\/jovenes-inmigrantes-y-refugiados-pagaran-colegiaturas-de-residentes-en-california-bajo-nueva-ley\/noticias\/\" \/>\n<meta property=\"og:locale\" content=\"en_US\" \/>\n<meta property=\"og:type\" content=\"article\" \/>\n<meta property=\"og:title\" content=\"J\u00f3venes inmigrantes y refugiados pagar\u00e1n colegiaturas de residentes en California bajo nueva ley\" \/>\n<meta property=\"og:description\" content=\"El sue\u00f1o de Mateo Nicol\u00e1s Francisco Esteban de ir a la universidad se ve m\u00e1s cerca bajo una nueva ley\" \/>\n<meta property=\"og:url\" content=\"https:\/\/accesolatino.org\/en\/jovenes-inmigrantes-y-refugiados-pagaran-colegiaturas-de-residentes-en-california-bajo-nueva-ley\/noticias\/\" \/>\n<meta property=\"og:site_name\" content=\"Acceso Latino\" \/>\n<meta property=\"article:publisher\" content=\"https:\/\/www.facebook.com\/AccesoLatinoOrg\" \/>\n<meta property=\"article:published_time\" content=\"2017-10-20T14:35:00+00:00\" \/>\n<meta property=\"article:modified_time\" content=\"2025-10-27T20:14:33+00:00\" \/>\n<meta property=\"og:image\" content=\"https:\/\/accesolatino.org\/wp-content\/uploads\/2017\/10\/Jovenes-inmigrantes-y-refugiados-pagaran-colegiaturas-de-residentes-en-California-bajo-nueva-ley.jpg\" \/>\n\t<meta property=\"og:image:width\" content=\"600\" \/>\n\t<meta property=\"og:image:height\" content=\"332\" \/>\n\t<meta property=\"og:image:type\" content=\"image\/jpeg\" \/>\n<meta name=\"author\" content=\"Noticias\" \/>\n<meta name=\"twitter:card\" content=\"summary_large_image\" \/>\n<meta name=\"twitter:creator\" content=\"@FAccLatino\" \/>\n<meta name=\"twitter:site\" content=\"@FAccLatino\" \/>\n<meta name=\"twitter:label1\" content=\"Written by\" \/>\n\t<meta name=\"twitter:data1\" content=\"Noticias\" \/>\n\t<meta name=\"twitter:label2\" content=\"Est. reading time\" \/>\n\t<meta name=\"twitter:data2\" content=\"4 minutes\" \/>\n<script type=\"application\/ld+json\" class=\"yoast-schema-graph\">{\"@context\":\"https:\\\/\\\/schema.org\",\"@graph\":[{\"@type\":\"Article\",\"@id\":\"https:\\\/\\\/accesolatino.org\\\/jovenes-inmigrantes-y-refugiados-pagaran-colegiaturas-de-residentes-en-california-bajo-nueva-ley\\\/noticias\\\/#article\",\"isPartOf\":{\"@id\":\"https:\\\/\\\/accesolatino.org\\\/jovenes-inmigrantes-y-refugiados-pagaran-colegiaturas-de-residentes-en-california-bajo-nueva-ley\\\/noticias\\\/\"},\"author\":{\"name\":\"Noticias\",\"@id\":\"https:\\\/\\\/accesolatino.org\\\/#\\\/schema\\\/person\\\/57bc3bfd2c357610a5255490ca4cd305\"},\"headline\":\"J\u00f3venes inmigrantes y refugiados pagar\u00e1n colegiaturas de residentes en California bajo nueva ley\",\"datePublished\":\"2017-10-20T14:35:00+00:00\",\"dateModified\":\"2025-10-27T20:14:33+00:00\",\"mainEntityOfPage\":{\"@id\":\"https:\\\/\\\/accesolatino.org\\\/jovenes-inmigrantes-y-refugiados-pagaran-colegiaturas-de-residentes-en-california-bajo-nueva-ley\\\/noticias\\\/\"},\"wordCount\":680,\"commentCount\":0,\"publisher\":{\"@id\":\"https:\\\/\\\/accesolatino.org\\\/#organization\"},\"image\":{\"@id\":\"https:\\\/\\\/accesolatino.org\\\/jovenes-inmigrantes-y-refugiados-pagaran-colegiaturas-de-residentes-en-california-bajo-nueva-ley\\\/noticias\\\/#primaryimage\"},\"thumbnailUrl\":\"https:\\\/\\\/accesolatino.org\\\/wp-content\\\/uploads\\\/2017\\\/10\\\/Jovenes-inmigrantes-y-refugiados-pagaran-colegiaturas-de-residentes-en-California-bajo-nueva-ley.jpg\",\"articleSection\":[\"Noticias\",\"Temas de inter\u00e9s\"],\"inLanguage\":\"en-US\",\"potentialAction\":[{\"@type\":\"CommentAction\",\"name\":\"Comment\",\"target\":[\"https:\\\/\\\/accesolatino.org\\\/jovenes-inmigrantes-y-refugiados-pagaran-colegiaturas-de-residentes-en-california-bajo-nueva-ley\\\/noticias\\\/#respond\"]}]},{\"@type\":\"WebPage\",\"@id\":\"https:\\\/\\\/accesolatino.org\\\/jovenes-inmigrantes-y-refugiados-pagaran-colegiaturas-de-residentes-en-california-bajo-nueva-ley\\\/noticias\\\/\",\"url\":\"https:\\\/\\\/accesolatino.org\\\/jovenes-inmigrantes-y-refugiados-pagaran-colegiaturas-de-residentes-en-california-bajo-nueva-ley\\\/noticias\\\/\",\"name\":\"J\u00f3venes inmigrantes y refugiados pagar\u00e1n colegiaturas de residentes en California bajo nueva ley\",\"isPartOf\":{\"@id\":\"https:\\\/\\\/accesolatino.org\\\/#website\"},\"primaryImageOfPage\":{\"@id\":\"https:\\\/\\\/accesolatino.org\\\/jovenes-inmigrantes-y-refugiados-pagaran-colegiaturas-de-residentes-en-california-bajo-nueva-ley\\\/noticias\\\/#primaryimage\"},\"image\":{\"@id\":\"https:\\\/\\\/accesolatino.org\\\/jovenes-inmigrantes-y-refugiados-pagaran-colegiaturas-de-residentes-en-california-bajo-nueva-ley\\\/noticias\\\/#primaryimage\"},\"thumbnailUrl\":\"https:\\\/\\\/accesolatino.org\\\/wp-content\\\/uploads\\\/2017\\\/10\\\/Jovenes-inmigrantes-y-refugiados-pagaran-colegiaturas-de-residentes-en-California-bajo-nueva-ley.jpg\",\"datePublished\":\"2017-10-20T14:35:00+00:00\",\"dateModified\":\"2025-10-27T20:14:33+00:00\",\"description\":\"El sue\u00f1o de Mateo Nicol\u00e1s Francisco Esteban de ir a la universidad se ve m\u00e1s cerca bajo una nueva ley\",\"breadcrumb\":{\"@id\":\"https:\\\/\\\/accesolatino.org\\\/jovenes-inmigrantes-y-refugiados-pagaran-colegiaturas-de-residentes-en-california-bajo-nueva-ley\\\/noticias\\\/#breadcrumb\"},\"inLanguage\":\"en-US\",\"potentialAction\":[{\"@type\":\"ReadAction\",\"target\":[\"https:\\\/\\\/accesolatino.org\\\/jovenes-inmigrantes-y-refugiados-pagaran-colegiaturas-de-residentes-en-california-bajo-nueva-ley\\\/noticias\\\/\"]}]},{\"@type\":\"ImageObject\",\"inLanguage\":\"en-US\",\"@id\":\"https:\\\/\\\/accesolatino.org\\\/jovenes-inmigrantes-y-refugiados-pagaran-colegiaturas-de-residentes-en-california-bajo-nueva-ley\\\/noticias\\\/#primaryimage\",\"url\":\"https:\\\/\\\/accesolatino.org\\\/wp-content\\\/uploads\\\/2017\\\/10\\\/Jovenes-inmigrantes-y-refugiados-pagaran-colegiaturas-de-residentes-en-California-bajo-nueva-ley.jpg\",\"contentUrl\":\"https:\\\/\\\/accesolatino.org\\\/wp-content\\\/uploads\\\/2017\\\/10\\\/Jovenes-inmigrantes-y-refugiados-pagaran-colegiaturas-de-residentes-en-California-bajo-nueva-ley.jpg\",\"width\":\"600\",\"height\":\"332\",\"caption\":\"Jovenes-inmigrantes-y-refugiados-pagaran-colegiaturas-de-residentes-en-California-bajo-nueva-ley\"},{\"@type\":\"BreadcrumbList\",\"@id\":\"https:\\\/\\\/accesolatino.org\\\/jovenes-inmigrantes-y-refugiados-pagaran-colegiaturas-de-residentes-en-california-bajo-nueva-ley\\\/noticias\\\/#breadcrumb\",\"itemListElement\":[{\"@type\":\"ListItem\",\"position\":1,\"name\":\"Portada\",\"item\":\"https:\\\/\\\/accesolatino.org\\\/\"},{\"@type\":\"ListItem\",\"position\":2,\"name\":\"Noticias\",\"item\":\"https:\\\/\\\/accesolatino.org\\\/category\\\/noticias\\\/\"},{\"@type\":\"ListItem\",\"position\":3,\"name\":\"J\u00f3venes inmigrantes y refugiados pagar\u00e1n colegiaturas de residentes en California bajo nueva ley\"}]},{\"@type\":\"WebSite\",\"@id\":\"https:\\\/\\\/accesolatino.org\\\/#website\",\"url\":\"https:\\\/\\\/accesolatino.org\\\/\",\"name\":\"Acceso Latino | Fundaci\u00f3n Carlos Slim\",\"description\":\"Fundaci\u00f3n Carlos Slim\",\"publisher\":{\"@id\":\"https:\\\/\\\/accesolatino.org\\\/#organization\"},\"potentialAction\":[{\"@type\":\"SearchAction\",\"target\":{\"@type\":\"EntryPoint\",\"urlTemplate\":\"https:\\\/\\\/accesolatino.org\\\/?s={search_term_string}\"},\"query-input\":{\"@type\":\"PropertyValueSpecification\",\"valueRequired\":true,\"valueName\":\"search_term_string\"}}],\"inLanguage\":\"en-US\"},{\"@type\":\"Organization\",\"@id\":\"https:\\\/\\\/accesolatino.org\\\/#organization\",\"name\":\"Acceso Latino | Fundaci\u00f3n Carlos Slim\",\"url\":\"https:\\\/\\\/accesolatino.org\\\/\",\"logo\":{\"@type\":\"ImageObject\",\"inLanguage\":\"en-US\",\"@id\":\"https:\\\/\\\/accesolatino.org\\\/#\\\/schema\\\/logo\\\/image\\\/\",\"url\":\"https:\\\/\\\/accesolatino.org\\\/wp-content\\\/uploads\\\/2021\\\/02\\\/logo-footer-acceso-latino.png\",\"contentUrl\":\"https:\\\/\\\/accesolatino.org\\\/wp-content\\\/uploads\\\/2021\\\/02\\\/logo-footer-acceso-latino.png\",\"width\":240,\"height\":40,\"caption\":\"Acceso Latino | Fundaci\u00f3n Carlos Slim\"},\"image\":{\"@id\":\"https:\\\/\\\/accesolatino.org\\\/#\\\/schema\\\/logo\\\/image\\\/\"},\"sameAs\":[\"https:\\\/\\\/www.facebook.com\\\/AccesoLatinoOrg\",\"https:\\\/\\\/x.com\\\/FAccLatino\"]},{\"@type\":\"Person\",\"@id\":\"https:\\\/\\\/accesolatino.org\\\/#\\\/schema\\\/person\\\/57bc3bfd2c357610a5255490ca4cd305\",\"name\":\"Noticias\"}]}<\/script>\n<!-- \/ Yoast SEO plugin. -->","yoast_head_json":{"title":"J\u00f3venes inmigrantes y refugiados pagar\u00e1n colegiaturas de residentes en California bajo nueva ley","description":"El sue\u00f1o de Mateo Nicol\u00e1s Francisco Esteban de ir a la universidad se ve m\u00e1s cerca bajo una nueva ley","robots":{"index":"index","follow":"follow","max-snippet":"max-snippet:-1","max-image-preview":"max-image-preview:large","max-video-preview":"max-video-preview:-1"},"canonical":"https:\/\/accesolatino.org\/en\/jovenes-inmigrantes-y-refugiados-pagaran-colegiaturas-de-residentes-en-california-bajo-nueva-ley\/noticias\/","og_locale":"en_US","og_type":"article","og_title":"J\u00f3venes inmigrantes y refugiados pagar\u00e1n colegiaturas de residentes en California bajo nueva ley","og_description":"El sue\u00f1o de Mateo Nicol\u00e1s Francisco Esteban de ir a la universidad se ve m\u00e1s cerca bajo una nueva ley","og_url":"https:\/\/accesolatino.org\/en\/jovenes-inmigrantes-y-refugiados-pagaran-colegiaturas-de-residentes-en-california-bajo-nueva-ley\/noticias\/","og_site_name":"Acceso Latino","article_publisher":"https:\/\/www.facebook.com\/AccesoLatinoOrg","article_published_time":"2017-10-20T14:35:00+00:00","article_modified_time":"2025-10-27T20:14:33+00:00","og_image":[{"width":600,"height":332,"url":"https:\/\/accesolatino.org\/wp-content\/uploads\/2017\/10\/Jovenes-inmigrantes-y-refugiados-pagaran-colegiaturas-de-residentes-en-California-bajo-nueva-ley.jpg","type":"image\/jpeg"}],"author":"Noticias","twitter_card":"summary_large_image","twitter_creator":"@FAccLatino","twitter_site":"@FAccLatino","twitter_misc":{"Written by":"Noticias","Est. reading time":"4 minutes"},"schema":{"@context":"https:\/\/schema.org","@graph":[{"@type":"Article","@id":"https:\/\/accesolatino.org\/jovenes-inmigrantes-y-refugiados-pagaran-colegiaturas-de-residentes-en-california-bajo-nueva-ley\/noticias\/#article","isPartOf":{"@id":"https:\/\/accesolatino.org\/jovenes-inmigrantes-y-refugiados-pagaran-colegiaturas-de-residentes-en-california-bajo-nueva-ley\/noticias\/"},"author":{"name":"Noticias","@id":"https:\/\/accesolatino.org\/#\/schema\/person\/57bc3bfd2c357610a5255490ca4cd305"},"headline":"J\u00f3venes inmigrantes y refugiados pagar\u00e1n colegiaturas de residentes en California bajo nueva ley","datePublished":"2017-10-20T14:35:00+00:00","dateModified":"2025-10-27T20:14:33+00:00","mainEntityOfPage":{"@id":"https:\/\/accesolatino.org\/jovenes-inmigrantes-y-refugiados-pagaran-colegiaturas-de-residentes-en-california-bajo-nueva-ley\/noticias\/"},"wordCount":680,"commentCount":0,"publisher":{"@id":"https:\/\/accesolatino.org\/#organization"},"image":{"@id":"https:\/\/accesolatino.org\/jovenes-inmigrantes-y-refugiados-pagaran-colegiaturas-de-residentes-en-california-bajo-nueva-ley\/noticias\/#primaryimage"},"thumbnailUrl":"https:\/\/accesolatino.org\/wp-content\/uploads\/2017\/10\/Jovenes-inmigrantes-y-refugiados-pagaran-colegiaturas-de-residentes-en-California-bajo-nueva-ley.jpg","articleSection":["Noticias","Temas de inter\u00e9s"],"inLanguage":"en-US","potentialAction":[{"@type":"CommentAction","name":"Comment","target":["https:\/\/accesolatino.org\/jovenes-inmigrantes-y-refugiados-pagaran-colegiaturas-de-residentes-en-california-bajo-nueva-ley\/noticias\/#respond"]}]},{"@type":"WebPage","@id":"https:\/\/accesolatino.org\/jovenes-inmigrantes-y-refugiados-pagaran-colegiaturas-de-residentes-en-california-bajo-nueva-ley\/noticias\/","url":"https:\/\/accesolatino.org\/jovenes-inmigrantes-y-refugiados-pagaran-colegiaturas-de-residentes-en-california-bajo-nueva-ley\/noticias\/","name":"J\u00f3venes inmigrantes y refugiados pagar\u00e1n colegiaturas de residentes en California bajo nueva ley","isPartOf":{"@id":"https:\/\/accesolatino.org\/#website"},"primaryImageOfPage":{"@id":"https:\/\/accesolatino.org\/jovenes-inmigrantes-y-refugiados-pagaran-colegiaturas-de-residentes-en-california-bajo-nueva-ley\/noticias\/#primaryimage"},"image":{"@id":"https:\/\/accesolatino.org\/jovenes-inmigrantes-y-refugiados-pagaran-colegiaturas-de-residentes-en-california-bajo-nueva-ley\/noticias\/#primaryimage"},"thumbnailUrl":"https:\/\/accesolatino.org\/wp-content\/uploads\/2017\/10\/Jovenes-inmigrantes-y-refugiados-pagaran-colegiaturas-de-residentes-en-California-bajo-nueva-ley.jpg","datePublished":"2017-10-20T14:35:00+00:00","dateModified":"2025-10-27T20:14:33+00:00","description":"El sue\u00f1o de Mateo Nicol\u00e1s Francisco Esteban de ir a la universidad se ve m\u00e1s cerca bajo una nueva ley","breadcrumb":{"@id":"https:\/\/accesolatino.org\/jovenes-inmigrantes-y-refugiados-pagaran-colegiaturas-de-residentes-en-california-bajo-nueva-ley\/noticias\/#breadcrumb"},"inLanguage":"en-US","potentialAction":[{"@type":"ReadAction","target":["https:\/\/accesolatino.org\/jovenes-inmigrantes-y-refugiados-pagaran-colegiaturas-de-residentes-en-california-bajo-nueva-ley\/noticias\/"]}]},{"@type":"ImageObject","inLanguage":"en-US","@id":"https:\/\/accesolatino.org\/jovenes-inmigrantes-y-refugiados-pagaran-colegiaturas-de-residentes-en-california-bajo-nueva-ley\/noticias\/#primaryimage","url":"https:\/\/accesolatino.org\/wp-content\/uploads\/2017\/10\/Jovenes-inmigrantes-y-refugiados-pagaran-colegiaturas-de-residentes-en-California-bajo-nueva-ley.jpg","contentUrl":"https:\/\/accesolatino.org\/wp-content\/uploads\/2017\/10\/Jovenes-inmigrantes-y-refugiados-pagaran-colegiaturas-de-residentes-en-California-bajo-nueva-ley.jpg","width":"600","height":"332","caption":"Jovenes-inmigrantes-y-refugiados-pagaran-colegiaturas-de-residentes-en-California-bajo-nueva-ley"},{"@type":"BreadcrumbList","@id":"https:\/\/accesolatino.org\/jovenes-inmigrantes-y-refugiados-pagaran-colegiaturas-de-residentes-en-california-bajo-nueva-ley\/noticias\/#breadcrumb","itemListElement":[{"@type":"ListItem","position":1,"name":"Portada","item":"https:\/\/accesolatino.org\/"},{"@type":"ListItem","position":2,"name":"Noticias","item":"https:\/\/accesolatino.org\/category\/noticias\/"},{"@type":"ListItem","position":3,"name":"J\u00f3venes inmigrantes y refugiados pagar\u00e1n colegiaturas de residentes en California bajo nueva ley"}]},{"@type":"WebSite","@id":"https:\/\/accesolatino.org\/#website","url":"https:\/\/accesolatino.org\/","name":"Acceso Latino | Fundaci\u00f3n Carlos Slim","description":"Fundaci\u00f3n Carlos Slim","publisher":{"@id":"https:\/\/accesolatino.org\/#organization"},"potentialAction":[{"@type":"SearchAction","target":{"@type":"EntryPoint","urlTemplate":"https:\/\/accesolatino.org\/?s={search_term_string}"},"query-input":{"@type":"PropertyValueSpecification","valueRequired":true,"valueName":"search_term_string"}}],"inLanguage":"en-US"},{"@type":"Organization","@id":"https:\/\/accesolatino.org\/#organization","name":"Acceso Latino | Fundaci\u00f3n Carlos Slim","url":"https:\/\/accesolatino.org\/","logo":{"@type":"ImageObject","inLanguage":"en-US","@id":"https:\/\/accesolatino.org\/#\/schema\/logo\/image\/","url":"https:\/\/accesolatino.org\/wp-content\/uploads\/2021\/02\/logo-footer-acceso-latino.png","contentUrl":"https:\/\/accesolatino.org\/wp-content\/uploads\/2021\/02\/logo-footer-acceso-latino.png","width":240,"height":40,"caption":"Acceso Latino | Fundaci\u00f3n Carlos Slim"},"image":{"@id":"https:\/\/accesolatino.org\/#\/schema\/logo\/image\/"},"sameAs":["https:\/\/www.facebook.com\/AccesoLatinoOrg","https:\/\/x.com\/FAccLatino"]},{"@type":"Person","@id":"https:\/\/accesolatino.org\/#\/schema\/person\/57bc3bfd2c357610a5255490ca4cd305","name":"News"}]}},"_links":{"self":[{"href":"https:\/\/accesolatino.org\/en\/wp-json\/wp\/v2\/posts\/10615","targetHints":{"allow":["GET"]}}],"collection":[{"href":"https:\/\/accesolatino.org\/en\/wp-json\/wp\/v2\/posts"}],"about":[{"href":"https:\/\/accesolatino.org\/en\/wp-json\/wp\/v2\/types\/post"}],"author":[{"embeddable":true,"href":"https:\/\/accesolatino.org\/en\/wp-json\/wp\/v2\/users\/13"}],"replies":[{"embeddable":true,"href":"https:\/\/accesolatino.org\/en\/wp-json\/wp\/v2\/comments?post=10615"}],"version-history":[{"count":1,"href":"https:\/\/accesolatino.org\/en\/wp-json\/wp\/v2\/posts\/10615\/revisions"}],"predecessor-version":[{"id":66838,"href":"https:\/\/accesolatino.org\/en\/wp-json\/wp\/v2\/posts\/10615\/revisions\/66838"}],"wp:featuredmedia":[{"embeddable":true,"href":"https:\/\/accesolatino.org\/en\/wp-json\/wp\/v2\/media\/10616"}],"wp:attachment":[{"href":"https:\/\/accesolatino.org\/en\/wp-json\/wp\/v2\/media?parent=10615"}],"wp:term":[{"taxonomy":"category","embeddable":true,"href":"https:\/\/accesolatino.org\/en\/wp-json\/wp\/v2\/categories?post=10615"},{"taxonomy":"post_tag","embeddable":true,"href":"https:\/\/accesolatino.org\/en\/wp-json\/wp\/v2\/tags?post=10615"}],"curies":[{"name":"wp","href":"https:\/\/api.w.org\/{rel}","templated":true}]}}