{"id":10594,"date":"2017-10-18T08:53:37","date_gmt":"2017-10-18T13:53:37","guid":{"rendered":"https:\/\/accesolatino.org\/?p=10594"},"modified":"2025-10-27T14:12:21","modified_gmt":"2025-10-27T20:12:21","slug":"viajaran-32-adultos-mayores-a-eua-para-reunirse-con-familiares","status":"publish","type":"post","link":"https:\/\/accesolatino.org\/en\/viajaran-32-adultos-mayores-a-eua-para-reunirse-con-familiares\/noticias\/","title":{"rendered":"Viajar\u00e1n 32 adultos mayores a EUA para reunirse con familiares"},"content":{"rendered":"<p>Un grupo de 32 adultos mayores que han formado parte del programa \u201cCoraz\u00f3n de Plata\u201d, iniciativa estatal que ha logrado el encuentro de casi 300 abuelitos morelenses con sus hijos y nietos que radican en Estados Unidos, viajar\u00e1n a esa naci\u00f3n para reunirse con sus familiares.<\/p>\n<p>Entre los beneficiados, quienes han manifestado su emoci\u00f3n, alegr\u00eda y un poco de nervios, est\u00e1 el caso de la se\u00f1ora Anastasia Guti\u00e9rrez, quien despu\u00e9s de dos d\u00e9cadas cumplir\u00e1 el sue\u00f1o de volver a abrazar a sus hijos, Francisco y Maribel, al formar parte del d\u00e9cimo primer grupo del programa que viajar\u00e1 en las pr\u00f3ximas horas al estado americano de Nueva Jersey.<\/p>\n<p>Con este grupo de 32 personas de entre 61 y 86 a\u00f1os de edad, se\u00f1al\u00f3 un comunicado, \u201cCoraz\u00f3n de Plata, Uniendo Familias Morelenses\u201d, est\u00e1 alcanzando la cifra de 290 adultos mayores que se han reencontrado con sus hijos en Estados Unidos, quienes partieron de Morelos en busca de nuevas oportunidades.<\/p>\n<p>\u201cNo s\u00e9 c\u00f3mo vaya a reaccionar al volver a ver a mis hijos, siento mucha emoci\u00f3n. Tratar\u00e9 de no llorar y estar feliz al abrazarlos nuevamente\u201d, dijo do\u00f1a Anastasia al recibir la visa que emite la Embajada de Estados Unidos, pero es gestionada por el Gobierno de Morelos para esta iniciativa creada en 2016.<\/p>\n<p>Durante un encuentro sostenido con los 32 adultos mayores previo a su partida, la titular de la Secretar\u00eda de Desarrollo Social (Sedeso) de Morelos, Blanca Almazo, indic\u00f3 que aunque el panorama en Morelos se ha visto complicado tras el sismo, los programas sociales como este se han reactivado en su totalidad.<\/p>\n<p>Inform\u00f3 que \u201cCoraz\u00f3n de Plata\u201d tambi\u00e9n ha motivado la organizaci\u00f3n de paisanos a trav\u00e9s de la creaci\u00f3n de nuevos clubes de migrantes y quienes han mostrado el inter\u00e9s de participar en la reconstrucci\u00f3n de hospitales, escuelas e iglesias de sus comunidades de origen.<\/p>\n<p>Almazo record\u00f3 que hace algunos d\u00edas, 44 adultos mayores tambi\u00e9n recibieron el documento oficial que permiti\u00f3 que viajaran a Minnesota a cumplir el sue\u00f1o de reencontrase con sus seres queridos, muestra de que Morelos est\u00e1 de pie y con ganas de seguir adelante.<\/p>\n<p>Precis\u00f3 que desde junio del 2016, ya son 11 grupos los que \u201cCoraz\u00f3n de Plata\u201d ha unido a familias morelenses en los estados de Minnesota, Texas, California, Nueva York, Illinois y Nueva Jersey.<\/p>\n<p>Este \u00faltimo grupo, integrado por adultos mayores en su mayor\u00eda del municipio de Zacualpan de Amilpas, es el segundo que viaja a Nueva Jersey, luego que en mayo pasado un grupo de 22 tambi\u00e9n lo hicieran en el marco del programa Coraz\u00f3n de Plata.<\/p>\n<p>El grupo de 32 adultos mayores, en el cual viajan seis matrimonios longevos, estar\u00e1n arribando en pr\u00f3ximas horas a la Catedral de San Juan Bautista en Paterson, donde tendr\u00e1n una ceremonia de recepci\u00f3n por parte de sus hijos, nietos y familiares.<\/p>\n<p>El programa consiste en reunir a padres morelenses e hijos que radican en Estados Unidos y a quienes no han visto por varios a\u00f1os por su situaci\u00f3n migratoria. Para ello es necesario que se organicen a trav\u00e9s de un Club que les de representatividad y a partir de ah\u00ed organizar el viaje, apunt\u00f3.<\/p>\n<p><em>Fuente: NOTIMEX<\/em><\/p>","protected":false},"excerpt":{"rendered":"<p>Un grupo de 32 adultos mayores que han formado parte del programa \u201cCoraz\u00f3n de Plata\u201d, iniciativa estatal que ha logrado el encuentro de casi 300 abuelitos morelenses con sus hijos y nietos que radican en Estados Unidos, viajar\u00e1n a esa naci\u00f3n para reunirse con sus familiares. Entre los beneficiados, quienes han manifestado su emoci\u00f3n, alegr\u00eda y un poco de nervios, est\u00e1 el caso de la se\u00f1ora Anastasia Guti\u00e9rrez, quien despu\u00e9s de dos d\u00e9cadas cumplir\u00e1 el sue\u00f1o de volver a abrazar a sus hijos, Francisco y Maribel, al formar parte del d\u00e9cimo primer grupo del programa que viajar\u00e1 en las pr\u00f3ximas horas al estado americano de Nueva Jersey. Con este grupo de 32 personas de entre 61 y 86 a\u00f1os de edad, se\u00f1al\u00f3 un comunicado, \u201cCoraz\u00f3n de Plata, Uniendo Familias Morelenses\u201d, est\u00e1 alcanzando la cifra de 290 adultos mayores que se han reencontrado con sus hijos en Estados Unidos, quienes partieron de Morelos en busca de nuevas oportunidades. \u201cNo s\u00e9 c\u00f3mo vaya a reaccionar al volver a ver a mis hijos, siento mucha emoci\u00f3n. Tratar\u00e9 de no llorar y estar feliz al abrazarlos nuevamente\u201d, dijo do\u00f1a Anastasia al recibir la visa que emite la Embajada de Estados Unidos, pero es gestionada por el Gobierno de Morelos para esta iniciativa creada en 2016. Durante un encuentro sostenido con los 32 adultos mayores previo a su partida, la titular de la Secretar\u00eda de Desarrollo Social (Sedeso) de Morelos, Blanca Almazo, indic\u00f3 que aunque el panorama en Morelos se ha visto complicado tras el sismo, los programas sociales como este se han reactivado en su totalidad. Inform\u00f3 que \u201cCoraz\u00f3n de Plata\u201d tambi\u00e9n ha motivado la organizaci\u00f3n de paisanos a trav\u00e9s de la creaci\u00f3n de nuevos clubes de migrantes y quienes han mostrado el inter\u00e9s de participar en la reconstrucci\u00f3n de hospitales, escuelas e iglesias de sus comunidades de origen. Almazo record\u00f3 que hace algunos d\u00edas, 44 adultos mayores tambi\u00e9n recibieron el documento oficial que permiti\u00f3 que viajaran a Minnesota a cumplir el sue\u00f1o de reencontrase con sus seres queridos, muestra de que Morelos est\u00e1 de pie y con ganas de seguir adelante. Precis\u00f3 que desde junio del 2016, ya son 11 grupos los que \u201cCoraz\u00f3n de Plata\u201d ha unido a familias morelenses en los estados de Minnesota, Texas, California, Nueva York, Illinois y Nueva Jersey. Este \u00faltimo grupo, integrado por adultos mayores en su mayor\u00eda del municipio de Zacualpan de Amilpas, es el segundo que viaja a Nueva Jersey, luego que en mayo pasado un grupo de 22 tambi\u00e9n lo hicieran en el marco del programa Coraz\u00f3n de Plata. El grupo de 32 adultos mayores, en el cual viajan seis matrimonios longevos, estar\u00e1n arribando en pr\u00f3ximas horas a la Catedral de San Juan Bautista en Paterson, donde tendr\u00e1n una ceremonia de recepci\u00f3n por parte de sus hijos, nietos y familiares. El programa consiste en reunir a padres morelenses e hijos que radican en Estados Unidos y a quienes no han visto por varios a\u00f1os por su situaci\u00f3n migratoria. Para ello es necesario que se organicen a trav\u00e9s de un Club que les de representatividad y a partir de ah\u00ed organizar el viaje, apunt\u00f3. Fuente: NOTIMEX<\/p>","protected":false},"author":13,"featured_media":10596,"comment_status":"open","ping_status":"open","sticky":false,"template":"","format":"standard","meta":{"_uf_show_specific_survey":0,"_uf_disable_surveys":false,"footnotes":""},"categories":[10,1],"tags":[],"class_list":["post-10594","post","type-post","status-publish","format-standard","has-post-thumbnail","hentry","category-noticias","category-temas-de-interes"],"aioseo_notices":[],"yoast_head":"<!-- This site is optimized with the Yoast SEO plugin v27.5 - https:\/\/yoast.com\/product\/yoast-seo-wordpress\/ -->\n<title>Viajar\u00e1n 32 adultos mayores a EUA para reunirse con familiares<\/title>\n<meta name=\"description\" content=\"Un grupo de 32 adultos mayores que han formado parte del programa \u201cCoraz\u00f3n de Plata\u201d, viajar\u00e1n a Estados Unidos para reunirse con sus familiares\" \/>\n<meta name=\"robots\" content=\"index, follow, max-snippet:-1, max-image-preview:large, max-video-preview:-1\" \/>\n<link rel=\"canonical\" href=\"https:\/\/accesolatino.org\/en\/viajaran-32-adultos-mayores-a-eua-para-reunirse-con-familiares\/noticias\/\" \/>\n<meta property=\"og:locale\" content=\"en_US\" \/>\n<meta property=\"og:type\" content=\"article\" \/>\n<meta property=\"og:title\" content=\"Viajar\u00e1n 32 adultos mayores a EUA para reunirse con familiares\" \/>\n<meta property=\"og:description\" content=\"Un grupo de 32 adultos mayores que han formado parte del programa \u201cCoraz\u00f3n de Plata\u201d, viajar\u00e1n a Estados Unidos para reunirse con sus familiares\" \/>\n<meta property=\"og:url\" content=\"https:\/\/accesolatino.org\/en\/viajaran-32-adultos-mayores-a-eua-para-reunirse-con-familiares\/noticias\/\" \/>\n<meta property=\"og:site_name\" content=\"Acceso Latino\" \/>\n<meta property=\"article:publisher\" content=\"https:\/\/www.facebook.com\/AccesoLatinoOrg\" \/>\n<meta property=\"article:published_time\" content=\"2017-10-18T13:53:37+00:00\" \/>\n<meta property=\"article:modified_time\" content=\"2025-10-27T20:12:21+00:00\" \/>\n<meta property=\"og:image\" content=\"https:\/\/accesolatino.org\/wp-content\/uploads\/2017\/10\/Viajaran-32-adultos-mayores-a-EUA-para-reunirse-con-familiares.jpg\" \/>\n\t<meta property=\"og:image:width\" content=\"600\" \/>\n\t<meta property=\"og:image:height\" content=\"400\" \/>\n\t<meta property=\"og:image:type\" content=\"image\/jpeg\" \/>\n<meta name=\"author\" content=\"Noticias\" \/>\n<meta name=\"twitter:card\" content=\"summary_large_image\" \/>\n<meta name=\"twitter:creator\" content=\"@FAccLatino\" \/>\n<meta name=\"twitter:site\" content=\"@FAccLatino\" \/>\n<meta name=\"twitter:label1\" content=\"Written by\" \/>\n\t<meta name=\"twitter:data1\" content=\"Noticias\" \/>\n\t<meta name=\"twitter:label2\" content=\"Est. reading time\" \/>\n\t<meta name=\"twitter:data2\" content=\"3 minutes\" \/>\n<script type=\"application\/ld+json\" class=\"yoast-schema-graph\">{\"@context\":\"https:\\\/\\\/schema.org\",\"@graph\":[{\"@type\":\"Article\",\"@id\":\"https:\\\/\\\/accesolatino.org\\\/viajaran-32-adultos-mayores-a-eua-para-reunirse-con-familiares\\\/noticias\\\/#article\",\"isPartOf\":{\"@id\":\"https:\\\/\\\/accesolatino.org\\\/viajaran-32-adultos-mayores-a-eua-para-reunirse-con-familiares\\\/noticias\\\/\"},\"author\":{\"name\":\"Noticias\",\"@id\":\"https:\\\/\\\/accesolatino.org\\\/#\\\/schema\\\/person\\\/57bc3bfd2c357610a5255490ca4cd305\"},\"headline\":\"Viajar\u00e1n 32 adultos mayores a EUA para reunirse con familiares\",\"datePublished\":\"2017-10-18T13:53:37+00:00\",\"dateModified\":\"2025-10-27T20:12:21+00:00\",\"mainEntityOfPage\":{\"@id\":\"https:\\\/\\\/accesolatino.org\\\/viajaran-32-adultos-mayores-a-eua-para-reunirse-con-familiares\\\/noticias\\\/\"},\"wordCount\":558,\"commentCount\":0,\"publisher\":{\"@id\":\"https:\\\/\\\/accesolatino.org\\\/#organization\"},\"image\":{\"@id\":\"https:\\\/\\\/accesolatino.org\\\/viajaran-32-adultos-mayores-a-eua-para-reunirse-con-familiares\\\/noticias\\\/#primaryimage\"},\"thumbnailUrl\":\"https:\\\/\\\/accesolatino.org\\\/wp-content\\\/uploads\\\/2017\\\/10\\\/Viajaran-32-adultos-mayores-a-EUA-para-reunirse-con-familiares.jpg\",\"articleSection\":[\"Noticias\",\"Temas de inter\u00e9s\"],\"inLanguage\":\"en-US\",\"potentialAction\":[{\"@type\":\"CommentAction\",\"name\":\"Comment\",\"target\":[\"https:\\\/\\\/accesolatino.org\\\/viajaran-32-adultos-mayores-a-eua-para-reunirse-con-familiares\\\/noticias\\\/#respond\"]}]},{\"@type\":\"WebPage\",\"@id\":\"https:\\\/\\\/accesolatino.org\\\/viajaran-32-adultos-mayores-a-eua-para-reunirse-con-familiares\\\/noticias\\\/\",\"url\":\"https:\\\/\\\/accesolatino.org\\\/viajaran-32-adultos-mayores-a-eua-para-reunirse-con-familiares\\\/noticias\\\/\",\"name\":\"Viajar\u00e1n 32 adultos mayores a EUA para reunirse con familiares\",\"isPartOf\":{\"@id\":\"https:\\\/\\\/accesolatino.org\\\/#website\"},\"primaryImageOfPage\":{\"@id\":\"https:\\\/\\\/accesolatino.org\\\/viajaran-32-adultos-mayores-a-eua-para-reunirse-con-familiares\\\/noticias\\\/#primaryimage\"},\"image\":{\"@id\":\"https:\\\/\\\/accesolatino.org\\\/viajaran-32-adultos-mayores-a-eua-para-reunirse-con-familiares\\\/noticias\\\/#primaryimage\"},\"thumbnailUrl\":\"https:\\\/\\\/accesolatino.org\\\/wp-content\\\/uploads\\\/2017\\\/10\\\/Viajaran-32-adultos-mayores-a-EUA-para-reunirse-con-familiares.jpg\",\"datePublished\":\"2017-10-18T13:53:37+00:00\",\"dateModified\":\"2025-10-27T20:12:21+00:00\",\"description\":\"Un grupo de 32 adultos mayores que han formado parte del programa \u201cCoraz\u00f3n de Plata\u201d, viajar\u00e1n a Estados Unidos para reunirse con sus familiares\",\"breadcrumb\":{\"@id\":\"https:\\\/\\\/accesolatino.org\\\/viajaran-32-adultos-mayores-a-eua-para-reunirse-con-familiares\\\/noticias\\\/#breadcrumb\"},\"inLanguage\":\"en-US\",\"potentialAction\":[{\"@type\":\"ReadAction\",\"target\":[\"https:\\\/\\\/accesolatino.org\\\/viajaran-32-adultos-mayores-a-eua-para-reunirse-con-familiares\\\/noticias\\\/\"]}]},{\"@type\":\"ImageObject\",\"inLanguage\":\"en-US\",\"@id\":\"https:\\\/\\\/accesolatino.org\\\/viajaran-32-adultos-mayores-a-eua-para-reunirse-con-familiares\\\/noticias\\\/#primaryimage\",\"url\":\"https:\\\/\\\/accesolatino.org\\\/wp-content\\\/uploads\\\/2017\\\/10\\\/Viajaran-32-adultos-mayores-a-EUA-para-reunirse-con-familiares.jpg\",\"contentUrl\":\"https:\\\/\\\/accesolatino.org\\\/wp-content\\\/uploads\\\/2017\\\/10\\\/Viajaran-32-adultos-mayores-a-EUA-para-reunirse-con-familiares.jpg\",\"width\":\"600\",\"height\":\"400\",\"caption\":\"Viajaran-32-adultos-mayores-a-EUA-para-reunirse-con-familiares\"},{\"@type\":\"BreadcrumbList\",\"@id\":\"https:\\\/\\\/accesolatino.org\\\/viajaran-32-adultos-mayores-a-eua-para-reunirse-con-familiares\\\/noticias\\\/#breadcrumb\",\"itemListElement\":[{\"@type\":\"ListItem\",\"position\":1,\"name\":\"Portada\",\"item\":\"https:\\\/\\\/accesolatino.org\\\/\"},{\"@type\":\"ListItem\",\"position\":2,\"name\":\"Noticias\",\"item\":\"https:\\\/\\\/accesolatino.org\\\/category\\\/noticias\\\/\"},{\"@type\":\"ListItem\",\"position\":3,\"name\":\"Viajar\u00e1n 32 adultos mayores a EUA para reunirse con familiares\"}]},{\"@type\":\"WebSite\",\"@id\":\"https:\\\/\\\/accesolatino.org\\\/#website\",\"url\":\"https:\\\/\\\/accesolatino.org\\\/\",\"name\":\"Acceso Latino | Fundaci\u00f3n Carlos Slim\",\"description\":\"Fundaci\u00f3n Carlos Slim\",\"publisher\":{\"@id\":\"https:\\\/\\\/accesolatino.org\\\/#organization\"},\"potentialAction\":[{\"@type\":\"SearchAction\",\"target\":{\"@type\":\"EntryPoint\",\"urlTemplate\":\"https:\\\/\\\/accesolatino.org\\\/?s={search_term_string}\"},\"query-input\":{\"@type\":\"PropertyValueSpecification\",\"valueRequired\":true,\"valueName\":\"search_term_string\"}}],\"inLanguage\":\"en-US\"},{\"@type\":\"Organization\",\"@id\":\"https:\\\/\\\/accesolatino.org\\\/#organization\",\"name\":\"Acceso Latino | Fundaci\u00f3n Carlos Slim\",\"url\":\"https:\\\/\\\/accesolatino.org\\\/\",\"logo\":{\"@type\":\"ImageObject\",\"inLanguage\":\"en-US\",\"@id\":\"https:\\\/\\\/accesolatino.org\\\/#\\\/schema\\\/logo\\\/image\\\/\",\"url\":\"https:\\\/\\\/accesolatino.org\\\/wp-content\\\/uploads\\\/2021\\\/02\\\/logo-footer-acceso-latino.png\",\"contentUrl\":\"https:\\\/\\\/accesolatino.org\\\/wp-content\\\/uploads\\\/2021\\\/02\\\/logo-footer-acceso-latino.png\",\"width\":240,\"height\":40,\"caption\":\"Acceso Latino | Fundaci\u00f3n Carlos Slim\"},\"image\":{\"@id\":\"https:\\\/\\\/accesolatino.org\\\/#\\\/schema\\\/logo\\\/image\\\/\"},\"sameAs\":[\"https:\\\/\\\/www.facebook.com\\\/AccesoLatinoOrg\",\"https:\\\/\\\/x.com\\\/FAccLatino\"]},{\"@type\":\"Person\",\"@id\":\"https:\\\/\\\/accesolatino.org\\\/#\\\/schema\\\/person\\\/57bc3bfd2c357610a5255490ca4cd305\",\"name\":\"Noticias\"}]}<\/script>\n<!-- \/ Yoast SEO plugin. -->","yoast_head_json":{"title":"Viajar\u00e1n 32 adultos mayores a EUA para reunirse con familiares","description":"Un grupo de 32 adultos mayores que han formado parte del programa \u201cCoraz\u00f3n de Plata\u201d, viajar\u00e1n a Estados Unidos para reunirse con sus familiares","robots":{"index":"index","follow":"follow","max-snippet":"max-snippet:-1","max-image-preview":"max-image-preview:large","max-video-preview":"max-video-preview:-1"},"canonical":"https:\/\/accesolatino.org\/en\/viajaran-32-adultos-mayores-a-eua-para-reunirse-con-familiares\/noticias\/","og_locale":"en_US","og_type":"article","og_title":"Viajar\u00e1n 32 adultos mayores a EUA para reunirse con familiares","og_description":"Un grupo de 32 adultos mayores que han formado parte del programa \u201cCoraz\u00f3n de Plata\u201d, viajar\u00e1n a Estados Unidos para reunirse con sus familiares","og_url":"https:\/\/accesolatino.org\/en\/viajaran-32-adultos-mayores-a-eua-para-reunirse-con-familiares\/noticias\/","og_site_name":"Acceso Latino","article_publisher":"https:\/\/www.facebook.com\/AccesoLatinoOrg","article_published_time":"2017-10-18T13:53:37+00:00","article_modified_time":"2025-10-27T20:12:21+00:00","og_image":[{"width":600,"height":400,"url":"https:\/\/accesolatino.org\/wp-content\/uploads\/2017\/10\/Viajaran-32-adultos-mayores-a-EUA-para-reunirse-con-familiares.jpg","type":"image\/jpeg"}],"author":"Noticias","twitter_card":"summary_large_image","twitter_creator":"@FAccLatino","twitter_site":"@FAccLatino","twitter_misc":{"Written by":"Noticias","Est. reading time":"3 minutes"},"schema":{"@context":"https:\/\/schema.org","@graph":[{"@type":"Article","@id":"https:\/\/accesolatino.org\/viajaran-32-adultos-mayores-a-eua-para-reunirse-con-familiares\/noticias\/#article","isPartOf":{"@id":"https:\/\/accesolatino.org\/viajaran-32-adultos-mayores-a-eua-para-reunirse-con-familiares\/noticias\/"},"author":{"name":"Noticias","@id":"https:\/\/accesolatino.org\/#\/schema\/person\/57bc3bfd2c357610a5255490ca4cd305"},"headline":"Viajar\u00e1n 32 adultos mayores a EUA para reunirse con familiares","datePublished":"2017-10-18T13:53:37+00:00","dateModified":"2025-10-27T20:12:21+00:00","mainEntityOfPage":{"@id":"https:\/\/accesolatino.org\/viajaran-32-adultos-mayores-a-eua-para-reunirse-con-familiares\/noticias\/"},"wordCount":558,"commentCount":0,"publisher":{"@id":"https:\/\/accesolatino.org\/#organization"},"image":{"@id":"https:\/\/accesolatino.org\/viajaran-32-adultos-mayores-a-eua-para-reunirse-con-familiares\/noticias\/#primaryimage"},"thumbnailUrl":"https:\/\/accesolatino.org\/wp-content\/uploads\/2017\/10\/Viajaran-32-adultos-mayores-a-EUA-para-reunirse-con-familiares.jpg","articleSection":["Noticias","Temas de inter\u00e9s"],"inLanguage":"en-US","potentialAction":[{"@type":"CommentAction","name":"Comment","target":["https:\/\/accesolatino.org\/viajaran-32-adultos-mayores-a-eua-para-reunirse-con-familiares\/noticias\/#respond"]}]},{"@type":"WebPage","@id":"https:\/\/accesolatino.org\/viajaran-32-adultos-mayores-a-eua-para-reunirse-con-familiares\/noticias\/","url":"https:\/\/accesolatino.org\/viajaran-32-adultos-mayores-a-eua-para-reunirse-con-familiares\/noticias\/","name":"Viajar\u00e1n 32 adultos mayores a EUA para reunirse con familiares","isPartOf":{"@id":"https:\/\/accesolatino.org\/#website"},"primaryImageOfPage":{"@id":"https:\/\/accesolatino.org\/viajaran-32-adultos-mayores-a-eua-para-reunirse-con-familiares\/noticias\/#primaryimage"},"image":{"@id":"https:\/\/accesolatino.org\/viajaran-32-adultos-mayores-a-eua-para-reunirse-con-familiares\/noticias\/#primaryimage"},"thumbnailUrl":"https:\/\/accesolatino.org\/wp-content\/uploads\/2017\/10\/Viajaran-32-adultos-mayores-a-EUA-para-reunirse-con-familiares.jpg","datePublished":"2017-10-18T13:53:37+00:00","dateModified":"2025-10-27T20:12:21+00:00","description":"Un grupo de 32 adultos mayores que han formado parte del programa \u201cCoraz\u00f3n de Plata\u201d, viajar\u00e1n a Estados Unidos para reunirse con sus familiares","breadcrumb":{"@id":"https:\/\/accesolatino.org\/viajaran-32-adultos-mayores-a-eua-para-reunirse-con-familiares\/noticias\/#breadcrumb"},"inLanguage":"en-US","potentialAction":[{"@type":"ReadAction","target":["https:\/\/accesolatino.org\/viajaran-32-adultos-mayores-a-eua-para-reunirse-con-familiares\/noticias\/"]}]},{"@type":"ImageObject","inLanguage":"en-US","@id":"https:\/\/accesolatino.org\/viajaran-32-adultos-mayores-a-eua-para-reunirse-con-familiares\/noticias\/#primaryimage","url":"https:\/\/accesolatino.org\/wp-content\/uploads\/2017\/10\/Viajaran-32-adultos-mayores-a-EUA-para-reunirse-con-familiares.jpg","contentUrl":"https:\/\/accesolatino.org\/wp-content\/uploads\/2017\/10\/Viajaran-32-adultos-mayores-a-EUA-para-reunirse-con-familiares.jpg","width":"600","height":"400","caption":"Viajaran-32-adultos-mayores-a-EUA-para-reunirse-con-familiares"},{"@type":"BreadcrumbList","@id":"https:\/\/accesolatino.org\/viajaran-32-adultos-mayores-a-eua-para-reunirse-con-familiares\/noticias\/#breadcrumb","itemListElement":[{"@type":"ListItem","position":1,"name":"Portada","item":"https:\/\/accesolatino.org\/"},{"@type":"ListItem","position":2,"name":"Noticias","item":"https:\/\/accesolatino.org\/category\/noticias\/"},{"@type":"ListItem","position":3,"name":"Viajar\u00e1n 32 adultos mayores a EUA para reunirse con familiares"}]},{"@type":"WebSite","@id":"https:\/\/accesolatino.org\/#website","url":"https:\/\/accesolatino.org\/","name":"Acceso Latino | Fundaci\u00f3n Carlos Slim","description":"Fundaci\u00f3n Carlos Slim","publisher":{"@id":"https:\/\/accesolatino.org\/#organization"},"potentialAction":[{"@type":"SearchAction","target":{"@type":"EntryPoint","urlTemplate":"https:\/\/accesolatino.org\/?s={search_term_string}"},"query-input":{"@type":"PropertyValueSpecification","valueRequired":true,"valueName":"search_term_string"}}],"inLanguage":"en-US"},{"@type":"Organization","@id":"https:\/\/accesolatino.org\/#organization","name":"Acceso Latino | Fundaci\u00f3n Carlos Slim","url":"https:\/\/accesolatino.org\/","logo":{"@type":"ImageObject","inLanguage":"en-US","@id":"https:\/\/accesolatino.org\/#\/schema\/logo\/image\/","url":"https:\/\/accesolatino.org\/wp-content\/uploads\/2021\/02\/logo-footer-acceso-latino.png","contentUrl":"https:\/\/accesolatino.org\/wp-content\/uploads\/2021\/02\/logo-footer-acceso-latino.png","width":240,"height":40,"caption":"Acceso Latino | Fundaci\u00f3n Carlos Slim"},"image":{"@id":"https:\/\/accesolatino.org\/#\/schema\/logo\/image\/"},"sameAs":["https:\/\/www.facebook.com\/AccesoLatinoOrg","https:\/\/x.com\/FAccLatino"]},{"@type":"Person","@id":"https:\/\/accesolatino.org\/#\/schema\/person\/57bc3bfd2c357610a5255490ca4cd305","name":"News"}]}},"_links":{"self":[{"href":"https:\/\/accesolatino.org\/en\/wp-json\/wp\/v2\/posts\/10594","targetHints":{"allow":["GET"]}}],"collection":[{"href":"https:\/\/accesolatino.org\/en\/wp-json\/wp\/v2\/posts"}],"about":[{"href":"https:\/\/accesolatino.org\/en\/wp-json\/wp\/v2\/types\/post"}],"author":[{"embeddable":true,"href":"https:\/\/accesolatino.org\/en\/wp-json\/wp\/v2\/users\/13"}],"replies":[{"embeddable":true,"href":"https:\/\/accesolatino.org\/en\/wp-json\/wp\/v2\/comments?post=10594"}],"version-history":[{"count":1,"href":"https:\/\/accesolatino.org\/en\/wp-json\/wp\/v2\/posts\/10594\/revisions"}],"predecessor-version":[{"id":66837,"href":"https:\/\/accesolatino.org\/en\/wp-json\/wp\/v2\/posts\/10594\/revisions\/66837"}],"wp:featuredmedia":[{"embeddable":true,"href":"https:\/\/accesolatino.org\/en\/wp-json\/wp\/v2\/media\/10596"}],"wp:attachment":[{"href":"https:\/\/accesolatino.org\/en\/wp-json\/wp\/v2\/media?parent=10594"}],"wp:term":[{"taxonomy":"category","embeddable":true,"href":"https:\/\/accesolatino.org\/en\/wp-json\/wp\/v2\/categories?post=10594"},{"taxonomy":"post_tag","embeddable":true,"href":"https:\/\/accesolatino.org\/en\/wp-json\/wp\/v2\/tags?post=10594"}],"curies":[{"name":"wp","href":"https:\/\/api.w.org\/{rel}","templated":true}]}}