{"id":10579,"date":"2017-10-16T15:09:46","date_gmt":"2017-10-16T20:09:46","guid":{"rendered":"https:\/\/accesolatino.org\/?p=10579"},"modified":"2025-10-27T14:15:42","modified_gmt":"2025-10-27T20:15:42","slug":"un-ano-de-matricula-gratuita-en-colegios-comunitarios","status":"publish","type":"post","link":"https:\/\/accesolatino.org\/en\/un-ano-de-matricula-gratuita-en-colegios-comunitarios\/noticias\/","title":{"rendered":"Un a\u00f1o de matr\u00edcula gratuita en colegios comunitarios"},"content":{"rendered":"<p>La medida ser\u00e1 un alivio para miles de estudiantes, quienes en su mayor\u00eda son latinos de bajos recursos<\/p>\n<p>Tras la aprobaci\u00f3n del proyecto de ley AB 19 el viernes, los colegios comunitarios de California proporcionar\u00e1n un a\u00f1o de estudio gratuito a todos sus residentes.<\/p>\n<p>La medida, que busca aumentar la matr\u00edcula y el \u00edndice de graduaci\u00f3n en el estado, fue firmada por el gobernador Jerry Brown, y eliminar\u00e1 el costo educativo para todo estudiante de tiempo completo que realice sus estudios por primera vez en uno de los 114 colegios comunitarios de California.<\/p>\n<p>Actualmente, cada cr\u00e9dito cuesta $46 en los colegios comunitarios, lo cual equivale a menos de $1,400 al a\u00f1o por estudios de tiempo completo. Este costo es una de los m\u00e1s bajos del pa\u00eds. Sin embargo, otros gastos relacionados\u2014libros, vivienda, transporte, estacionamiento\u2014presentan obst\u00e1culos para los estudiantes, quienes en su mayor\u00eda son de bajos recursos.<\/p>\n<p>De acuerdo con el diario The Sacramento Bee, m\u00e1s de la mitad de los 2.1 alumnos que estudian en colegios comunitarios ya reciben alg\u00fan tipo de ayuda financiera. No obstante, hist\u00f3ricamente, para ellos se han hecho disponibles menos fondos que para estudiantes en las universidades.<\/p>\n<p>La medida AB 19 fue presentada por los asamble\u00edstas Miguel Santiago (D-Los \u00c1ngeles), David Chiu (D-San Francisco) y Kevin McCarty (D-Sacramento), y es parte de un esfuerzo por proporcionar estudios de licenciatura gratuitos en todas las escuelas p\u00fablicas de California.<\/p>\n<p>Aparte de California, los estados de Oregon, Rhode Island y Tennessee tambi\u00e9n han proporcionado estudio gratuito en sus colegios comunitarios.<\/p>\n<p><em>Fuente: El Diario NY<\/em><\/p>","protected":false},"excerpt":{"rendered":"<p>La medida ser\u00e1 un alivio para miles de estudiantes, quienes en su mayor\u00eda son latinos de bajos recursos Tras la aprobaci\u00f3n del proyecto de ley AB 19 el viernes, los colegios comunitarios de California proporcionar\u00e1n un a\u00f1o de estudio gratuito a todos sus residentes. La medida, que busca aumentar la matr\u00edcula y el \u00edndice de graduaci\u00f3n en el estado, fue firmada por el gobernador Jerry Brown, y eliminar\u00e1 el costo educativo para todo estudiante de tiempo completo que realice sus estudios por primera vez en uno de los 114 colegios comunitarios de California. Actualmente, cada cr\u00e9dito cuesta $46 en los colegios comunitarios, lo cual equivale a menos de $1,400 al a\u00f1o por estudios de tiempo completo. Este costo es una de los m\u00e1s bajos del pa\u00eds. Sin embargo, otros gastos relacionados\u2014libros, vivienda, transporte, estacionamiento\u2014presentan obst\u00e1culos para los estudiantes, quienes en su mayor\u00eda son de bajos recursos. De acuerdo con el diario The Sacramento Bee, m\u00e1s de la mitad de los 2.1 alumnos que estudian en colegios comunitarios ya reciben alg\u00fan tipo de ayuda financiera. No obstante, hist\u00f3ricamente, para ellos se han hecho disponibles menos fondos que para estudiantes en las universidades. La medida AB 19 fue presentada por los asamble\u00edstas Miguel Santiago (D-Los \u00c1ngeles), David Chiu (D-San Francisco) y Kevin McCarty (D-Sacramento), y es parte de un esfuerzo por proporcionar estudios de licenciatura gratuitos en todas las escuelas p\u00fablicas de California. Aparte de California, los estados de Oregon, Rhode Island y Tennessee tambi\u00e9n han proporcionado estudio gratuito en sus colegios comunitarios. Fuente: El Diario NY<\/p>","protected":false},"author":13,"featured_media":10580,"comment_status":"open","ping_status":"open","sticky":false,"template":"","format":"standard","meta":{"_uf_show_specific_survey":0,"_uf_disable_surveys":false,"footnotes":""},"categories":[10,1],"tags":[],"class_list":["post-10579","post","type-post","status-publish","format-standard","has-post-thumbnail","hentry","category-noticias","category-temas-de-interes"],"aioseo_notices":[],"yoast_head":"<!-- This site is optimized with the Yoast SEO plugin v27.5 - https:\/\/yoast.com\/product\/yoast-seo-wordpress\/ -->\n<title>Un a\u00f1o de matr\u00edcula gratuita en colegios comunitarios - Acceso Latino<\/title>\n<meta name=\"description\" content=\"La medida ser\u00e1 un alivio para miles de estudiantes, quienes en su mayor\u00eda son latinos de bajos recursos\" \/>\n<meta name=\"robots\" content=\"index, follow, max-snippet:-1, max-image-preview:large, max-video-preview:-1\" \/>\n<link rel=\"canonical\" href=\"https:\/\/accesolatino.org\/en\/un-ano-de-matricula-gratuita-en-colegios-comunitarios\/noticias\/\" \/>\n<meta property=\"og:locale\" content=\"en_US\" \/>\n<meta property=\"og:type\" content=\"article\" \/>\n<meta property=\"og:title\" content=\"Un a\u00f1o de matr\u00edcula gratuita en colegios comunitarios - Acceso Latino\" \/>\n<meta property=\"og:description\" content=\"La medida ser\u00e1 un alivio para miles de estudiantes, quienes en su mayor\u00eda son latinos de bajos recursos\" \/>\n<meta property=\"og:url\" content=\"https:\/\/accesolatino.org\/en\/un-ano-de-matricula-gratuita-en-colegios-comunitarios\/noticias\/\" \/>\n<meta property=\"og:site_name\" content=\"Acceso Latino\" \/>\n<meta property=\"article:publisher\" content=\"https:\/\/www.facebook.com\/AccesoLatinoOrg\" \/>\n<meta property=\"article:published_time\" content=\"2017-10-16T20:09:46+00:00\" \/>\n<meta property=\"article:modified_time\" content=\"2025-10-27T20:15:42+00:00\" \/>\n<meta property=\"og:image\" content=\"https:\/\/accesolatino.org\/wp-content\/uploads\/2017\/10\/Un-ano-de-matricula-gratuita-en-colegios-comunitarios.jpg\" \/>\n\t<meta property=\"og:image:width\" content=\"600\" \/>\n\t<meta property=\"og:image:height\" content=\"397\" \/>\n\t<meta property=\"og:image:type\" content=\"image\/jpeg\" \/>\n<meta name=\"author\" content=\"Noticias\" \/>\n<meta name=\"twitter:card\" content=\"summary_large_image\" \/>\n<meta name=\"twitter:creator\" content=\"@FAccLatino\" \/>\n<meta name=\"twitter:site\" content=\"@FAccLatino\" \/>\n<meta name=\"twitter:label1\" content=\"Written by\" \/>\n\t<meta name=\"twitter:data1\" content=\"Noticias\" \/>\n\t<meta name=\"twitter:label2\" content=\"Est. reading time\" \/>\n\t<meta name=\"twitter:data2\" content=\"2 minutes\" \/>\n<script type=\"application\/ld+json\" class=\"yoast-schema-graph\">{\"@context\":\"https:\\\/\\\/schema.org\",\"@graph\":[{\"@type\":\"Article\",\"@id\":\"https:\\\/\\\/accesolatino.org\\\/un-ano-de-matricula-gratuita-en-colegios-comunitarios\\\/noticias\\\/#article\",\"isPartOf\":{\"@id\":\"https:\\\/\\\/accesolatino.org\\\/un-ano-de-matricula-gratuita-en-colegios-comunitarios\\\/noticias\\\/\"},\"author\":{\"name\":\"Noticias\",\"@id\":\"https:\\\/\\\/accesolatino.org\\\/#\\\/schema\\\/person\\\/57bc3bfd2c357610a5255490ca4cd305\"},\"headline\":\"Un a\u00f1o de matr\u00edcula gratuita en colegios comunitarios\",\"datePublished\":\"2017-10-16T20:09:46+00:00\",\"dateModified\":\"2025-10-27T20:15:42+00:00\",\"mainEntityOfPage\":{\"@id\":\"https:\\\/\\\/accesolatino.org\\\/un-ano-de-matricula-gratuita-en-colegios-comunitarios\\\/noticias\\\/\"},\"wordCount\":279,\"commentCount\":0,\"publisher\":{\"@id\":\"https:\\\/\\\/accesolatino.org\\\/#organization\"},\"image\":{\"@id\":\"https:\\\/\\\/accesolatino.org\\\/un-ano-de-matricula-gratuita-en-colegios-comunitarios\\\/noticias\\\/#primaryimage\"},\"thumbnailUrl\":\"https:\\\/\\\/accesolatino.org\\\/wp-content\\\/uploads\\\/2017\\\/10\\\/Un-ano-de-matricula-gratuita-en-colegios-comunitarios.jpg\",\"articleSection\":[\"Noticias\",\"Temas de inter\u00e9s\"],\"inLanguage\":\"en-US\",\"potentialAction\":[{\"@type\":\"CommentAction\",\"name\":\"Comment\",\"target\":[\"https:\\\/\\\/accesolatino.org\\\/un-ano-de-matricula-gratuita-en-colegios-comunitarios\\\/noticias\\\/#respond\"]}]},{\"@type\":\"WebPage\",\"@id\":\"https:\\\/\\\/accesolatino.org\\\/un-ano-de-matricula-gratuita-en-colegios-comunitarios\\\/noticias\\\/\",\"url\":\"https:\\\/\\\/accesolatino.org\\\/un-ano-de-matricula-gratuita-en-colegios-comunitarios\\\/noticias\\\/\",\"name\":\"Un a\u00f1o de matr\u00edcula gratuita en colegios comunitarios - Acceso Latino\",\"isPartOf\":{\"@id\":\"https:\\\/\\\/accesolatino.org\\\/#website\"},\"primaryImageOfPage\":{\"@id\":\"https:\\\/\\\/accesolatino.org\\\/un-ano-de-matricula-gratuita-en-colegios-comunitarios\\\/noticias\\\/#primaryimage\"},\"image\":{\"@id\":\"https:\\\/\\\/accesolatino.org\\\/un-ano-de-matricula-gratuita-en-colegios-comunitarios\\\/noticias\\\/#primaryimage\"},\"thumbnailUrl\":\"https:\\\/\\\/accesolatino.org\\\/wp-content\\\/uploads\\\/2017\\\/10\\\/Un-ano-de-matricula-gratuita-en-colegios-comunitarios.jpg\",\"datePublished\":\"2017-10-16T20:09:46+00:00\",\"dateModified\":\"2025-10-27T20:15:42+00:00\",\"description\":\"La medida ser\u00e1 un alivio para miles de estudiantes, quienes en su mayor\u00eda son latinos de bajos recursos\",\"breadcrumb\":{\"@id\":\"https:\\\/\\\/accesolatino.org\\\/un-ano-de-matricula-gratuita-en-colegios-comunitarios\\\/noticias\\\/#breadcrumb\"},\"inLanguage\":\"en-US\",\"potentialAction\":[{\"@type\":\"ReadAction\",\"target\":[\"https:\\\/\\\/accesolatino.org\\\/un-ano-de-matricula-gratuita-en-colegios-comunitarios\\\/noticias\\\/\"]}]},{\"@type\":\"ImageObject\",\"inLanguage\":\"en-US\",\"@id\":\"https:\\\/\\\/accesolatino.org\\\/un-ano-de-matricula-gratuita-en-colegios-comunitarios\\\/noticias\\\/#primaryimage\",\"url\":\"https:\\\/\\\/accesolatino.org\\\/wp-content\\\/uploads\\\/2017\\\/10\\\/Un-ano-de-matricula-gratuita-en-colegios-comunitarios.jpg\",\"contentUrl\":\"https:\\\/\\\/accesolatino.org\\\/wp-content\\\/uploads\\\/2017\\\/10\\\/Un-ano-de-matricula-gratuita-en-colegios-comunitarios.jpg\",\"width\":\"600\",\"height\":\"397\",\"caption\":\"Un-ano-de-matricula-gratuita-en-colegios-comunitarios\"},{\"@type\":\"BreadcrumbList\",\"@id\":\"https:\\\/\\\/accesolatino.org\\\/un-ano-de-matricula-gratuita-en-colegios-comunitarios\\\/noticias\\\/#breadcrumb\",\"itemListElement\":[{\"@type\":\"ListItem\",\"position\":1,\"name\":\"Portada\",\"item\":\"https:\\\/\\\/accesolatino.org\\\/\"},{\"@type\":\"ListItem\",\"position\":2,\"name\":\"Noticias\",\"item\":\"https:\\\/\\\/accesolatino.org\\\/category\\\/noticias\\\/\"},{\"@type\":\"ListItem\",\"position\":3,\"name\":\"Un a\u00f1o de matr\u00edcula gratuita en colegios comunitarios\"}]},{\"@type\":\"WebSite\",\"@id\":\"https:\\\/\\\/accesolatino.org\\\/#website\",\"url\":\"https:\\\/\\\/accesolatino.org\\\/\",\"name\":\"Acceso Latino | Fundaci\u00f3n Carlos Slim\",\"description\":\"Fundaci\u00f3n Carlos Slim\",\"publisher\":{\"@id\":\"https:\\\/\\\/accesolatino.org\\\/#organization\"},\"potentialAction\":[{\"@type\":\"SearchAction\",\"target\":{\"@type\":\"EntryPoint\",\"urlTemplate\":\"https:\\\/\\\/accesolatino.org\\\/?s={search_term_string}\"},\"query-input\":{\"@type\":\"PropertyValueSpecification\",\"valueRequired\":true,\"valueName\":\"search_term_string\"}}],\"inLanguage\":\"en-US\"},{\"@type\":\"Organization\",\"@id\":\"https:\\\/\\\/accesolatino.org\\\/#organization\",\"name\":\"Acceso Latino | Fundaci\u00f3n Carlos Slim\",\"url\":\"https:\\\/\\\/accesolatino.org\\\/\",\"logo\":{\"@type\":\"ImageObject\",\"inLanguage\":\"en-US\",\"@id\":\"https:\\\/\\\/accesolatino.org\\\/#\\\/schema\\\/logo\\\/image\\\/\",\"url\":\"https:\\\/\\\/accesolatino.org\\\/wp-content\\\/uploads\\\/2021\\\/02\\\/logo-footer-acceso-latino.png\",\"contentUrl\":\"https:\\\/\\\/accesolatino.org\\\/wp-content\\\/uploads\\\/2021\\\/02\\\/logo-footer-acceso-latino.png\",\"width\":240,\"height\":40,\"caption\":\"Acceso Latino | Fundaci\u00f3n Carlos Slim\"},\"image\":{\"@id\":\"https:\\\/\\\/accesolatino.org\\\/#\\\/schema\\\/logo\\\/image\\\/\"},\"sameAs\":[\"https:\\\/\\\/www.facebook.com\\\/AccesoLatinoOrg\",\"https:\\\/\\\/x.com\\\/FAccLatino\"]},{\"@type\":\"Person\",\"@id\":\"https:\\\/\\\/accesolatino.org\\\/#\\\/schema\\\/person\\\/57bc3bfd2c357610a5255490ca4cd305\",\"name\":\"Noticias\"}]}<\/script>\n<!-- \/ Yoast SEO plugin. -->","yoast_head_json":{"title":"Un a\u00f1o de matr\u00edcula gratuita en colegios comunitarios - Acceso Latino","description":"La medida ser\u00e1 un alivio para miles de estudiantes, quienes en su mayor\u00eda son latinos de bajos recursos","robots":{"index":"index","follow":"follow","max-snippet":"max-snippet:-1","max-image-preview":"max-image-preview:large","max-video-preview":"max-video-preview:-1"},"canonical":"https:\/\/accesolatino.org\/en\/un-ano-de-matricula-gratuita-en-colegios-comunitarios\/noticias\/","og_locale":"en_US","og_type":"article","og_title":"Un a\u00f1o de matr\u00edcula gratuita en colegios comunitarios - Acceso Latino","og_description":"La medida ser\u00e1 un alivio para miles de estudiantes, quienes en su mayor\u00eda son latinos de bajos recursos","og_url":"https:\/\/accesolatino.org\/en\/un-ano-de-matricula-gratuita-en-colegios-comunitarios\/noticias\/","og_site_name":"Acceso Latino","article_publisher":"https:\/\/www.facebook.com\/AccesoLatinoOrg","article_published_time":"2017-10-16T20:09:46+00:00","article_modified_time":"2025-10-27T20:15:42+00:00","og_image":[{"width":600,"height":397,"url":"https:\/\/accesolatino.org\/wp-content\/uploads\/2017\/10\/Un-ano-de-matricula-gratuita-en-colegios-comunitarios.jpg","type":"image\/jpeg"}],"author":"Noticias","twitter_card":"summary_large_image","twitter_creator":"@FAccLatino","twitter_site":"@FAccLatino","twitter_misc":{"Written by":"Noticias","Est. reading time":"2 minutes"},"schema":{"@context":"https:\/\/schema.org","@graph":[{"@type":"Article","@id":"https:\/\/accesolatino.org\/un-ano-de-matricula-gratuita-en-colegios-comunitarios\/noticias\/#article","isPartOf":{"@id":"https:\/\/accesolatino.org\/un-ano-de-matricula-gratuita-en-colegios-comunitarios\/noticias\/"},"author":{"name":"Noticias","@id":"https:\/\/accesolatino.org\/#\/schema\/person\/57bc3bfd2c357610a5255490ca4cd305"},"headline":"Un a\u00f1o de matr\u00edcula gratuita en colegios comunitarios","datePublished":"2017-10-16T20:09:46+00:00","dateModified":"2025-10-27T20:15:42+00:00","mainEntityOfPage":{"@id":"https:\/\/accesolatino.org\/un-ano-de-matricula-gratuita-en-colegios-comunitarios\/noticias\/"},"wordCount":279,"commentCount":0,"publisher":{"@id":"https:\/\/accesolatino.org\/#organization"},"image":{"@id":"https:\/\/accesolatino.org\/un-ano-de-matricula-gratuita-en-colegios-comunitarios\/noticias\/#primaryimage"},"thumbnailUrl":"https:\/\/accesolatino.org\/wp-content\/uploads\/2017\/10\/Un-ano-de-matricula-gratuita-en-colegios-comunitarios.jpg","articleSection":["Noticias","Temas de inter\u00e9s"],"inLanguage":"en-US","potentialAction":[{"@type":"CommentAction","name":"Comment","target":["https:\/\/accesolatino.org\/un-ano-de-matricula-gratuita-en-colegios-comunitarios\/noticias\/#respond"]}]},{"@type":"WebPage","@id":"https:\/\/accesolatino.org\/un-ano-de-matricula-gratuita-en-colegios-comunitarios\/noticias\/","url":"https:\/\/accesolatino.org\/un-ano-de-matricula-gratuita-en-colegios-comunitarios\/noticias\/","name":"Un a\u00f1o de matr\u00edcula gratuita en colegios comunitarios - Acceso Latino","isPartOf":{"@id":"https:\/\/accesolatino.org\/#website"},"primaryImageOfPage":{"@id":"https:\/\/accesolatino.org\/un-ano-de-matricula-gratuita-en-colegios-comunitarios\/noticias\/#primaryimage"},"image":{"@id":"https:\/\/accesolatino.org\/un-ano-de-matricula-gratuita-en-colegios-comunitarios\/noticias\/#primaryimage"},"thumbnailUrl":"https:\/\/accesolatino.org\/wp-content\/uploads\/2017\/10\/Un-ano-de-matricula-gratuita-en-colegios-comunitarios.jpg","datePublished":"2017-10-16T20:09:46+00:00","dateModified":"2025-10-27T20:15:42+00:00","description":"La medida ser\u00e1 un alivio para miles de estudiantes, quienes en su mayor\u00eda son latinos de bajos recursos","breadcrumb":{"@id":"https:\/\/accesolatino.org\/un-ano-de-matricula-gratuita-en-colegios-comunitarios\/noticias\/#breadcrumb"},"inLanguage":"en-US","potentialAction":[{"@type":"ReadAction","target":["https:\/\/accesolatino.org\/un-ano-de-matricula-gratuita-en-colegios-comunitarios\/noticias\/"]}]},{"@type":"ImageObject","inLanguage":"en-US","@id":"https:\/\/accesolatino.org\/un-ano-de-matricula-gratuita-en-colegios-comunitarios\/noticias\/#primaryimage","url":"https:\/\/accesolatino.org\/wp-content\/uploads\/2017\/10\/Un-ano-de-matricula-gratuita-en-colegios-comunitarios.jpg","contentUrl":"https:\/\/accesolatino.org\/wp-content\/uploads\/2017\/10\/Un-ano-de-matricula-gratuita-en-colegios-comunitarios.jpg","width":"600","height":"397","caption":"Un-ano-de-matricula-gratuita-en-colegios-comunitarios"},{"@type":"BreadcrumbList","@id":"https:\/\/accesolatino.org\/un-ano-de-matricula-gratuita-en-colegios-comunitarios\/noticias\/#breadcrumb","itemListElement":[{"@type":"ListItem","position":1,"name":"Portada","item":"https:\/\/accesolatino.org\/"},{"@type":"ListItem","position":2,"name":"Noticias","item":"https:\/\/accesolatino.org\/category\/noticias\/"},{"@type":"ListItem","position":3,"name":"Un a\u00f1o de matr\u00edcula gratuita en colegios comunitarios"}]},{"@type":"WebSite","@id":"https:\/\/accesolatino.org\/#website","url":"https:\/\/accesolatino.org\/","name":"Acceso Latino | Fundaci\u00f3n Carlos Slim","description":"Fundaci\u00f3n Carlos Slim","publisher":{"@id":"https:\/\/accesolatino.org\/#organization"},"potentialAction":[{"@type":"SearchAction","target":{"@type":"EntryPoint","urlTemplate":"https:\/\/accesolatino.org\/?s={search_term_string}"},"query-input":{"@type":"PropertyValueSpecification","valueRequired":true,"valueName":"search_term_string"}}],"inLanguage":"en-US"},{"@type":"Organization","@id":"https:\/\/accesolatino.org\/#organization","name":"Acceso Latino | Fundaci\u00f3n Carlos Slim","url":"https:\/\/accesolatino.org\/","logo":{"@type":"ImageObject","inLanguage":"en-US","@id":"https:\/\/accesolatino.org\/#\/schema\/logo\/image\/","url":"https:\/\/accesolatino.org\/wp-content\/uploads\/2021\/02\/logo-footer-acceso-latino.png","contentUrl":"https:\/\/accesolatino.org\/wp-content\/uploads\/2021\/02\/logo-footer-acceso-latino.png","width":240,"height":40,"caption":"Acceso Latino | Fundaci\u00f3n Carlos Slim"},"image":{"@id":"https:\/\/accesolatino.org\/#\/schema\/logo\/image\/"},"sameAs":["https:\/\/www.facebook.com\/AccesoLatinoOrg","https:\/\/x.com\/FAccLatino"]},{"@type":"Person","@id":"https:\/\/accesolatino.org\/#\/schema\/person\/57bc3bfd2c357610a5255490ca4cd305","name":"News"}]}},"_links":{"self":[{"href":"https:\/\/accesolatino.org\/en\/wp-json\/wp\/v2\/posts\/10579","targetHints":{"allow":["GET"]}}],"collection":[{"href":"https:\/\/accesolatino.org\/en\/wp-json\/wp\/v2\/posts"}],"about":[{"href":"https:\/\/accesolatino.org\/en\/wp-json\/wp\/v2\/types\/post"}],"author":[{"embeddable":true,"href":"https:\/\/accesolatino.org\/en\/wp-json\/wp\/v2\/users\/13"}],"replies":[{"embeddable":true,"href":"https:\/\/accesolatino.org\/en\/wp-json\/wp\/v2\/comments?post=10579"}],"version-history":[{"count":1,"href":"https:\/\/accesolatino.org\/en\/wp-json\/wp\/v2\/posts\/10579\/revisions"}],"predecessor-version":[{"id":66842,"href":"https:\/\/accesolatino.org\/en\/wp-json\/wp\/v2\/posts\/10579\/revisions\/66842"}],"wp:featuredmedia":[{"embeddable":true,"href":"https:\/\/accesolatino.org\/en\/wp-json\/wp\/v2\/media\/10580"}],"wp:attachment":[{"href":"https:\/\/accesolatino.org\/en\/wp-json\/wp\/v2\/media?parent=10579"}],"wp:term":[{"taxonomy":"category","embeddable":true,"href":"https:\/\/accesolatino.org\/en\/wp-json\/wp\/v2\/categories?post=10579"},{"taxonomy":"post_tag","embeddable":true,"href":"https:\/\/accesolatino.org\/en\/wp-json\/wp\/v2\/tags?post=10579"}],"curies":[{"name":"wp","href":"https:\/\/api.w.org\/{rel}","templated":true}]}}