{"id":10541,"date":"2017-10-11T09:48:55","date_gmt":"2017-10-11T14:48:55","guid":{"rendered":"https:\/\/accesolatino.org\/?p=10541"},"modified":"2025-10-27T14:16:53","modified_gmt":"2025-10-27T20:16:53","slug":"conoce-la-xvii-edicion-de-la-semana-binacional-de-la-salud","status":"publish","type":"post","link":"https:\/\/accesolatino.org\/en\/conoce-la-xvii-edicion-de-la-semana-binacional-de-la-salud\/noticias\/","title":{"rendered":"Conoce la XVII Edici\u00f3n de la Semana Binacional de la Salud"},"content":{"rendered":"<p>Bajo el lema \u201cLa salud nos une a todos\u201d se lleva a cabo la <a title=\"\" href=\"http:\/\/www.ime.gob.mx\/images\/stories\/lazos\/2017\/boletines\/1825.html\" target=\"_blank\" rel=\"noopener\">XVII Semana Binacional de Salud<\/a> del 02 al 31 de octubre. Los Consulados de M\u00e9xico en Estados Unidos y Canad\u00e1, con el apoyo de sus aliados locales en salud, realizar\u00e1n diversas actividades y eventos de salud gratuitos enfocados a la prevenci\u00f3n de enfermedades y promoci\u00f3n de la salud en los siguientes rubros:<\/p>\n<ul>\n<li>enfermedades cr\u00f3nicas<\/li>\n<li>enfermedades transmisibles<\/li>\n<li>acceso a servicios de salud<\/li>\n<li>salud mental<\/li>\n<li>salud de la mujer, temas prioritarios en la atenci\u00f3n de la salud a familias migrantes<\/li>\n<\/ul>\n<p>En 2016, m\u00e1s de 240,000 personas recibieron servicios de salud durante la Semana Binacional de Salud.<\/p>\n<p>La Secretar\u00eda de Relaciones Exteriores, a trav\u00e9s del Instituto de los Mexicanos en el Exterior (IME), y la Secretar\u00eda de Salud, coordinan la Semana Binacional de la Salud, consolidada como una de las mayores movilizaciones de organizaciones comunitarias, agencias federales, estatales y de voluntarios del continente americano para mejorar la salud y el bienestar de los migrantes latinoamericanos en Estados Unidos.<\/p>\n<p>La Semana Binacional de Salud moviliza a miles de agencias de salud, organizaciones de la sociedad civil, gobiernos municipales y locales, universidades, hospitales p\u00fablicos y centros comunitarios, las cuales ofrecen servicios de salud especialmente a la poblaci\u00f3n de origen mexicano. Actualmente m\u00e1s de 3,200 agencias de salud en EUA, particularmente a lo largo de la frontera con M\u00e9xico, colaboran con las 51 Ventanillas de Salud ubicadas en la red consular mexicana para ofrecer actividades en el marco de la Semana Binacional de Salud.<\/p>\n<p>En esta ocasi\u00f3n, la Inauguraci\u00f3n de la Semana Binacional de Salud, se llevar\u00e1 a cabo el 7 de octubre en el Consulado General de M\u00e9xico en Denver, Colorado. Por su parte, la Clausura se llevar\u00e1 a cabo en San Bernardino, California, el 29 de octubre del presente. En ambos eventos se contempla la participaci\u00f3n de representantes de la Secretar\u00eda de Salud, de la Comisi\u00f3n de Salud Fronteriza M\u00e9xico-EUA, de las organizaciones de salud aliadas y l\u00edderes comunitarios, as\u00ed como de los departamentos de salud de los estados en EUA, entre otros.<\/p>\n<p>Con el objetivo de beneficiar a una mayor cantidad de connacionales y latinos, durante la Semana Binacional de Salud participar\u00e1n las 11 Unidades m\u00f3viles de Salud que operan en los Consulados de M\u00e9xico en Chicago, Dallas, Los \u00c1ngeles, Nueva York, Phoenix, Denver, Las Vegas, Miami, Orlando, Tucson y Raleigh. Las Unidades M\u00f3viles acercar\u00e1n servicios b\u00e1sicos de salud a las poblaciones alejadas y de dif\u00edcil acceso.<\/p>\n<p><em>Fuente: Instituto de los Mexicanos en el Exterior.<\/em><\/p>","protected":false},"excerpt":{"rendered":"<p>Bajo el lema \u201cLa salud nos une a todos\u201d se lleva a cabo la XVII Semana Binacional de Salud del 02 al 31 de octubre. Los Consulados de M\u00e9xico en Estados Unidos y Canad\u00e1, con el apoyo de sus aliados locales en salud, realizar\u00e1n diversas actividades y eventos de salud gratuitos enfocados a la prevenci\u00f3n de enfermedades y promoci\u00f3n de la salud en los siguientes rubros: enfermedades cr\u00f3nicas enfermedades transmisibles acceso a servicios de salud salud mental salud de la mujer, temas prioritarios en la atenci\u00f3n de la salud a familias migrantes En 2016, m\u00e1s de 240,000 personas recibieron servicios de salud durante la Semana Binacional de Salud. La Secretar\u00eda de Relaciones Exteriores, a trav\u00e9s del Instituto de los Mexicanos en el Exterior (IME), y la Secretar\u00eda de Salud, coordinan la Semana Binacional de la Salud, consolidada como una de las mayores movilizaciones de organizaciones comunitarias, agencias federales, estatales y de voluntarios del continente americano para mejorar la salud y el bienestar de los migrantes latinoamericanos en Estados Unidos. La Semana Binacional de Salud moviliza a miles de agencias de salud, organizaciones de la sociedad civil, gobiernos municipales y locales, universidades, hospitales p\u00fablicos y centros comunitarios, las cuales ofrecen servicios de salud especialmente a la poblaci\u00f3n de origen mexicano. Actualmente m\u00e1s de 3,200 agencias de salud en EUA, particularmente a lo largo de la frontera con M\u00e9xico, colaboran con las 51 Ventanillas de Salud ubicadas en la red consular mexicana para ofrecer actividades en el marco de la Semana Binacional de Salud. En esta ocasi\u00f3n, la Inauguraci\u00f3n de la Semana Binacional de Salud, se llevar\u00e1 a cabo el 7 de octubre en el Consulado General de M\u00e9xico en Denver, Colorado. Por su parte, la Clausura se llevar\u00e1 a cabo en San Bernardino, California, el 29 de octubre del presente. En ambos eventos se contempla la participaci\u00f3n de representantes de la Secretar\u00eda de Salud, de la Comisi\u00f3n de Salud Fronteriza M\u00e9xico-EUA, de las organizaciones de salud aliadas y l\u00edderes comunitarios, as\u00ed como de los departamentos de salud de los estados en EUA, entre otros. Con el objetivo de beneficiar a una mayor cantidad de connacionales y latinos, durante la Semana Binacional de Salud participar\u00e1n las 11 Unidades m\u00f3viles de Salud que operan en los Consulados de M\u00e9xico en Chicago, Dallas, Los \u00c1ngeles, Nueva York, Phoenix, Denver, Las Vegas, Miami, Orlando, Tucson y Raleigh. Las Unidades M\u00f3viles acercar\u00e1n servicios b\u00e1sicos de salud a las poblaciones alejadas y de dif\u00edcil acceso. Fuente: Instituto de los Mexicanos en el Exterior.<\/p>","protected":false},"author":13,"featured_media":10542,"comment_status":"open","ping_status":"open","sticky":false,"template":"","format":"standard","meta":{"_uf_show_specific_survey":0,"_uf_disable_surveys":false,"footnotes":""},"categories":[10,1],"tags":[],"class_list":["post-10541","post","type-post","status-publish","format-standard","has-post-thumbnail","hentry","category-noticias","category-temas-de-interes"],"aioseo_notices":[],"yoast_head":"<!-- This site is optimized with the Yoast SEO plugin v27.5 - https:\/\/yoast.com\/product\/yoast-seo-wordpress\/ -->\n<title>Conoce la XVII Edici\u00f3n de la Semana Binacional de la Salud<\/title>\n<meta name=\"description\" content=\"Bajo el lema \u201cLa salud nos une a todos\u201d se lleva a cabo la XVII Semana Binacional de Salud del 02 al 31 de octubre.\" \/>\n<meta name=\"robots\" content=\"index, follow, max-snippet:-1, max-image-preview:large, max-video-preview:-1\" \/>\n<link rel=\"canonical\" href=\"https:\/\/accesolatino.org\/en\/conoce-la-xvii-edicion-de-la-semana-binacional-de-la-salud\/noticias\/\" \/>\n<meta property=\"og:locale\" content=\"en_US\" \/>\n<meta property=\"og:type\" content=\"article\" \/>\n<meta property=\"og:title\" content=\"Conoce la XVII Edici\u00f3n de la Semana Binacional de la Salud\" \/>\n<meta property=\"og:description\" content=\"Bajo el lema \u201cLa salud nos une a todos\u201d se lleva a cabo la XVII Semana Binacional de Salud del 02 al 31 de octubre.\" \/>\n<meta property=\"og:url\" content=\"https:\/\/accesolatino.org\/en\/conoce-la-xvii-edicion-de-la-semana-binacional-de-la-salud\/noticias\/\" \/>\n<meta property=\"og:site_name\" content=\"Acceso Latino\" \/>\n<meta property=\"article:publisher\" content=\"https:\/\/www.facebook.com\/AccesoLatinoOrg\" \/>\n<meta property=\"article:published_time\" content=\"2017-10-11T14:48:55+00:00\" \/>\n<meta property=\"article:modified_time\" content=\"2025-10-27T20:16:53+00:00\" \/>\n<meta property=\"og:image\" content=\"https:\/\/accesolatino.org\/wp-content\/uploads\/2017\/10\/Conoce-la-XVII-Edicion-de-la-Semana-Binacional-de-la-Salud.jpg\" \/>\n\t<meta property=\"og:image:width\" content=\"600\" \/>\n\t<meta property=\"og:image:height\" content=\"400\" \/>\n\t<meta property=\"og:image:type\" content=\"image\/jpeg\" \/>\n<meta name=\"author\" content=\"Noticias\" \/>\n<meta name=\"twitter:card\" content=\"summary_large_image\" \/>\n<meta name=\"twitter:creator\" content=\"@FAccLatino\" \/>\n<meta name=\"twitter:site\" content=\"@FAccLatino\" \/>\n<meta name=\"twitter:label1\" content=\"Written by\" \/>\n\t<meta name=\"twitter:data1\" content=\"Noticias\" \/>\n\t<meta name=\"twitter:label2\" content=\"Est. reading time\" \/>\n\t<meta name=\"twitter:data2\" content=\"3 minutes\" \/>\n<script type=\"application\/ld+json\" class=\"yoast-schema-graph\">{\"@context\":\"https:\\\/\\\/schema.org\",\"@graph\":[{\"@type\":\"Article\",\"@id\":\"https:\\\/\\\/accesolatino.org\\\/conoce-la-xvii-edicion-de-la-semana-binacional-de-la-salud\\\/noticias\\\/#article\",\"isPartOf\":{\"@id\":\"https:\\\/\\\/accesolatino.org\\\/conoce-la-xvii-edicion-de-la-semana-binacional-de-la-salud\\\/noticias\\\/\"},\"author\":{\"name\":\"Noticias\",\"@id\":\"https:\\\/\\\/accesolatino.org\\\/#\\\/schema\\\/person\\\/57bc3bfd2c357610a5255490ca4cd305\"},\"headline\":\"Conoce la XVII Edici\u00f3n de la Semana Binacional de la Salud\",\"datePublished\":\"2017-10-11T14:48:55+00:00\",\"dateModified\":\"2025-10-27T20:16:53+00:00\",\"mainEntityOfPage\":{\"@id\":\"https:\\\/\\\/accesolatino.org\\\/conoce-la-xvii-edicion-de-la-semana-binacional-de-la-salud\\\/noticias\\\/\"},\"wordCount\":448,\"commentCount\":0,\"publisher\":{\"@id\":\"https:\\\/\\\/accesolatino.org\\\/#organization\"},\"image\":{\"@id\":\"https:\\\/\\\/accesolatino.org\\\/conoce-la-xvii-edicion-de-la-semana-binacional-de-la-salud\\\/noticias\\\/#primaryimage\"},\"thumbnailUrl\":\"https:\\\/\\\/accesolatino.org\\\/wp-content\\\/uploads\\\/2017\\\/10\\\/Conoce-la-XVII-Edicion-de-la-Semana-Binacional-de-la-Salud.jpg\",\"articleSection\":[\"Noticias\",\"Temas de inter\u00e9s\"],\"inLanguage\":\"en-US\",\"potentialAction\":[{\"@type\":\"CommentAction\",\"name\":\"Comment\",\"target\":[\"https:\\\/\\\/accesolatino.org\\\/conoce-la-xvii-edicion-de-la-semana-binacional-de-la-salud\\\/noticias\\\/#respond\"]}]},{\"@type\":\"WebPage\",\"@id\":\"https:\\\/\\\/accesolatino.org\\\/conoce-la-xvii-edicion-de-la-semana-binacional-de-la-salud\\\/noticias\\\/\",\"url\":\"https:\\\/\\\/accesolatino.org\\\/conoce-la-xvii-edicion-de-la-semana-binacional-de-la-salud\\\/noticias\\\/\",\"name\":\"Conoce la XVII Edici\u00f3n de la Semana Binacional de la Salud\",\"isPartOf\":{\"@id\":\"https:\\\/\\\/accesolatino.org\\\/#website\"},\"primaryImageOfPage\":{\"@id\":\"https:\\\/\\\/accesolatino.org\\\/conoce-la-xvii-edicion-de-la-semana-binacional-de-la-salud\\\/noticias\\\/#primaryimage\"},\"image\":{\"@id\":\"https:\\\/\\\/accesolatino.org\\\/conoce-la-xvii-edicion-de-la-semana-binacional-de-la-salud\\\/noticias\\\/#primaryimage\"},\"thumbnailUrl\":\"https:\\\/\\\/accesolatino.org\\\/wp-content\\\/uploads\\\/2017\\\/10\\\/Conoce-la-XVII-Edicion-de-la-Semana-Binacional-de-la-Salud.jpg\",\"datePublished\":\"2017-10-11T14:48:55+00:00\",\"dateModified\":\"2025-10-27T20:16:53+00:00\",\"description\":\"Bajo el lema \u201cLa salud nos une a todos\u201d se lleva a cabo la XVII Semana Binacional de Salud del 02 al 31 de octubre.\",\"breadcrumb\":{\"@id\":\"https:\\\/\\\/accesolatino.org\\\/conoce-la-xvii-edicion-de-la-semana-binacional-de-la-salud\\\/noticias\\\/#breadcrumb\"},\"inLanguage\":\"en-US\",\"potentialAction\":[{\"@type\":\"ReadAction\",\"target\":[\"https:\\\/\\\/accesolatino.org\\\/conoce-la-xvii-edicion-de-la-semana-binacional-de-la-salud\\\/noticias\\\/\"]}]},{\"@type\":\"ImageObject\",\"inLanguage\":\"en-US\",\"@id\":\"https:\\\/\\\/accesolatino.org\\\/conoce-la-xvii-edicion-de-la-semana-binacional-de-la-salud\\\/noticias\\\/#primaryimage\",\"url\":\"https:\\\/\\\/accesolatino.org\\\/wp-content\\\/uploads\\\/2017\\\/10\\\/Conoce-la-XVII-Edicion-de-la-Semana-Binacional-de-la-Salud.jpg\",\"contentUrl\":\"https:\\\/\\\/accesolatino.org\\\/wp-content\\\/uploads\\\/2017\\\/10\\\/Conoce-la-XVII-Edicion-de-la-Semana-Binacional-de-la-Salud.jpg\",\"width\":\"600\",\"height\":\"400\",\"caption\":\"Conoce-la-XVII-Edicion-de-la-Semana-Binacional-de-la-Salud\"},{\"@type\":\"BreadcrumbList\",\"@id\":\"https:\\\/\\\/accesolatino.org\\\/conoce-la-xvii-edicion-de-la-semana-binacional-de-la-salud\\\/noticias\\\/#breadcrumb\",\"itemListElement\":[{\"@type\":\"ListItem\",\"position\":1,\"name\":\"Portada\",\"item\":\"https:\\\/\\\/accesolatino.org\\\/\"},{\"@type\":\"ListItem\",\"position\":2,\"name\":\"Noticias\",\"item\":\"https:\\\/\\\/accesolatino.org\\\/category\\\/noticias\\\/\"},{\"@type\":\"ListItem\",\"position\":3,\"name\":\"Conoce la XVII Edici\u00f3n de la Semana Binacional de la Salud\"}]},{\"@type\":\"WebSite\",\"@id\":\"https:\\\/\\\/accesolatino.org\\\/#website\",\"url\":\"https:\\\/\\\/accesolatino.org\\\/\",\"name\":\"Acceso Latino | Fundaci\u00f3n Carlos Slim\",\"description\":\"Fundaci\u00f3n Carlos Slim\",\"publisher\":{\"@id\":\"https:\\\/\\\/accesolatino.org\\\/#organization\"},\"potentialAction\":[{\"@type\":\"SearchAction\",\"target\":{\"@type\":\"EntryPoint\",\"urlTemplate\":\"https:\\\/\\\/accesolatino.org\\\/?s={search_term_string}\"},\"query-input\":{\"@type\":\"PropertyValueSpecification\",\"valueRequired\":true,\"valueName\":\"search_term_string\"}}],\"inLanguage\":\"en-US\"},{\"@type\":\"Organization\",\"@id\":\"https:\\\/\\\/accesolatino.org\\\/#organization\",\"name\":\"Acceso Latino | Fundaci\u00f3n Carlos Slim\",\"url\":\"https:\\\/\\\/accesolatino.org\\\/\",\"logo\":{\"@type\":\"ImageObject\",\"inLanguage\":\"en-US\",\"@id\":\"https:\\\/\\\/accesolatino.org\\\/#\\\/schema\\\/logo\\\/image\\\/\",\"url\":\"https:\\\/\\\/accesolatino.org\\\/wp-content\\\/uploads\\\/2021\\\/02\\\/logo-footer-acceso-latino.png\",\"contentUrl\":\"https:\\\/\\\/accesolatino.org\\\/wp-content\\\/uploads\\\/2021\\\/02\\\/logo-footer-acceso-latino.png\",\"width\":240,\"height\":40,\"caption\":\"Acceso Latino | Fundaci\u00f3n Carlos Slim\"},\"image\":{\"@id\":\"https:\\\/\\\/accesolatino.org\\\/#\\\/schema\\\/logo\\\/image\\\/\"},\"sameAs\":[\"https:\\\/\\\/www.facebook.com\\\/AccesoLatinoOrg\",\"https:\\\/\\\/x.com\\\/FAccLatino\"]},{\"@type\":\"Person\",\"@id\":\"https:\\\/\\\/accesolatino.org\\\/#\\\/schema\\\/person\\\/57bc3bfd2c357610a5255490ca4cd305\",\"name\":\"Noticias\"}]}<\/script>\n<!-- \/ Yoast SEO plugin. -->","yoast_head_json":{"title":"Conoce la XVII Edici\u00f3n de la Semana Binacional de la Salud","description":"Bajo el lema \u201cLa salud nos une a todos\u201d se lleva a cabo la XVII Semana Binacional de Salud del 02 al 31 de octubre.","robots":{"index":"index","follow":"follow","max-snippet":"max-snippet:-1","max-image-preview":"max-image-preview:large","max-video-preview":"max-video-preview:-1"},"canonical":"https:\/\/accesolatino.org\/en\/conoce-la-xvii-edicion-de-la-semana-binacional-de-la-salud\/noticias\/","og_locale":"en_US","og_type":"article","og_title":"Conoce la XVII Edici\u00f3n de la Semana Binacional de la Salud","og_description":"Bajo el lema \u201cLa salud nos une a todos\u201d se lleva a cabo la XVII Semana Binacional de Salud del 02 al 31 de octubre.","og_url":"https:\/\/accesolatino.org\/en\/conoce-la-xvii-edicion-de-la-semana-binacional-de-la-salud\/noticias\/","og_site_name":"Acceso Latino","article_publisher":"https:\/\/www.facebook.com\/AccesoLatinoOrg","article_published_time":"2017-10-11T14:48:55+00:00","article_modified_time":"2025-10-27T20:16:53+00:00","og_image":[{"width":600,"height":400,"url":"https:\/\/accesolatino.org\/wp-content\/uploads\/2017\/10\/Conoce-la-XVII-Edicion-de-la-Semana-Binacional-de-la-Salud.jpg","type":"image\/jpeg"}],"author":"Noticias","twitter_card":"summary_large_image","twitter_creator":"@FAccLatino","twitter_site":"@FAccLatino","twitter_misc":{"Written by":"Noticias","Est. reading time":"3 minutes"},"schema":{"@context":"https:\/\/schema.org","@graph":[{"@type":"Article","@id":"https:\/\/accesolatino.org\/conoce-la-xvii-edicion-de-la-semana-binacional-de-la-salud\/noticias\/#article","isPartOf":{"@id":"https:\/\/accesolatino.org\/conoce-la-xvii-edicion-de-la-semana-binacional-de-la-salud\/noticias\/"},"author":{"name":"Noticias","@id":"https:\/\/accesolatino.org\/#\/schema\/person\/57bc3bfd2c357610a5255490ca4cd305"},"headline":"Conoce la XVII Edici\u00f3n de la Semana Binacional de la Salud","datePublished":"2017-10-11T14:48:55+00:00","dateModified":"2025-10-27T20:16:53+00:00","mainEntityOfPage":{"@id":"https:\/\/accesolatino.org\/conoce-la-xvii-edicion-de-la-semana-binacional-de-la-salud\/noticias\/"},"wordCount":448,"commentCount":0,"publisher":{"@id":"https:\/\/accesolatino.org\/#organization"},"image":{"@id":"https:\/\/accesolatino.org\/conoce-la-xvii-edicion-de-la-semana-binacional-de-la-salud\/noticias\/#primaryimage"},"thumbnailUrl":"https:\/\/accesolatino.org\/wp-content\/uploads\/2017\/10\/Conoce-la-XVII-Edicion-de-la-Semana-Binacional-de-la-Salud.jpg","articleSection":["Noticias","Temas de inter\u00e9s"],"inLanguage":"en-US","potentialAction":[{"@type":"CommentAction","name":"Comment","target":["https:\/\/accesolatino.org\/conoce-la-xvii-edicion-de-la-semana-binacional-de-la-salud\/noticias\/#respond"]}]},{"@type":"WebPage","@id":"https:\/\/accesolatino.org\/conoce-la-xvii-edicion-de-la-semana-binacional-de-la-salud\/noticias\/","url":"https:\/\/accesolatino.org\/conoce-la-xvii-edicion-de-la-semana-binacional-de-la-salud\/noticias\/","name":"Conoce la XVII Edici\u00f3n de la Semana Binacional de la Salud","isPartOf":{"@id":"https:\/\/accesolatino.org\/#website"},"primaryImageOfPage":{"@id":"https:\/\/accesolatino.org\/conoce-la-xvii-edicion-de-la-semana-binacional-de-la-salud\/noticias\/#primaryimage"},"image":{"@id":"https:\/\/accesolatino.org\/conoce-la-xvii-edicion-de-la-semana-binacional-de-la-salud\/noticias\/#primaryimage"},"thumbnailUrl":"https:\/\/accesolatino.org\/wp-content\/uploads\/2017\/10\/Conoce-la-XVII-Edicion-de-la-Semana-Binacional-de-la-Salud.jpg","datePublished":"2017-10-11T14:48:55+00:00","dateModified":"2025-10-27T20:16:53+00:00","description":"Bajo el lema \u201cLa salud nos une a todos\u201d se lleva a cabo la XVII Semana Binacional de Salud del 02 al 31 de octubre.","breadcrumb":{"@id":"https:\/\/accesolatino.org\/conoce-la-xvii-edicion-de-la-semana-binacional-de-la-salud\/noticias\/#breadcrumb"},"inLanguage":"en-US","potentialAction":[{"@type":"ReadAction","target":["https:\/\/accesolatino.org\/conoce-la-xvii-edicion-de-la-semana-binacional-de-la-salud\/noticias\/"]}]},{"@type":"ImageObject","inLanguage":"en-US","@id":"https:\/\/accesolatino.org\/conoce-la-xvii-edicion-de-la-semana-binacional-de-la-salud\/noticias\/#primaryimage","url":"https:\/\/accesolatino.org\/wp-content\/uploads\/2017\/10\/Conoce-la-XVII-Edicion-de-la-Semana-Binacional-de-la-Salud.jpg","contentUrl":"https:\/\/accesolatino.org\/wp-content\/uploads\/2017\/10\/Conoce-la-XVII-Edicion-de-la-Semana-Binacional-de-la-Salud.jpg","width":"600","height":"400","caption":"Conoce-la-XVII-Edicion-de-la-Semana-Binacional-de-la-Salud"},{"@type":"BreadcrumbList","@id":"https:\/\/accesolatino.org\/conoce-la-xvii-edicion-de-la-semana-binacional-de-la-salud\/noticias\/#breadcrumb","itemListElement":[{"@type":"ListItem","position":1,"name":"Portada","item":"https:\/\/accesolatino.org\/"},{"@type":"ListItem","position":2,"name":"Noticias","item":"https:\/\/accesolatino.org\/category\/noticias\/"},{"@type":"ListItem","position":3,"name":"Conoce la XVII Edici\u00f3n de la Semana Binacional de la Salud"}]},{"@type":"WebSite","@id":"https:\/\/accesolatino.org\/#website","url":"https:\/\/accesolatino.org\/","name":"Acceso Latino | Fundaci\u00f3n Carlos Slim","description":"Fundaci\u00f3n Carlos Slim","publisher":{"@id":"https:\/\/accesolatino.org\/#organization"},"potentialAction":[{"@type":"SearchAction","target":{"@type":"EntryPoint","urlTemplate":"https:\/\/accesolatino.org\/?s={search_term_string}"},"query-input":{"@type":"PropertyValueSpecification","valueRequired":true,"valueName":"search_term_string"}}],"inLanguage":"en-US"},{"@type":"Organization","@id":"https:\/\/accesolatino.org\/#organization","name":"Acceso Latino | Fundaci\u00f3n Carlos Slim","url":"https:\/\/accesolatino.org\/","logo":{"@type":"ImageObject","inLanguage":"en-US","@id":"https:\/\/accesolatino.org\/#\/schema\/logo\/image\/","url":"https:\/\/accesolatino.org\/wp-content\/uploads\/2021\/02\/logo-footer-acceso-latino.png","contentUrl":"https:\/\/accesolatino.org\/wp-content\/uploads\/2021\/02\/logo-footer-acceso-latino.png","width":240,"height":40,"caption":"Acceso Latino | Fundaci\u00f3n Carlos Slim"},"image":{"@id":"https:\/\/accesolatino.org\/#\/schema\/logo\/image\/"},"sameAs":["https:\/\/www.facebook.com\/AccesoLatinoOrg","https:\/\/x.com\/FAccLatino"]},{"@type":"Person","@id":"https:\/\/accesolatino.org\/#\/schema\/person\/57bc3bfd2c357610a5255490ca4cd305","name":"News"}]}},"_links":{"self":[{"href":"https:\/\/accesolatino.org\/en\/wp-json\/wp\/v2\/posts\/10541","targetHints":{"allow":["GET"]}}],"collection":[{"href":"https:\/\/accesolatino.org\/en\/wp-json\/wp\/v2\/posts"}],"about":[{"href":"https:\/\/accesolatino.org\/en\/wp-json\/wp\/v2\/types\/post"}],"author":[{"embeddable":true,"href":"https:\/\/accesolatino.org\/en\/wp-json\/wp\/v2\/users\/13"}],"replies":[{"embeddable":true,"href":"https:\/\/accesolatino.org\/en\/wp-json\/wp\/v2\/comments?post=10541"}],"version-history":[{"count":1,"href":"https:\/\/accesolatino.org\/en\/wp-json\/wp\/v2\/posts\/10541\/revisions"}],"predecessor-version":[{"id":66851,"href":"https:\/\/accesolatino.org\/en\/wp-json\/wp\/v2\/posts\/10541\/revisions\/66851"}],"wp:featuredmedia":[{"embeddable":true,"href":"https:\/\/accesolatino.org\/en\/wp-json\/wp\/v2\/media\/10542"}],"wp:attachment":[{"href":"https:\/\/accesolatino.org\/en\/wp-json\/wp\/v2\/media?parent=10541"}],"wp:term":[{"taxonomy":"category","embeddable":true,"href":"https:\/\/accesolatino.org\/en\/wp-json\/wp\/v2\/categories?post=10541"},{"taxonomy":"post_tag","embeddable":true,"href":"https:\/\/accesolatino.org\/en\/wp-json\/wp\/v2\/tags?post=10541"}],"curies":[{"name":"wp","href":"https:\/\/api.w.org\/{rel}","templated":true}]}}