{"id":10506,"date":"2017-10-10T09:55:24","date_gmt":"2017-10-10T14:55:24","guid":{"rendered":"https:\/\/accesolatino.org\/?p=10506"},"modified":"2025-10-27T14:17:01","modified_gmt":"2025-10-27T20:17:01","slug":"eu-premia-a-mexicano-por-aporte-a-la-fisica","status":"publish","type":"post","link":"https:\/\/accesolatino.org\/en\/eu-premia-a-mexicano-por-aporte-a-la-fisica\/orgullo-latino\/","title":{"rendered":"EU premia a mexicano por aporte a la F\u00edsica"},"content":{"rendered":"<p>Miguel Jos\u00e9 Yacam\u00e1n dirige la creaci\u00f3n de un cerebro computarizado en la Universidad de Texas<\/p>\n<p>Hablar de la ciencia en M\u00e9xico implica mencionar al Dr. Miguel Jos\u00e9 Yacam\u00e1n. El cient\u00edfico es un referente de la investigaci\u00f3n a nano escala en el mundo.<\/p>\n<p>Ha realizado estudios sobre la estructura y propiedades de las nano part\u00edculas. La Secretar\u00eda de Educaci\u00f3n P\u00fablica se\u00f1ala que es autor de varios libros y de centenares de art\u00edculos t\u00e9cnicos, su obra es ampliamente citada en publicaciones especializadas. \u201cSu trabajo con nano part\u00edculas abri\u00f3 una nueva era en la Microscop\u00eda Electr\u00f3nica\u201d.<\/p>\n<p>Gracias a sus aportes en el campo cient\u00edfico, se hizo acreedor al Premio Edward A. Bouchet que otorga la Sociedad Americana de F\u00edsica.<\/p>\n<p>La presea que otorga la comunidad cient\u00edfica de Estados Unidos tambi\u00e9n reconoce su promoci\u00f3n de estudiantes latinos en ese pa\u00eds.<\/p>\n<p>Actualmente, Miguel Jos\u00e9 Yacam\u00e1n es presidente del Departamento de F\u00edsica de la Universidad de Texas. Uno de sus proyectos es la creaci\u00f3n de un cerebro computarizado. Estima que en 10 a\u00f1os se desarrolle la tecnolog\u00eda de neuro chips para poder emular el cerebro humano, mientras tanto est\u00e1n a punto de imitar el de los ratones.<\/p>\n<p>El mexicano es un pionero de la investigaci\u00f3n en nanotecnolog\u00eda. Su trabajo sobre el efecto antibacteriano en las nano part\u00edculas de plata es citado por m\u00faltiples investigadores.<\/p>\n<p>El veracruzano estudi\u00f3 su doctorado en F\u00edsica en la UNAM. De 1983 a 1991 fue director del Instituto de F\u00edsica de esa instituci\u00f3n. Fue profesor de ingenier\u00eda en la Universidad de Texas en Austin de 2001 a 2008 y ahora es director del Departamento de F\u00edsica.<\/p>\n<p>El Premio Edward A. Bouchet le ser\u00e1 entregado en una ceremonia el pr\u00f3ximo 5 de marzo de 2018.<\/p>\n<p><em>Fuente: Vive USA<\/em><\/p>","protected":false},"excerpt":{"rendered":"<p>Miguel Jos\u00e9 Yacam\u00e1n dirige la creaci\u00f3n de un cerebro computarizado en la Universidad de Texas Hablar de la ciencia en M\u00e9xico implica mencionar al Dr. Miguel Jos\u00e9 Yacam\u00e1n. El cient\u00edfico es un referente de la investigaci\u00f3n a nano escala en el mundo. Ha realizado estudios sobre la estructura y propiedades de las nano part\u00edculas. La Secretar\u00eda de Educaci\u00f3n P\u00fablica se\u00f1ala que es autor de varios libros y de centenares de art\u00edculos t\u00e9cnicos, su obra es ampliamente citada en publicaciones especializadas. \u201cSu trabajo con nano part\u00edculas abri\u00f3 una nueva era en la Microscop\u00eda Electr\u00f3nica\u201d. Gracias a sus aportes en el campo cient\u00edfico, se hizo acreedor al Premio Edward A. Bouchet que otorga la Sociedad Americana de F\u00edsica. La presea que otorga la comunidad cient\u00edfica de Estados Unidos tambi\u00e9n reconoce su promoci\u00f3n de estudiantes latinos en ese pa\u00eds. Actualmente, Miguel Jos\u00e9 Yacam\u00e1n es presidente del Departamento de F\u00edsica de la Universidad de Texas. Uno de sus proyectos es la creaci\u00f3n de un cerebro computarizado. Estima que en 10 a\u00f1os se desarrolle la tecnolog\u00eda de neuro chips para poder emular el cerebro humano, mientras tanto est\u00e1n a punto de imitar el de los ratones. El mexicano es un pionero de la investigaci\u00f3n en nanotecnolog\u00eda. Su trabajo sobre el efecto antibacteriano en las nano part\u00edculas de plata es citado por m\u00faltiples investigadores. El veracruzano estudi\u00f3 su doctorado en F\u00edsica en la UNAM. De 1983 a 1991 fue director del Instituto de F\u00edsica de esa instituci\u00f3n. Fue profesor de ingenier\u00eda en la Universidad de Texas en Austin de 2001 a 2008 y ahora es director del Departamento de F\u00edsica. El Premio Edward A. Bouchet le ser\u00e1 entregado en una ceremonia el pr\u00f3ximo 5 de marzo de 2018. Fuente: Vive USA<\/p>","protected":false},"author":13,"featured_media":10507,"comment_status":"open","ping_status":"open","sticky":false,"template":"","format":"standard","meta":{"_uf_show_specific_survey":0,"_uf_disable_surveys":false,"footnotes":""},"categories":[9],"tags":[],"class_list":["post-10506","post","type-post","status-publish","format-standard","has-post-thumbnail","hentry","category-orgullo-latino"],"aioseo_notices":[],"yoast_head":"<!-- This site is optimized with the Yoast SEO plugin v27.5 - https:\/\/yoast.com\/product\/yoast-seo-wordpress\/ -->\n<title>EU premia a mexicano por aporte a la F\u00edsica - Acceso Latino<\/title>\n<meta name=\"description\" content=\"Miguel Jos\u00e9 Yacam\u00e1n dirige la creaci\u00f3n de un cerebro computarizado en la Universidad de Texas\" \/>\n<meta name=\"robots\" content=\"index, follow, max-snippet:-1, max-image-preview:large, max-video-preview:-1\" \/>\n<link rel=\"canonical\" href=\"https:\/\/accesolatino.org\/en\/eu-premia-a-mexicano-por-aporte-a-la-fisica\/orgullo-latino\/\" \/>\n<meta property=\"og:locale\" content=\"en_US\" \/>\n<meta property=\"og:type\" content=\"article\" \/>\n<meta property=\"og:title\" content=\"EU premia a mexicano por aporte a la F\u00edsica - Acceso Latino\" \/>\n<meta property=\"og:description\" content=\"Miguel Jos\u00e9 Yacam\u00e1n dirige la creaci\u00f3n de un cerebro computarizado en la Universidad de Texas\" \/>\n<meta property=\"og:url\" content=\"https:\/\/accesolatino.org\/en\/eu-premia-a-mexicano-por-aporte-a-la-fisica\/orgullo-latino\/\" \/>\n<meta property=\"og:site_name\" content=\"Acceso Latino\" \/>\n<meta property=\"article:publisher\" content=\"https:\/\/www.facebook.com\/AccesoLatinoOrg\" \/>\n<meta property=\"article:published_time\" content=\"2017-10-10T14:55:24+00:00\" \/>\n<meta property=\"article:modified_time\" content=\"2025-10-27T20:17:01+00:00\" \/>\n<meta property=\"og:image\" content=\"https:\/\/accesolatino.org\/wp-content\/uploads\/2017\/10\/EU-premia-a-mexicano-por-aporte-a-la-Fisica.jpg\" \/>\n\t<meta property=\"og:image:width\" content=\"600\" \/>\n\t<meta property=\"og:image:height\" content=\"402\" \/>\n\t<meta property=\"og:image:type\" content=\"image\/jpeg\" \/>\n<meta name=\"author\" content=\"Noticias\" \/>\n<meta name=\"twitter:card\" content=\"summary_large_image\" \/>\n<meta name=\"twitter:creator\" content=\"@FAccLatino\" \/>\n<meta name=\"twitter:site\" content=\"@FAccLatino\" \/>\n<meta name=\"twitter:label1\" content=\"Written by\" \/>\n\t<meta name=\"twitter:data1\" content=\"Noticias\" \/>\n\t<meta name=\"twitter:label2\" content=\"Est. reading time\" \/>\n\t<meta name=\"twitter:data2\" content=\"2 minutes\" \/>\n<script type=\"application\/ld+json\" class=\"yoast-schema-graph\">{\"@context\":\"https:\\\/\\\/schema.org\",\"@graph\":[{\"@type\":\"Article\",\"@id\":\"https:\\\/\\\/accesolatino.org\\\/eu-premia-a-mexicano-por-aporte-a-la-fisica\\\/orgullo-latino\\\/#article\",\"isPartOf\":{\"@id\":\"https:\\\/\\\/accesolatino.org\\\/eu-premia-a-mexicano-por-aporte-a-la-fisica\\\/orgullo-latino\\\/\"},\"author\":{\"name\":\"Noticias\",\"@id\":\"https:\\\/\\\/accesolatino.org\\\/#\\\/schema\\\/person\\\/57bc3bfd2c357610a5255490ca4cd305\"},\"headline\":\"EU premia a mexicano por aporte a la F\u00edsica\",\"datePublished\":\"2017-10-10T14:55:24+00:00\",\"dateModified\":\"2025-10-27T20:17:01+00:00\",\"mainEntityOfPage\":{\"@id\":\"https:\\\/\\\/accesolatino.org\\\/eu-premia-a-mexicano-por-aporte-a-la-fisica\\\/orgullo-latino\\\/\"},\"wordCount\":326,\"commentCount\":0,\"publisher\":{\"@id\":\"https:\\\/\\\/accesolatino.org\\\/#organization\"},\"image\":{\"@id\":\"https:\\\/\\\/accesolatino.org\\\/eu-premia-a-mexicano-por-aporte-a-la-fisica\\\/orgullo-latino\\\/#primaryimage\"},\"thumbnailUrl\":\"https:\\\/\\\/accesolatino.org\\\/wp-content\\\/uploads\\\/2017\\\/10\\\/EU-premia-a-mexicano-por-aporte-a-la-Fisica.jpg\",\"articleSection\":[\"Orgullo Latino\"],\"inLanguage\":\"en-US\",\"potentialAction\":[{\"@type\":\"CommentAction\",\"name\":\"Comment\",\"target\":[\"https:\\\/\\\/accesolatino.org\\\/eu-premia-a-mexicano-por-aporte-a-la-fisica\\\/orgullo-latino\\\/#respond\"]}]},{\"@type\":\"WebPage\",\"@id\":\"https:\\\/\\\/accesolatino.org\\\/eu-premia-a-mexicano-por-aporte-a-la-fisica\\\/orgullo-latino\\\/\",\"url\":\"https:\\\/\\\/accesolatino.org\\\/eu-premia-a-mexicano-por-aporte-a-la-fisica\\\/orgullo-latino\\\/\",\"name\":\"EU premia a mexicano por aporte a la F\u00edsica - Acceso Latino\",\"isPartOf\":{\"@id\":\"https:\\\/\\\/accesolatino.org\\\/#website\"},\"primaryImageOfPage\":{\"@id\":\"https:\\\/\\\/accesolatino.org\\\/eu-premia-a-mexicano-por-aporte-a-la-fisica\\\/orgullo-latino\\\/#primaryimage\"},\"image\":{\"@id\":\"https:\\\/\\\/accesolatino.org\\\/eu-premia-a-mexicano-por-aporte-a-la-fisica\\\/orgullo-latino\\\/#primaryimage\"},\"thumbnailUrl\":\"https:\\\/\\\/accesolatino.org\\\/wp-content\\\/uploads\\\/2017\\\/10\\\/EU-premia-a-mexicano-por-aporte-a-la-Fisica.jpg\",\"datePublished\":\"2017-10-10T14:55:24+00:00\",\"dateModified\":\"2025-10-27T20:17:01+00:00\",\"description\":\"Miguel Jos\u00e9 Yacam\u00e1n dirige la creaci\u00f3n de un cerebro computarizado en la Universidad de Texas\",\"breadcrumb\":{\"@id\":\"https:\\\/\\\/accesolatino.org\\\/eu-premia-a-mexicano-por-aporte-a-la-fisica\\\/orgullo-latino\\\/#breadcrumb\"},\"inLanguage\":\"en-US\",\"potentialAction\":[{\"@type\":\"ReadAction\",\"target\":[\"https:\\\/\\\/accesolatino.org\\\/eu-premia-a-mexicano-por-aporte-a-la-fisica\\\/orgullo-latino\\\/\"]}]},{\"@type\":\"ImageObject\",\"inLanguage\":\"en-US\",\"@id\":\"https:\\\/\\\/accesolatino.org\\\/eu-premia-a-mexicano-por-aporte-a-la-fisica\\\/orgullo-latino\\\/#primaryimage\",\"url\":\"https:\\\/\\\/accesolatino.org\\\/wp-content\\\/uploads\\\/2017\\\/10\\\/EU-premia-a-mexicano-por-aporte-a-la-Fisica.jpg\",\"contentUrl\":\"https:\\\/\\\/accesolatino.org\\\/wp-content\\\/uploads\\\/2017\\\/10\\\/EU-premia-a-mexicano-por-aporte-a-la-Fisica.jpg\",\"width\":\"600\",\"height\":\"402\",\"caption\":\"EU-premia-a-mexicano-por-aporte-a-la-Fisica\"},{\"@type\":\"BreadcrumbList\",\"@id\":\"https:\\\/\\\/accesolatino.org\\\/eu-premia-a-mexicano-por-aporte-a-la-fisica\\\/orgullo-latino\\\/#breadcrumb\",\"itemListElement\":[{\"@type\":\"ListItem\",\"position\":1,\"name\":\"Portada\",\"item\":\"https:\\\/\\\/accesolatino.org\\\/\"},{\"@type\":\"ListItem\",\"position\":2,\"name\":\"Orgullo Latino\",\"item\":\"https:\\\/\\\/accesolatino.org\\\/category\\\/orgullo-latino\\\/\"},{\"@type\":\"ListItem\",\"position\":3,\"name\":\"EU premia a mexicano por aporte a la F\u00edsica\"}]},{\"@type\":\"WebSite\",\"@id\":\"https:\\\/\\\/accesolatino.org\\\/#website\",\"url\":\"https:\\\/\\\/accesolatino.org\\\/\",\"name\":\"Acceso Latino | Fundaci\u00f3n Carlos Slim\",\"description\":\"Fundaci\u00f3n Carlos Slim\",\"publisher\":{\"@id\":\"https:\\\/\\\/accesolatino.org\\\/#organization\"},\"potentialAction\":[{\"@type\":\"SearchAction\",\"target\":{\"@type\":\"EntryPoint\",\"urlTemplate\":\"https:\\\/\\\/accesolatino.org\\\/?s={search_term_string}\"},\"query-input\":{\"@type\":\"PropertyValueSpecification\",\"valueRequired\":true,\"valueName\":\"search_term_string\"}}],\"inLanguage\":\"en-US\"},{\"@type\":\"Organization\",\"@id\":\"https:\\\/\\\/accesolatino.org\\\/#organization\",\"name\":\"Acceso Latino | Fundaci\u00f3n Carlos Slim\",\"url\":\"https:\\\/\\\/accesolatino.org\\\/\",\"logo\":{\"@type\":\"ImageObject\",\"inLanguage\":\"en-US\",\"@id\":\"https:\\\/\\\/accesolatino.org\\\/#\\\/schema\\\/logo\\\/image\\\/\",\"url\":\"https:\\\/\\\/accesolatino.org\\\/wp-content\\\/uploads\\\/2021\\\/02\\\/logo-footer-acceso-latino.png\",\"contentUrl\":\"https:\\\/\\\/accesolatino.org\\\/wp-content\\\/uploads\\\/2021\\\/02\\\/logo-footer-acceso-latino.png\",\"width\":240,\"height\":40,\"caption\":\"Acceso Latino | Fundaci\u00f3n Carlos Slim\"},\"image\":{\"@id\":\"https:\\\/\\\/accesolatino.org\\\/#\\\/schema\\\/logo\\\/image\\\/\"},\"sameAs\":[\"https:\\\/\\\/www.facebook.com\\\/AccesoLatinoOrg\",\"https:\\\/\\\/x.com\\\/FAccLatino\"]},{\"@type\":\"Person\",\"@id\":\"https:\\\/\\\/accesolatino.org\\\/#\\\/schema\\\/person\\\/57bc3bfd2c357610a5255490ca4cd305\",\"name\":\"Noticias\"}]}<\/script>\n<!-- \/ Yoast SEO plugin. -->","yoast_head_json":{"title":"EU premia a mexicano por aporte a la F\u00edsica - Acceso Latino","description":"Miguel Jos\u00e9 Yacam\u00e1n dirige la creaci\u00f3n de un cerebro computarizado en la Universidad de Texas","robots":{"index":"index","follow":"follow","max-snippet":"max-snippet:-1","max-image-preview":"max-image-preview:large","max-video-preview":"max-video-preview:-1"},"canonical":"https:\/\/accesolatino.org\/en\/eu-premia-a-mexicano-por-aporte-a-la-fisica\/orgullo-latino\/","og_locale":"en_US","og_type":"article","og_title":"EU premia a mexicano por aporte a la F\u00edsica - Acceso Latino","og_description":"Miguel Jos\u00e9 Yacam\u00e1n dirige la creaci\u00f3n de un cerebro computarizado en la Universidad de Texas","og_url":"https:\/\/accesolatino.org\/en\/eu-premia-a-mexicano-por-aporte-a-la-fisica\/orgullo-latino\/","og_site_name":"Acceso Latino","article_publisher":"https:\/\/www.facebook.com\/AccesoLatinoOrg","article_published_time":"2017-10-10T14:55:24+00:00","article_modified_time":"2025-10-27T20:17:01+00:00","og_image":[{"width":600,"height":402,"url":"https:\/\/accesolatino.org\/wp-content\/uploads\/2017\/10\/EU-premia-a-mexicano-por-aporte-a-la-Fisica.jpg","type":"image\/jpeg"}],"author":"Noticias","twitter_card":"summary_large_image","twitter_creator":"@FAccLatino","twitter_site":"@FAccLatino","twitter_misc":{"Written by":"Noticias","Est. reading time":"2 minutes"},"schema":{"@context":"https:\/\/schema.org","@graph":[{"@type":"Article","@id":"https:\/\/accesolatino.org\/eu-premia-a-mexicano-por-aporte-a-la-fisica\/orgullo-latino\/#article","isPartOf":{"@id":"https:\/\/accesolatino.org\/eu-premia-a-mexicano-por-aporte-a-la-fisica\/orgullo-latino\/"},"author":{"name":"Noticias","@id":"https:\/\/accesolatino.org\/#\/schema\/person\/57bc3bfd2c357610a5255490ca4cd305"},"headline":"EU premia a mexicano por aporte a la F\u00edsica","datePublished":"2017-10-10T14:55:24+00:00","dateModified":"2025-10-27T20:17:01+00:00","mainEntityOfPage":{"@id":"https:\/\/accesolatino.org\/eu-premia-a-mexicano-por-aporte-a-la-fisica\/orgullo-latino\/"},"wordCount":326,"commentCount":0,"publisher":{"@id":"https:\/\/accesolatino.org\/#organization"},"image":{"@id":"https:\/\/accesolatino.org\/eu-premia-a-mexicano-por-aporte-a-la-fisica\/orgullo-latino\/#primaryimage"},"thumbnailUrl":"https:\/\/accesolatino.org\/wp-content\/uploads\/2017\/10\/EU-premia-a-mexicano-por-aporte-a-la-Fisica.jpg","articleSection":["Orgullo Latino"],"inLanguage":"en-US","potentialAction":[{"@type":"CommentAction","name":"Comment","target":["https:\/\/accesolatino.org\/eu-premia-a-mexicano-por-aporte-a-la-fisica\/orgullo-latino\/#respond"]}]},{"@type":"WebPage","@id":"https:\/\/accesolatino.org\/eu-premia-a-mexicano-por-aporte-a-la-fisica\/orgullo-latino\/","url":"https:\/\/accesolatino.org\/eu-premia-a-mexicano-por-aporte-a-la-fisica\/orgullo-latino\/","name":"EU premia a mexicano por aporte a la F\u00edsica - Acceso Latino","isPartOf":{"@id":"https:\/\/accesolatino.org\/#website"},"primaryImageOfPage":{"@id":"https:\/\/accesolatino.org\/eu-premia-a-mexicano-por-aporte-a-la-fisica\/orgullo-latino\/#primaryimage"},"image":{"@id":"https:\/\/accesolatino.org\/eu-premia-a-mexicano-por-aporte-a-la-fisica\/orgullo-latino\/#primaryimage"},"thumbnailUrl":"https:\/\/accesolatino.org\/wp-content\/uploads\/2017\/10\/EU-premia-a-mexicano-por-aporte-a-la-Fisica.jpg","datePublished":"2017-10-10T14:55:24+00:00","dateModified":"2025-10-27T20:17:01+00:00","description":"Miguel Jos\u00e9 Yacam\u00e1n dirige la creaci\u00f3n de un cerebro computarizado en la Universidad de Texas","breadcrumb":{"@id":"https:\/\/accesolatino.org\/eu-premia-a-mexicano-por-aporte-a-la-fisica\/orgullo-latino\/#breadcrumb"},"inLanguage":"en-US","potentialAction":[{"@type":"ReadAction","target":["https:\/\/accesolatino.org\/eu-premia-a-mexicano-por-aporte-a-la-fisica\/orgullo-latino\/"]}]},{"@type":"ImageObject","inLanguage":"en-US","@id":"https:\/\/accesolatino.org\/eu-premia-a-mexicano-por-aporte-a-la-fisica\/orgullo-latino\/#primaryimage","url":"https:\/\/accesolatino.org\/wp-content\/uploads\/2017\/10\/EU-premia-a-mexicano-por-aporte-a-la-Fisica.jpg","contentUrl":"https:\/\/accesolatino.org\/wp-content\/uploads\/2017\/10\/EU-premia-a-mexicano-por-aporte-a-la-Fisica.jpg","width":"600","height":"402","caption":"EU-premia-a-mexicano-por-aporte-a-la-Fisica"},{"@type":"BreadcrumbList","@id":"https:\/\/accesolatino.org\/eu-premia-a-mexicano-por-aporte-a-la-fisica\/orgullo-latino\/#breadcrumb","itemListElement":[{"@type":"ListItem","position":1,"name":"Portada","item":"https:\/\/accesolatino.org\/"},{"@type":"ListItem","position":2,"name":"Orgullo Latino","item":"https:\/\/accesolatino.org\/category\/orgullo-latino\/"},{"@type":"ListItem","position":3,"name":"EU premia a mexicano por aporte a la F\u00edsica"}]},{"@type":"WebSite","@id":"https:\/\/accesolatino.org\/#website","url":"https:\/\/accesolatino.org\/","name":"Acceso Latino | Fundaci\u00f3n Carlos Slim","description":"Fundaci\u00f3n Carlos Slim","publisher":{"@id":"https:\/\/accesolatino.org\/#organization"},"potentialAction":[{"@type":"SearchAction","target":{"@type":"EntryPoint","urlTemplate":"https:\/\/accesolatino.org\/?s={search_term_string}"},"query-input":{"@type":"PropertyValueSpecification","valueRequired":true,"valueName":"search_term_string"}}],"inLanguage":"en-US"},{"@type":"Organization","@id":"https:\/\/accesolatino.org\/#organization","name":"Acceso Latino | Fundaci\u00f3n Carlos Slim","url":"https:\/\/accesolatino.org\/","logo":{"@type":"ImageObject","inLanguage":"en-US","@id":"https:\/\/accesolatino.org\/#\/schema\/logo\/image\/","url":"https:\/\/accesolatino.org\/wp-content\/uploads\/2021\/02\/logo-footer-acceso-latino.png","contentUrl":"https:\/\/accesolatino.org\/wp-content\/uploads\/2021\/02\/logo-footer-acceso-latino.png","width":240,"height":40,"caption":"Acceso Latino | Fundaci\u00f3n Carlos Slim"},"image":{"@id":"https:\/\/accesolatino.org\/#\/schema\/logo\/image\/"},"sameAs":["https:\/\/www.facebook.com\/AccesoLatinoOrg","https:\/\/x.com\/FAccLatino"]},{"@type":"Person","@id":"https:\/\/accesolatino.org\/#\/schema\/person\/57bc3bfd2c357610a5255490ca4cd305","name":"News"}]}},"_links":{"self":[{"href":"https:\/\/accesolatino.org\/en\/wp-json\/wp\/v2\/posts\/10506","targetHints":{"allow":["GET"]}}],"collection":[{"href":"https:\/\/accesolatino.org\/en\/wp-json\/wp\/v2\/posts"}],"about":[{"href":"https:\/\/accesolatino.org\/en\/wp-json\/wp\/v2\/types\/post"}],"author":[{"embeddable":true,"href":"https:\/\/accesolatino.org\/en\/wp-json\/wp\/v2\/users\/13"}],"replies":[{"embeddable":true,"href":"https:\/\/accesolatino.org\/en\/wp-json\/wp\/v2\/comments?post=10506"}],"version-history":[{"count":1,"href":"https:\/\/accesolatino.org\/en\/wp-json\/wp\/v2\/posts\/10506\/revisions"}],"predecessor-version":[{"id":66854,"href":"https:\/\/accesolatino.org\/en\/wp-json\/wp\/v2\/posts\/10506\/revisions\/66854"}],"wp:featuredmedia":[{"embeddable":true,"href":"https:\/\/accesolatino.org\/en\/wp-json\/wp\/v2\/media\/10507"}],"wp:attachment":[{"href":"https:\/\/accesolatino.org\/en\/wp-json\/wp\/v2\/media?parent=10506"}],"wp:term":[{"taxonomy":"category","embeddable":true,"href":"https:\/\/accesolatino.org\/en\/wp-json\/wp\/v2\/categories?post=10506"},{"taxonomy":"post_tag","embeddable":true,"href":"https:\/\/accesolatino.org\/en\/wp-json\/wp\/v2\/tags?post=10506"}],"curies":[{"name":"wp","href":"https:\/\/api.w.org\/{rel}","templated":true}]}}