{"id":10500,"date":"2017-10-10T09:46:12","date_gmt":"2017-10-10T14:46:12","guid":{"rendered":"https:\/\/accesolatino.org\/?p=10500"},"modified":"2025-10-27T14:17:11","modified_gmt":"2025-10-27T20:17:11","slug":"ayudas-de-inmigracion-para-aquellas-personas-afectadas-por-huracanes","status":"publish","type":"post","link":"https:\/\/accesolatino.org\/en\/ayudas-de-inmigracion-para-aquellas-personas-afectadas-por-huracanes\/noticias\/","title":{"rendered":"Ayudas de Inmigraci\u00f3n para aquellas personas afectadas por huracanes"},"content":{"rendered":"<p>USCIS ofrece servicios de inmigraci\u00f3n que pueden ser de ayuda para las personas afectadas por circunstancias imprevistas, incluidos los desastres naturales como huracanes.<\/p>\n<p>Las siguientes medidas podr\u00edan estar disponibles, caso por caso, seg\u00fan se soliciten:<\/p>\n<ul>\n<li>Cambio del estatus o extensi\u00f3n del periodo de estad\u00eda de no inmigrante para una persona que est\u00e1 actualmente en Estados Unidos. Si no solicita la exenci\u00f3n o cambio antes de la fecha de caducidad del periodo de admisi\u00f3n autorizado, podr\u00eda ser excusado si se puede demostrar que la demora ha sido por circunstancias extraordinarias fuera de su control.<\/li>\n<li>Renovaci\u00f3n del permiso de estad\u00eda a las personas a quienes USCIS se lo haya expedido anteriormente.<\/li>\n<li>Procesamiento expedito de peticiones de permiso de estad\u00eda.<\/li>\n<li>Adjudicaci\u00f3n expedita de peticiones de autorizaci\u00f3n de empleo F-1 fuera del campus para estudiantes experimentando dificultades econ\u00f3micas severas.<\/li>\n<li>Adjudicaci\u00f3n expedita de solicitudes de autorizaci\u00f3n de empleo cuando sea apropiado.<\/li>\n<li>Consideraci\u00f3n de exenciones de tarifas debido a una imposibilidad de pago.<\/li>\n<li>Asistencia para aquellos que recibieron una Petici\u00f3n de Evidencia o una Notificaci\u00f3n de Intenci\u00f3n de Denegaci\u00f3n, pero no pudieron presentar evidencia o responder a tiempo.<\/li>\n<li>Asistencia si no pudiera asistir a la entrevista programada con USCIS.<\/li>\n<li>Reemplazo de documentos de viaje de inmigrante perdidos o da\u00f1ados que fueron expedidos por USCIS, tales como una Tarjeta de Residente Permanente (Tarjeta Verde).<\/li>\n<li>Reprogramaci\u00f3n de citas programadas para la toma de datos biom\u00e9tricos.<\/li>\n<\/ul>\n<p><strong>Nota:<\/strong> Al momento de presentar una petici\u00f3n, por favor explique c\u00f3mo el impacto del hurac\u00e1n cre\u00f3 la necesidad del alivio solicitado.<\/p>\n<p>Para aprender c\u00f3mo solicitar estas medidas de alivio llame al Centro Nacional de Servicio al Cliente al <a title=\"\" href=\"tel:+8003755283\" target=\"_blank\" rel=\"noopener\">800-375-5283<\/a>. Para clientes que son sordos o sordos\/ciegos, tienen dificultades auditivas o de habla que requieren acomodaci\u00f3n especial: TTY\/ASCII: <a title=\"\" href=\"tel:+8008778339\" target=\"_blank\" rel=\"noopener\">800-877-8339<\/a>, voz: <a title=\"\" href=\"tel:+8663778642\" target=\"_blank\" rel=\"noopener\">866-377-8642<\/a>, servicio de retransmisi\u00f3n de video (VRS, por sus siglas en ingl\u00e9s): <a title=\"\" href=\"tel:+8777095798\" target=\"_blank\" rel=\"noopener\">877-709-5798<\/a>.<\/p>\n<p>Visite nuestra p\u00e1gina de <a href=\"https:\/\/www.uscis.gov\/es\/estatus-oficinas\">Cierres de Oficinas de USCIS <\/a>para saber si una oficina est\u00e1 abierta y para aprender m\u00e1s sobre c\u00f3mo reprogramar citas. Si en particular su cita de <a href=\"https:\/\/my.uscis.gov\/appointment\">InfoPass<\/a> se vio afectada a causa del hurac\u00e1n, puede reprogramarla en l\u00ednea o comunic\u00e1ndose al Centro Nacional de Servicio al Cliente.<\/p>\n<p>Todos los requisitos de cumplimiento con el <a href=\"https:\/\/www.uscis.gov\/es\/central-i-9\/documentos-aceptables\/documentos-aceptables-del-formulario-i-9\/documentos-aceptables-del-formulario-i-9\">Formulario I-9<\/a>, Verificaci\u00f3n de Empleo, permanecen vigentes. Aquellas personas afectadas por el hurac\u00e1n Irma deben verificar sus documentos y recibos aceptables para el <a href=\"https:\/\/www.uscis.gov\/es\/central-i-9\/documentos-aceptables\/documentos-aceptables-del-formulario-i-9\/documentos-aceptables-del-formulario-i-9\">Formulario I-9<\/a> para m\u00e1s informaci\u00f3n sobre c\u00f3mo completar el <a href=\"https:\/\/www.uscis.gov\/es\/central-i-9\/documentos-aceptables\/documentos-aceptables-del-formulario-i-9\/documentos-aceptables-del-formulario-i-9\">Formulario I-9<\/a> si los documentos del empleado se perdieron, fueron robados o se da\u00f1aron. Visite <a href=\"https:\/\/www.uscis.gov\/es\/central-I-9\">Central I-9<\/a> para m\u00e1s informaci\u00f3n.<\/p>\n<p>Para m\u00e1s informaci\u00f3n sobre c\u00f3mo podemos proporcionarles asistencia a las personas afectadas por circunstancias imprevistas, visite la p\u00e1gina de <a href=\"https:\/\/www.uscis.gov\/es\/programas-humanitarios\/situaciones-especiales\">Situaciones Especiales<\/a> o llame al Centro Nacional de Servicio al Cliente.<\/p>\n<p>Para m\u00e1s informaci\u00f3n sobre las respuestas del gobierno federal a los huracanes m\u00e1s recientes:<\/p>\n<ul>\n<li>Hurac\u00e1n Harvey: <a title=\"\" href=\"https:\/\/www.fema.gov\/disaster\/4332\" target=\"_blank\" rel=\"noopener\">FEMA y DHS <\/a>| Respuesta general del gobierno federal (en ingl\u00e9s)<\/li>\n<li>Hurac\u00e1n Irma: <a title=\"\" href=\"https:\/\/www.fema.gov\/hurricane-irma\" target=\"_blank\" rel=\"noopener\">FEMA y DHS<\/a> | Respuesta general del gobierno federal (en ingl\u00e9s)<\/li>\n<li>Hurac\u00e1n Mar\u00eda: <a title=\"\" href=\"https:\/\/www.fema.gov\/es\/huracan-maria?utm_source=hp_promo&amp;utm_medium=web&amp;utm_campaign=disaster\" target=\"_blank\" rel=\"noopener\">FEMA y DHS<\/a> | Respuesta general del gobierno federal (en ingl\u00e9s)<\/li>\n<\/ul>\n<p><em>Fuente: USCIS<\/em><\/p>","protected":false},"excerpt":{"rendered":"<p>USCIS ofrece servicios de inmigraci\u00f3n que pueden ser de ayuda para las personas afectadas por circunstancias imprevistas, incluidos los desastres naturales como huracanes. Las siguientes medidas podr\u00edan estar disponibles, caso por caso, seg\u00fan se soliciten: Cambio del estatus o extensi\u00f3n del periodo de estad\u00eda de no inmigrante para una persona que est\u00e1 actualmente en Estados Unidos. Si no solicita la exenci\u00f3n o cambio antes de la fecha de caducidad del periodo de admisi\u00f3n autorizado, podr\u00eda ser excusado si se puede demostrar que la demora ha sido por circunstancias extraordinarias fuera de su control. Renovaci\u00f3n del permiso de estad\u00eda a las personas a quienes USCIS se lo haya expedido anteriormente. Procesamiento expedito de peticiones de permiso de estad\u00eda. Adjudicaci\u00f3n expedita de peticiones de autorizaci\u00f3n de empleo F-1 fuera del campus para estudiantes experimentando dificultades econ\u00f3micas severas. Adjudicaci\u00f3n expedita de solicitudes de autorizaci\u00f3n de empleo cuando sea apropiado. Consideraci\u00f3n de exenciones de tarifas debido a una imposibilidad de pago. Asistencia para aquellos que recibieron una Petici\u00f3n de Evidencia o una Notificaci\u00f3n de Intenci\u00f3n de Denegaci\u00f3n, pero no pudieron presentar evidencia o responder a tiempo. Asistencia si no pudiera asistir a la entrevista programada con USCIS. Reemplazo de documentos de viaje de inmigrante perdidos o da\u00f1ados que fueron expedidos por USCIS, tales como una Tarjeta de Residente Permanente (Tarjeta Verde). Reprogramaci\u00f3n de citas programadas para la toma de datos biom\u00e9tricos. Nota: Al momento de presentar una petici\u00f3n, por favor explique c\u00f3mo el impacto del hurac\u00e1n cre\u00f3 la necesidad del alivio solicitado. Para aprender c\u00f3mo solicitar estas medidas de alivio llame al Centro Nacional de Servicio al Cliente al 800-375-5283. Para clientes que son sordos o sordos\/ciegos, tienen dificultades auditivas o de habla que requieren acomodaci\u00f3n especial: TTY\/ASCII: 800-877-8339, voz: 866-377-8642, servicio de retransmisi\u00f3n de video (VRS, por sus siglas en ingl\u00e9s): 877-709-5798. Visite nuestra p\u00e1gina de Cierres de Oficinas de USCIS para saber si una oficina est\u00e1 abierta y para aprender m\u00e1s sobre c\u00f3mo reprogramar citas. Si en particular su cita de InfoPass se vio afectada a causa del hurac\u00e1n, puede reprogramarla en l\u00ednea o comunic\u00e1ndose al Centro Nacional de Servicio al Cliente. Todos los requisitos de cumplimiento con el Formulario I-9, Verificaci\u00f3n de Empleo, permanecen vigentes. Aquellas personas afectadas por el hurac\u00e1n Irma deben verificar sus documentos y recibos aceptables para el Formulario I-9 para m\u00e1s informaci\u00f3n sobre c\u00f3mo completar el Formulario I-9 si los documentos del empleado se perdieron, fueron robados o se da\u00f1aron. Visite Central I-9 para m\u00e1s informaci\u00f3n. Para m\u00e1s informaci\u00f3n sobre c\u00f3mo podemos proporcionarles asistencia a las personas afectadas por circunstancias imprevistas, visite la p\u00e1gina de Situaciones Especiales o llame al Centro Nacional de Servicio al Cliente. Para m\u00e1s informaci\u00f3n sobre las respuestas del gobierno federal a los huracanes m\u00e1s recientes: Hurac\u00e1n Harvey: FEMA y DHS | Respuesta general del gobierno federal (en ingl\u00e9s) Hurac\u00e1n Irma: FEMA y DHS | Respuesta general del gobierno federal (en ingl\u00e9s) Hurac\u00e1n Mar\u00eda: FEMA y DHS | Respuesta general del gobierno federal (en ingl\u00e9s) Fuente: USCIS<\/p>","protected":false},"author":13,"featured_media":10501,"comment_status":"open","ping_status":"open","sticky":false,"template":"","format":"standard","meta":{"_uf_show_specific_survey":0,"_uf_disable_surveys":false,"footnotes":""},"categories":[10,1],"tags":[],"class_list":["post-10500","post","type-post","status-publish","format-standard","has-post-thumbnail","hentry","category-noticias","category-temas-de-interes"],"aioseo_notices":[],"yoast_head":"<!-- This site is optimized with the Yoast SEO plugin v27.5 - https:\/\/yoast.com\/product\/yoast-seo-wordpress\/ -->\n<title>Ayudas de Inmigraci\u00f3n para aquellas personas afectadas por huracanes<\/title>\n<meta name=\"description\" content=\"USCIS ofrece servicios de inmigraci\u00f3n que pueden ser de ayuda para las personas afectadas por circunstancias imprevistas, incluidos los desastres naturales\" \/>\n<meta name=\"robots\" content=\"index, follow, max-snippet:-1, max-image-preview:large, max-video-preview:-1\" \/>\n<link rel=\"canonical\" href=\"https:\/\/accesolatino.org\/en\/ayudas-de-inmigracion-para-aquellas-personas-afectadas-por-huracanes\/noticias\/\" \/>\n<meta property=\"og:locale\" content=\"en_US\" \/>\n<meta property=\"og:type\" content=\"article\" \/>\n<meta property=\"og:title\" content=\"Ayudas de Inmigraci\u00f3n para aquellas personas afectadas por huracanes\" \/>\n<meta property=\"og:description\" content=\"USCIS ofrece servicios de inmigraci\u00f3n que pueden ser de ayuda para las personas afectadas por circunstancias imprevistas, incluidos los desastres naturales\" \/>\n<meta property=\"og:url\" content=\"https:\/\/accesolatino.org\/en\/ayudas-de-inmigracion-para-aquellas-personas-afectadas-por-huracanes\/noticias\/\" \/>\n<meta property=\"og:site_name\" content=\"Acceso Latino\" \/>\n<meta property=\"article:publisher\" content=\"https:\/\/www.facebook.com\/AccesoLatinoOrg\" \/>\n<meta property=\"article:published_time\" content=\"2017-10-10T14:46:12+00:00\" \/>\n<meta property=\"article:modified_time\" content=\"2025-10-27T20:17:11+00:00\" \/>\n<meta property=\"og:image\" content=\"https:\/\/accesolatino.org\/wp-content\/uploads\/2017\/10\/Ayudas-de-Inmigracion-para-Aquellas-Personas-Afectadas-por-Huracanes.jpg\" \/>\n\t<meta property=\"og:image:width\" content=\"600\" \/>\n\t<meta property=\"og:image:height\" content=\"393\" \/>\n\t<meta property=\"og:image:type\" content=\"image\/jpeg\" \/>\n<meta name=\"author\" content=\"Noticias\" \/>\n<meta name=\"twitter:card\" content=\"summary_large_image\" \/>\n<meta name=\"twitter:creator\" content=\"@FAccLatino\" \/>\n<meta name=\"twitter:site\" content=\"@FAccLatino\" \/>\n<meta name=\"twitter:label1\" content=\"Written by\" \/>\n\t<meta name=\"twitter:data1\" content=\"Noticias\" \/>\n\t<meta name=\"twitter:label2\" content=\"Est. reading time\" \/>\n\t<meta name=\"twitter:data2\" content=\"3 minutes\" \/>\n<script type=\"application\/ld+json\" class=\"yoast-schema-graph\">{\"@context\":\"https:\\\/\\\/schema.org\",\"@graph\":[{\"@type\":\"Article\",\"@id\":\"https:\\\/\\\/accesolatino.org\\\/ayudas-de-inmigracion-para-aquellas-personas-afectadas-por-huracanes\\\/noticias\\\/#article\",\"isPartOf\":{\"@id\":\"https:\\\/\\\/accesolatino.org\\\/ayudas-de-inmigracion-para-aquellas-personas-afectadas-por-huracanes\\\/noticias\\\/\"},\"author\":{\"name\":\"Noticias\",\"@id\":\"https:\\\/\\\/accesolatino.org\\\/#\\\/schema\\\/person\\\/57bc3bfd2c357610a5255490ca4cd305\"},\"headline\":\"Ayudas de Inmigraci\u00f3n para aquellas personas afectadas por huracanes\",\"datePublished\":\"2017-10-10T14:46:12+00:00\",\"dateModified\":\"2025-10-27T20:17:11+00:00\",\"mainEntityOfPage\":{\"@id\":\"https:\\\/\\\/accesolatino.org\\\/ayudas-de-inmigracion-para-aquellas-personas-afectadas-por-huracanes\\\/noticias\\\/\"},\"wordCount\":566,\"commentCount\":0,\"publisher\":{\"@id\":\"https:\\\/\\\/accesolatino.org\\\/#organization\"},\"image\":{\"@id\":\"https:\\\/\\\/accesolatino.org\\\/ayudas-de-inmigracion-para-aquellas-personas-afectadas-por-huracanes\\\/noticias\\\/#primaryimage\"},\"thumbnailUrl\":\"https:\\\/\\\/accesolatino.org\\\/wp-content\\\/uploads\\\/2017\\\/10\\\/Ayudas-de-Inmigracion-para-Aquellas-Personas-Afectadas-por-Huracanes.jpg\",\"articleSection\":[\"Noticias\",\"Temas de inter\u00e9s\"],\"inLanguage\":\"en-US\",\"potentialAction\":[{\"@type\":\"CommentAction\",\"name\":\"Comment\",\"target\":[\"https:\\\/\\\/accesolatino.org\\\/ayudas-de-inmigracion-para-aquellas-personas-afectadas-por-huracanes\\\/noticias\\\/#respond\"]}]},{\"@type\":\"WebPage\",\"@id\":\"https:\\\/\\\/accesolatino.org\\\/ayudas-de-inmigracion-para-aquellas-personas-afectadas-por-huracanes\\\/noticias\\\/\",\"url\":\"https:\\\/\\\/accesolatino.org\\\/ayudas-de-inmigracion-para-aquellas-personas-afectadas-por-huracanes\\\/noticias\\\/\",\"name\":\"Ayudas de Inmigraci\u00f3n para aquellas personas afectadas por huracanes\",\"isPartOf\":{\"@id\":\"https:\\\/\\\/accesolatino.org\\\/#website\"},\"primaryImageOfPage\":{\"@id\":\"https:\\\/\\\/accesolatino.org\\\/ayudas-de-inmigracion-para-aquellas-personas-afectadas-por-huracanes\\\/noticias\\\/#primaryimage\"},\"image\":{\"@id\":\"https:\\\/\\\/accesolatino.org\\\/ayudas-de-inmigracion-para-aquellas-personas-afectadas-por-huracanes\\\/noticias\\\/#primaryimage\"},\"thumbnailUrl\":\"https:\\\/\\\/accesolatino.org\\\/wp-content\\\/uploads\\\/2017\\\/10\\\/Ayudas-de-Inmigracion-para-Aquellas-Personas-Afectadas-por-Huracanes.jpg\",\"datePublished\":\"2017-10-10T14:46:12+00:00\",\"dateModified\":\"2025-10-27T20:17:11+00:00\",\"description\":\"USCIS ofrece servicios de inmigraci\u00f3n que pueden ser de ayuda para las personas afectadas por circunstancias imprevistas, incluidos los desastres naturales\",\"breadcrumb\":{\"@id\":\"https:\\\/\\\/accesolatino.org\\\/ayudas-de-inmigracion-para-aquellas-personas-afectadas-por-huracanes\\\/noticias\\\/#breadcrumb\"},\"inLanguage\":\"en-US\",\"potentialAction\":[{\"@type\":\"ReadAction\",\"target\":[\"https:\\\/\\\/accesolatino.org\\\/ayudas-de-inmigracion-para-aquellas-personas-afectadas-por-huracanes\\\/noticias\\\/\"]}]},{\"@type\":\"ImageObject\",\"inLanguage\":\"en-US\",\"@id\":\"https:\\\/\\\/accesolatino.org\\\/ayudas-de-inmigracion-para-aquellas-personas-afectadas-por-huracanes\\\/noticias\\\/#primaryimage\",\"url\":\"https:\\\/\\\/accesolatino.org\\\/wp-content\\\/uploads\\\/2017\\\/10\\\/Ayudas-de-Inmigracion-para-Aquellas-Personas-Afectadas-por-Huracanes.jpg\",\"contentUrl\":\"https:\\\/\\\/accesolatino.org\\\/wp-content\\\/uploads\\\/2017\\\/10\\\/Ayudas-de-Inmigracion-para-Aquellas-Personas-Afectadas-por-Huracanes.jpg\",\"width\":\"600\",\"height\":\"393\",\"caption\":\"Ayudas-de-Inmigracion-para-Aquellas-Personas-Afectadas-por-Huracanes\"},{\"@type\":\"BreadcrumbList\",\"@id\":\"https:\\\/\\\/accesolatino.org\\\/ayudas-de-inmigracion-para-aquellas-personas-afectadas-por-huracanes\\\/noticias\\\/#breadcrumb\",\"itemListElement\":[{\"@type\":\"ListItem\",\"position\":1,\"name\":\"Portada\",\"item\":\"https:\\\/\\\/accesolatino.org\\\/\"},{\"@type\":\"ListItem\",\"position\":2,\"name\":\"Noticias\",\"item\":\"https:\\\/\\\/accesolatino.org\\\/category\\\/noticias\\\/\"},{\"@type\":\"ListItem\",\"position\":3,\"name\":\"Ayudas de Inmigraci\u00f3n para aquellas personas afectadas por huracanes\"}]},{\"@type\":\"WebSite\",\"@id\":\"https:\\\/\\\/accesolatino.org\\\/#website\",\"url\":\"https:\\\/\\\/accesolatino.org\\\/\",\"name\":\"Acceso Latino | Fundaci\u00f3n Carlos Slim\",\"description\":\"Fundaci\u00f3n Carlos Slim\",\"publisher\":{\"@id\":\"https:\\\/\\\/accesolatino.org\\\/#organization\"},\"potentialAction\":[{\"@type\":\"SearchAction\",\"target\":{\"@type\":\"EntryPoint\",\"urlTemplate\":\"https:\\\/\\\/accesolatino.org\\\/?s={search_term_string}\"},\"query-input\":{\"@type\":\"PropertyValueSpecification\",\"valueRequired\":true,\"valueName\":\"search_term_string\"}}],\"inLanguage\":\"en-US\"},{\"@type\":\"Organization\",\"@id\":\"https:\\\/\\\/accesolatino.org\\\/#organization\",\"name\":\"Acceso Latino | Fundaci\u00f3n Carlos Slim\",\"url\":\"https:\\\/\\\/accesolatino.org\\\/\",\"logo\":{\"@type\":\"ImageObject\",\"inLanguage\":\"en-US\",\"@id\":\"https:\\\/\\\/accesolatino.org\\\/#\\\/schema\\\/logo\\\/image\\\/\",\"url\":\"https:\\\/\\\/accesolatino.org\\\/wp-content\\\/uploads\\\/2021\\\/02\\\/logo-footer-acceso-latino.png\",\"contentUrl\":\"https:\\\/\\\/accesolatino.org\\\/wp-content\\\/uploads\\\/2021\\\/02\\\/logo-footer-acceso-latino.png\",\"width\":240,\"height\":40,\"caption\":\"Acceso Latino | Fundaci\u00f3n Carlos Slim\"},\"image\":{\"@id\":\"https:\\\/\\\/accesolatino.org\\\/#\\\/schema\\\/logo\\\/image\\\/\"},\"sameAs\":[\"https:\\\/\\\/www.facebook.com\\\/AccesoLatinoOrg\",\"https:\\\/\\\/x.com\\\/FAccLatino\"]},{\"@type\":\"Person\",\"@id\":\"https:\\\/\\\/accesolatino.org\\\/#\\\/schema\\\/person\\\/57bc3bfd2c357610a5255490ca4cd305\",\"name\":\"Noticias\"}]}<\/script>\n<!-- \/ Yoast SEO plugin. -->","yoast_head_json":{"title":"Ayudas de Inmigraci\u00f3n para aquellas personas afectadas por huracanes","description":"USCIS ofrece servicios de inmigraci\u00f3n que pueden ser de ayuda para las personas afectadas por circunstancias imprevistas, incluidos los desastres naturales","robots":{"index":"index","follow":"follow","max-snippet":"max-snippet:-1","max-image-preview":"max-image-preview:large","max-video-preview":"max-video-preview:-1"},"canonical":"https:\/\/accesolatino.org\/en\/ayudas-de-inmigracion-para-aquellas-personas-afectadas-por-huracanes\/noticias\/","og_locale":"en_US","og_type":"article","og_title":"Ayudas de Inmigraci\u00f3n para aquellas personas afectadas por huracanes","og_description":"USCIS ofrece servicios de inmigraci\u00f3n que pueden ser de ayuda para las personas afectadas por circunstancias imprevistas, incluidos los desastres naturales","og_url":"https:\/\/accesolatino.org\/en\/ayudas-de-inmigracion-para-aquellas-personas-afectadas-por-huracanes\/noticias\/","og_site_name":"Acceso Latino","article_publisher":"https:\/\/www.facebook.com\/AccesoLatinoOrg","article_published_time":"2017-10-10T14:46:12+00:00","article_modified_time":"2025-10-27T20:17:11+00:00","og_image":[{"width":600,"height":393,"url":"https:\/\/accesolatino.org\/wp-content\/uploads\/2017\/10\/Ayudas-de-Inmigracion-para-Aquellas-Personas-Afectadas-por-Huracanes.jpg","type":"image\/jpeg"}],"author":"Noticias","twitter_card":"summary_large_image","twitter_creator":"@FAccLatino","twitter_site":"@FAccLatino","twitter_misc":{"Written by":"Noticias","Est. reading time":"3 minutes"},"schema":{"@context":"https:\/\/schema.org","@graph":[{"@type":"Article","@id":"https:\/\/accesolatino.org\/ayudas-de-inmigracion-para-aquellas-personas-afectadas-por-huracanes\/noticias\/#article","isPartOf":{"@id":"https:\/\/accesolatino.org\/ayudas-de-inmigracion-para-aquellas-personas-afectadas-por-huracanes\/noticias\/"},"author":{"name":"Noticias","@id":"https:\/\/accesolatino.org\/#\/schema\/person\/57bc3bfd2c357610a5255490ca4cd305"},"headline":"Ayudas de Inmigraci\u00f3n para aquellas personas afectadas por huracanes","datePublished":"2017-10-10T14:46:12+00:00","dateModified":"2025-10-27T20:17:11+00:00","mainEntityOfPage":{"@id":"https:\/\/accesolatino.org\/ayudas-de-inmigracion-para-aquellas-personas-afectadas-por-huracanes\/noticias\/"},"wordCount":566,"commentCount":0,"publisher":{"@id":"https:\/\/accesolatino.org\/#organization"},"image":{"@id":"https:\/\/accesolatino.org\/ayudas-de-inmigracion-para-aquellas-personas-afectadas-por-huracanes\/noticias\/#primaryimage"},"thumbnailUrl":"https:\/\/accesolatino.org\/wp-content\/uploads\/2017\/10\/Ayudas-de-Inmigracion-para-Aquellas-Personas-Afectadas-por-Huracanes.jpg","articleSection":["Noticias","Temas de inter\u00e9s"],"inLanguage":"en-US","potentialAction":[{"@type":"CommentAction","name":"Comment","target":["https:\/\/accesolatino.org\/ayudas-de-inmigracion-para-aquellas-personas-afectadas-por-huracanes\/noticias\/#respond"]}]},{"@type":"WebPage","@id":"https:\/\/accesolatino.org\/ayudas-de-inmigracion-para-aquellas-personas-afectadas-por-huracanes\/noticias\/","url":"https:\/\/accesolatino.org\/ayudas-de-inmigracion-para-aquellas-personas-afectadas-por-huracanes\/noticias\/","name":"Ayudas de Inmigraci\u00f3n para aquellas personas afectadas por huracanes","isPartOf":{"@id":"https:\/\/accesolatino.org\/#website"},"primaryImageOfPage":{"@id":"https:\/\/accesolatino.org\/ayudas-de-inmigracion-para-aquellas-personas-afectadas-por-huracanes\/noticias\/#primaryimage"},"image":{"@id":"https:\/\/accesolatino.org\/ayudas-de-inmigracion-para-aquellas-personas-afectadas-por-huracanes\/noticias\/#primaryimage"},"thumbnailUrl":"https:\/\/accesolatino.org\/wp-content\/uploads\/2017\/10\/Ayudas-de-Inmigracion-para-Aquellas-Personas-Afectadas-por-Huracanes.jpg","datePublished":"2017-10-10T14:46:12+00:00","dateModified":"2025-10-27T20:17:11+00:00","description":"USCIS ofrece servicios de inmigraci\u00f3n que pueden ser de ayuda para las personas afectadas por circunstancias imprevistas, incluidos los desastres naturales","breadcrumb":{"@id":"https:\/\/accesolatino.org\/ayudas-de-inmigracion-para-aquellas-personas-afectadas-por-huracanes\/noticias\/#breadcrumb"},"inLanguage":"en-US","potentialAction":[{"@type":"ReadAction","target":["https:\/\/accesolatino.org\/ayudas-de-inmigracion-para-aquellas-personas-afectadas-por-huracanes\/noticias\/"]}]},{"@type":"ImageObject","inLanguage":"en-US","@id":"https:\/\/accesolatino.org\/ayudas-de-inmigracion-para-aquellas-personas-afectadas-por-huracanes\/noticias\/#primaryimage","url":"https:\/\/accesolatino.org\/wp-content\/uploads\/2017\/10\/Ayudas-de-Inmigracion-para-Aquellas-Personas-Afectadas-por-Huracanes.jpg","contentUrl":"https:\/\/accesolatino.org\/wp-content\/uploads\/2017\/10\/Ayudas-de-Inmigracion-para-Aquellas-Personas-Afectadas-por-Huracanes.jpg","width":"600","height":"393","caption":"Ayudas-de-Inmigracion-para-Aquellas-Personas-Afectadas-por-Huracanes"},{"@type":"BreadcrumbList","@id":"https:\/\/accesolatino.org\/ayudas-de-inmigracion-para-aquellas-personas-afectadas-por-huracanes\/noticias\/#breadcrumb","itemListElement":[{"@type":"ListItem","position":1,"name":"Portada","item":"https:\/\/accesolatino.org\/"},{"@type":"ListItem","position":2,"name":"Noticias","item":"https:\/\/accesolatino.org\/category\/noticias\/"},{"@type":"ListItem","position":3,"name":"Ayudas de Inmigraci\u00f3n para aquellas personas afectadas por huracanes"}]},{"@type":"WebSite","@id":"https:\/\/accesolatino.org\/#website","url":"https:\/\/accesolatino.org\/","name":"Acceso Latino | Fundaci\u00f3n Carlos Slim","description":"Fundaci\u00f3n Carlos Slim","publisher":{"@id":"https:\/\/accesolatino.org\/#organization"},"potentialAction":[{"@type":"SearchAction","target":{"@type":"EntryPoint","urlTemplate":"https:\/\/accesolatino.org\/?s={search_term_string}"},"query-input":{"@type":"PropertyValueSpecification","valueRequired":true,"valueName":"search_term_string"}}],"inLanguage":"en-US"},{"@type":"Organization","@id":"https:\/\/accesolatino.org\/#organization","name":"Acceso Latino | Fundaci\u00f3n Carlos Slim","url":"https:\/\/accesolatino.org\/","logo":{"@type":"ImageObject","inLanguage":"en-US","@id":"https:\/\/accesolatino.org\/#\/schema\/logo\/image\/","url":"https:\/\/accesolatino.org\/wp-content\/uploads\/2021\/02\/logo-footer-acceso-latino.png","contentUrl":"https:\/\/accesolatino.org\/wp-content\/uploads\/2021\/02\/logo-footer-acceso-latino.png","width":240,"height":40,"caption":"Acceso Latino | Fundaci\u00f3n Carlos Slim"},"image":{"@id":"https:\/\/accesolatino.org\/#\/schema\/logo\/image\/"},"sameAs":["https:\/\/www.facebook.com\/AccesoLatinoOrg","https:\/\/x.com\/FAccLatino"]},{"@type":"Person","@id":"https:\/\/accesolatino.org\/#\/schema\/person\/57bc3bfd2c357610a5255490ca4cd305","name":"News"}]}},"_links":{"self":[{"href":"https:\/\/accesolatino.org\/en\/wp-json\/wp\/v2\/posts\/10500","targetHints":{"allow":["GET"]}}],"collection":[{"href":"https:\/\/accesolatino.org\/en\/wp-json\/wp\/v2\/posts"}],"about":[{"href":"https:\/\/accesolatino.org\/en\/wp-json\/wp\/v2\/types\/post"}],"author":[{"embeddable":true,"href":"https:\/\/accesolatino.org\/en\/wp-json\/wp\/v2\/users\/13"}],"replies":[{"embeddable":true,"href":"https:\/\/accesolatino.org\/en\/wp-json\/wp\/v2\/comments?post=10500"}],"version-history":[{"count":1,"href":"https:\/\/accesolatino.org\/en\/wp-json\/wp\/v2\/posts\/10500\/revisions"}],"predecessor-version":[{"id":66856,"href":"https:\/\/accesolatino.org\/en\/wp-json\/wp\/v2\/posts\/10500\/revisions\/66856"}],"wp:featuredmedia":[{"embeddable":true,"href":"https:\/\/accesolatino.org\/en\/wp-json\/wp\/v2\/media\/10501"}],"wp:attachment":[{"href":"https:\/\/accesolatino.org\/en\/wp-json\/wp\/v2\/media?parent=10500"}],"wp:term":[{"taxonomy":"category","embeddable":true,"href":"https:\/\/accesolatino.org\/en\/wp-json\/wp\/v2\/categories?post=10500"},{"taxonomy":"post_tag","embeddable":true,"href":"https:\/\/accesolatino.org\/en\/wp-json\/wp\/v2\/tags?post=10500"}],"curies":[{"name":"wp","href":"https:\/\/api.w.org\/{rel}","templated":true}]}}