{"id":10491,"date":"2017-10-09T11:34:00","date_gmt":"2017-10-09T16:34:00","guid":{"rendered":"https:\/\/accesolatino.org\/?p=10491"},"modified":"2025-10-27T14:17:23","modified_gmt":"2025-10-27T20:17:23","slug":"tomaran-caso-por-caso-renovaciones-de-daca-a-afectados-por-huracanes","status":"publish","type":"post","link":"https:\/\/accesolatino.org\/en\/tomaran-caso-por-caso-renovaciones-de-daca-a-afectados-por-huracanes\/noticias\/","title":{"rendered":"Tomar\u00e1n \u201ccaso por caso\u201d renovaciones de DACA a afectados por huracanes"},"content":{"rendered":"<p>Haber sido afectado por un hurac\u00e1n se considera una &#8220;circunstancia extraordinaria&#8221;, y podr\u00eda ser la esperanza de muchos.<\/p>\n<p>La Agencia de Inmigraci\u00f3n y Naturalizaci\u00f3n (USCIS) considerar\u00e1 caso por caso solicitudes de extensi\u00f3n de DACA que no fueron presentadas antes del 5 de octubre -y que califican para renovaci\u00f3n- en zonas afectadas por los recientes huracanes.<\/p>\n<p>Caso por caso quieren decir que considerar\u00e1n cada caso por sus circunstancias individuales y que no es una extensi\u00f3n \u201cgeneral\u201d.<\/p>\n<p>La agencia record\u00f3 al p\u00fablico este viernes por medio de un comunicado, que podr\u00eda \u201cexcusar\u201d a ciertos beneficiarios por no haber presentado sus renovaciones antes de esa fecha \u201csi el retraso se debi\u00f3 a circunstancias extraordinarias fuera del control del solicitante\u201d.<\/p>\n<p>El ser afectados por los huracanes Harvey, Irma y Mar\u00eda, en Florida, Texas y Puerto Rico, es considerado una \u201ccircunstancia extraordinaria\u201d.<\/p>\n<p>La consideraci\u00f3n no s\u00f3lo se extiende a personas con DACA sino a otras personas con tr\u00e1mites migratorios, incluyendo permisos de salida, autorizaci\u00f3n de empleo para estudiantes F-1 que pasan situaciones econ\u00f3micas graves, aceleraci\u00f3n de solicitudes de empleo.<\/p>\n<p>Tambi\u00e9n dijeron que considerar\u00e1n el perd\u00f3n de tarifas de pago en circunstancia de necesidad.<\/p>\n<p>En un comunicado oficial, USCIS especific\u00f3 que el solicitante debe llamar al Centro Nacional de Servicio al Cliente al <a title=\"\" href=\"tel:+18003755283\" target=\"_blank\" rel=\"noopener\">1800 375-5283<\/a> y especificar que fueron afectados por el hurac\u00e1n y que este afect\u00f3 su solicitud migratoria.<\/p>\n<p>Tambi\u00e9n invitaron a visitar la p\u00e1gina <a title=\"\" href=\"https:\/\/www.uscis.gov\/about-us\/uscis-office-closings\" target=\"_blank\" rel=\"noopener\">Office Closings<\/a> para determinar si una oficina cercana a usted est\u00e1 abierta y para volver a hacer citas que fueron afectadas por el desastre. Si la cita de <a title=\"\" href=\"https:\/\/my.uscis.gov\/appointment\" target=\"_blank\" rel=\"noopener\">InfoPass<\/a> fue afectada por un hurac\u00e1n, se puede hacer de nuevo llamando al n\u00famero indicado m\u00e1s arriba.<\/p>\n<p><em>Fuente: La Opini\u00f3n<\/em><\/p>","protected":false},"excerpt":{"rendered":"<p>Haber sido afectado por un hurac\u00e1n se considera una &#8220;circunstancia extraordinaria&#8221;, y podr\u00eda ser la esperanza de muchos. La Agencia de Inmigraci\u00f3n y Naturalizaci\u00f3n (USCIS) considerar\u00e1 caso por caso solicitudes de extensi\u00f3n de DACA que no fueron presentadas antes del 5 de octubre -y que califican para renovaci\u00f3n- en zonas afectadas por los recientes huracanes. Caso por caso quieren decir que considerar\u00e1n cada caso por sus circunstancias individuales y que no es una extensi\u00f3n \u201cgeneral\u201d. La agencia record\u00f3 al p\u00fablico este viernes por medio de un comunicado, que podr\u00eda \u201cexcusar\u201d a ciertos beneficiarios por no haber presentado sus renovaciones antes de esa fecha \u201csi el retraso se debi\u00f3 a circunstancias extraordinarias fuera del control del solicitante\u201d. El ser afectados por los huracanes Harvey, Irma y Mar\u00eda, en Florida, Texas y Puerto Rico, es considerado una \u201ccircunstancia extraordinaria\u201d. La consideraci\u00f3n no s\u00f3lo se extiende a personas con DACA sino a otras personas con tr\u00e1mites migratorios, incluyendo permisos de salida, autorizaci\u00f3n de empleo para estudiantes F-1 que pasan situaciones econ\u00f3micas graves, aceleraci\u00f3n de solicitudes de empleo. Tambi\u00e9n dijeron que considerar\u00e1n el perd\u00f3n de tarifas de pago en circunstancia de necesidad. En un comunicado oficial, USCIS especific\u00f3 que el solicitante debe llamar al Centro Nacional de Servicio al Cliente al 1800 375-5283 y especificar que fueron afectados por el hurac\u00e1n y que este afect\u00f3 su solicitud migratoria. Tambi\u00e9n invitaron a visitar la p\u00e1gina Office Closings para determinar si una oficina cercana a usted est\u00e1 abierta y para volver a hacer citas que fueron afectadas por el desastre. Si la cita de InfoPass fue afectada por un hurac\u00e1n, se puede hacer de nuevo llamando al n\u00famero indicado m\u00e1s arriba. Fuente: La Opini\u00f3n<\/p>","protected":false},"author":13,"featured_media":10492,"comment_status":"open","ping_status":"open","sticky":false,"template":"","format":"standard","meta":{"_uf_show_specific_survey":0,"_uf_disable_surveys":false,"footnotes":""},"categories":[10,1],"tags":[],"class_list":["post-10491","post","type-post","status-publish","format-standard","has-post-thumbnail","hentry","category-noticias","category-temas-de-interes"],"aioseo_notices":[],"yoast_head":"<!-- This site is optimized with the Yoast SEO plugin v27.5 - https:\/\/yoast.com\/product\/yoast-seo-wordpress\/ -->\n<title>Tomar\u00e1n \u201ccaso por caso\u201d renovaciones de DACA a afectados por huracanes<\/title>\n<meta name=\"description\" content=\"Haber sido afectado por un hurac\u00e1n se considera una &quot;circunstancia extraordinaria&quot;, y podr\u00eda ser la esperanza de muchos\" \/>\n<meta name=\"robots\" content=\"index, follow, max-snippet:-1, max-image-preview:large, max-video-preview:-1\" \/>\n<link rel=\"canonical\" href=\"https:\/\/accesolatino.org\/en\/tomaran-caso-por-caso-renovaciones-de-daca-a-afectados-por-huracanes\/noticias\/\" \/>\n<meta property=\"og:locale\" content=\"en_US\" \/>\n<meta property=\"og:type\" content=\"article\" \/>\n<meta property=\"og:title\" content=\"Tomar\u00e1n \u201ccaso por caso\u201d renovaciones de DACA a afectados por huracanes\" \/>\n<meta property=\"og:description\" content=\"Haber sido afectado por un hurac\u00e1n se considera una &quot;circunstancia extraordinaria&quot;, y podr\u00eda ser la esperanza de muchos\" \/>\n<meta property=\"og:url\" content=\"https:\/\/accesolatino.org\/en\/tomaran-caso-por-caso-renovaciones-de-daca-a-afectados-por-huracanes\/noticias\/\" \/>\n<meta property=\"og:site_name\" content=\"Acceso Latino\" \/>\n<meta property=\"article:publisher\" content=\"https:\/\/www.facebook.com\/AccesoLatinoOrg\" \/>\n<meta property=\"article:published_time\" content=\"2017-10-09T16:34:00+00:00\" \/>\n<meta property=\"article:modified_time\" content=\"2025-10-27T20:17:23+00:00\" \/>\n<meta property=\"og:image\" content=\"https:\/\/accesolatino.org\/wp-content\/uploads\/2017\/10\/Tomaran-caso-por-caso-renovaciones-de-DACA-a-afectados-por-huracanes.jpg\" \/>\n\t<meta property=\"og:image:width\" content=\"600\" \/>\n\t<meta property=\"og:image:height\" content=\"338\" \/>\n\t<meta property=\"og:image:type\" content=\"image\/jpeg\" \/>\n<meta name=\"author\" content=\"Noticias\" \/>\n<meta name=\"twitter:card\" content=\"summary_large_image\" \/>\n<meta name=\"twitter:creator\" content=\"@FAccLatino\" \/>\n<meta name=\"twitter:site\" content=\"@FAccLatino\" \/>\n<meta name=\"twitter:label1\" content=\"Written by\" \/>\n\t<meta name=\"twitter:data1\" content=\"Noticias\" \/>\n\t<meta name=\"twitter:label2\" content=\"Est. reading time\" \/>\n\t<meta name=\"twitter:data2\" content=\"2 minutes\" \/>\n<script type=\"application\/ld+json\" class=\"yoast-schema-graph\">{\"@context\":\"https:\\\/\\\/schema.org\",\"@graph\":[{\"@type\":\"Article\",\"@id\":\"https:\\\/\\\/accesolatino.org\\\/tomaran-caso-por-caso-renovaciones-de-daca-a-afectados-por-huracanes\\\/noticias\\\/#article\",\"isPartOf\":{\"@id\":\"https:\\\/\\\/accesolatino.org\\\/tomaran-caso-por-caso-renovaciones-de-daca-a-afectados-por-huracanes\\\/noticias\\\/\"},\"author\":{\"name\":\"Noticias\",\"@id\":\"https:\\\/\\\/accesolatino.org\\\/#\\\/schema\\\/person\\\/57bc3bfd2c357610a5255490ca4cd305\"},\"headline\":\"Tomar\u00e1n \u201ccaso por caso\u201d renovaciones de DACA a afectados por huracanes\",\"datePublished\":\"2017-10-09T16:34:00+00:00\",\"dateModified\":\"2025-10-27T20:17:23+00:00\",\"mainEntityOfPage\":{\"@id\":\"https:\\\/\\\/accesolatino.org\\\/tomaran-caso-por-caso-renovaciones-de-daca-a-afectados-por-huracanes\\\/noticias\\\/\"},\"wordCount\":315,\"commentCount\":0,\"publisher\":{\"@id\":\"https:\\\/\\\/accesolatino.org\\\/#organization\"},\"image\":{\"@id\":\"https:\\\/\\\/accesolatino.org\\\/tomaran-caso-por-caso-renovaciones-de-daca-a-afectados-por-huracanes\\\/noticias\\\/#primaryimage\"},\"thumbnailUrl\":\"https:\\\/\\\/accesolatino.org\\\/wp-content\\\/uploads\\\/2017\\\/10\\\/Tomaran-caso-por-caso-renovaciones-de-DACA-a-afectados-por-huracanes.jpg\",\"articleSection\":[\"Noticias\",\"Temas de inter\u00e9s\"],\"inLanguage\":\"en-US\",\"potentialAction\":[{\"@type\":\"CommentAction\",\"name\":\"Comment\",\"target\":[\"https:\\\/\\\/accesolatino.org\\\/tomaran-caso-por-caso-renovaciones-de-daca-a-afectados-por-huracanes\\\/noticias\\\/#respond\"]}]},{\"@type\":\"WebPage\",\"@id\":\"https:\\\/\\\/accesolatino.org\\\/tomaran-caso-por-caso-renovaciones-de-daca-a-afectados-por-huracanes\\\/noticias\\\/\",\"url\":\"https:\\\/\\\/accesolatino.org\\\/tomaran-caso-por-caso-renovaciones-de-daca-a-afectados-por-huracanes\\\/noticias\\\/\",\"name\":\"Tomar\u00e1n \u201ccaso por caso\u201d renovaciones de DACA a afectados por huracanes\",\"isPartOf\":{\"@id\":\"https:\\\/\\\/accesolatino.org\\\/#website\"},\"primaryImageOfPage\":{\"@id\":\"https:\\\/\\\/accesolatino.org\\\/tomaran-caso-por-caso-renovaciones-de-daca-a-afectados-por-huracanes\\\/noticias\\\/#primaryimage\"},\"image\":{\"@id\":\"https:\\\/\\\/accesolatino.org\\\/tomaran-caso-por-caso-renovaciones-de-daca-a-afectados-por-huracanes\\\/noticias\\\/#primaryimage\"},\"thumbnailUrl\":\"https:\\\/\\\/accesolatino.org\\\/wp-content\\\/uploads\\\/2017\\\/10\\\/Tomaran-caso-por-caso-renovaciones-de-DACA-a-afectados-por-huracanes.jpg\",\"datePublished\":\"2017-10-09T16:34:00+00:00\",\"dateModified\":\"2025-10-27T20:17:23+00:00\",\"description\":\"Haber sido afectado por un hurac\u00e1n se considera una \\\"circunstancia extraordinaria\\\", y podr\u00eda ser la esperanza de muchos\",\"breadcrumb\":{\"@id\":\"https:\\\/\\\/accesolatino.org\\\/tomaran-caso-por-caso-renovaciones-de-daca-a-afectados-por-huracanes\\\/noticias\\\/#breadcrumb\"},\"inLanguage\":\"en-US\",\"potentialAction\":[{\"@type\":\"ReadAction\",\"target\":[\"https:\\\/\\\/accesolatino.org\\\/tomaran-caso-por-caso-renovaciones-de-daca-a-afectados-por-huracanes\\\/noticias\\\/\"]}]},{\"@type\":\"ImageObject\",\"inLanguage\":\"en-US\",\"@id\":\"https:\\\/\\\/accesolatino.org\\\/tomaran-caso-por-caso-renovaciones-de-daca-a-afectados-por-huracanes\\\/noticias\\\/#primaryimage\",\"url\":\"https:\\\/\\\/accesolatino.org\\\/wp-content\\\/uploads\\\/2017\\\/10\\\/Tomaran-caso-por-caso-renovaciones-de-DACA-a-afectados-por-huracanes.jpg\",\"contentUrl\":\"https:\\\/\\\/accesolatino.org\\\/wp-content\\\/uploads\\\/2017\\\/10\\\/Tomaran-caso-por-caso-renovaciones-de-DACA-a-afectados-por-huracanes.jpg\",\"width\":\"600\",\"height\":\"338\",\"caption\":\"Tomaran-caso-por-caso-renovaciones-de-DACA-a-afectados-por-huracanes\"},{\"@type\":\"BreadcrumbList\",\"@id\":\"https:\\\/\\\/accesolatino.org\\\/tomaran-caso-por-caso-renovaciones-de-daca-a-afectados-por-huracanes\\\/noticias\\\/#breadcrumb\",\"itemListElement\":[{\"@type\":\"ListItem\",\"position\":1,\"name\":\"Portada\",\"item\":\"https:\\\/\\\/accesolatino.org\\\/\"},{\"@type\":\"ListItem\",\"position\":2,\"name\":\"Noticias\",\"item\":\"https:\\\/\\\/accesolatino.org\\\/category\\\/noticias\\\/\"},{\"@type\":\"ListItem\",\"position\":3,\"name\":\"Tomar\u00e1n \u201ccaso por caso\u201d renovaciones de DACA a afectados por huracanes\"}]},{\"@type\":\"WebSite\",\"@id\":\"https:\\\/\\\/accesolatino.org\\\/#website\",\"url\":\"https:\\\/\\\/accesolatino.org\\\/\",\"name\":\"Acceso Latino | Fundaci\u00f3n Carlos Slim\",\"description\":\"Fundaci\u00f3n Carlos Slim\",\"publisher\":{\"@id\":\"https:\\\/\\\/accesolatino.org\\\/#organization\"},\"potentialAction\":[{\"@type\":\"SearchAction\",\"target\":{\"@type\":\"EntryPoint\",\"urlTemplate\":\"https:\\\/\\\/accesolatino.org\\\/?s={search_term_string}\"},\"query-input\":{\"@type\":\"PropertyValueSpecification\",\"valueRequired\":true,\"valueName\":\"search_term_string\"}}],\"inLanguage\":\"en-US\"},{\"@type\":\"Organization\",\"@id\":\"https:\\\/\\\/accesolatino.org\\\/#organization\",\"name\":\"Acceso Latino | Fundaci\u00f3n Carlos Slim\",\"url\":\"https:\\\/\\\/accesolatino.org\\\/\",\"logo\":{\"@type\":\"ImageObject\",\"inLanguage\":\"en-US\",\"@id\":\"https:\\\/\\\/accesolatino.org\\\/#\\\/schema\\\/logo\\\/image\\\/\",\"url\":\"https:\\\/\\\/accesolatino.org\\\/wp-content\\\/uploads\\\/2021\\\/02\\\/logo-footer-acceso-latino.png\",\"contentUrl\":\"https:\\\/\\\/accesolatino.org\\\/wp-content\\\/uploads\\\/2021\\\/02\\\/logo-footer-acceso-latino.png\",\"width\":240,\"height\":40,\"caption\":\"Acceso Latino | Fundaci\u00f3n Carlos Slim\"},\"image\":{\"@id\":\"https:\\\/\\\/accesolatino.org\\\/#\\\/schema\\\/logo\\\/image\\\/\"},\"sameAs\":[\"https:\\\/\\\/www.facebook.com\\\/AccesoLatinoOrg\",\"https:\\\/\\\/x.com\\\/FAccLatino\"]},{\"@type\":\"Person\",\"@id\":\"https:\\\/\\\/accesolatino.org\\\/#\\\/schema\\\/person\\\/57bc3bfd2c357610a5255490ca4cd305\",\"name\":\"Noticias\"}]}<\/script>\n<!-- \/ Yoast SEO plugin. -->","yoast_head_json":{"title":"Tomar\u00e1n \u201ccaso por caso\u201d renovaciones de DACA a afectados por huracanes","description":"Haber sido afectado por un hurac\u00e1n se considera una \"circunstancia extraordinaria\", y podr\u00eda ser la esperanza de muchos","robots":{"index":"index","follow":"follow","max-snippet":"max-snippet:-1","max-image-preview":"max-image-preview:large","max-video-preview":"max-video-preview:-1"},"canonical":"https:\/\/accesolatino.org\/en\/tomaran-caso-por-caso-renovaciones-de-daca-a-afectados-por-huracanes\/noticias\/","og_locale":"en_US","og_type":"article","og_title":"Tomar\u00e1n \u201ccaso por caso\u201d renovaciones de DACA a afectados por huracanes","og_description":"Haber sido afectado por un hurac\u00e1n se considera una \"circunstancia extraordinaria\", y podr\u00eda ser la esperanza de muchos","og_url":"https:\/\/accesolatino.org\/en\/tomaran-caso-por-caso-renovaciones-de-daca-a-afectados-por-huracanes\/noticias\/","og_site_name":"Acceso Latino","article_publisher":"https:\/\/www.facebook.com\/AccesoLatinoOrg","article_published_time":"2017-10-09T16:34:00+00:00","article_modified_time":"2025-10-27T20:17:23+00:00","og_image":[{"width":600,"height":338,"url":"https:\/\/accesolatino.org\/wp-content\/uploads\/2017\/10\/Tomaran-caso-por-caso-renovaciones-de-DACA-a-afectados-por-huracanes.jpg","type":"image\/jpeg"}],"author":"Noticias","twitter_card":"summary_large_image","twitter_creator":"@FAccLatino","twitter_site":"@FAccLatino","twitter_misc":{"Written by":"Noticias","Est. reading time":"2 minutes"},"schema":{"@context":"https:\/\/schema.org","@graph":[{"@type":"Article","@id":"https:\/\/accesolatino.org\/tomaran-caso-por-caso-renovaciones-de-daca-a-afectados-por-huracanes\/noticias\/#article","isPartOf":{"@id":"https:\/\/accesolatino.org\/tomaran-caso-por-caso-renovaciones-de-daca-a-afectados-por-huracanes\/noticias\/"},"author":{"name":"Noticias","@id":"https:\/\/accesolatino.org\/#\/schema\/person\/57bc3bfd2c357610a5255490ca4cd305"},"headline":"Tomar\u00e1n \u201ccaso por caso\u201d renovaciones de DACA a afectados por huracanes","datePublished":"2017-10-09T16:34:00+00:00","dateModified":"2025-10-27T20:17:23+00:00","mainEntityOfPage":{"@id":"https:\/\/accesolatino.org\/tomaran-caso-por-caso-renovaciones-de-daca-a-afectados-por-huracanes\/noticias\/"},"wordCount":315,"commentCount":0,"publisher":{"@id":"https:\/\/accesolatino.org\/#organization"},"image":{"@id":"https:\/\/accesolatino.org\/tomaran-caso-por-caso-renovaciones-de-daca-a-afectados-por-huracanes\/noticias\/#primaryimage"},"thumbnailUrl":"https:\/\/accesolatino.org\/wp-content\/uploads\/2017\/10\/Tomaran-caso-por-caso-renovaciones-de-DACA-a-afectados-por-huracanes.jpg","articleSection":["Noticias","Temas de inter\u00e9s"],"inLanguage":"en-US","potentialAction":[{"@type":"CommentAction","name":"Comment","target":["https:\/\/accesolatino.org\/tomaran-caso-por-caso-renovaciones-de-daca-a-afectados-por-huracanes\/noticias\/#respond"]}]},{"@type":"WebPage","@id":"https:\/\/accesolatino.org\/tomaran-caso-por-caso-renovaciones-de-daca-a-afectados-por-huracanes\/noticias\/","url":"https:\/\/accesolatino.org\/tomaran-caso-por-caso-renovaciones-de-daca-a-afectados-por-huracanes\/noticias\/","name":"Tomar\u00e1n \u201ccaso por caso\u201d renovaciones de DACA a afectados por huracanes","isPartOf":{"@id":"https:\/\/accesolatino.org\/#website"},"primaryImageOfPage":{"@id":"https:\/\/accesolatino.org\/tomaran-caso-por-caso-renovaciones-de-daca-a-afectados-por-huracanes\/noticias\/#primaryimage"},"image":{"@id":"https:\/\/accesolatino.org\/tomaran-caso-por-caso-renovaciones-de-daca-a-afectados-por-huracanes\/noticias\/#primaryimage"},"thumbnailUrl":"https:\/\/accesolatino.org\/wp-content\/uploads\/2017\/10\/Tomaran-caso-por-caso-renovaciones-de-DACA-a-afectados-por-huracanes.jpg","datePublished":"2017-10-09T16:34:00+00:00","dateModified":"2025-10-27T20:17:23+00:00","description":"Haber sido afectado por un hurac\u00e1n se considera una \"circunstancia extraordinaria\", y podr\u00eda ser la esperanza de muchos","breadcrumb":{"@id":"https:\/\/accesolatino.org\/tomaran-caso-por-caso-renovaciones-de-daca-a-afectados-por-huracanes\/noticias\/#breadcrumb"},"inLanguage":"en-US","potentialAction":[{"@type":"ReadAction","target":["https:\/\/accesolatino.org\/tomaran-caso-por-caso-renovaciones-de-daca-a-afectados-por-huracanes\/noticias\/"]}]},{"@type":"ImageObject","inLanguage":"en-US","@id":"https:\/\/accesolatino.org\/tomaran-caso-por-caso-renovaciones-de-daca-a-afectados-por-huracanes\/noticias\/#primaryimage","url":"https:\/\/accesolatino.org\/wp-content\/uploads\/2017\/10\/Tomaran-caso-por-caso-renovaciones-de-DACA-a-afectados-por-huracanes.jpg","contentUrl":"https:\/\/accesolatino.org\/wp-content\/uploads\/2017\/10\/Tomaran-caso-por-caso-renovaciones-de-DACA-a-afectados-por-huracanes.jpg","width":"600","height":"338","caption":"Tomaran-caso-por-caso-renovaciones-de-DACA-a-afectados-por-huracanes"},{"@type":"BreadcrumbList","@id":"https:\/\/accesolatino.org\/tomaran-caso-por-caso-renovaciones-de-daca-a-afectados-por-huracanes\/noticias\/#breadcrumb","itemListElement":[{"@type":"ListItem","position":1,"name":"Portada","item":"https:\/\/accesolatino.org\/"},{"@type":"ListItem","position":2,"name":"Noticias","item":"https:\/\/accesolatino.org\/category\/noticias\/"},{"@type":"ListItem","position":3,"name":"Tomar\u00e1n \u201ccaso por caso\u201d renovaciones de DACA a afectados por huracanes"}]},{"@type":"WebSite","@id":"https:\/\/accesolatino.org\/#website","url":"https:\/\/accesolatino.org\/","name":"Acceso Latino | Fundaci\u00f3n Carlos Slim","description":"Fundaci\u00f3n Carlos Slim","publisher":{"@id":"https:\/\/accesolatino.org\/#organization"},"potentialAction":[{"@type":"SearchAction","target":{"@type":"EntryPoint","urlTemplate":"https:\/\/accesolatino.org\/?s={search_term_string}"},"query-input":{"@type":"PropertyValueSpecification","valueRequired":true,"valueName":"search_term_string"}}],"inLanguage":"en-US"},{"@type":"Organization","@id":"https:\/\/accesolatino.org\/#organization","name":"Acceso Latino | Fundaci\u00f3n Carlos Slim","url":"https:\/\/accesolatino.org\/","logo":{"@type":"ImageObject","inLanguage":"en-US","@id":"https:\/\/accesolatino.org\/#\/schema\/logo\/image\/","url":"https:\/\/accesolatino.org\/wp-content\/uploads\/2021\/02\/logo-footer-acceso-latino.png","contentUrl":"https:\/\/accesolatino.org\/wp-content\/uploads\/2021\/02\/logo-footer-acceso-latino.png","width":240,"height":40,"caption":"Acceso Latino | Fundaci\u00f3n Carlos Slim"},"image":{"@id":"https:\/\/accesolatino.org\/#\/schema\/logo\/image\/"},"sameAs":["https:\/\/www.facebook.com\/AccesoLatinoOrg","https:\/\/x.com\/FAccLatino"]},{"@type":"Person","@id":"https:\/\/accesolatino.org\/#\/schema\/person\/57bc3bfd2c357610a5255490ca4cd305","name":"News"}]}},"_links":{"self":[{"href":"https:\/\/accesolatino.org\/en\/wp-json\/wp\/v2\/posts\/10491","targetHints":{"allow":["GET"]}}],"collection":[{"href":"https:\/\/accesolatino.org\/en\/wp-json\/wp\/v2\/posts"}],"about":[{"href":"https:\/\/accesolatino.org\/en\/wp-json\/wp\/v2\/types\/post"}],"author":[{"embeddable":true,"href":"https:\/\/accesolatino.org\/en\/wp-json\/wp\/v2\/users\/13"}],"replies":[{"embeddable":true,"href":"https:\/\/accesolatino.org\/en\/wp-json\/wp\/v2\/comments?post=10491"}],"version-history":[{"count":1,"href":"https:\/\/accesolatino.org\/en\/wp-json\/wp\/v2\/posts\/10491\/revisions"}],"predecessor-version":[{"id":66858,"href":"https:\/\/accesolatino.org\/en\/wp-json\/wp\/v2\/posts\/10491\/revisions\/66858"}],"wp:featuredmedia":[{"embeddable":true,"href":"https:\/\/accesolatino.org\/en\/wp-json\/wp\/v2\/media\/10492"}],"wp:attachment":[{"href":"https:\/\/accesolatino.org\/en\/wp-json\/wp\/v2\/media?parent=10491"}],"wp:term":[{"taxonomy":"category","embeddable":true,"href":"https:\/\/accesolatino.org\/en\/wp-json\/wp\/v2\/categories?post=10491"},{"taxonomy":"post_tag","embeddable":true,"href":"https:\/\/accesolatino.org\/en\/wp-json\/wp\/v2\/tags?post=10491"}],"curies":[{"name":"wp","href":"https:\/\/api.w.org\/{rel}","templated":true}]}}