{"id":10482,"date":"2017-10-05T21:48:17","date_gmt":"2017-10-06T02:48:17","guid":{"rendered":"https:\/\/accesolatino.org\/?p=10482"},"modified":"2025-10-27T14:18:00","modified_gmt":"2025-10-27T20:18:00","slug":"vacunacion-gratuita-contra-la-gripe-en-las-bibliotecas-de-los-angeles","status":"publish","type":"post","link":"https:\/\/accesolatino.org\/en\/vacunacion-gratuita-contra-la-gripe-en-las-bibliotecas-de-los-angeles\/noticias\/","title":{"rendered":"Vacunaci\u00f3n gratuita contra la gripe en las bibliotecas de Los \u00c1ngeles"},"content":{"rendered":"<p>Los expertos en salud recomiendan acudir al doctor de cabecera para obtener la vacuna contra la gripe, pero para aquellos en el \u00e1rea de Los \u00c1ngeles que no cuentan con cobertura m\u00e9dica se les comunica que a partir del 19 de octubre hasta el 2 de noviembre, el Departamento de Salud P\u00fablica estar\u00e1 proporcionando la vacuna de manera gratuita en bibliotecas p\u00fablicas a lo largo del condado.<\/p>\n<p>Para m\u00e1s informaci\u00f3n sobre la ubicaci\u00f3n y horarios de vacunaci\u00f3n, haga clic aqu\u00ed.<\/p>\n<p>Adem\u00e1s de ser vacunado, se recomienda lo siguiente para evitar contraer o propagar esta enfermedad:<\/p>\n<ul>\n<li>Lavar las manos frecuentemente con agua y jab\u00f3n.<\/li>\n<li>Utilizar un desinfectante para manos a base de alcohol si no hay jab\u00f3n y agua disponible.<\/li>\n<li>Evitar tocar los ojos, la nariz y la boca.<\/li>\n<li>No compartir vasos o cualquier cosa que va en la boca.<\/li>\n<li>Cubrir la nariz y la boca al toser y estornudar.<\/li>\n<\/ul>\n<p><em>Fuente: La Opini\u00f3n<\/em><\/p>","protected":false},"excerpt":{"rendered":"<p>Los expertos en salud recomiendan acudir al doctor de cabecera para obtener la vacuna contra la gripe, pero para aquellos en el \u00e1rea de Los \u00c1ngeles que no cuentan con cobertura m\u00e9dica se les comunica que a partir del 19 de octubre hasta el 2 de noviembre, el Departamento de Salud P\u00fablica estar\u00e1 proporcionando la vacuna de manera gratuita en bibliotecas p\u00fablicas a lo largo del condado. Para m\u00e1s informaci\u00f3n sobre la ubicaci\u00f3n y horarios de vacunaci\u00f3n, haga clic aqu\u00ed. Adem\u00e1s de ser vacunado, se recomienda lo siguiente para evitar contraer o propagar esta enfermedad: Lavar las manos frecuentemente con agua y jab\u00f3n. Utilizar un desinfectante para manos a base de alcohol si no hay jab\u00f3n y agua disponible. Evitar tocar los ojos, la nariz y la boca. No compartir vasos o cualquier cosa que va en la boca. Cubrir la nariz y la boca al toser y estornudar. Fuente: La Opini\u00f3n<\/p>","protected":false},"author":13,"featured_media":10483,"comment_status":"open","ping_status":"open","sticky":false,"template":"","format":"standard","meta":{"_uf_show_specific_survey":0,"_uf_disable_surveys":false,"footnotes":""},"categories":[10,1],"tags":[],"class_list":["post-10482","post","type-post","status-publish","format-standard","has-post-thumbnail","hentry","category-noticias","category-temas-de-interes"],"aioseo_notices":[],"yoast_head":"<!-- This site is optimized with the Yoast SEO plugin v27.5 - https:\/\/yoast.com\/product\/yoast-seo-wordpress\/ -->\n<title>Vacunaci\u00f3n gratuita contra la gripe en las bibliotecas de Los \u00c1ngeles<\/title>\n<meta name=\"description\" content=\"Adem\u00e1s de ser vacunado, se recomienda lo siguiente para evitar contraer o propagar esta enfermedad\" \/>\n<meta name=\"robots\" content=\"index, follow, max-snippet:-1, max-image-preview:large, max-video-preview:-1\" \/>\n<link rel=\"canonical\" href=\"https:\/\/accesolatino.org\/en\/vacunacion-gratuita-contra-la-gripe-en-las-bibliotecas-de-los-angeles\/noticias\/\" \/>\n<meta property=\"og:locale\" content=\"en_US\" \/>\n<meta property=\"og:type\" content=\"article\" \/>\n<meta property=\"og:title\" content=\"Vacunaci\u00f3n gratuita contra la gripe en las bibliotecas de Los \u00c1ngeles\" \/>\n<meta property=\"og:description\" content=\"Adem\u00e1s de ser vacunado, se recomienda lo siguiente para evitar contraer o propagar esta enfermedad\" \/>\n<meta property=\"og:url\" content=\"https:\/\/accesolatino.org\/en\/vacunacion-gratuita-contra-la-gripe-en-las-bibliotecas-de-los-angeles\/noticias\/\" \/>\n<meta property=\"og:site_name\" content=\"Acceso Latino\" \/>\n<meta property=\"article:publisher\" content=\"https:\/\/www.facebook.com\/AccesoLatinoOrg\" \/>\n<meta property=\"article:published_time\" content=\"2017-10-06T02:48:17+00:00\" \/>\n<meta property=\"article:modified_time\" content=\"2025-10-27T20:18:00+00:00\" \/>\n<meta property=\"og:image\" content=\"https:\/\/accesolatino.org\/wp-content\/uploads\/2017\/10\/Vacunacion-gratuita-contra-la-gripe-en-las-bibliotecas-de-Los-Angeles.jpg\" \/>\n\t<meta property=\"og:image:width\" content=\"600\" \/>\n\t<meta property=\"og:image:height\" content=\"400\" \/>\n\t<meta property=\"og:image:type\" content=\"image\/jpeg\" \/>\n<meta name=\"author\" content=\"Noticias\" \/>\n<meta name=\"twitter:card\" content=\"summary_large_image\" \/>\n<meta name=\"twitter:creator\" content=\"@FAccLatino\" \/>\n<meta name=\"twitter:site\" content=\"@FAccLatino\" \/>\n<meta name=\"twitter:label1\" content=\"Written by\" \/>\n\t<meta name=\"twitter:data1\" content=\"Noticias\" \/>\n\t<meta name=\"twitter:label2\" content=\"Est. reading time\" \/>\n\t<meta name=\"twitter:data2\" content=\"1 minute\" \/>\n<script type=\"application\/ld+json\" class=\"yoast-schema-graph\">{\"@context\":\"https:\\\/\\\/schema.org\",\"@graph\":[{\"@type\":\"Article\",\"@id\":\"https:\\\/\\\/accesolatino.org\\\/vacunacion-gratuita-contra-la-gripe-en-las-bibliotecas-de-los-angeles\\\/noticias\\\/#article\",\"isPartOf\":{\"@id\":\"https:\\\/\\\/accesolatino.org\\\/vacunacion-gratuita-contra-la-gripe-en-las-bibliotecas-de-los-angeles\\\/noticias\\\/\"},\"author\":{\"name\":\"Noticias\",\"@id\":\"https:\\\/\\\/accesolatino.org\\\/#\\\/schema\\\/person\\\/57bc3bfd2c357610a5255490ca4cd305\"},\"headline\":\"Vacunaci\u00f3n gratuita contra la gripe en las bibliotecas de Los \u00c1ngeles\",\"datePublished\":\"2017-10-06T02:48:17+00:00\",\"dateModified\":\"2025-10-27T20:18:00+00:00\",\"mainEntityOfPage\":{\"@id\":\"https:\\\/\\\/accesolatino.org\\\/vacunacion-gratuita-contra-la-gripe-en-las-bibliotecas-de-los-angeles\\\/noticias\\\/\"},\"wordCount\":173,\"commentCount\":0,\"publisher\":{\"@id\":\"https:\\\/\\\/accesolatino.org\\\/#organization\"},\"image\":{\"@id\":\"https:\\\/\\\/accesolatino.org\\\/vacunacion-gratuita-contra-la-gripe-en-las-bibliotecas-de-los-angeles\\\/noticias\\\/#primaryimage\"},\"thumbnailUrl\":\"https:\\\/\\\/accesolatino.org\\\/wp-content\\\/uploads\\\/2017\\\/10\\\/Vacunacion-gratuita-contra-la-gripe-en-las-bibliotecas-de-Los-Angeles.jpg\",\"articleSection\":[\"Noticias\",\"Temas de inter\u00e9s\"],\"inLanguage\":\"en-US\",\"potentialAction\":[{\"@type\":\"CommentAction\",\"name\":\"Comment\",\"target\":[\"https:\\\/\\\/accesolatino.org\\\/vacunacion-gratuita-contra-la-gripe-en-las-bibliotecas-de-los-angeles\\\/noticias\\\/#respond\"]}]},{\"@type\":\"WebPage\",\"@id\":\"https:\\\/\\\/accesolatino.org\\\/vacunacion-gratuita-contra-la-gripe-en-las-bibliotecas-de-los-angeles\\\/noticias\\\/\",\"url\":\"https:\\\/\\\/accesolatino.org\\\/vacunacion-gratuita-contra-la-gripe-en-las-bibliotecas-de-los-angeles\\\/noticias\\\/\",\"name\":\"Vacunaci\u00f3n gratuita contra la gripe en las bibliotecas de Los \u00c1ngeles\",\"isPartOf\":{\"@id\":\"https:\\\/\\\/accesolatino.org\\\/#website\"},\"primaryImageOfPage\":{\"@id\":\"https:\\\/\\\/accesolatino.org\\\/vacunacion-gratuita-contra-la-gripe-en-las-bibliotecas-de-los-angeles\\\/noticias\\\/#primaryimage\"},\"image\":{\"@id\":\"https:\\\/\\\/accesolatino.org\\\/vacunacion-gratuita-contra-la-gripe-en-las-bibliotecas-de-los-angeles\\\/noticias\\\/#primaryimage\"},\"thumbnailUrl\":\"https:\\\/\\\/accesolatino.org\\\/wp-content\\\/uploads\\\/2017\\\/10\\\/Vacunacion-gratuita-contra-la-gripe-en-las-bibliotecas-de-Los-Angeles.jpg\",\"datePublished\":\"2017-10-06T02:48:17+00:00\",\"dateModified\":\"2025-10-27T20:18:00+00:00\",\"description\":\"Adem\u00e1s de ser vacunado, se recomienda lo siguiente para evitar contraer o propagar esta enfermedad\",\"breadcrumb\":{\"@id\":\"https:\\\/\\\/accesolatino.org\\\/vacunacion-gratuita-contra-la-gripe-en-las-bibliotecas-de-los-angeles\\\/noticias\\\/#breadcrumb\"},\"inLanguage\":\"en-US\",\"potentialAction\":[{\"@type\":\"ReadAction\",\"target\":[\"https:\\\/\\\/accesolatino.org\\\/vacunacion-gratuita-contra-la-gripe-en-las-bibliotecas-de-los-angeles\\\/noticias\\\/\"]}]},{\"@type\":\"ImageObject\",\"inLanguage\":\"en-US\",\"@id\":\"https:\\\/\\\/accesolatino.org\\\/vacunacion-gratuita-contra-la-gripe-en-las-bibliotecas-de-los-angeles\\\/noticias\\\/#primaryimage\",\"url\":\"https:\\\/\\\/accesolatino.org\\\/wp-content\\\/uploads\\\/2017\\\/10\\\/Vacunacion-gratuita-contra-la-gripe-en-las-bibliotecas-de-Los-Angeles.jpg\",\"contentUrl\":\"https:\\\/\\\/accesolatino.org\\\/wp-content\\\/uploads\\\/2017\\\/10\\\/Vacunacion-gratuita-contra-la-gripe-en-las-bibliotecas-de-Los-Angeles.jpg\",\"width\":\"600\",\"height\":\"400\",\"caption\":\"Vacunacion-gratuita-contra-la-gripe-en-las-bibliotecas-de-Los-Angeles\"},{\"@type\":\"BreadcrumbList\",\"@id\":\"https:\\\/\\\/accesolatino.org\\\/vacunacion-gratuita-contra-la-gripe-en-las-bibliotecas-de-los-angeles\\\/noticias\\\/#breadcrumb\",\"itemListElement\":[{\"@type\":\"ListItem\",\"position\":1,\"name\":\"Portada\",\"item\":\"https:\\\/\\\/accesolatino.org\\\/\"},{\"@type\":\"ListItem\",\"position\":2,\"name\":\"Noticias\",\"item\":\"https:\\\/\\\/accesolatino.org\\\/category\\\/noticias\\\/\"},{\"@type\":\"ListItem\",\"position\":3,\"name\":\"Vacunaci\u00f3n gratuita contra la gripe en las bibliotecas de Los \u00c1ngeles\"}]},{\"@type\":\"WebSite\",\"@id\":\"https:\\\/\\\/accesolatino.org\\\/#website\",\"url\":\"https:\\\/\\\/accesolatino.org\\\/\",\"name\":\"Acceso Latino | Fundaci\u00f3n Carlos Slim\",\"description\":\"Fundaci\u00f3n Carlos Slim\",\"publisher\":{\"@id\":\"https:\\\/\\\/accesolatino.org\\\/#organization\"},\"potentialAction\":[{\"@type\":\"SearchAction\",\"target\":{\"@type\":\"EntryPoint\",\"urlTemplate\":\"https:\\\/\\\/accesolatino.org\\\/?s={search_term_string}\"},\"query-input\":{\"@type\":\"PropertyValueSpecification\",\"valueRequired\":true,\"valueName\":\"search_term_string\"}}],\"inLanguage\":\"en-US\"},{\"@type\":\"Organization\",\"@id\":\"https:\\\/\\\/accesolatino.org\\\/#organization\",\"name\":\"Acceso Latino | Fundaci\u00f3n Carlos Slim\",\"url\":\"https:\\\/\\\/accesolatino.org\\\/\",\"logo\":{\"@type\":\"ImageObject\",\"inLanguage\":\"en-US\",\"@id\":\"https:\\\/\\\/accesolatino.org\\\/#\\\/schema\\\/logo\\\/image\\\/\",\"url\":\"https:\\\/\\\/accesolatino.org\\\/wp-content\\\/uploads\\\/2021\\\/02\\\/logo-footer-acceso-latino.png\",\"contentUrl\":\"https:\\\/\\\/accesolatino.org\\\/wp-content\\\/uploads\\\/2021\\\/02\\\/logo-footer-acceso-latino.png\",\"width\":240,\"height\":40,\"caption\":\"Acceso Latino | Fundaci\u00f3n Carlos Slim\"},\"image\":{\"@id\":\"https:\\\/\\\/accesolatino.org\\\/#\\\/schema\\\/logo\\\/image\\\/\"},\"sameAs\":[\"https:\\\/\\\/www.facebook.com\\\/AccesoLatinoOrg\",\"https:\\\/\\\/x.com\\\/FAccLatino\"]},{\"@type\":\"Person\",\"@id\":\"https:\\\/\\\/accesolatino.org\\\/#\\\/schema\\\/person\\\/57bc3bfd2c357610a5255490ca4cd305\",\"name\":\"Noticias\"}]}<\/script>\n<!-- \/ Yoast SEO plugin. -->","yoast_head_json":{"title":"Vacunaci\u00f3n gratuita contra la gripe en las bibliotecas de Los \u00c1ngeles","description":"Adem\u00e1s de ser vacunado, se recomienda lo siguiente para evitar contraer o propagar esta enfermedad","robots":{"index":"index","follow":"follow","max-snippet":"max-snippet:-1","max-image-preview":"max-image-preview:large","max-video-preview":"max-video-preview:-1"},"canonical":"https:\/\/accesolatino.org\/en\/vacunacion-gratuita-contra-la-gripe-en-las-bibliotecas-de-los-angeles\/noticias\/","og_locale":"en_US","og_type":"article","og_title":"Vacunaci\u00f3n gratuita contra la gripe en las bibliotecas de Los \u00c1ngeles","og_description":"Adem\u00e1s de ser vacunado, se recomienda lo siguiente para evitar contraer o propagar esta enfermedad","og_url":"https:\/\/accesolatino.org\/en\/vacunacion-gratuita-contra-la-gripe-en-las-bibliotecas-de-los-angeles\/noticias\/","og_site_name":"Acceso Latino","article_publisher":"https:\/\/www.facebook.com\/AccesoLatinoOrg","article_published_time":"2017-10-06T02:48:17+00:00","article_modified_time":"2025-10-27T20:18:00+00:00","og_image":[{"width":600,"height":400,"url":"https:\/\/accesolatino.org\/wp-content\/uploads\/2017\/10\/Vacunacion-gratuita-contra-la-gripe-en-las-bibliotecas-de-Los-Angeles.jpg","type":"image\/jpeg"}],"author":"Noticias","twitter_card":"summary_large_image","twitter_creator":"@FAccLatino","twitter_site":"@FAccLatino","twitter_misc":{"Written by":"Noticias","Est. reading time":"1 minute"},"schema":{"@context":"https:\/\/schema.org","@graph":[{"@type":"Article","@id":"https:\/\/accesolatino.org\/vacunacion-gratuita-contra-la-gripe-en-las-bibliotecas-de-los-angeles\/noticias\/#article","isPartOf":{"@id":"https:\/\/accesolatino.org\/vacunacion-gratuita-contra-la-gripe-en-las-bibliotecas-de-los-angeles\/noticias\/"},"author":{"name":"Noticias","@id":"https:\/\/accesolatino.org\/#\/schema\/person\/57bc3bfd2c357610a5255490ca4cd305"},"headline":"Vacunaci\u00f3n gratuita contra la gripe en las bibliotecas de Los \u00c1ngeles","datePublished":"2017-10-06T02:48:17+00:00","dateModified":"2025-10-27T20:18:00+00:00","mainEntityOfPage":{"@id":"https:\/\/accesolatino.org\/vacunacion-gratuita-contra-la-gripe-en-las-bibliotecas-de-los-angeles\/noticias\/"},"wordCount":173,"commentCount":0,"publisher":{"@id":"https:\/\/accesolatino.org\/#organization"},"image":{"@id":"https:\/\/accesolatino.org\/vacunacion-gratuita-contra-la-gripe-en-las-bibliotecas-de-los-angeles\/noticias\/#primaryimage"},"thumbnailUrl":"https:\/\/accesolatino.org\/wp-content\/uploads\/2017\/10\/Vacunacion-gratuita-contra-la-gripe-en-las-bibliotecas-de-Los-Angeles.jpg","articleSection":["Noticias","Temas de inter\u00e9s"],"inLanguage":"en-US","potentialAction":[{"@type":"CommentAction","name":"Comment","target":["https:\/\/accesolatino.org\/vacunacion-gratuita-contra-la-gripe-en-las-bibliotecas-de-los-angeles\/noticias\/#respond"]}]},{"@type":"WebPage","@id":"https:\/\/accesolatino.org\/vacunacion-gratuita-contra-la-gripe-en-las-bibliotecas-de-los-angeles\/noticias\/","url":"https:\/\/accesolatino.org\/vacunacion-gratuita-contra-la-gripe-en-las-bibliotecas-de-los-angeles\/noticias\/","name":"Vacunaci\u00f3n gratuita contra la gripe en las bibliotecas de Los \u00c1ngeles","isPartOf":{"@id":"https:\/\/accesolatino.org\/#website"},"primaryImageOfPage":{"@id":"https:\/\/accesolatino.org\/vacunacion-gratuita-contra-la-gripe-en-las-bibliotecas-de-los-angeles\/noticias\/#primaryimage"},"image":{"@id":"https:\/\/accesolatino.org\/vacunacion-gratuita-contra-la-gripe-en-las-bibliotecas-de-los-angeles\/noticias\/#primaryimage"},"thumbnailUrl":"https:\/\/accesolatino.org\/wp-content\/uploads\/2017\/10\/Vacunacion-gratuita-contra-la-gripe-en-las-bibliotecas-de-Los-Angeles.jpg","datePublished":"2017-10-06T02:48:17+00:00","dateModified":"2025-10-27T20:18:00+00:00","description":"Adem\u00e1s de ser vacunado, se recomienda lo siguiente para evitar contraer o propagar esta enfermedad","breadcrumb":{"@id":"https:\/\/accesolatino.org\/vacunacion-gratuita-contra-la-gripe-en-las-bibliotecas-de-los-angeles\/noticias\/#breadcrumb"},"inLanguage":"en-US","potentialAction":[{"@type":"ReadAction","target":["https:\/\/accesolatino.org\/vacunacion-gratuita-contra-la-gripe-en-las-bibliotecas-de-los-angeles\/noticias\/"]}]},{"@type":"ImageObject","inLanguage":"en-US","@id":"https:\/\/accesolatino.org\/vacunacion-gratuita-contra-la-gripe-en-las-bibliotecas-de-los-angeles\/noticias\/#primaryimage","url":"https:\/\/accesolatino.org\/wp-content\/uploads\/2017\/10\/Vacunacion-gratuita-contra-la-gripe-en-las-bibliotecas-de-Los-Angeles.jpg","contentUrl":"https:\/\/accesolatino.org\/wp-content\/uploads\/2017\/10\/Vacunacion-gratuita-contra-la-gripe-en-las-bibliotecas-de-Los-Angeles.jpg","width":"600","height":"400","caption":"Vacunacion-gratuita-contra-la-gripe-en-las-bibliotecas-de-Los-Angeles"},{"@type":"BreadcrumbList","@id":"https:\/\/accesolatino.org\/vacunacion-gratuita-contra-la-gripe-en-las-bibliotecas-de-los-angeles\/noticias\/#breadcrumb","itemListElement":[{"@type":"ListItem","position":1,"name":"Portada","item":"https:\/\/accesolatino.org\/"},{"@type":"ListItem","position":2,"name":"Noticias","item":"https:\/\/accesolatino.org\/category\/noticias\/"},{"@type":"ListItem","position":3,"name":"Vacunaci\u00f3n gratuita contra la gripe en las bibliotecas de Los \u00c1ngeles"}]},{"@type":"WebSite","@id":"https:\/\/accesolatino.org\/#website","url":"https:\/\/accesolatino.org\/","name":"Acceso Latino | Fundaci\u00f3n Carlos Slim","description":"Fundaci\u00f3n Carlos Slim","publisher":{"@id":"https:\/\/accesolatino.org\/#organization"},"potentialAction":[{"@type":"SearchAction","target":{"@type":"EntryPoint","urlTemplate":"https:\/\/accesolatino.org\/?s={search_term_string}"},"query-input":{"@type":"PropertyValueSpecification","valueRequired":true,"valueName":"search_term_string"}}],"inLanguage":"en-US"},{"@type":"Organization","@id":"https:\/\/accesolatino.org\/#organization","name":"Acceso Latino | Fundaci\u00f3n Carlos Slim","url":"https:\/\/accesolatino.org\/","logo":{"@type":"ImageObject","inLanguage":"en-US","@id":"https:\/\/accesolatino.org\/#\/schema\/logo\/image\/","url":"https:\/\/accesolatino.org\/wp-content\/uploads\/2021\/02\/logo-footer-acceso-latino.png","contentUrl":"https:\/\/accesolatino.org\/wp-content\/uploads\/2021\/02\/logo-footer-acceso-latino.png","width":240,"height":40,"caption":"Acceso Latino | Fundaci\u00f3n Carlos Slim"},"image":{"@id":"https:\/\/accesolatino.org\/#\/schema\/logo\/image\/"},"sameAs":["https:\/\/www.facebook.com\/AccesoLatinoOrg","https:\/\/x.com\/FAccLatino"]},{"@type":"Person","@id":"https:\/\/accesolatino.org\/#\/schema\/person\/57bc3bfd2c357610a5255490ca4cd305","name":"News"}]}},"_links":{"self":[{"href":"https:\/\/accesolatino.org\/en\/wp-json\/wp\/v2\/posts\/10482","targetHints":{"allow":["GET"]}}],"collection":[{"href":"https:\/\/accesolatino.org\/en\/wp-json\/wp\/v2\/posts"}],"about":[{"href":"https:\/\/accesolatino.org\/en\/wp-json\/wp\/v2\/types\/post"}],"author":[{"embeddable":true,"href":"https:\/\/accesolatino.org\/en\/wp-json\/wp\/v2\/users\/13"}],"replies":[{"embeddable":true,"href":"https:\/\/accesolatino.org\/en\/wp-json\/wp\/v2\/comments?post=10482"}],"version-history":[{"count":1,"href":"https:\/\/accesolatino.org\/en\/wp-json\/wp\/v2\/posts\/10482\/revisions"}],"predecessor-version":[{"id":66861,"href":"https:\/\/accesolatino.org\/en\/wp-json\/wp\/v2\/posts\/10482\/revisions\/66861"}],"wp:featuredmedia":[{"embeddable":true,"href":"https:\/\/accesolatino.org\/en\/wp-json\/wp\/v2\/media\/10483"}],"wp:attachment":[{"href":"https:\/\/accesolatino.org\/en\/wp-json\/wp\/v2\/media?parent=10482"}],"wp:term":[{"taxonomy":"category","embeddable":true,"href":"https:\/\/accesolatino.org\/en\/wp-json\/wp\/v2\/categories?post=10482"},{"taxonomy":"post_tag","embeddable":true,"href":"https:\/\/accesolatino.org\/en\/wp-json\/wp\/v2\/tags?post=10482"}],"curies":[{"name":"wp","href":"https:\/\/api.w.org\/{rel}","templated":true}]}}