{"id":10476,"date":"2017-10-05T12:28:08","date_gmt":"2017-10-05T17:28:08","guid":{"rendered":"https:\/\/accesolatino.org\/?p=10476"},"modified":"2025-10-27T14:18:11","modified_gmt":"2025-10-27T20:18:11","slug":"juez-otorga-mas-tiempo-a-estudiante-para-pelear-su-caso-migratorio","status":"publish","type":"post","link":"https:\/\/accesolatino.org\/en\/juez-otorga-mas-tiempo-a-estudiante-para-pelear-su-caso-migratorio\/noticias\/","title":{"rendered":"Juez otorga m\u00e1s tiempo a estudiante para pelear su caso migratorio"},"content":{"rendered":"<p>Un juez de inmigraci\u00f3n en Charlotte otorg\u00f3 hoy dos meses m\u00e1s de plazo a un joven hondure\u00f1o de Carolina del Norte para preparar su caso de asilo, antes de tomar una decisi\u00f3n final sobre su permanencia en el pa\u00eds.<\/p>\n<p>\u201cLe doy gracias a Dios por lo que ha pasado. Siento que tengo un respiro m\u00e1s\u201d, dijo a su salida de la corte Wildin Guill\u00e9n Acosta, de 20 a\u00f1os, cuyo caso atrajo la atenci\u00f3n de la prensa local y nacional, as\u00ed como de autoridades locales y federales tras su detenci\u00f3n en enero de 2016.<\/p>\n<p>El juez de inmigraci\u00f3n Stuart Couch inform\u00f3 a Guill\u00e9n Acosta que tomar\u00e1 una decisi\u00f3n final sobre su caso el pr\u00f3ximo 5 de diciembre a la 1 p.m., y le indic\u00f3 que fij\u00f3 esa audiencia para permitir que su nueva abogada prepare su defensa.<\/p>\n<p>\u201cGracias a Dios tengo dos meses m\u00e1s y espero que me acompa\u00f1en a mi pr\u00f3xima corte\u201d, dijo Guill\u00e9n Acosta luego de asistir a la audiencia la ma\u00f1ana del martes.<\/p>\n<p><strong>Una larga lucha<\/strong><\/p>\n<p>Guill\u00e9n Acosta, originario de Olancho, Honduras, lleg\u00f3 al pa\u00eds a trav\u00e9s de la frontera sur en junio de 2014, cuando ten\u00eda 17 a\u00f1os. Su objetivo era escapar de las amenazas de las pandillas y reunirse con sus padres que viven en Durham, Carolina del Norte, pero en 2015 una corte de inmigraci\u00f3n orden\u00f3 su deportaci\u00f3n.<\/p>\n<p>En enero de 2016, el hondure\u00f1o fue detenido por agentes del Servicio de Inmigraci\u00f3n y Control de Aduanas (ICE), cuando sal\u00eda de su casa para dirigirse a su escuela. Fue trasladado al Centro de Detenci\u00f3n Stewart, en Georgia, donde permaneci\u00f3 hasta que sali\u00f3 bajo fianza en julio.<\/p>\n<p>Guill\u00e9n Acosta dijo que la decisi\u00f3n del juez de otorgarle m\u00e1s tiempo le ha dado un respiro tras pasar una noche de angustia al pensar que podr\u00eda ser deportado a Honduras tras su audiencia del martes.<\/p>\n<p>\u201cAyer me sent\u00eda horrible, no sab\u00eda qu\u00e9 hacer. Pensaba que iban a revisar mi caso y sent\u00eda que pod\u00eda perderlo y tener que regresar a Honduras y que me iban a matar all\u00e1\u201d, dijo Guill\u00e9n Acosta.<\/p>\n<p>El juez Couch dijo durante la audiencia que el plazo otorgado tambi\u00e9n permitir\u00e1 incluir en el proceso todas las cartas de apoyo que autoridades y miembros de la comunidad le enviaron directamente, en lugar de hacerlo a trav\u00e9s de su abogada y con conocimiento de todas las partes involucradas.<\/p>\n<p>Guill\u00e9n Acosta ha recibido el respaldo del concejo municipal de Durham, la comisi\u00f3n de Relaciones Humanas de la ciudad, la junta de comisionados del condado Durham y el distrito escolar del condado; adem\u00e1s del congresista federal G.K. Butterfield, quien abog\u00f3 por \u00e9l durante su detenci\u00f3n.<\/p>\n<p>Nardine Guirguis, la abogada de Guill\u00e9n Acosta, pidi\u00f3 a la comunidad que cualquier documento o carta de apoyo para su defendido sea enviada directamente a su despacho para que ella los haga llegar apropiadamente al Departamento de Seguridad Nacional y al juez, como indic\u00f3 Couch.<\/p>\n<p>El juez estableci\u00f3 tambi\u00e9n un plazo hasta el 21 de noviembre para recibir nuevas evidencias en torno al caso del hondure\u00f1o.<\/p>\n<p>El grupo de activistas \u201cAlerta Migratoria NC\u201d, quienes han brindado apoyo a Guill\u00e9n Acosta y a su familia desde su detenci\u00f3n en enero de 2016, agradeci\u00f3 el apoyo de la comunidad y celebr\u00f3 la decisi\u00f3n del juez de otorgarle m\u00e1s tiempo a la defensa del joven hondure\u00f1o.<\/p>\n<p>\u201cEstamos agradecidos por el hecho que el juez Couch haya continuado el caso hasta el 5 de diciembre\u201d, dijo Viridiana Mart\u00ednez, miembro de Alerta Migratoria NC. \u201cEsto le da tiempo a la nueva abogada de Wildin para revisar apropiadamente el caso y para representarlo como un buen abogado debe hacer\u201d.<\/p>\n<p>La activista destac\u00f3 adem\u00e1s la actitud del juez Couch, a pesar de que \u00e9ste tiene una de las tasas m\u00e1s altas de solicitudes de asilo denegadas entre los jueces de inmigraci\u00f3n.<\/p>\n<p>\u201cApreciamos mucho lo que \u00e9l (Couch) hizo hoy al continuar el caso de Wildin y permitir que miembros de la prensa y la comunidad est\u00e9n presentes (en la audiencia). Estamos muy felices por eso y tenemos esperanza de que \u00e9l tomar\u00e1 la mejor decisi\u00f3n\u201d, dijo la activista.<\/p>\n<p>Seg\u00fan el proyecto TRAC de la Universidad de Siracusa, que lleva un registro estad\u00edstico de las cortes de inmigraci\u00f3n del pa\u00eds, entre los a\u00f1os fiscales 2011 y 2016, el juez Couch deneg\u00f3 315 de los 386 casos de asilo que resolvi\u00f3. Es decir que rechaz\u00f3 el 81.6 por ciento de esos casos.<\/p>\n<p>Mart\u00ednez indic\u00f3 tambi\u00e9n que el grupo realizar\u00e1 vigilias, jornadas de oraci\u00f3n y otros eventos en apoyo a Guill\u00e9n Acosta y para llamar la atenci\u00f3n sobre su caso.<\/p>\n<p>El arresto de Guill\u00e9n Acosta en enero de 2016 fue parte de un operativo nacional de ICE dirigido a atrapar a menores centroamericanos que llegaron al pa\u00eds despu\u00e9s de enero de 2014 y que ten\u00edan una orden final de deportaci\u00f3n.<\/p>\n<p><em>Fuente: Mundo Hisp\u00e1nico<\/em><\/p>","protected":false},"excerpt":{"rendered":"<p>Un juez de inmigraci\u00f3n en Charlotte otorg\u00f3 hoy dos meses m\u00e1s de plazo a un joven hondure\u00f1o de Carolina del Norte para preparar su caso de asilo, antes de tomar una decisi\u00f3n final sobre su permanencia en el pa\u00eds. \u201cLe doy gracias a Dios por lo que ha pasado. Siento que tengo un respiro m\u00e1s\u201d, dijo a su salida de la corte Wildin Guill\u00e9n Acosta, de 20 a\u00f1os, cuyo caso atrajo la atenci\u00f3n de la prensa local y nacional, as\u00ed como de autoridades locales y federales tras su detenci\u00f3n en enero de 2016. El juez de inmigraci\u00f3n Stuart Couch inform\u00f3 a Guill\u00e9n Acosta que tomar\u00e1 una decisi\u00f3n final sobre su caso el pr\u00f3ximo 5 de diciembre a la 1 p.m., y le indic\u00f3 que fij\u00f3 esa audiencia para permitir que su nueva abogada prepare su defensa. \u201cGracias a Dios tengo dos meses m\u00e1s y espero que me acompa\u00f1en a mi pr\u00f3xima corte\u201d, dijo Guill\u00e9n Acosta luego de asistir a la audiencia la ma\u00f1ana del martes. Una larga lucha Guill\u00e9n Acosta, originario de Olancho, Honduras, lleg\u00f3 al pa\u00eds a trav\u00e9s de la frontera sur en junio de 2014, cuando ten\u00eda 17 a\u00f1os. Su objetivo era escapar de las amenazas de las pandillas y reunirse con sus padres que viven en Durham, Carolina del Norte, pero en 2015 una corte de inmigraci\u00f3n orden\u00f3 su deportaci\u00f3n. En enero de 2016, el hondure\u00f1o fue detenido por agentes del Servicio de Inmigraci\u00f3n y Control de Aduanas (ICE), cuando sal\u00eda de su casa para dirigirse a su escuela. Fue trasladado al Centro de Detenci\u00f3n Stewart, en Georgia, donde permaneci\u00f3 hasta que sali\u00f3 bajo fianza en julio. Guill\u00e9n Acosta dijo que la decisi\u00f3n del juez de otorgarle m\u00e1s tiempo le ha dado un respiro tras pasar una noche de angustia al pensar que podr\u00eda ser deportado a Honduras tras su audiencia del martes. \u201cAyer me sent\u00eda horrible, no sab\u00eda qu\u00e9 hacer. Pensaba que iban a revisar mi caso y sent\u00eda que pod\u00eda perderlo y tener que regresar a Honduras y que me iban a matar all\u00e1\u201d, dijo Guill\u00e9n Acosta. El juez Couch dijo durante la audiencia que el plazo otorgado tambi\u00e9n permitir\u00e1 incluir en el proceso todas las cartas de apoyo que autoridades y miembros de la comunidad le enviaron directamente, en lugar de hacerlo a trav\u00e9s de su abogada y con conocimiento de todas las partes involucradas. Guill\u00e9n Acosta ha recibido el respaldo del concejo municipal de Durham, la comisi\u00f3n de Relaciones Humanas de la ciudad, la junta de comisionados del condado Durham y el distrito escolar del condado; adem\u00e1s del congresista federal G.K. Butterfield, quien abog\u00f3 por \u00e9l durante su detenci\u00f3n. Nardine Guirguis, la abogada de Guill\u00e9n Acosta, pidi\u00f3 a la comunidad que cualquier documento o carta de apoyo para su defendido sea enviada directamente a su despacho para que ella los haga llegar apropiadamente al Departamento de Seguridad Nacional y al juez, como indic\u00f3 Couch. El juez estableci\u00f3 tambi\u00e9n un plazo hasta el 21 de noviembre para recibir nuevas evidencias en torno al caso del hondure\u00f1o. El grupo de activistas \u201cAlerta Migratoria NC\u201d, quienes han brindado apoyo a Guill\u00e9n Acosta y a su familia desde su detenci\u00f3n en enero de 2016, agradeci\u00f3 el apoyo de la comunidad y celebr\u00f3 la decisi\u00f3n del juez de otorgarle m\u00e1s tiempo a la defensa del joven hondure\u00f1o. \u201cEstamos agradecidos por el hecho que el juez Couch haya continuado el caso hasta el 5 de diciembre\u201d, dijo Viridiana Mart\u00ednez, miembro de Alerta Migratoria NC. \u201cEsto le da tiempo a la nueva abogada de Wildin para revisar apropiadamente el caso y para representarlo como un buen abogado debe hacer\u201d. La activista destac\u00f3 adem\u00e1s la actitud del juez Couch, a pesar de que \u00e9ste tiene una de las tasas m\u00e1s altas de solicitudes de asilo denegadas entre los jueces de inmigraci\u00f3n. \u201cApreciamos mucho lo que \u00e9l (Couch) hizo hoy al continuar el caso de Wildin y permitir que miembros de la prensa y la comunidad est\u00e9n presentes (en la audiencia). Estamos muy felices por eso y tenemos esperanza de que \u00e9l tomar\u00e1 la mejor decisi\u00f3n\u201d, dijo la activista. Seg\u00fan el proyecto TRAC de la Universidad de Siracusa, que lleva un registro estad\u00edstico de las cortes de inmigraci\u00f3n del pa\u00eds, entre los a\u00f1os fiscales 2011 y 2016, el juez Couch deneg\u00f3 315 de los 386 casos de asilo que resolvi\u00f3. Es decir que rechaz\u00f3 el 81.6 por ciento de esos casos. Mart\u00ednez indic\u00f3 tambi\u00e9n que el grupo realizar\u00e1 vigilias, jornadas de oraci\u00f3n y otros eventos en apoyo a Guill\u00e9n Acosta y para llamar la atenci\u00f3n sobre su caso. El arresto de Guill\u00e9n Acosta en enero de 2016 fue parte de un operativo nacional de ICE dirigido a atrapar a menores centroamericanos que llegaron al pa\u00eds despu\u00e9s de enero de 2014 y que ten\u00edan una orden final de deportaci\u00f3n. Fuente: Mundo Hisp\u00e1nico<\/p>","protected":false},"author":13,"featured_media":10477,"comment_status":"open","ping_status":"open","sticky":false,"template":"","format":"standard","meta":{"_uf_show_specific_survey":0,"_uf_disable_surveys":false,"footnotes":""},"categories":[10,1],"tags":[],"class_list":["post-10476","post","type-post","status-publish","format-standard","has-post-thumbnail","hentry","category-noticias","category-temas-de-interes"],"aioseo_notices":[],"yoast_head":"<!-- This site is optimized with the Yoast SEO plugin v27.5 - https:\/\/yoast.com\/product\/yoast-seo-wordpress\/ -->\n<title>Juez otorga m\u00e1s tiempo a estudiante para pelear su caso migratorio<\/title>\n<meta name=\"description\" content=\"Un juez de inmigraci\u00f3n en Charlotte otorg\u00f3 hoy dos meses m\u00e1s de plazo a un joven hondure\u00f1o de Carolina del Norte para preparar su caso de asilo\" \/>\n<meta name=\"robots\" content=\"index, follow, max-snippet:-1, max-image-preview:large, max-video-preview:-1\" \/>\n<link rel=\"canonical\" href=\"https:\/\/accesolatino.org\/en\/juez-otorga-mas-tiempo-a-estudiante-para-pelear-su-caso-migratorio\/noticias\/\" \/>\n<meta property=\"og:locale\" content=\"en_US\" \/>\n<meta property=\"og:type\" content=\"article\" \/>\n<meta property=\"og:title\" content=\"Juez otorga m\u00e1s tiempo a estudiante para pelear su caso migratorio\" \/>\n<meta property=\"og:description\" content=\"Un juez de inmigraci\u00f3n en Charlotte otorg\u00f3 hoy dos meses m\u00e1s de plazo a un joven hondure\u00f1o de Carolina del Norte para preparar su caso de asilo\" \/>\n<meta property=\"og:url\" content=\"https:\/\/accesolatino.org\/en\/juez-otorga-mas-tiempo-a-estudiante-para-pelear-su-caso-migratorio\/noticias\/\" \/>\n<meta property=\"og:site_name\" content=\"Acceso Latino\" \/>\n<meta property=\"article:publisher\" content=\"https:\/\/www.facebook.com\/AccesoLatinoOrg\" \/>\n<meta property=\"article:published_time\" content=\"2017-10-05T17:28:08+00:00\" \/>\n<meta property=\"article:modified_time\" content=\"2025-10-27T20:18:11+00:00\" \/>\n<meta property=\"og:image\" content=\"https:\/\/accesolatino.org\/wp-content\/uploads\/2017\/10\/Juez-otorga-mas-tiempo-a-estudiante-para-pelear-su-caso-migratorio-1.jpg\" \/>\n\t<meta property=\"og:image:width\" content=\"600\" \/>\n\t<meta property=\"og:image:height\" content=\"316\" \/>\n\t<meta property=\"og:image:type\" content=\"image\/jpeg\" \/>\n<meta name=\"author\" content=\"Noticias\" \/>\n<meta name=\"twitter:card\" content=\"summary_large_image\" \/>\n<meta name=\"twitter:creator\" content=\"@FAccLatino\" \/>\n<meta name=\"twitter:site\" content=\"@FAccLatino\" \/>\n<meta name=\"twitter:label1\" content=\"Written by\" \/>\n\t<meta name=\"twitter:data1\" content=\"Noticias\" \/>\n\t<meta name=\"twitter:label2\" content=\"Est. reading time\" \/>\n\t<meta name=\"twitter:data2\" content=\"4 minutes\" \/>\n<script type=\"application\/ld+json\" class=\"yoast-schema-graph\">{\"@context\":\"https:\\\/\\\/schema.org\",\"@graph\":[{\"@type\":\"Article\",\"@id\":\"https:\\\/\\\/accesolatino.org\\\/juez-otorga-mas-tiempo-a-estudiante-para-pelear-su-caso-migratorio\\\/noticias\\\/#article\",\"isPartOf\":{\"@id\":\"https:\\\/\\\/accesolatino.org\\\/juez-otorga-mas-tiempo-a-estudiante-para-pelear-su-caso-migratorio\\\/noticias\\\/\"},\"author\":{\"name\":\"Noticias\",\"@id\":\"https:\\\/\\\/accesolatino.org\\\/#\\\/schema\\\/person\\\/57bc3bfd2c357610a5255490ca4cd305\"},\"headline\":\"Juez otorga m\u00e1s tiempo a estudiante para pelear su caso migratorio\",\"datePublished\":\"2017-10-05T17:28:08+00:00\",\"dateModified\":\"2025-10-27T20:18:11+00:00\",\"mainEntityOfPage\":{\"@id\":\"https:\\\/\\\/accesolatino.org\\\/juez-otorga-mas-tiempo-a-estudiante-para-pelear-su-caso-migratorio\\\/noticias\\\/\"},\"wordCount\":870,\"commentCount\":0,\"publisher\":{\"@id\":\"https:\\\/\\\/accesolatino.org\\\/#organization\"},\"image\":{\"@id\":\"https:\\\/\\\/accesolatino.org\\\/juez-otorga-mas-tiempo-a-estudiante-para-pelear-su-caso-migratorio\\\/noticias\\\/#primaryimage\"},\"thumbnailUrl\":\"https:\\\/\\\/accesolatino.org\\\/wp-content\\\/uploads\\\/2017\\\/10\\\/Juez-otorga-mas-tiempo-a-estudiante-para-pelear-su-caso-migratorio-1.jpg\",\"articleSection\":[\"Noticias\",\"Temas de inter\u00e9s\"],\"inLanguage\":\"en-US\",\"potentialAction\":[{\"@type\":\"CommentAction\",\"name\":\"Comment\",\"target\":[\"https:\\\/\\\/accesolatino.org\\\/juez-otorga-mas-tiempo-a-estudiante-para-pelear-su-caso-migratorio\\\/noticias\\\/#respond\"]}]},{\"@type\":\"WebPage\",\"@id\":\"https:\\\/\\\/accesolatino.org\\\/juez-otorga-mas-tiempo-a-estudiante-para-pelear-su-caso-migratorio\\\/noticias\\\/\",\"url\":\"https:\\\/\\\/accesolatino.org\\\/juez-otorga-mas-tiempo-a-estudiante-para-pelear-su-caso-migratorio\\\/noticias\\\/\",\"name\":\"Juez otorga m\u00e1s tiempo a estudiante para pelear su caso migratorio\",\"isPartOf\":{\"@id\":\"https:\\\/\\\/accesolatino.org\\\/#website\"},\"primaryImageOfPage\":{\"@id\":\"https:\\\/\\\/accesolatino.org\\\/juez-otorga-mas-tiempo-a-estudiante-para-pelear-su-caso-migratorio\\\/noticias\\\/#primaryimage\"},\"image\":{\"@id\":\"https:\\\/\\\/accesolatino.org\\\/juez-otorga-mas-tiempo-a-estudiante-para-pelear-su-caso-migratorio\\\/noticias\\\/#primaryimage\"},\"thumbnailUrl\":\"https:\\\/\\\/accesolatino.org\\\/wp-content\\\/uploads\\\/2017\\\/10\\\/Juez-otorga-mas-tiempo-a-estudiante-para-pelear-su-caso-migratorio-1.jpg\",\"datePublished\":\"2017-10-05T17:28:08+00:00\",\"dateModified\":\"2025-10-27T20:18:11+00:00\",\"description\":\"Un juez de inmigraci\u00f3n en Charlotte otorg\u00f3 hoy dos meses m\u00e1s de plazo a un joven hondure\u00f1o de Carolina del Norte para preparar su caso de asilo\",\"breadcrumb\":{\"@id\":\"https:\\\/\\\/accesolatino.org\\\/juez-otorga-mas-tiempo-a-estudiante-para-pelear-su-caso-migratorio\\\/noticias\\\/#breadcrumb\"},\"inLanguage\":\"en-US\",\"potentialAction\":[{\"@type\":\"ReadAction\",\"target\":[\"https:\\\/\\\/accesolatino.org\\\/juez-otorga-mas-tiempo-a-estudiante-para-pelear-su-caso-migratorio\\\/noticias\\\/\"]}]},{\"@type\":\"ImageObject\",\"inLanguage\":\"en-US\",\"@id\":\"https:\\\/\\\/accesolatino.org\\\/juez-otorga-mas-tiempo-a-estudiante-para-pelear-su-caso-migratorio\\\/noticias\\\/#primaryimage\",\"url\":\"https:\\\/\\\/accesolatino.org\\\/wp-content\\\/uploads\\\/2017\\\/10\\\/Juez-otorga-mas-tiempo-a-estudiante-para-pelear-su-caso-migratorio-1.jpg\",\"contentUrl\":\"https:\\\/\\\/accesolatino.org\\\/wp-content\\\/uploads\\\/2017\\\/10\\\/Juez-otorga-mas-tiempo-a-estudiante-para-pelear-su-caso-migratorio-1.jpg\",\"width\":\"600\",\"height\":\"316\",\"caption\":\"Juez-otorga-mas-tiempo-a-estudiante-para-pelear-su-caso-migratorio\"},{\"@type\":\"BreadcrumbList\",\"@id\":\"https:\\\/\\\/accesolatino.org\\\/juez-otorga-mas-tiempo-a-estudiante-para-pelear-su-caso-migratorio\\\/noticias\\\/#breadcrumb\",\"itemListElement\":[{\"@type\":\"ListItem\",\"position\":1,\"name\":\"Portada\",\"item\":\"https:\\\/\\\/accesolatino.org\\\/\"},{\"@type\":\"ListItem\",\"position\":2,\"name\":\"Noticias\",\"item\":\"https:\\\/\\\/accesolatino.org\\\/category\\\/noticias\\\/\"},{\"@type\":\"ListItem\",\"position\":3,\"name\":\"Juez otorga m\u00e1s tiempo a estudiante para pelear su caso migratorio\"}]},{\"@type\":\"WebSite\",\"@id\":\"https:\\\/\\\/accesolatino.org\\\/#website\",\"url\":\"https:\\\/\\\/accesolatino.org\\\/\",\"name\":\"Acceso Latino | Fundaci\u00f3n Carlos Slim\",\"description\":\"Fundaci\u00f3n Carlos Slim\",\"publisher\":{\"@id\":\"https:\\\/\\\/accesolatino.org\\\/#organization\"},\"potentialAction\":[{\"@type\":\"SearchAction\",\"target\":{\"@type\":\"EntryPoint\",\"urlTemplate\":\"https:\\\/\\\/accesolatino.org\\\/?s={search_term_string}\"},\"query-input\":{\"@type\":\"PropertyValueSpecification\",\"valueRequired\":true,\"valueName\":\"search_term_string\"}}],\"inLanguage\":\"en-US\"},{\"@type\":\"Organization\",\"@id\":\"https:\\\/\\\/accesolatino.org\\\/#organization\",\"name\":\"Acceso Latino | Fundaci\u00f3n Carlos Slim\",\"url\":\"https:\\\/\\\/accesolatino.org\\\/\",\"logo\":{\"@type\":\"ImageObject\",\"inLanguage\":\"en-US\",\"@id\":\"https:\\\/\\\/accesolatino.org\\\/#\\\/schema\\\/logo\\\/image\\\/\",\"url\":\"https:\\\/\\\/accesolatino.org\\\/wp-content\\\/uploads\\\/2021\\\/02\\\/logo-footer-acceso-latino.png\",\"contentUrl\":\"https:\\\/\\\/accesolatino.org\\\/wp-content\\\/uploads\\\/2021\\\/02\\\/logo-footer-acceso-latino.png\",\"width\":240,\"height\":40,\"caption\":\"Acceso Latino | Fundaci\u00f3n Carlos Slim\"},\"image\":{\"@id\":\"https:\\\/\\\/accesolatino.org\\\/#\\\/schema\\\/logo\\\/image\\\/\"},\"sameAs\":[\"https:\\\/\\\/www.facebook.com\\\/AccesoLatinoOrg\",\"https:\\\/\\\/x.com\\\/FAccLatino\"]},{\"@type\":\"Person\",\"@id\":\"https:\\\/\\\/accesolatino.org\\\/#\\\/schema\\\/person\\\/57bc3bfd2c357610a5255490ca4cd305\",\"name\":\"Noticias\"}]}<\/script>\n<!-- \/ Yoast SEO plugin. -->","yoast_head_json":{"title":"Juez otorga m\u00e1s tiempo a estudiante para pelear su caso migratorio","description":"Un juez de inmigraci\u00f3n en Charlotte otorg\u00f3 hoy dos meses m\u00e1s de plazo a un joven hondure\u00f1o de Carolina del Norte para preparar su caso de asilo","robots":{"index":"index","follow":"follow","max-snippet":"max-snippet:-1","max-image-preview":"max-image-preview:large","max-video-preview":"max-video-preview:-1"},"canonical":"https:\/\/accesolatino.org\/en\/juez-otorga-mas-tiempo-a-estudiante-para-pelear-su-caso-migratorio\/noticias\/","og_locale":"en_US","og_type":"article","og_title":"Juez otorga m\u00e1s tiempo a estudiante para pelear su caso migratorio","og_description":"Un juez de inmigraci\u00f3n en Charlotte otorg\u00f3 hoy dos meses m\u00e1s de plazo a un joven hondure\u00f1o de Carolina del Norte para preparar su caso de asilo","og_url":"https:\/\/accesolatino.org\/en\/juez-otorga-mas-tiempo-a-estudiante-para-pelear-su-caso-migratorio\/noticias\/","og_site_name":"Acceso Latino","article_publisher":"https:\/\/www.facebook.com\/AccesoLatinoOrg","article_published_time":"2017-10-05T17:28:08+00:00","article_modified_time":"2025-10-27T20:18:11+00:00","og_image":[{"width":600,"height":316,"url":"https:\/\/accesolatino.org\/wp-content\/uploads\/2017\/10\/Juez-otorga-mas-tiempo-a-estudiante-para-pelear-su-caso-migratorio-1.jpg","type":"image\/jpeg"}],"author":"Noticias","twitter_card":"summary_large_image","twitter_creator":"@FAccLatino","twitter_site":"@FAccLatino","twitter_misc":{"Written by":"Noticias","Est. reading time":"4 minutes"},"schema":{"@context":"https:\/\/schema.org","@graph":[{"@type":"Article","@id":"https:\/\/accesolatino.org\/juez-otorga-mas-tiempo-a-estudiante-para-pelear-su-caso-migratorio\/noticias\/#article","isPartOf":{"@id":"https:\/\/accesolatino.org\/juez-otorga-mas-tiempo-a-estudiante-para-pelear-su-caso-migratorio\/noticias\/"},"author":{"name":"Noticias","@id":"https:\/\/accesolatino.org\/#\/schema\/person\/57bc3bfd2c357610a5255490ca4cd305"},"headline":"Juez otorga m\u00e1s tiempo a estudiante para pelear su caso migratorio","datePublished":"2017-10-05T17:28:08+00:00","dateModified":"2025-10-27T20:18:11+00:00","mainEntityOfPage":{"@id":"https:\/\/accesolatino.org\/juez-otorga-mas-tiempo-a-estudiante-para-pelear-su-caso-migratorio\/noticias\/"},"wordCount":870,"commentCount":0,"publisher":{"@id":"https:\/\/accesolatino.org\/#organization"},"image":{"@id":"https:\/\/accesolatino.org\/juez-otorga-mas-tiempo-a-estudiante-para-pelear-su-caso-migratorio\/noticias\/#primaryimage"},"thumbnailUrl":"https:\/\/accesolatino.org\/wp-content\/uploads\/2017\/10\/Juez-otorga-mas-tiempo-a-estudiante-para-pelear-su-caso-migratorio-1.jpg","articleSection":["Noticias","Temas de inter\u00e9s"],"inLanguage":"en-US","potentialAction":[{"@type":"CommentAction","name":"Comment","target":["https:\/\/accesolatino.org\/juez-otorga-mas-tiempo-a-estudiante-para-pelear-su-caso-migratorio\/noticias\/#respond"]}]},{"@type":"WebPage","@id":"https:\/\/accesolatino.org\/juez-otorga-mas-tiempo-a-estudiante-para-pelear-su-caso-migratorio\/noticias\/","url":"https:\/\/accesolatino.org\/juez-otorga-mas-tiempo-a-estudiante-para-pelear-su-caso-migratorio\/noticias\/","name":"Juez otorga m\u00e1s tiempo a estudiante para pelear su caso migratorio","isPartOf":{"@id":"https:\/\/accesolatino.org\/#website"},"primaryImageOfPage":{"@id":"https:\/\/accesolatino.org\/juez-otorga-mas-tiempo-a-estudiante-para-pelear-su-caso-migratorio\/noticias\/#primaryimage"},"image":{"@id":"https:\/\/accesolatino.org\/juez-otorga-mas-tiempo-a-estudiante-para-pelear-su-caso-migratorio\/noticias\/#primaryimage"},"thumbnailUrl":"https:\/\/accesolatino.org\/wp-content\/uploads\/2017\/10\/Juez-otorga-mas-tiempo-a-estudiante-para-pelear-su-caso-migratorio-1.jpg","datePublished":"2017-10-05T17:28:08+00:00","dateModified":"2025-10-27T20:18:11+00:00","description":"Un juez de inmigraci\u00f3n en Charlotte otorg\u00f3 hoy dos meses m\u00e1s de plazo a un joven hondure\u00f1o de Carolina del Norte para preparar su caso de asilo","breadcrumb":{"@id":"https:\/\/accesolatino.org\/juez-otorga-mas-tiempo-a-estudiante-para-pelear-su-caso-migratorio\/noticias\/#breadcrumb"},"inLanguage":"en-US","potentialAction":[{"@type":"ReadAction","target":["https:\/\/accesolatino.org\/juez-otorga-mas-tiempo-a-estudiante-para-pelear-su-caso-migratorio\/noticias\/"]}]},{"@type":"ImageObject","inLanguage":"en-US","@id":"https:\/\/accesolatino.org\/juez-otorga-mas-tiempo-a-estudiante-para-pelear-su-caso-migratorio\/noticias\/#primaryimage","url":"https:\/\/accesolatino.org\/wp-content\/uploads\/2017\/10\/Juez-otorga-mas-tiempo-a-estudiante-para-pelear-su-caso-migratorio-1.jpg","contentUrl":"https:\/\/accesolatino.org\/wp-content\/uploads\/2017\/10\/Juez-otorga-mas-tiempo-a-estudiante-para-pelear-su-caso-migratorio-1.jpg","width":"600","height":"316","caption":"Juez-otorga-mas-tiempo-a-estudiante-para-pelear-su-caso-migratorio"},{"@type":"BreadcrumbList","@id":"https:\/\/accesolatino.org\/juez-otorga-mas-tiempo-a-estudiante-para-pelear-su-caso-migratorio\/noticias\/#breadcrumb","itemListElement":[{"@type":"ListItem","position":1,"name":"Portada","item":"https:\/\/accesolatino.org\/"},{"@type":"ListItem","position":2,"name":"Noticias","item":"https:\/\/accesolatino.org\/category\/noticias\/"},{"@type":"ListItem","position":3,"name":"Juez otorga m\u00e1s tiempo a estudiante para pelear su caso migratorio"}]},{"@type":"WebSite","@id":"https:\/\/accesolatino.org\/#website","url":"https:\/\/accesolatino.org\/","name":"Acceso Latino | Fundaci\u00f3n Carlos Slim","description":"Fundaci\u00f3n Carlos Slim","publisher":{"@id":"https:\/\/accesolatino.org\/#organization"},"potentialAction":[{"@type":"SearchAction","target":{"@type":"EntryPoint","urlTemplate":"https:\/\/accesolatino.org\/?s={search_term_string}"},"query-input":{"@type":"PropertyValueSpecification","valueRequired":true,"valueName":"search_term_string"}}],"inLanguage":"en-US"},{"@type":"Organization","@id":"https:\/\/accesolatino.org\/#organization","name":"Acceso Latino | Fundaci\u00f3n Carlos Slim","url":"https:\/\/accesolatino.org\/","logo":{"@type":"ImageObject","inLanguage":"en-US","@id":"https:\/\/accesolatino.org\/#\/schema\/logo\/image\/","url":"https:\/\/accesolatino.org\/wp-content\/uploads\/2021\/02\/logo-footer-acceso-latino.png","contentUrl":"https:\/\/accesolatino.org\/wp-content\/uploads\/2021\/02\/logo-footer-acceso-latino.png","width":240,"height":40,"caption":"Acceso Latino | Fundaci\u00f3n Carlos Slim"},"image":{"@id":"https:\/\/accesolatino.org\/#\/schema\/logo\/image\/"},"sameAs":["https:\/\/www.facebook.com\/AccesoLatinoOrg","https:\/\/x.com\/FAccLatino"]},{"@type":"Person","@id":"https:\/\/accesolatino.org\/#\/schema\/person\/57bc3bfd2c357610a5255490ca4cd305","name":"News"}]}},"_links":{"self":[{"href":"https:\/\/accesolatino.org\/en\/wp-json\/wp\/v2\/posts\/10476","targetHints":{"allow":["GET"]}}],"collection":[{"href":"https:\/\/accesolatino.org\/en\/wp-json\/wp\/v2\/posts"}],"about":[{"href":"https:\/\/accesolatino.org\/en\/wp-json\/wp\/v2\/types\/post"}],"author":[{"embeddable":true,"href":"https:\/\/accesolatino.org\/en\/wp-json\/wp\/v2\/users\/13"}],"replies":[{"embeddable":true,"href":"https:\/\/accesolatino.org\/en\/wp-json\/wp\/v2\/comments?post=10476"}],"version-history":[{"count":1,"href":"https:\/\/accesolatino.org\/en\/wp-json\/wp\/v2\/posts\/10476\/revisions"}],"predecessor-version":[{"id":66864,"href":"https:\/\/accesolatino.org\/en\/wp-json\/wp\/v2\/posts\/10476\/revisions\/66864"}],"wp:featuredmedia":[{"embeddable":true,"href":"https:\/\/accesolatino.org\/en\/wp-json\/wp\/v2\/media\/10477"}],"wp:attachment":[{"href":"https:\/\/accesolatino.org\/en\/wp-json\/wp\/v2\/media?parent=10476"}],"wp:term":[{"taxonomy":"category","embeddable":true,"href":"https:\/\/accesolatino.org\/en\/wp-json\/wp\/v2\/categories?post=10476"},{"taxonomy":"post_tag","embeddable":true,"href":"https:\/\/accesolatino.org\/en\/wp-json\/wp\/v2\/tags?post=10476"}],"curies":[{"name":"wp","href":"https:\/\/api.w.org\/{rel}","templated":true}]}}