{"id":10467,"date":"2017-10-05T12:06:50","date_gmt":"2017-10-05T17:06:50","guid":{"rendered":"https:\/\/accesolatino.org\/?p=10467"},"modified":"2025-10-27T14:20:19","modified_gmt":"2025-10-27T20:20:19","slug":"tribunal-ordena-a-uscis-a-reactivar-daca-de-joven-mexicano-y-aceptar-su-renovacion","status":"publish","type":"post","link":"https:\/\/accesolatino.org\/en\/tribunal-ordena-a-uscis-a-reactivar-daca-de-joven-mexicano-y-aceptar-su-renovacion\/noticias\/","title":{"rendered":"Tribunal ordena a USCIS a reactivar DACA de joven mexicano y aceptar su renovaci\u00f3n"},"content":{"rendered":"<p>Indica que la agencia no sigui\u00f3 &#8220;ninguno de sus procedimientos&#8221; y le cancel\u00f3 el beneficio al joven en forma abusiva y caprichosa.<\/p>\n<p>Un juez federal en Los \u00c1ngeles revirti\u00f3 la suspensi\u00f3n \u201carbitraria\u201d de DACA a joven mexicano de 24 a\u00f1os para que pueda solicitar renovaci\u00f3n a tiempo, indicando que la Agencia de Inmigraci\u00f3n y Ciudadan\u00eda (USCIS) no sigui\u00f3 sus propios procedimientos al cancelar el beneficio.<\/p>\n<p>El juez federal Jeffrey Miller dictamin\u00f3 que USCIS no sigui\u00f3 ninguno de sus reglamentos internos para la suspensi\u00f3n de DACA, cuando cancel\u00f3 el beneficio y el permiso de trabajo correspondiente el mismo a Alberto Luciano Gonz\u00e1lez el a\u00f1o pasado.<\/p>\n<p>Gonz\u00e1lez es residente de San Diego, y tuvo que dejar su trabajo en una compa\u00f1\u00eda empacadora de alimentos para aviones, luego que USCIS le inform\u00f3, en mayo del a\u00f1o pasado, que deb\u00eda aparecer ante un juez migratorio y que su DACA estaba \u201cautom\u00e1ticamente cancelado\u201d.<\/p>\n<p>El juez Miller escribi\u00f3 en documentos de la corte que USCIS \u201cno sigui\u00f3 los procedimientos establecidos en sus propios manuales, y le suspendi\u00f3 el beneficio en forma arbitraria, caprichosa y abusiva de su discreci\u00f3n\u201d.<\/p>\n<p>La Opini\u00f3n intent\u00f3 comunicarse con los abogados del caso y con el joven, pero estos no contestaron a las solicitudes de entrevista.<\/p>\n<p>La decisi\u00f3n se emiti\u00f3 el viernes pasado en Los \u00c1ngeles, ordenando a USCIS no s\u00f3lo restaurar el DACA y permiso laboral del joven, sino aceptar su renovaci\u00f3n.<\/p>\n<p>Seg\u00fan los documentos, USCIS decidi\u00f3 suspender el DACA de Gonz\u00e1lez y pasarlo a un juez migratorio luego que el muchacho fue arrestado en una casa en la que luego se encontr\u00f3 a migrantes escondidos, presuntamente por un pollero.<\/p>\n<p>Pero Gonz\u00e1lez nunca fue procesado por el caso, porque se comprob\u00f3 que \u00e9l hab\u00eda estado en la casa cuidando los perros del due\u00f1o de la vivienda, un tal \u201cAdolfo\u201d, cuando llegaron agentes de la Agencia de Protecci\u00f3n Fronteriza y Aduanas (CBP) a tocar la puerta y revisar el domicilio, a principios de mayo de 2016.<\/p>\n<p>Gonz\u00e1lez fue arrestado por los agentes, que lo tuvieron detenido casi un mes, someti\u00e9ndolo a agresivos interrogatorios, y en junio 1, un juez de inmigraci\u00f3n lo liber\u00f3 bajo una fianza de 5000 d\u00f3lares.<\/p>\n<p>Inicialmente, el joven fue arrestado por \u201cesconder a extranjeros ilegales\u201d (es el nombre textual del cargo, SIC), pero no fue convicto del mismo.<\/p>\n<p>De hecho, Gonz\u00e1lez no ten\u00eda ning\u00fan record criminal y no hab\u00eda sido arrestado antes de ese d\u00eda.<\/p>\n<p>En su dictamen, el juez Miller fustiga al Departamento de Seguridad Nacional (DHS), que aleg\u00f3 que no necesitaban seguir las reglas internas sobre suspensi\u00f3n de DACA para terminar el estatus de beneficiarios.<\/p>\n<p>\u201cLa corte rechaza categ\u00f3ricamente este argumento\u201d, se\u00f1al\u00f3. \u201cEs verdad que la agencia tiene mucha discreci\u00f3n para comenzar, adjudicar y ejecutar \u00f3rdenes de deportaci\u00f3n, pero hay un principio fundamental de ley federal y es que una agencia federal debe seguir sus propios procedimientos\u201d.<\/p>\n<p>Las reglas consideran cuatro diferentes circunstancias y procedimientos para suspender DACA, pero no aplicaron el que correspond\u00eda a Gonz\u00e1lez, dijo el juez.<\/p>\n<p><em>Fuente: La Opini\u00f3n<\/em><\/p>","protected":false},"excerpt":{"rendered":"<p>Indica que la agencia no sigui\u00f3 &#8220;ninguno de sus procedimientos&#8221; y le cancel\u00f3 el beneficio al joven en forma abusiva y caprichosa. Un juez federal en Los \u00c1ngeles revirti\u00f3 la suspensi\u00f3n \u201carbitraria\u201d de DACA a joven mexicano de 24 a\u00f1os para que pueda solicitar renovaci\u00f3n a tiempo, indicando que la Agencia de Inmigraci\u00f3n y Ciudadan\u00eda (USCIS) no sigui\u00f3 sus propios procedimientos al cancelar el beneficio. El juez federal Jeffrey Miller dictamin\u00f3 que USCIS no sigui\u00f3 ninguno de sus reglamentos internos para la suspensi\u00f3n de DACA, cuando cancel\u00f3 el beneficio y el permiso de trabajo correspondiente el mismo a Alberto Luciano Gonz\u00e1lez el a\u00f1o pasado. Gonz\u00e1lez es residente de San Diego, y tuvo que dejar su trabajo en una compa\u00f1\u00eda empacadora de alimentos para aviones, luego que USCIS le inform\u00f3, en mayo del a\u00f1o pasado, que deb\u00eda aparecer ante un juez migratorio y que su DACA estaba \u201cautom\u00e1ticamente cancelado\u201d. El juez Miller escribi\u00f3 en documentos de la corte que USCIS \u201cno sigui\u00f3 los procedimientos establecidos en sus propios manuales, y le suspendi\u00f3 el beneficio en forma arbitraria, caprichosa y abusiva de su discreci\u00f3n\u201d. La Opini\u00f3n intent\u00f3 comunicarse con los abogados del caso y con el joven, pero estos no contestaron a las solicitudes de entrevista. La decisi\u00f3n se emiti\u00f3 el viernes pasado en Los \u00c1ngeles, ordenando a USCIS no s\u00f3lo restaurar el DACA y permiso laboral del joven, sino aceptar su renovaci\u00f3n. Seg\u00fan los documentos, USCIS decidi\u00f3 suspender el DACA de Gonz\u00e1lez y pasarlo a un juez migratorio luego que el muchacho fue arrestado en una casa en la que luego se encontr\u00f3 a migrantes escondidos, presuntamente por un pollero. Pero Gonz\u00e1lez nunca fue procesado por el caso, porque se comprob\u00f3 que \u00e9l hab\u00eda estado en la casa cuidando los perros del due\u00f1o de la vivienda, un tal \u201cAdolfo\u201d, cuando llegaron agentes de la Agencia de Protecci\u00f3n Fronteriza y Aduanas (CBP) a tocar la puerta y revisar el domicilio, a principios de mayo de 2016. Gonz\u00e1lez fue arrestado por los agentes, que lo tuvieron detenido casi un mes, someti\u00e9ndolo a agresivos interrogatorios, y en junio 1, un juez de inmigraci\u00f3n lo liber\u00f3 bajo una fianza de 5000 d\u00f3lares. Inicialmente, el joven fue arrestado por \u201cesconder a extranjeros ilegales\u201d (es el nombre textual del cargo, SIC), pero no fue convicto del mismo. De hecho, Gonz\u00e1lez no ten\u00eda ning\u00fan record criminal y no hab\u00eda sido arrestado antes de ese d\u00eda. En su dictamen, el juez Miller fustiga al Departamento de Seguridad Nacional (DHS), que aleg\u00f3 que no necesitaban seguir las reglas internas sobre suspensi\u00f3n de DACA para terminar el estatus de beneficiarios. \u201cLa corte rechaza categ\u00f3ricamente este argumento\u201d, se\u00f1al\u00f3. \u201cEs verdad que la agencia tiene mucha discreci\u00f3n para comenzar, adjudicar y ejecutar \u00f3rdenes de deportaci\u00f3n, pero hay un principio fundamental de ley federal y es que una agencia federal debe seguir sus propios procedimientos\u201d. Las reglas consideran cuatro diferentes circunstancias y procedimientos para suspender DACA, pero no aplicaron el que correspond\u00eda a Gonz\u00e1lez, dijo el juez. Fuente: La Opini\u00f3n<\/p>","protected":false},"author":13,"featured_media":10470,"comment_status":"open","ping_status":"open","sticky":false,"template":"","format":"standard","meta":{"_uf_show_specific_survey":0,"_uf_disable_surveys":false,"footnotes":""},"categories":[10,1],"tags":[],"class_list":["post-10467","post","type-post","status-publish","format-standard","has-post-thumbnail","hentry","category-noticias","category-temas-de-interes"],"aioseo_notices":[],"yoast_head":"<!-- This site is optimized with the Yoast SEO plugin v27.5 - https:\/\/yoast.com\/product\/yoast-seo-wordpress\/ -->\n<title>Tribunal ordena a USCIS a reactivar DACA de joven mexicano y aceptar su renovaci\u00f3n<\/title>\n<meta name=\"description\" content=\"Indica que la agencia no sigui\u00f3 &quot;ninguno de sus procedimientos&quot; y le cancel\u00f3 el beneficio al joven en forma abusiva y caprichosa\" \/>\n<meta name=\"robots\" content=\"index, follow, max-snippet:-1, max-image-preview:large, max-video-preview:-1\" \/>\n<link rel=\"canonical\" href=\"https:\/\/accesolatino.org\/en\/tribunal-ordena-a-uscis-a-reactivar-daca-de-joven-mexicano-y-aceptar-su-renovacion\/noticias\/\" \/>\n<meta property=\"og:locale\" content=\"en_US\" \/>\n<meta property=\"og:type\" content=\"article\" \/>\n<meta property=\"og:title\" content=\"Tribunal ordena a USCIS a reactivar DACA de joven mexicano y aceptar su renovaci\u00f3n\" \/>\n<meta property=\"og:description\" content=\"Indica que la agencia no sigui\u00f3 &quot;ninguno de sus procedimientos&quot; y le cancel\u00f3 el beneficio al joven en forma abusiva y caprichosa\" \/>\n<meta property=\"og:url\" content=\"https:\/\/accesolatino.org\/en\/tribunal-ordena-a-uscis-a-reactivar-daca-de-joven-mexicano-y-aceptar-su-renovacion\/noticias\/\" \/>\n<meta property=\"og:site_name\" content=\"Acceso Latino\" \/>\n<meta property=\"article:publisher\" content=\"https:\/\/www.facebook.com\/AccesoLatinoOrg\" \/>\n<meta property=\"article:published_time\" content=\"2017-10-05T17:06:50+00:00\" \/>\n<meta property=\"article:modified_time\" content=\"2025-10-27T20:20:19+00:00\" \/>\n<meta property=\"og:image\" content=\"https:\/\/accesolatino.org\/wp-content\/uploads\/2017\/10\/Tribunal-ordena-a-USCIS-a-reactivar-DACA-de-joven-mexicano-y-aceptar-su-renovacion.jpg\" \/>\n\t<meta property=\"og:image:width\" content=\"600\" \/>\n\t<meta property=\"og:image:height\" content=\"400\" \/>\n\t<meta property=\"og:image:type\" content=\"image\/jpeg\" \/>\n<meta name=\"author\" content=\"Noticias\" \/>\n<meta name=\"twitter:card\" content=\"summary_large_image\" \/>\n<meta name=\"twitter:creator\" content=\"@FAccLatino\" \/>\n<meta name=\"twitter:site\" content=\"@FAccLatino\" \/>\n<meta name=\"twitter:label1\" content=\"Written by\" \/>\n\t<meta name=\"twitter:data1\" content=\"Noticias\" \/>\n\t<meta name=\"twitter:label2\" content=\"Est. reading time\" \/>\n\t<meta name=\"twitter:data2\" content=\"3 minutes\" \/>\n<script type=\"application\/ld+json\" class=\"yoast-schema-graph\">{\"@context\":\"https:\\\/\\\/schema.org\",\"@graph\":[{\"@type\":\"Article\",\"@id\":\"https:\\\/\\\/accesolatino.org\\\/tribunal-ordena-a-uscis-a-reactivar-daca-de-joven-mexicano-y-aceptar-su-renovacion\\\/noticias\\\/#article\",\"isPartOf\":{\"@id\":\"https:\\\/\\\/accesolatino.org\\\/tribunal-ordena-a-uscis-a-reactivar-daca-de-joven-mexicano-y-aceptar-su-renovacion\\\/noticias\\\/\"},\"author\":{\"name\":\"Noticias\",\"@id\":\"https:\\\/\\\/accesolatino.org\\\/#\\\/schema\\\/person\\\/57bc3bfd2c357610a5255490ca4cd305\"},\"headline\":\"Tribunal ordena a USCIS a reactivar DACA de joven mexicano y aceptar su renovaci\u00f3n\",\"datePublished\":\"2017-10-05T17:06:50+00:00\",\"dateModified\":\"2025-10-27T20:20:19+00:00\",\"mainEntityOfPage\":{\"@id\":\"https:\\\/\\\/accesolatino.org\\\/tribunal-ordena-a-uscis-a-reactivar-daca-de-joven-mexicano-y-aceptar-su-renovacion\\\/noticias\\\/\"},\"wordCount\":548,\"commentCount\":0,\"publisher\":{\"@id\":\"https:\\\/\\\/accesolatino.org\\\/#organization\"},\"image\":{\"@id\":\"https:\\\/\\\/accesolatino.org\\\/tribunal-ordena-a-uscis-a-reactivar-daca-de-joven-mexicano-y-aceptar-su-renovacion\\\/noticias\\\/#primaryimage\"},\"thumbnailUrl\":\"https:\\\/\\\/accesolatino.org\\\/wp-content\\\/uploads\\\/2017\\\/10\\\/Tribunal-ordena-a-USCIS-a-reactivar-DACA-de-joven-mexicano-y-aceptar-su-renovacion.jpg\",\"articleSection\":[\"Noticias\",\"Temas de inter\u00e9s\"],\"inLanguage\":\"en-US\",\"potentialAction\":[{\"@type\":\"CommentAction\",\"name\":\"Comment\",\"target\":[\"https:\\\/\\\/accesolatino.org\\\/tribunal-ordena-a-uscis-a-reactivar-daca-de-joven-mexicano-y-aceptar-su-renovacion\\\/noticias\\\/#respond\"]}]},{\"@type\":\"WebPage\",\"@id\":\"https:\\\/\\\/accesolatino.org\\\/tribunal-ordena-a-uscis-a-reactivar-daca-de-joven-mexicano-y-aceptar-su-renovacion\\\/noticias\\\/\",\"url\":\"https:\\\/\\\/accesolatino.org\\\/tribunal-ordena-a-uscis-a-reactivar-daca-de-joven-mexicano-y-aceptar-su-renovacion\\\/noticias\\\/\",\"name\":\"Tribunal ordena a USCIS a reactivar DACA de joven mexicano y aceptar su renovaci\u00f3n\",\"isPartOf\":{\"@id\":\"https:\\\/\\\/accesolatino.org\\\/#website\"},\"primaryImageOfPage\":{\"@id\":\"https:\\\/\\\/accesolatino.org\\\/tribunal-ordena-a-uscis-a-reactivar-daca-de-joven-mexicano-y-aceptar-su-renovacion\\\/noticias\\\/#primaryimage\"},\"image\":{\"@id\":\"https:\\\/\\\/accesolatino.org\\\/tribunal-ordena-a-uscis-a-reactivar-daca-de-joven-mexicano-y-aceptar-su-renovacion\\\/noticias\\\/#primaryimage\"},\"thumbnailUrl\":\"https:\\\/\\\/accesolatino.org\\\/wp-content\\\/uploads\\\/2017\\\/10\\\/Tribunal-ordena-a-USCIS-a-reactivar-DACA-de-joven-mexicano-y-aceptar-su-renovacion.jpg\",\"datePublished\":\"2017-10-05T17:06:50+00:00\",\"dateModified\":\"2025-10-27T20:20:19+00:00\",\"description\":\"Indica que la agencia no sigui\u00f3 \\\"ninguno de sus procedimientos\\\" y le cancel\u00f3 el beneficio al joven en forma abusiva y caprichosa\",\"breadcrumb\":{\"@id\":\"https:\\\/\\\/accesolatino.org\\\/tribunal-ordena-a-uscis-a-reactivar-daca-de-joven-mexicano-y-aceptar-su-renovacion\\\/noticias\\\/#breadcrumb\"},\"inLanguage\":\"en-US\",\"potentialAction\":[{\"@type\":\"ReadAction\",\"target\":[\"https:\\\/\\\/accesolatino.org\\\/tribunal-ordena-a-uscis-a-reactivar-daca-de-joven-mexicano-y-aceptar-su-renovacion\\\/noticias\\\/\"]}]},{\"@type\":\"ImageObject\",\"inLanguage\":\"en-US\",\"@id\":\"https:\\\/\\\/accesolatino.org\\\/tribunal-ordena-a-uscis-a-reactivar-daca-de-joven-mexicano-y-aceptar-su-renovacion\\\/noticias\\\/#primaryimage\",\"url\":\"https:\\\/\\\/accesolatino.org\\\/wp-content\\\/uploads\\\/2017\\\/10\\\/Tribunal-ordena-a-USCIS-a-reactivar-DACA-de-joven-mexicano-y-aceptar-su-renovacion.jpg\",\"contentUrl\":\"https:\\\/\\\/accesolatino.org\\\/wp-content\\\/uploads\\\/2017\\\/10\\\/Tribunal-ordena-a-USCIS-a-reactivar-DACA-de-joven-mexicano-y-aceptar-su-renovacion.jpg\",\"width\":\"600\",\"height\":\"400\",\"caption\":\"Tribunal-ordena-a-USCIS-a-reactivar-DACA-de-joven-mexicano-y-aceptar-su-renovacion\"},{\"@type\":\"BreadcrumbList\",\"@id\":\"https:\\\/\\\/accesolatino.org\\\/tribunal-ordena-a-uscis-a-reactivar-daca-de-joven-mexicano-y-aceptar-su-renovacion\\\/noticias\\\/#breadcrumb\",\"itemListElement\":[{\"@type\":\"ListItem\",\"position\":1,\"name\":\"Portada\",\"item\":\"https:\\\/\\\/accesolatino.org\\\/\"},{\"@type\":\"ListItem\",\"position\":2,\"name\":\"Noticias\",\"item\":\"https:\\\/\\\/accesolatino.org\\\/category\\\/noticias\\\/\"},{\"@type\":\"ListItem\",\"position\":3,\"name\":\"Tribunal ordena a USCIS a reactivar DACA de joven mexicano y aceptar su renovaci\u00f3n\"}]},{\"@type\":\"WebSite\",\"@id\":\"https:\\\/\\\/accesolatino.org\\\/#website\",\"url\":\"https:\\\/\\\/accesolatino.org\\\/\",\"name\":\"Acceso Latino | Fundaci\u00f3n Carlos Slim\",\"description\":\"Fundaci\u00f3n Carlos Slim\",\"publisher\":{\"@id\":\"https:\\\/\\\/accesolatino.org\\\/#organization\"},\"potentialAction\":[{\"@type\":\"SearchAction\",\"target\":{\"@type\":\"EntryPoint\",\"urlTemplate\":\"https:\\\/\\\/accesolatino.org\\\/?s={search_term_string}\"},\"query-input\":{\"@type\":\"PropertyValueSpecification\",\"valueRequired\":true,\"valueName\":\"search_term_string\"}}],\"inLanguage\":\"en-US\"},{\"@type\":\"Organization\",\"@id\":\"https:\\\/\\\/accesolatino.org\\\/#organization\",\"name\":\"Acceso Latino | Fundaci\u00f3n Carlos Slim\",\"url\":\"https:\\\/\\\/accesolatino.org\\\/\",\"logo\":{\"@type\":\"ImageObject\",\"inLanguage\":\"en-US\",\"@id\":\"https:\\\/\\\/accesolatino.org\\\/#\\\/schema\\\/logo\\\/image\\\/\",\"url\":\"https:\\\/\\\/accesolatino.org\\\/wp-content\\\/uploads\\\/2021\\\/02\\\/logo-footer-acceso-latino.png\",\"contentUrl\":\"https:\\\/\\\/accesolatino.org\\\/wp-content\\\/uploads\\\/2021\\\/02\\\/logo-footer-acceso-latino.png\",\"width\":240,\"height\":40,\"caption\":\"Acceso Latino | Fundaci\u00f3n Carlos Slim\"},\"image\":{\"@id\":\"https:\\\/\\\/accesolatino.org\\\/#\\\/schema\\\/logo\\\/image\\\/\"},\"sameAs\":[\"https:\\\/\\\/www.facebook.com\\\/AccesoLatinoOrg\",\"https:\\\/\\\/x.com\\\/FAccLatino\"]},{\"@type\":\"Person\",\"@id\":\"https:\\\/\\\/accesolatino.org\\\/#\\\/schema\\\/person\\\/57bc3bfd2c357610a5255490ca4cd305\",\"name\":\"Noticias\"}]}<\/script>\n<!-- \/ Yoast SEO plugin. -->","yoast_head_json":{"title":"Tribunal ordena a USCIS a reactivar DACA de joven mexicano y aceptar su renovaci\u00f3n","description":"Indica que la agencia no sigui\u00f3 \"ninguno de sus procedimientos\" y le cancel\u00f3 el beneficio al joven en forma abusiva y caprichosa","robots":{"index":"index","follow":"follow","max-snippet":"max-snippet:-1","max-image-preview":"max-image-preview:large","max-video-preview":"max-video-preview:-1"},"canonical":"https:\/\/accesolatino.org\/en\/tribunal-ordena-a-uscis-a-reactivar-daca-de-joven-mexicano-y-aceptar-su-renovacion\/noticias\/","og_locale":"en_US","og_type":"article","og_title":"Tribunal ordena a USCIS a reactivar DACA de joven mexicano y aceptar su renovaci\u00f3n","og_description":"Indica que la agencia no sigui\u00f3 \"ninguno de sus procedimientos\" y le cancel\u00f3 el beneficio al joven en forma abusiva y caprichosa","og_url":"https:\/\/accesolatino.org\/en\/tribunal-ordena-a-uscis-a-reactivar-daca-de-joven-mexicano-y-aceptar-su-renovacion\/noticias\/","og_site_name":"Acceso Latino","article_publisher":"https:\/\/www.facebook.com\/AccesoLatinoOrg","article_published_time":"2017-10-05T17:06:50+00:00","article_modified_time":"2025-10-27T20:20:19+00:00","og_image":[{"width":600,"height":400,"url":"https:\/\/accesolatino.org\/wp-content\/uploads\/2017\/10\/Tribunal-ordena-a-USCIS-a-reactivar-DACA-de-joven-mexicano-y-aceptar-su-renovacion.jpg","type":"image\/jpeg"}],"author":"Noticias","twitter_card":"summary_large_image","twitter_creator":"@FAccLatino","twitter_site":"@FAccLatino","twitter_misc":{"Written by":"Noticias","Est. reading time":"3 minutes"},"schema":{"@context":"https:\/\/schema.org","@graph":[{"@type":"Article","@id":"https:\/\/accesolatino.org\/tribunal-ordena-a-uscis-a-reactivar-daca-de-joven-mexicano-y-aceptar-su-renovacion\/noticias\/#article","isPartOf":{"@id":"https:\/\/accesolatino.org\/tribunal-ordena-a-uscis-a-reactivar-daca-de-joven-mexicano-y-aceptar-su-renovacion\/noticias\/"},"author":{"name":"Noticias","@id":"https:\/\/accesolatino.org\/#\/schema\/person\/57bc3bfd2c357610a5255490ca4cd305"},"headline":"Tribunal ordena a USCIS a reactivar DACA de joven mexicano y aceptar su renovaci\u00f3n","datePublished":"2017-10-05T17:06:50+00:00","dateModified":"2025-10-27T20:20:19+00:00","mainEntityOfPage":{"@id":"https:\/\/accesolatino.org\/tribunal-ordena-a-uscis-a-reactivar-daca-de-joven-mexicano-y-aceptar-su-renovacion\/noticias\/"},"wordCount":548,"commentCount":0,"publisher":{"@id":"https:\/\/accesolatino.org\/#organization"},"image":{"@id":"https:\/\/accesolatino.org\/tribunal-ordena-a-uscis-a-reactivar-daca-de-joven-mexicano-y-aceptar-su-renovacion\/noticias\/#primaryimage"},"thumbnailUrl":"https:\/\/accesolatino.org\/wp-content\/uploads\/2017\/10\/Tribunal-ordena-a-USCIS-a-reactivar-DACA-de-joven-mexicano-y-aceptar-su-renovacion.jpg","articleSection":["Noticias","Temas de inter\u00e9s"],"inLanguage":"en-US","potentialAction":[{"@type":"CommentAction","name":"Comment","target":["https:\/\/accesolatino.org\/tribunal-ordena-a-uscis-a-reactivar-daca-de-joven-mexicano-y-aceptar-su-renovacion\/noticias\/#respond"]}]},{"@type":"WebPage","@id":"https:\/\/accesolatino.org\/tribunal-ordena-a-uscis-a-reactivar-daca-de-joven-mexicano-y-aceptar-su-renovacion\/noticias\/","url":"https:\/\/accesolatino.org\/tribunal-ordena-a-uscis-a-reactivar-daca-de-joven-mexicano-y-aceptar-su-renovacion\/noticias\/","name":"Tribunal ordena a USCIS a reactivar DACA de joven mexicano y aceptar su renovaci\u00f3n","isPartOf":{"@id":"https:\/\/accesolatino.org\/#website"},"primaryImageOfPage":{"@id":"https:\/\/accesolatino.org\/tribunal-ordena-a-uscis-a-reactivar-daca-de-joven-mexicano-y-aceptar-su-renovacion\/noticias\/#primaryimage"},"image":{"@id":"https:\/\/accesolatino.org\/tribunal-ordena-a-uscis-a-reactivar-daca-de-joven-mexicano-y-aceptar-su-renovacion\/noticias\/#primaryimage"},"thumbnailUrl":"https:\/\/accesolatino.org\/wp-content\/uploads\/2017\/10\/Tribunal-ordena-a-USCIS-a-reactivar-DACA-de-joven-mexicano-y-aceptar-su-renovacion.jpg","datePublished":"2017-10-05T17:06:50+00:00","dateModified":"2025-10-27T20:20:19+00:00","description":"Indica que la agencia no sigui\u00f3 \"ninguno de sus procedimientos\" y le cancel\u00f3 el beneficio al joven en forma abusiva y caprichosa","breadcrumb":{"@id":"https:\/\/accesolatino.org\/tribunal-ordena-a-uscis-a-reactivar-daca-de-joven-mexicano-y-aceptar-su-renovacion\/noticias\/#breadcrumb"},"inLanguage":"en-US","potentialAction":[{"@type":"ReadAction","target":["https:\/\/accesolatino.org\/tribunal-ordena-a-uscis-a-reactivar-daca-de-joven-mexicano-y-aceptar-su-renovacion\/noticias\/"]}]},{"@type":"ImageObject","inLanguage":"en-US","@id":"https:\/\/accesolatino.org\/tribunal-ordena-a-uscis-a-reactivar-daca-de-joven-mexicano-y-aceptar-su-renovacion\/noticias\/#primaryimage","url":"https:\/\/accesolatino.org\/wp-content\/uploads\/2017\/10\/Tribunal-ordena-a-USCIS-a-reactivar-DACA-de-joven-mexicano-y-aceptar-su-renovacion.jpg","contentUrl":"https:\/\/accesolatino.org\/wp-content\/uploads\/2017\/10\/Tribunal-ordena-a-USCIS-a-reactivar-DACA-de-joven-mexicano-y-aceptar-su-renovacion.jpg","width":"600","height":"400","caption":"Tribunal-ordena-a-USCIS-a-reactivar-DACA-de-joven-mexicano-y-aceptar-su-renovacion"},{"@type":"BreadcrumbList","@id":"https:\/\/accesolatino.org\/tribunal-ordena-a-uscis-a-reactivar-daca-de-joven-mexicano-y-aceptar-su-renovacion\/noticias\/#breadcrumb","itemListElement":[{"@type":"ListItem","position":1,"name":"Portada","item":"https:\/\/accesolatino.org\/"},{"@type":"ListItem","position":2,"name":"Noticias","item":"https:\/\/accesolatino.org\/category\/noticias\/"},{"@type":"ListItem","position":3,"name":"Tribunal ordena a USCIS a reactivar DACA de joven mexicano y aceptar su renovaci\u00f3n"}]},{"@type":"WebSite","@id":"https:\/\/accesolatino.org\/#website","url":"https:\/\/accesolatino.org\/","name":"Acceso Latino | Fundaci\u00f3n Carlos Slim","description":"Fundaci\u00f3n Carlos Slim","publisher":{"@id":"https:\/\/accesolatino.org\/#organization"},"potentialAction":[{"@type":"SearchAction","target":{"@type":"EntryPoint","urlTemplate":"https:\/\/accesolatino.org\/?s={search_term_string}"},"query-input":{"@type":"PropertyValueSpecification","valueRequired":true,"valueName":"search_term_string"}}],"inLanguage":"en-US"},{"@type":"Organization","@id":"https:\/\/accesolatino.org\/#organization","name":"Acceso Latino | Fundaci\u00f3n Carlos Slim","url":"https:\/\/accesolatino.org\/","logo":{"@type":"ImageObject","inLanguage":"en-US","@id":"https:\/\/accesolatino.org\/#\/schema\/logo\/image\/","url":"https:\/\/accesolatino.org\/wp-content\/uploads\/2021\/02\/logo-footer-acceso-latino.png","contentUrl":"https:\/\/accesolatino.org\/wp-content\/uploads\/2021\/02\/logo-footer-acceso-latino.png","width":240,"height":40,"caption":"Acceso Latino | Fundaci\u00f3n Carlos Slim"},"image":{"@id":"https:\/\/accesolatino.org\/#\/schema\/logo\/image\/"},"sameAs":["https:\/\/www.facebook.com\/AccesoLatinoOrg","https:\/\/x.com\/FAccLatino"]},{"@type":"Person","@id":"https:\/\/accesolatino.org\/#\/schema\/person\/57bc3bfd2c357610a5255490ca4cd305","name":"News"}]}},"_links":{"self":[{"href":"https:\/\/accesolatino.org\/en\/wp-json\/wp\/v2\/posts\/10467","targetHints":{"allow":["GET"]}}],"collection":[{"href":"https:\/\/accesolatino.org\/en\/wp-json\/wp\/v2\/posts"}],"about":[{"href":"https:\/\/accesolatino.org\/en\/wp-json\/wp\/v2\/types\/post"}],"author":[{"embeddable":true,"href":"https:\/\/accesolatino.org\/en\/wp-json\/wp\/v2\/users\/13"}],"replies":[{"embeddable":true,"href":"https:\/\/accesolatino.org\/en\/wp-json\/wp\/v2\/comments?post=10467"}],"version-history":[{"count":1,"href":"https:\/\/accesolatino.org\/en\/wp-json\/wp\/v2\/posts\/10467\/revisions"}],"predecessor-version":[{"id":66865,"href":"https:\/\/accesolatino.org\/en\/wp-json\/wp\/v2\/posts\/10467\/revisions\/66865"}],"wp:featuredmedia":[{"embeddable":true,"href":"https:\/\/accesolatino.org\/en\/wp-json\/wp\/v2\/media\/10470"}],"wp:attachment":[{"href":"https:\/\/accesolatino.org\/en\/wp-json\/wp\/v2\/media?parent=10467"}],"wp:term":[{"taxonomy":"category","embeddable":true,"href":"https:\/\/accesolatino.org\/en\/wp-json\/wp\/v2\/categories?post=10467"},{"taxonomy":"post_tag","embeddable":true,"href":"https:\/\/accesolatino.org\/en\/wp-json\/wp\/v2\/tags?post=10467"}],"curies":[{"name":"wp","href":"https:\/\/api.w.org\/{rel}","templated":true}]}}