{"id":10456,"date":"2017-10-04T09:28:41","date_gmt":"2017-10-04T14:28:41","guid":{"rendered":"https:\/\/accesolatino.org\/?p=10456"},"modified":"2025-10-27T14:20:40","modified_gmt":"2025-10-27T20:20:40","slug":"inmigrante-abandona-iglesia-luego-de-que-juez-suspendiera-su-deportacion","status":"publish","type":"post","link":"https:\/\/accesolatino.org\/en\/inmigrante-abandona-iglesia-luego-de-que-juez-suspendiera-su-deportacion\/noticias\/","title":{"rendered":"Inmigrante abandona iglesia luego de que juez suspendiera su deportaci\u00f3n"},"content":{"rendered":"<p>Una mexicana, que formaba parte de un grupo de tres inmigrantes que recibieron santuario en iglesias de Carolina del Norte, sali\u00f3 hoy de su refugio en la ciudad de Greensboro donde permaneci\u00f3 tres meses.<\/p>\n<p>Minerva Cisneros, de 41 a\u00f1os de edad, ten\u00eda una orden para salir del pa\u00eds a fines de este mes por eso permanec\u00eda refugiada en la iglesia Congregacional Unida de Cristo al que ingres\u00f3 el pasado 29 de junio junto a sus dos hijos menores, Antonio, de 6 a\u00f1os, y Mateo, de 3, ambos ciudadanos estadounidenses.<\/p>\n<p>Esta tarde, tras recibir la orden de un juez federal de inmigraci\u00f3n del estado de Texas suspendiendo su deportaci\u00f3n, la mexicana dej\u00f3 su refugio y sali\u00f3 a la calle.<\/p>\n<p>\u201cQuer\u00eda saltar, cantar y gritar de la felicidad. Ahora volver\u00e9 a ver el sol y hacer mi vida normal\u201d, declar\u00f3 Minerva a Efe.<\/p>\n<p>\u201cEspero que ahora que mi caso sali\u00f3 favorable, tambi\u00e9n Juana y Jos\u00e9 sigan por el mismo camino\u201d, agreg\u00f3 en alusi\u00f3n a los otros dos inmigrantes que siguen refugiados.<\/p>\n<p>Se trata de Juana Tobar, quien lleva refugiada desde el 31 de mayo en la Iglesia Episcopal San Bernab\u00e9 de Greensboro y Jos\u00e9 Chicas, quien est\u00e1 desde el 27 de junio en la Escuela para la Conversi\u00f3n en Durham.<\/p>\n<p>En el anuncio, realizado durante una conferencia de prensa en la iglesia, Minerva estuvo acompa\u00f1ada por su familia, activistas y miembros de la comunidad religiosa.<\/p>\n<p>\u201cEs una alegr\u00eda enorme, no solo por Minerva sino tambi\u00e9n por las otras personas que est\u00e1n en santuario en Carolina del Norte, porque es una esperanza para ellos\u201d, manifest\u00f3 Kim Porter, de la Coalici\u00f3n de Santuario de Winston-Salem, una de las entidades que ha asesorado a la mexicana desde que se dio a conocer su caso.<\/p>\n<p>Hellen Parsonage, abogada de Cisneros, explic\u00f3 que aunque el caso ya \u201cest\u00e1 terminado\u201d, el pr\u00f3ximo paso legal ser\u00eda lograr que consiga un permisos de trabajo y los documentos correspondientes a su cliente.<\/p>\n<p>Cisneros fue detenida en el 2001 por la Patrulla Fronteriza al tratar de ingresar al pa\u00eds de manera ilegal, junto con su hijo mayor, afectado por una retinoblastoma, un tumor en los ojos.<\/p>\n<p>En 2007 muri\u00f3 uno de sus hijos, Diego, y en 2009 fue arrestada en un ret\u00e9n, que hizo que fuera procesada por el programa de deportaciones 287g lo que activ\u00f3 su proceso de deportaci\u00f3n.<\/p>\n<p>No obstante, en 2013, debido a la condici\u00f3n de salud de su hijo, el Servicio de Inmigraci\u00f3n y Aduanas (ICE) suspendi\u00f3 de forma provisional su deportaci\u00f3n.<\/p>\n<p>Desde entonces, la madre hac\u00eda visitas peri\u00f3dicas a las oficinas de ICE en Charlotte para renovar su estancia en el pa\u00eds, hasta el pasado 25 de mayo, cuando le ordenaron abandonar el pa\u00eds bajo las nuevas directrices migratorias de la Administraci\u00f3n del presidente de Estados Unidos.<\/p>\n<p>La reverenda Julie Peebles, de la Iglesia Congregacional Unida de Cristo en la ciudad de Greensboro, indic\u00f3 a Efe que aunque la experiencia fue muy dura y extra\u00f1ar\u00e1 a Minerva, \u201cla situaci\u00f3n sirvi\u00f3 para concienciar a los miembros de la comunidad, especialmente anglosajona, de la problem\u00e1tica que viven millones de inmigrantes en el pa\u00eds que a diario se ven obligados a separarse de sus familias debido a la falta de oportunidades legales existentes\u201d.<\/p>\n<p><em>Fuente: EFE<\/em><\/p>","protected":false},"excerpt":{"rendered":"<p>Una mexicana, que formaba parte de un grupo de tres inmigrantes que recibieron santuario en iglesias de Carolina del Norte, sali\u00f3 hoy de su refugio en la ciudad de Greensboro donde permaneci\u00f3 tres meses. Minerva Cisneros, de 41 a\u00f1os de edad, ten\u00eda una orden para salir del pa\u00eds a fines de este mes por eso permanec\u00eda refugiada en la iglesia Congregacional Unida de Cristo al que ingres\u00f3 el pasado 29 de junio junto a sus dos hijos menores, Antonio, de 6 a\u00f1os, y Mateo, de 3, ambos ciudadanos estadounidenses. Esta tarde, tras recibir la orden de un juez federal de inmigraci\u00f3n del estado de Texas suspendiendo su deportaci\u00f3n, la mexicana dej\u00f3 su refugio y sali\u00f3 a la calle. \u201cQuer\u00eda saltar, cantar y gritar de la felicidad. Ahora volver\u00e9 a ver el sol y hacer mi vida normal\u201d, declar\u00f3 Minerva a Efe. \u201cEspero que ahora que mi caso sali\u00f3 favorable, tambi\u00e9n Juana y Jos\u00e9 sigan por el mismo camino\u201d, agreg\u00f3 en alusi\u00f3n a los otros dos inmigrantes que siguen refugiados. Se trata de Juana Tobar, quien lleva refugiada desde el 31 de mayo en la Iglesia Episcopal San Bernab\u00e9 de Greensboro y Jos\u00e9 Chicas, quien est\u00e1 desde el 27 de junio en la Escuela para la Conversi\u00f3n en Durham. En el anuncio, realizado durante una conferencia de prensa en la iglesia, Minerva estuvo acompa\u00f1ada por su familia, activistas y miembros de la comunidad religiosa. \u201cEs una alegr\u00eda enorme, no solo por Minerva sino tambi\u00e9n por las otras personas que est\u00e1n en santuario en Carolina del Norte, porque es una esperanza para ellos\u201d, manifest\u00f3 Kim Porter, de la Coalici\u00f3n de Santuario de Winston-Salem, una de las entidades que ha asesorado a la mexicana desde que se dio a conocer su caso. Hellen Parsonage, abogada de Cisneros, explic\u00f3 que aunque el caso ya \u201cest\u00e1 terminado\u201d, el pr\u00f3ximo paso legal ser\u00eda lograr que consiga un permisos de trabajo y los documentos correspondientes a su cliente. Cisneros fue detenida en el 2001 por la Patrulla Fronteriza al tratar de ingresar al pa\u00eds de manera ilegal, junto con su hijo mayor, afectado por una retinoblastoma, un tumor en los ojos. En 2007 muri\u00f3 uno de sus hijos, Diego, y en 2009 fue arrestada en un ret\u00e9n, que hizo que fuera procesada por el programa de deportaciones 287g lo que activ\u00f3 su proceso de deportaci\u00f3n. No obstante, en 2013, debido a la condici\u00f3n de salud de su hijo, el Servicio de Inmigraci\u00f3n y Aduanas (ICE) suspendi\u00f3 de forma provisional su deportaci\u00f3n. Desde entonces, la madre hac\u00eda visitas peri\u00f3dicas a las oficinas de ICE en Charlotte para renovar su estancia en el pa\u00eds, hasta el pasado 25 de mayo, cuando le ordenaron abandonar el pa\u00eds bajo las nuevas directrices migratorias de la Administraci\u00f3n del presidente de Estados Unidos. La reverenda Julie Peebles, de la Iglesia Congregacional Unida de Cristo en la ciudad de Greensboro, indic\u00f3 a Efe que aunque la experiencia fue muy dura y extra\u00f1ar\u00e1 a Minerva, \u201cla situaci\u00f3n sirvi\u00f3 para concienciar a los miembros de la comunidad, especialmente anglosajona, de la problem\u00e1tica que viven millones de inmigrantes en el pa\u00eds que a diario se ven obligados a separarse de sus familias debido a la falta de oportunidades legales existentes\u201d. Fuente: EFE<\/p>","protected":false},"author":13,"featured_media":10457,"comment_status":"open","ping_status":"open","sticky":false,"template":"","format":"standard","meta":{"_uf_show_specific_survey":0,"_uf_disable_surveys":false,"footnotes":""},"categories":[10,1],"tags":[],"class_list":["post-10456","post","type-post","status-publish","format-standard","has-post-thumbnail","hentry","category-noticias","category-temas-de-interes"],"aioseo_notices":[],"yoast_head":"<!-- This site is optimized with the Yoast SEO plugin v27.5 - https:\/\/yoast.com\/product\/yoast-seo-wordpress\/ -->\n<title>Inmigrante abandona iglesia luego de que juez suspendiera su deportaci\u00f3n<\/title>\n<meta name=\"description\" content=\"Una mexicana, sali\u00f3 hoy de su refugio en la ciudad de Greensboro donde permaneci\u00f3 tres meses\" \/>\n<meta name=\"robots\" content=\"index, follow, max-snippet:-1, max-image-preview:large, max-video-preview:-1\" \/>\n<link rel=\"canonical\" href=\"https:\/\/accesolatino.org\/en\/inmigrante-abandona-iglesia-luego-de-que-juez-suspendiera-su-deportacion\/noticias\/\" \/>\n<meta property=\"og:locale\" content=\"en_US\" \/>\n<meta property=\"og:type\" content=\"article\" \/>\n<meta property=\"og:title\" content=\"Inmigrante abandona iglesia luego de que juez suspendiera su deportaci\u00f3n\" \/>\n<meta property=\"og:description\" content=\"Una mexicana, sali\u00f3 hoy de su refugio en la ciudad de Greensboro donde permaneci\u00f3 tres meses\" \/>\n<meta property=\"og:url\" content=\"https:\/\/accesolatino.org\/en\/inmigrante-abandona-iglesia-luego-de-que-juez-suspendiera-su-deportacion\/noticias\/\" \/>\n<meta property=\"og:site_name\" content=\"Acceso Latino\" \/>\n<meta property=\"article:publisher\" content=\"https:\/\/www.facebook.com\/AccesoLatinoOrg\" \/>\n<meta property=\"article:published_time\" content=\"2017-10-04T14:28:41+00:00\" \/>\n<meta property=\"article:modified_time\" content=\"2025-10-27T20:20:40+00:00\" \/>\n<meta property=\"og:image\" content=\"https:\/\/accesolatino.org\/wp-content\/uploads\/2017\/10\/Inmigrante-abandona-iglesia-luego-de-que-juez-suspendiera-su-deportacion.jpg\" \/>\n\t<meta property=\"og:image:width\" content=\"600\" \/>\n\t<meta property=\"og:image:height\" content=\"300\" \/>\n\t<meta property=\"og:image:type\" content=\"image\/jpeg\" \/>\n<meta name=\"author\" content=\"Noticias\" \/>\n<meta name=\"twitter:card\" content=\"summary_large_image\" \/>\n<meta name=\"twitter:creator\" content=\"@FAccLatino\" \/>\n<meta name=\"twitter:site\" content=\"@FAccLatino\" \/>\n<meta name=\"twitter:label1\" content=\"Written by\" \/>\n\t<meta name=\"twitter:data1\" content=\"Noticias\" \/>\n\t<meta name=\"twitter:label2\" content=\"Est. reading time\" \/>\n\t<meta name=\"twitter:data2\" content=\"3 minutes\" \/>\n<script type=\"application\/ld+json\" class=\"yoast-schema-graph\">{\"@context\":\"https:\\\/\\\/schema.org\",\"@graph\":[{\"@type\":\"Article\",\"@id\":\"https:\\\/\\\/accesolatino.org\\\/inmigrante-abandona-iglesia-luego-de-que-juez-suspendiera-su-deportacion\\\/noticias\\\/#article\",\"isPartOf\":{\"@id\":\"https:\\\/\\\/accesolatino.org\\\/inmigrante-abandona-iglesia-luego-de-que-juez-suspendiera-su-deportacion\\\/noticias\\\/\"},\"author\":{\"name\":\"Noticias\",\"@id\":\"https:\\\/\\\/accesolatino.org\\\/#\\\/schema\\\/person\\\/57bc3bfd2c357610a5255490ca4cd305\"},\"headline\":\"Inmigrante abandona iglesia luego de que juez suspendiera su deportaci\u00f3n\",\"datePublished\":\"2017-10-04T14:28:41+00:00\",\"dateModified\":\"2025-10-27T20:20:40+00:00\",\"mainEntityOfPage\":{\"@id\":\"https:\\\/\\\/accesolatino.org\\\/inmigrante-abandona-iglesia-luego-de-que-juez-suspendiera-su-deportacion\\\/noticias\\\/\"},\"wordCount\":568,\"commentCount\":0,\"publisher\":{\"@id\":\"https:\\\/\\\/accesolatino.org\\\/#organization\"},\"image\":{\"@id\":\"https:\\\/\\\/accesolatino.org\\\/inmigrante-abandona-iglesia-luego-de-que-juez-suspendiera-su-deportacion\\\/noticias\\\/#primaryimage\"},\"thumbnailUrl\":\"https:\\\/\\\/accesolatino.org\\\/wp-content\\\/uploads\\\/2017\\\/10\\\/Inmigrante-abandona-iglesia-luego-de-que-juez-suspendiera-su-deportacion.jpg\",\"articleSection\":[\"Noticias\",\"Temas de inter\u00e9s\"],\"inLanguage\":\"en-US\",\"potentialAction\":[{\"@type\":\"CommentAction\",\"name\":\"Comment\",\"target\":[\"https:\\\/\\\/accesolatino.org\\\/inmigrante-abandona-iglesia-luego-de-que-juez-suspendiera-su-deportacion\\\/noticias\\\/#respond\"]}]},{\"@type\":\"WebPage\",\"@id\":\"https:\\\/\\\/accesolatino.org\\\/inmigrante-abandona-iglesia-luego-de-que-juez-suspendiera-su-deportacion\\\/noticias\\\/\",\"url\":\"https:\\\/\\\/accesolatino.org\\\/inmigrante-abandona-iglesia-luego-de-que-juez-suspendiera-su-deportacion\\\/noticias\\\/\",\"name\":\"Inmigrante abandona iglesia luego de que juez suspendiera su deportaci\u00f3n\",\"isPartOf\":{\"@id\":\"https:\\\/\\\/accesolatino.org\\\/#website\"},\"primaryImageOfPage\":{\"@id\":\"https:\\\/\\\/accesolatino.org\\\/inmigrante-abandona-iglesia-luego-de-que-juez-suspendiera-su-deportacion\\\/noticias\\\/#primaryimage\"},\"image\":{\"@id\":\"https:\\\/\\\/accesolatino.org\\\/inmigrante-abandona-iglesia-luego-de-que-juez-suspendiera-su-deportacion\\\/noticias\\\/#primaryimage\"},\"thumbnailUrl\":\"https:\\\/\\\/accesolatino.org\\\/wp-content\\\/uploads\\\/2017\\\/10\\\/Inmigrante-abandona-iglesia-luego-de-que-juez-suspendiera-su-deportacion.jpg\",\"datePublished\":\"2017-10-04T14:28:41+00:00\",\"dateModified\":\"2025-10-27T20:20:40+00:00\",\"description\":\"Una mexicana, sali\u00f3 hoy de su refugio en la ciudad de Greensboro donde permaneci\u00f3 tres meses\",\"breadcrumb\":{\"@id\":\"https:\\\/\\\/accesolatino.org\\\/inmigrante-abandona-iglesia-luego-de-que-juez-suspendiera-su-deportacion\\\/noticias\\\/#breadcrumb\"},\"inLanguage\":\"en-US\",\"potentialAction\":[{\"@type\":\"ReadAction\",\"target\":[\"https:\\\/\\\/accesolatino.org\\\/inmigrante-abandona-iglesia-luego-de-que-juez-suspendiera-su-deportacion\\\/noticias\\\/\"]}]},{\"@type\":\"ImageObject\",\"inLanguage\":\"en-US\",\"@id\":\"https:\\\/\\\/accesolatino.org\\\/inmigrante-abandona-iglesia-luego-de-que-juez-suspendiera-su-deportacion\\\/noticias\\\/#primaryimage\",\"url\":\"https:\\\/\\\/accesolatino.org\\\/wp-content\\\/uploads\\\/2017\\\/10\\\/Inmigrante-abandona-iglesia-luego-de-que-juez-suspendiera-su-deportacion.jpg\",\"contentUrl\":\"https:\\\/\\\/accesolatino.org\\\/wp-content\\\/uploads\\\/2017\\\/10\\\/Inmigrante-abandona-iglesia-luego-de-que-juez-suspendiera-su-deportacion.jpg\",\"width\":\"600\",\"height\":\"300\",\"caption\":\"Inmigrante-abandona-iglesia-luego-de-que-juez-suspendiera-su-deportacion\"},{\"@type\":\"BreadcrumbList\",\"@id\":\"https:\\\/\\\/accesolatino.org\\\/inmigrante-abandona-iglesia-luego-de-que-juez-suspendiera-su-deportacion\\\/noticias\\\/#breadcrumb\",\"itemListElement\":[{\"@type\":\"ListItem\",\"position\":1,\"name\":\"Portada\",\"item\":\"https:\\\/\\\/accesolatino.org\\\/\"},{\"@type\":\"ListItem\",\"position\":2,\"name\":\"Noticias\",\"item\":\"https:\\\/\\\/accesolatino.org\\\/category\\\/noticias\\\/\"},{\"@type\":\"ListItem\",\"position\":3,\"name\":\"Inmigrante abandona iglesia luego de que juez suspendiera su deportaci\u00f3n\"}]},{\"@type\":\"WebSite\",\"@id\":\"https:\\\/\\\/accesolatino.org\\\/#website\",\"url\":\"https:\\\/\\\/accesolatino.org\\\/\",\"name\":\"Acceso Latino | Fundaci\u00f3n Carlos Slim\",\"description\":\"Fundaci\u00f3n Carlos Slim\",\"publisher\":{\"@id\":\"https:\\\/\\\/accesolatino.org\\\/#organization\"},\"potentialAction\":[{\"@type\":\"SearchAction\",\"target\":{\"@type\":\"EntryPoint\",\"urlTemplate\":\"https:\\\/\\\/accesolatino.org\\\/?s={search_term_string}\"},\"query-input\":{\"@type\":\"PropertyValueSpecification\",\"valueRequired\":true,\"valueName\":\"search_term_string\"}}],\"inLanguage\":\"en-US\"},{\"@type\":\"Organization\",\"@id\":\"https:\\\/\\\/accesolatino.org\\\/#organization\",\"name\":\"Acceso Latino | Fundaci\u00f3n Carlos Slim\",\"url\":\"https:\\\/\\\/accesolatino.org\\\/\",\"logo\":{\"@type\":\"ImageObject\",\"inLanguage\":\"en-US\",\"@id\":\"https:\\\/\\\/accesolatino.org\\\/#\\\/schema\\\/logo\\\/image\\\/\",\"url\":\"https:\\\/\\\/accesolatino.org\\\/wp-content\\\/uploads\\\/2021\\\/02\\\/logo-footer-acceso-latino.png\",\"contentUrl\":\"https:\\\/\\\/accesolatino.org\\\/wp-content\\\/uploads\\\/2021\\\/02\\\/logo-footer-acceso-latino.png\",\"width\":240,\"height\":40,\"caption\":\"Acceso Latino | Fundaci\u00f3n Carlos Slim\"},\"image\":{\"@id\":\"https:\\\/\\\/accesolatino.org\\\/#\\\/schema\\\/logo\\\/image\\\/\"},\"sameAs\":[\"https:\\\/\\\/www.facebook.com\\\/AccesoLatinoOrg\",\"https:\\\/\\\/x.com\\\/FAccLatino\"]},{\"@type\":\"Person\",\"@id\":\"https:\\\/\\\/accesolatino.org\\\/#\\\/schema\\\/person\\\/57bc3bfd2c357610a5255490ca4cd305\",\"name\":\"Noticias\"}]}<\/script>\n<!-- \/ Yoast SEO plugin. -->","yoast_head_json":{"title":"Inmigrante abandona iglesia luego de que juez suspendiera su deportaci\u00f3n","description":"Una mexicana, sali\u00f3 hoy de su refugio en la ciudad de Greensboro donde permaneci\u00f3 tres meses","robots":{"index":"index","follow":"follow","max-snippet":"max-snippet:-1","max-image-preview":"max-image-preview:large","max-video-preview":"max-video-preview:-1"},"canonical":"https:\/\/accesolatino.org\/en\/inmigrante-abandona-iglesia-luego-de-que-juez-suspendiera-su-deportacion\/noticias\/","og_locale":"en_US","og_type":"article","og_title":"Inmigrante abandona iglesia luego de que juez suspendiera su deportaci\u00f3n","og_description":"Una mexicana, sali\u00f3 hoy de su refugio en la ciudad de Greensboro donde permaneci\u00f3 tres meses","og_url":"https:\/\/accesolatino.org\/en\/inmigrante-abandona-iglesia-luego-de-que-juez-suspendiera-su-deportacion\/noticias\/","og_site_name":"Acceso Latino","article_publisher":"https:\/\/www.facebook.com\/AccesoLatinoOrg","article_published_time":"2017-10-04T14:28:41+00:00","article_modified_time":"2025-10-27T20:20:40+00:00","og_image":[{"width":600,"height":300,"url":"https:\/\/accesolatino.org\/wp-content\/uploads\/2017\/10\/Inmigrante-abandona-iglesia-luego-de-que-juez-suspendiera-su-deportacion.jpg","type":"image\/jpeg"}],"author":"Noticias","twitter_card":"summary_large_image","twitter_creator":"@FAccLatino","twitter_site":"@FAccLatino","twitter_misc":{"Written by":"Noticias","Est. reading time":"3 minutes"},"schema":{"@context":"https:\/\/schema.org","@graph":[{"@type":"Article","@id":"https:\/\/accesolatino.org\/inmigrante-abandona-iglesia-luego-de-que-juez-suspendiera-su-deportacion\/noticias\/#article","isPartOf":{"@id":"https:\/\/accesolatino.org\/inmigrante-abandona-iglesia-luego-de-que-juez-suspendiera-su-deportacion\/noticias\/"},"author":{"name":"Noticias","@id":"https:\/\/accesolatino.org\/#\/schema\/person\/57bc3bfd2c357610a5255490ca4cd305"},"headline":"Inmigrante abandona iglesia luego de que juez suspendiera su deportaci\u00f3n","datePublished":"2017-10-04T14:28:41+00:00","dateModified":"2025-10-27T20:20:40+00:00","mainEntityOfPage":{"@id":"https:\/\/accesolatino.org\/inmigrante-abandona-iglesia-luego-de-que-juez-suspendiera-su-deportacion\/noticias\/"},"wordCount":568,"commentCount":0,"publisher":{"@id":"https:\/\/accesolatino.org\/#organization"},"image":{"@id":"https:\/\/accesolatino.org\/inmigrante-abandona-iglesia-luego-de-que-juez-suspendiera-su-deportacion\/noticias\/#primaryimage"},"thumbnailUrl":"https:\/\/accesolatino.org\/wp-content\/uploads\/2017\/10\/Inmigrante-abandona-iglesia-luego-de-que-juez-suspendiera-su-deportacion.jpg","articleSection":["Noticias","Temas de inter\u00e9s"],"inLanguage":"en-US","potentialAction":[{"@type":"CommentAction","name":"Comment","target":["https:\/\/accesolatino.org\/inmigrante-abandona-iglesia-luego-de-que-juez-suspendiera-su-deportacion\/noticias\/#respond"]}]},{"@type":"WebPage","@id":"https:\/\/accesolatino.org\/inmigrante-abandona-iglesia-luego-de-que-juez-suspendiera-su-deportacion\/noticias\/","url":"https:\/\/accesolatino.org\/inmigrante-abandona-iglesia-luego-de-que-juez-suspendiera-su-deportacion\/noticias\/","name":"Inmigrante abandona iglesia luego de que juez suspendiera su deportaci\u00f3n","isPartOf":{"@id":"https:\/\/accesolatino.org\/#website"},"primaryImageOfPage":{"@id":"https:\/\/accesolatino.org\/inmigrante-abandona-iglesia-luego-de-que-juez-suspendiera-su-deportacion\/noticias\/#primaryimage"},"image":{"@id":"https:\/\/accesolatino.org\/inmigrante-abandona-iglesia-luego-de-que-juez-suspendiera-su-deportacion\/noticias\/#primaryimage"},"thumbnailUrl":"https:\/\/accesolatino.org\/wp-content\/uploads\/2017\/10\/Inmigrante-abandona-iglesia-luego-de-que-juez-suspendiera-su-deportacion.jpg","datePublished":"2017-10-04T14:28:41+00:00","dateModified":"2025-10-27T20:20:40+00:00","description":"Una mexicana, sali\u00f3 hoy de su refugio en la ciudad de Greensboro donde permaneci\u00f3 tres meses","breadcrumb":{"@id":"https:\/\/accesolatino.org\/inmigrante-abandona-iglesia-luego-de-que-juez-suspendiera-su-deportacion\/noticias\/#breadcrumb"},"inLanguage":"en-US","potentialAction":[{"@type":"ReadAction","target":["https:\/\/accesolatino.org\/inmigrante-abandona-iglesia-luego-de-que-juez-suspendiera-su-deportacion\/noticias\/"]}]},{"@type":"ImageObject","inLanguage":"en-US","@id":"https:\/\/accesolatino.org\/inmigrante-abandona-iglesia-luego-de-que-juez-suspendiera-su-deportacion\/noticias\/#primaryimage","url":"https:\/\/accesolatino.org\/wp-content\/uploads\/2017\/10\/Inmigrante-abandona-iglesia-luego-de-que-juez-suspendiera-su-deportacion.jpg","contentUrl":"https:\/\/accesolatino.org\/wp-content\/uploads\/2017\/10\/Inmigrante-abandona-iglesia-luego-de-que-juez-suspendiera-su-deportacion.jpg","width":"600","height":"300","caption":"Inmigrante-abandona-iglesia-luego-de-que-juez-suspendiera-su-deportacion"},{"@type":"BreadcrumbList","@id":"https:\/\/accesolatino.org\/inmigrante-abandona-iglesia-luego-de-que-juez-suspendiera-su-deportacion\/noticias\/#breadcrumb","itemListElement":[{"@type":"ListItem","position":1,"name":"Portada","item":"https:\/\/accesolatino.org\/"},{"@type":"ListItem","position":2,"name":"Noticias","item":"https:\/\/accesolatino.org\/category\/noticias\/"},{"@type":"ListItem","position":3,"name":"Inmigrante abandona iglesia luego de que juez suspendiera su deportaci\u00f3n"}]},{"@type":"WebSite","@id":"https:\/\/accesolatino.org\/#website","url":"https:\/\/accesolatino.org\/","name":"Acceso Latino | Fundaci\u00f3n Carlos Slim","description":"Fundaci\u00f3n Carlos Slim","publisher":{"@id":"https:\/\/accesolatino.org\/#organization"},"potentialAction":[{"@type":"SearchAction","target":{"@type":"EntryPoint","urlTemplate":"https:\/\/accesolatino.org\/?s={search_term_string}"},"query-input":{"@type":"PropertyValueSpecification","valueRequired":true,"valueName":"search_term_string"}}],"inLanguage":"en-US"},{"@type":"Organization","@id":"https:\/\/accesolatino.org\/#organization","name":"Acceso Latino | Fundaci\u00f3n Carlos Slim","url":"https:\/\/accesolatino.org\/","logo":{"@type":"ImageObject","inLanguage":"en-US","@id":"https:\/\/accesolatino.org\/#\/schema\/logo\/image\/","url":"https:\/\/accesolatino.org\/wp-content\/uploads\/2021\/02\/logo-footer-acceso-latino.png","contentUrl":"https:\/\/accesolatino.org\/wp-content\/uploads\/2021\/02\/logo-footer-acceso-latino.png","width":240,"height":40,"caption":"Acceso Latino | Fundaci\u00f3n Carlos Slim"},"image":{"@id":"https:\/\/accesolatino.org\/#\/schema\/logo\/image\/"},"sameAs":["https:\/\/www.facebook.com\/AccesoLatinoOrg","https:\/\/x.com\/FAccLatino"]},{"@type":"Person","@id":"https:\/\/accesolatino.org\/#\/schema\/person\/57bc3bfd2c357610a5255490ca4cd305","name":"News"}]}},"_links":{"self":[{"href":"https:\/\/accesolatino.org\/en\/wp-json\/wp\/v2\/posts\/10456","targetHints":{"allow":["GET"]}}],"collection":[{"href":"https:\/\/accesolatino.org\/en\/wp-json\/wp\/v2\/posts"}],"about":[{"href":"https:\/\/accesolatino.org\/en\/wp-json\/wp\/v2\/types\/post"}],"author":[{"embeddable":true,"href":"https:\/\/accesolatino.org\/en\/wp-json\/wp\/v2\/users\/13"}],"replies":[{"embeddable":true,"href":"https:\/\/accesolatino.org\/en\/wp-json\/wp\/v2\/comments?post=10456"}],"version-history":[{"count":1,"href":"https:\/\/accesolatino.org\/en\/wp-json\/wp\/v2\/posts\/10456\/revisions"}],"predecessor-version":[{"id":66869,"href":"https:\/\/accesolatino.org\/en\/wp-json\/wp\/v2\/posts\/10456\/revisions\/66869"}],"wp:featuredmedia":[{"embeddable":true,"href":"https:\/\/accesolatino.org\/en\/wp-json\/wp\/v2\/media\/10457"}],"wp:attachment":[{"href":"https:\/\/accesolatino.org\/en\/wp-json\/wp\/v2\/media?parent=10456"}],"wp:term":[{"taxonomy":"category","embeddable":true,"href":"https:\/\/accesolatino.org\/en\/wp-json\/wp\/v2\/categories?post=10456"},{"taxonomy":"post_tag","embeddable":true,"href":"https:\/\/accesolatino.org\/en\/wp-json\/wp\/v2\/tags?post=10456"}],"curies":[{"name":"wp","href":"https:\/\/api.w.org\/{rel}","templated":true}]}}