{"id":10418,"date":"2017-10-02T10:52:20","date_gmt":"2017-10-02T15:52:20","guid":{"rendered":"https:\/\/accesolatino.org\/?p=10418"},"modified":"2025-10-27T14:21:07","modified_gmt":"2025-10-27T20:21:07","slug":"marshall-moya-design-talento-latino-que-triunfa-en-dc","status":"publish","type":"post","link":"https:\/\/accesolatino.org\/en\/marshall-moya-design-talento-latino-que-triunfa-en-dc\/orgullo-latino\/","title":{"rendered":"Marshall Moya Design, talento latino que triunfa en DC"},"content":{"rendered":"<p>La colombiana detr\u00e1s de la firma de arquitectura empez\u00f3 desde abajo, pero hoy asume grandes retos profesionales en el Distrito.<\/p>\n<p>Paola Moya lleg\u00f3 a Miami desde su pa\u00eds natal, Colombia, cuando ten\u00eda 18 a\u00f1os con sus padres y dos hermanos. La vida de inmigrante empez\u00f3 desde entonces, luego de que la familia comprara un autom\u00f3vil y emprendiera viaje por tierra hacia Maryland.<\/p>\n<p>Estaba estudiando leyes en su pa\u00eds, pero el destino le ten\u00eda deparado un futuro exitoso como arquitecta, que se forjar\u00eda con mucho esfuerzo a\u00f1os despu\u00e9s. El triunfo era inevitable. Aunque, como muchos latinos reci\u00e9n llegados al pa\u00eds, le toc\u00f3 empezar desde abajo.<\/p>\n<p>\u201cMi primer trabajo en EEUU fue dentro de un hotel para perros, pero era muy curioso, porque aunque dije que s\u00ed, les ten\u00eda fobia, porque me hab\u00edan mordido cuando peque\u00f1a\u201d, relata Paola, quien tambi\u00e9n reconoce que aquella primera experiencia laboral se transform\u00f3 en todo un reto para superar sus temores. \u201cDe ah\u00ed trabaj\u00e9 haciendo delivery de pizzas, luego en un day care, en una firma de abogados, para finalmente ir al Montgomery College y a la Catholic University of America\u201d.<\/p>\n<p>Cuando habla de su formaci\u00f3n profesional, la mirada de Moya se llena de orgullo, pues dice con mucha satisfacci\u00f3n haber costeado sus estudios sola, como fruto de su arduo trabajo sin ayuda de nadie, contra viento y marea. \u201cCuando uno est\u00e1 ac\u00e1, no tiene recursos como en otros pa\u00edses y tambi\u00e9n la educaci\u00f3n es costosa. Lo que hice al inicio fue ayudar a mi familia los primeros cuatro a\u00f1os hasta que estuvieran bien. Despu\u00e9s ahorr\u00e9 dinero para tener algunas clases en Montgomery College. Estudi\u00e9 ah\u00ed por dos a\u00f1os, luego ahorr\u00e9 m\u00e1s dinero e hice la transferencia a la universidad. Trabajaba de lunes a viernes, s\u00e1bados y domingos, pero en la noche iba a estudiar\u201d.<\/p>\n<p>Desde los 23 a\u00f1os, cuando inici\u00f3 su formaci\u00f3n en USA, nada la detuvo. \u201cNo es f\u00e1cil para nadie, pero t\u00fa vienes ac\u00e1 a triunfar. No vas a tener excusa de no hacer lo que tienes que hacer para sacar a tu familia adelante y tener \u00e9xito, aunque hubo gente que me dec\u00eda que era muy costosa la educaci\u00f3n aqu\u00ed, pero no, yo quer\u00eda tener mi carrera. Solita la pude pagar, la saqu\u00e9 y ese esfuerzo tan grande me ha ayudado a tener mi compa\u00f1\u00eda\u201d.<\/p>\n<p>En la Catholic University of America hizo el m\u00e1ster en arquitectura y una vez, mostrando su trabajo ante un jurado, su excelencia brill\u00f3. All\u00ed dentro de ese grupo de profesionales que la evaluaba estar\u00eda su futuro socio. Una de sus frases: \u201cla educaci\u00f3n hay que mirarla como una inversi\u00f3n\u201d, estaba por dar frutos.<\/p>\n<p>Cuando Moya termin\u00f3 su formaci\u00f3n acad\u00e9mica, ya ten\u00eda seis a\u00f1os de experiencia laboral en su \u00e1rea, pues se hab\u00eda fijado como meta involucrarse en empresas vinculadas con arquitectura. Definitivamente un ejemplo de dedicaci\u00f3n y empe\u00f1o. As\u00ed fue como en Marshall Moya Design, se encarg\u00f3 de toda la estrategia de crecimiento de la compa\u00f1\u00eda. En 2009 asumieron el proyecto del Teatro Howard, que inauguraron tres a\u00f1os despu\u00e9s, el centro estudiantil de la Universidad del Distrito de Columbia y otros clientes tan importantes como MGM, pues su firma se encarg\u00f3 de dise\u00f1ar el National Market, es decir, todo el centro de comida con nueve locales distintos.<\/p>\n<p>Moya, hoy d\u00eda CEO y Directora de su firma, asegura manejarla como una boutique. Es decir, aunque ha asumido trabajos grandes e importantes, siempre la calidad prevalece en sus dise\u00f1os. Paola fue nombrada por el Washington Business Journal &#8220;Power 100&#8221; en la lista Playmakers de 2016, as\u00ed como seleccionada un a\u00f1o antes en la lista &#8220;40 Under 40&#8221;. En 2014 obtuvo el reconocimiento &#8220;Minority Business Leader of the Year&#8221; y fue galardonada por la C\u00e1mara de Comercio de DC y la C\u00e1mara Hispana de Comercio como &#8220;Young Entrepreneur of the Year&#8221;.<\/p>\n<p>Los mencionados, tan s\u00f3lo son algunos de sus reconocimientos, ya que esta latina sigue brillando en una empresa que combina arquitectura con dise\u00f1o gr\u00e1fico, industrial y experimental. Su equipo ahora trabaja en el estadio de f\u00fatbol de DC &#8211; que abrir\u00e1 en un a\u00f1o-, una cancha de basketball para el equipo femenino de DC, las Washington Mystics y otra para el masculino, los Washington Wizard.<\/p>\n<p>\u201cParte del \u00e9xito es que hemos podido aliarnos con otras firmas grandes de dise\u00f1o para hacer proyectos. Todo en este mundo son las conexiones que t\u00fa creas. He podido crecer gracias a las oportunidades que me han dado clientes, pero tambi\u00e9n gracias a los consejos de otros profesionales, que ahora son mis amigos. No hay que bajar la guardia, tener mucha persistencia y nunca olvidar de d\u00f3nde vienes\u201d.<\/p>\n<p><em>Fuente: El Tiempo Latino<\/em><\/p>","protected":false},"excerpt":{"rendered":"<p>La colombiana detr\u00e1s de la firma de arquitectura empez\u00f3 desde abajo, pero hoy asume grandes retos profesionales en el Distrito. Paola Moya lleg\u00f3 a Miami desde su pa\u00eds natal, Colombia, cuando ten\u00eda 18 a\u00f1os con sus padres y dos hermanos. La vida de inmigrante empez\u00f3 desde entonces, luego de que la familia comprara un autom\u00f3vil y emprendiera viaje por tierra hacia Maryland. Estaba estudiando leyes en su pa\u00eds, pero el destino le ten\u00eda deparado un futuro exitoso como arquitecta, que se forjar\u00eda con mucho esfuerzo a\u00f1os despu\u00e9s. El triunfo era inevitable. Aunque, como muchos latinos reci\u00e9n llegados al pa\u00eds, le toc\u00f3 empezar desde abajo. \u201cMi primer trabajo en EEUU fue dentro de un hotel para perros, pero era muy curioso, porque aunque dije que s\u00ed, les ten\u00eda fobia, porque me hab\u00edan mordido cuando peque\u00f1a\u201d, relata Paola, quien tambi\u00e9n reconoce que aquella primera experiencia laboral se transform\u00f3 en todo un reto para superar sus temores. \u201cDe ah\u00ed trabaj\u00e9 haciendo delivery de pizzas, luego en un day care, en una firma de abogados, para finalmente ir al Montgomery College y a la Catholic University of America\u201d. Cuando habla de su formaci\u00f3n profesional, la mirada de Moya se llena de orgullo, pues dice con mucha satisfacci\u00f3n haber costeado sus estudios sola, como fruto de su arduo trabajo sin ayuda de nadie, contra viento y marea. \u201cCuando uno est\u00e1 ac\u00e1, no tiene recursos como en otros pa\u00edses y tambi\u00e9n la educaci\u00f3n es costosa. Lo que hice al inicio fue ayudar a mi familia los primeros cuatro a\u00f1os hasta que estuvieran bien. Despu\u00e9s ahorr\u00e9 dinero para tener algunas clases en Montgomery College. Estudi\u00e9 ah\u00ed por dos a\u00f1os, luego ahorr\u00e9 m\u00e1s dinero e hice la transferencia a la universidad. Trabajaba de lunes a viernes, s\u00e1bados y domingos, pero en la noche iba a estudiar\u201d. Desde los 23 a\u00f1os, cuando inici\u00f3 su formaci\u00f3n en USA, nada la detuvo. \u201cNo es f\u00e1cil para nadie, pero t\u00fa vienes ac\u00e1 a triunfar. No vas a tener excusa de no hacer lo que tienes que hacer para sacar a tu familia adelante y tener \u00e9xito, aunque hubo gente que me dec\u00eda que era muy costosa la educaci\u00f3n aqu\u00ed, pero no, yo quer\u00eda tener mi carrera. Solita la pude pagar, la saqu\u00e9 y ese esfuerzo tan grande me ha ayudado a tener mi compa\u00f1\u00eda\u201d. En la Catholic University of America hizo el m\u00e1ster en arquitectura y una vez, mostrando su trabajo ante un jurado, su excelencia brill\u00f3. All\u00ed dentro de ese grupo de profesionales que la evaluaba estar\u00eda su futuro socio. Una de sus frases: \u201cla educaci\u00f3n hay que mirarla como una inversi\u00f3n\u201d, estaba por dar frutos. Cuando Moya termin\u00f3 su formaci\u00f3n acad\u00e9mica, ya ten\u00eda seis a\u00f1os de experiencia laboral en su \u00e1rea, pues se hab\u00eda fijado como meta involucrarse en empresas vinculadas con arquitectura. Definitivamente un ejemplo de dedicaci\u00f3n y empe\u00f1o. As\u00ed fue como en Marshall Moya Design, se encarg\u00f3 de toda la estrategia de crecimiento de la compa\u00f1\u00eda. En 2009 asumieron el proyecto del Teatro Howard, que inauguraron tres a\u00f1os despu\u00e9s, el centro estudiantil de la Universidad del Distrito de Columbia y otros clientes tan importantes como MGM, pues su firma se encarg\u00f3 de dise\u00f1ar el National Market, es decir, todo el centro de comida con nueve locales distintos. Moya, hoy d\u00eda CEO y Directora de su firma, asegura manejarla como una boutique. Es decir, aunque ha asumido trabajos grandes e importantes, siempre la calidad prevalece en sus dise\u00f1os. Paola fue nombrada por el Washington Business Journal &#8220;Power 100&#8221; en la lista Playmakers de 2016, as\u00ed como seleccionada un a\u00f1o antes en la lista &#8220;40 Under 40&#8221;. En 2014 obtuvo el reconocimiento &#8220;Minority Business Leader of the Year&#8221; y fue galardonada por la C\u00e1mara de Comercio de DC y la C\u00e1mara Hispana de Comercio como &#8220;Young Entrepreneur of the Year&#8221;. Los mencionados, tan s\u00f3lo son algunos de sus reconocimientos, ya que esta latina sigue brillando en una empresa que combina arquitectura con dise\u00f1o gr\u00e1fico, industrial y experimental. Su equipo ahora trabaja en el estadio de f\u00fatbol de DC &#8211; que abrir\u00e1 en un a\u00f1o-, una cancha de basketball para el equipo femenino de DC, las Washington Mystics y otra para el masculino, los Washington Wizard. \u201cParte del \u00e9xito es que hemos podido aliarnos con otras firmas grandes de dise\u00f1o para hacer proyectos. Todo en este mundo son las conexiones que t\u00fa creas. He podido crecer gracias a las oportunidades que me han dado clientes, pero tambi\u00e9n gracias a los consejos de otros profesionales, que ahora son mis amigos. No hay que bajar la guardia, tener mucha persistencia y nunca olvidar de d\u00f3nde vienes\u201d. Fuente: El Tiempo Latino<\/p>","protected":false},"author":13,"featured_media":10419,"comment_status":"open","ping_status":"open","sticky":false,"template":"","format":"standard","meta":{"_uf_show_specific_survey":0,"_uf_disable_surveys":false,"footnotes":""},"categories":[9],"tags":[],"class_list":["post-10418","post","type-post","status-publish","format-standard","has-post-thumbnail","hentry","category-orgullo-latino"],"aioseo_notices":[],"yoast_head":"<!-- This site is optimized with the Yoast SEO plugin v27.5 - https:\/\/yoast.com\/product\/yoast-seo-wordpress\/ -->\n<title>Marshall Moya Design, talento latino que triunfa en DC - Acceso Latino<\/title>\n<meta name=\"description\" content=\"La colombiana detr\u00e1s de la firma de arquitectura empez\u00f3 desde abajo, pero hoy asume grandes retos profesionales en el Distrito\" \/>\n<meta name=\"robots\" content=\"index, follow, max-snippet:-1, max-image-preview:large, max-video-preview:-1\" \/>\n<link rel=\"canonical\" href=\"https:\/\/accesolatino.org\/en\/marshall-moya-design-talento-latino-que-triunfa-en-dc\/orgullo-latino\/\" \/>\n<meta property=\"og:locale\" content=\"en_US\" \/>\n<meta property=\"og:type\" content=\"article\" \/>\n<meta property=\"og:title\" content=\"Marshall Moya Design, talento latino que triunfa en DC - Acceso Latino\" \/>\n<meta property=\"og:description\" content=\"La colombiana detr\u00e1s de la firma de arquitectura empez\u00f3 desde abajo, pero hoy asume grandes retos profesionales en el Distrito\" \/>\n<meta property=\"og:url\" content=\"https:\/\/accesolatino.org\/en\/marshall-moya-design-talento-latino-que-triunfa-en-dc\/orgullo-latino\/\" \/>\n<meta property=\"og:site_name\" content=\"Acceso Latino\" \/>\n<meta property=\"article:publisher\" content=\"https:\/\/www.facebook.com\/AccesoLatinoOrg\" \/>\n<meta property=\"article:published_time\" content=\"2017-10-02T15:52:20+00:00\" \/>\n<meta property=\"article:modified_time\" content=\"2025-10-27T20:21:07+00:00\" \/>\n<meta property=\"og:image\" content=\"https:\/\/accesolatino.org\/wp-content\/uploads\/2017\/10\/Marshall-Moya-Design-talento-latino-que-triunfa-en-DC.jpg\" \/>\n\t<meta property=\"og:image:width\" content=\"600\" \/>\n\t<meta property=\"og:image:height\" content=\"400\" \/>\n\t<meta property=\"og:image:type\" content=\"image\/jpeg\" \/>\n<meta name=\"author\" content=\"Noticias\" \/>\n<meta name=\"twitter:card\" content=\"summary_large_image\" \/>\n<meta name=\"twitter:creator\" content=\"@FAccLatino\" \/>\n<meta name=\"twitter:site\" content=\"@FAccLatino\" \/>\n<meta name=\"twitter:label1\" content=\"Written by\" \/>\n\t<meta name=\"twitter:data1\" content=\"Noticias\" \/>\n\t<meta name=\"twitter:label2\" content=\"Est. reading time\" \/>\n\t<meta name=\"twitter:data2\" content=\"4 minutes\" \/>\n<script type=\"application\/ld+json\" class=\"yoast-schema-graph\">{\"@context\":\"https:\\\/\\\/schema.org\",\"@graph\":[{\"@type\":\"Article\",\"@id\":\"https:\\\/\\\/accesolatino.org\\\/marshall-moya-design-talento-latino-que-triunfa-en-dc\\\/orgullo-latino\\\/#article\",\"isPartOf\":{\"@id\":\"https:\\\/\\\/accesolatino.org\\\/marshall-moya-design-talento-latino-que-triunfa-en-dc\\\/orgullo-latino\\\/\"},\"author\":{\"name\":\"Noticias\",\"@id\":\"https:\\\/\\\/accesolatino.org\\\/#\\\/schema\\\/person\\\/57bc3bfd2c357610a5255490ca4cd305\"},\"headline\":\"Marshall Moya Design, talento latino que triunfa en DC\",\"datePublished\":\"2017-10-02T15:52:20+00:00\",\"dateModified\":\"2025-10-27T20:21:07+00:00\",\"mainEntityOfPage\":{\"@id\":\"https:\\\/\\\/accesolatino.org\\\/marshall-moya-design-talento-latino-que-triunfa-en-dc\\\/orgullo-latino\\\/\"},\"wordCount\":829,\"commentCount\":0,\"publisher\":{\"@id\":\"https:\\\/\\\/accesolatino.org\\\/#organization\"},\"image\":{\"@id\":\"https:\\\/\\\/accesolatino.org\\\/marshall-moya-design-talento-latino-que-triunfa-en-dc\\\/orgullo-latino\\\/#primaryimage\"},\"thumbnailUrl\":\"https:\\\/\\\/accesolatino.org\\\/wp-content\\\/uploads\\\/2017\\\/10\\\/Marshall-Moya-Design-talento-latino-que-triunfa-en-DC.jpg\",\"articleSection\":[\"Orgullo Latino\"],\"inLanguage\":\"en-US\",\"potentialAction\":[{\"@type\":\"CommentAction\",\"name\":\"Comment\",\"target\":[\"https:\\\/\\\/accesolatino.org\\\/marshall-moya-design-talento-latino-que-triunfa-en-dc\\\/orgullo-latino\\\/#respond\"]}]},{\"@type\":\"WebPage\",\"@id\":\"https:\\\/\\\/accesolatino.org\\\/marshall-moya-design-talento-latino-que-triunfa-en-dc\\\/orgullo-latino\\\/\",\"url\":\"https:\\\/\\\/accesolatino.org\\\/marshall-moya-design-talento-latino-que-triunfa-en-dc\\\/orgullo-latino\\\/\",\"name\":\"Marshall Moya Design, talento latino que triunfa en DC - Acceso Latino\",\"isPartOf\":{\"@id\":\"https:\\\/\\\/accesolatino.org\\\/#website\"},\"primaryImageOfPage\":{\"@id\":\"https:\\\/\\\/accesolatino.org\\\/marshall-moya-design-talento-latino-que-triunfa-en-dc\\\/orgullo-latino\\\/#primaryimage\"},\"image\":{\"@id\":\"https:\\\/\\\/accesolatino.org\\\/marshall-moya-design-talento-latino-que-triunfa-en-dc\\\/orgullo-latino\\\/#primaryimage\"},\"thumbnailUrl\":\"https:\\\/\\\/accesolatino.org\\\/wp-content\\\/uploads\\\/2017\\\/10\\\/Marshall-Moya-Design-talento-latino-que-triunfa-en-DC.jpg\",\"datePublished\":\"2017-10-02T15:52:20+00:00\",\"dateModified\":\"2025-10-27T20:21:07+00:00\",\"description\":\"La colombiana detr\u00e1s de la firma de arquitectura empez\u00f3 desde abajo, pero hoy asume grandes retos profesionales en el Distrito\",\"breadcrumb\":{\"@id\":\"https:\\\/\\\/accesolatino.org\\\/marshall-moya-design-talento-latino-que-triunfa-en-dc\\\/orgullo-latino\\\/#breadcrumb\"},\"inLanguage\":\"en-US\",\"potentialAction\":[{\"@type\":\"ReadAction\",\"target\":[\"https:\\\/\\\/accesolatino.org\\\/marshall-moya-design-talento-latino-que-triunfa-en-dc\\\/orgullo-latino\\\/\"]}]},{\"@type\":\"ImageObject\",\"inLanguage\":\"en-US\",\"@id\":\"https:\\\/\\\/accesolatino.org\\\/marshall-moya-design-talento-latino-que-triunfa-en-dc\\\/orgullo-latino\\\/#primaryimage\",\"url\":\"https:\\\/\\\/accesolatino.org\\\/wp-content\\\/uploads\\\/2017\\\/10\\\/Marshall-Moya-Design-talento-latino-que-triunfa-en-DC.jpg\",\"contentUrl\":\"https:\\\/\\\/accesolatino.org\\\/wp-content\\\/uploads\\\/2017\\\/10\\\/Marshall-Moya-Design-talento-latino-que-triunfa-en-DC.jpg\",\"width\":\"600\",\"height\":\"400\",\"caption\":\"Marshall-Moya-Design-talento-latino-que-triunfa-en-DC\"},{\"@type\":\"BreadcrumbList\",\"@id\":\"https:\\\/\\\/accesolatino.org\\\/marshall-moya-design-talento-latino-que-triunfa-en-dc\\\/orgullo-latino\\\/#breadcrumb\",\"itemListElement\":[{\"@type\":\"ListItem\",\"position\":1,\"name\":\"Portada\",\"item\":\"https:\\\/\\\/accesolatino.org\\\/\"},{\"@type\":\"ListItem\",\"position\":2,\"name\":\"Orgullo Latino\",\"item\":\"https:\\\/\\\/accesolatino.org\\\/category\\\/orgullo-latino\\\/\"},{\"@type\":\"ListItem\",\"position\":3,\"name\":\"Marshall Moya Design, talento latino que triunfa en DC\"}]},{\"@type\":\"WebSite\",\"@id\":\"https:\\\/\\\/accesolatino.org\\\/#website\",\"url\":\"https:\\\/\\\/accesolatino.org\\\/\",\"name\":\"Acceso Latino | Fundaci\u00f3n Carlos Slim\",\"description\":\"Fundaci\u00f3n Carlos Slim\",\"publisher\":{\"@id\":\"https:\\\/\\\/accesolatino.org\\\/#organization\"},\"potentialAction\":[{\"@type\":\"SearchAction\",\"target\":{\"@type\":\"EntryPoint\",\"urlTemplate\":\"https:\\\/\\\/accesolatino.org\\\/?s={search_term_string}\"},\"query-input\":{\"@type\":\"PropertyValueSpecification\",\"valueRequired\":true,\"valueName\":\"search_term_string\"}}],\"inLanguage\":\"en-US\"},{\"@type\":\"Organization\",\"@id\":\"https:\\\/\\\/accesolatino.org\\\/#organization\",\"name\":\"Acceso Latino | Fundaci\u00f3n Carlos Slim\",\"url\":\"https:\\\/\\\/accesolatino.org\\\/\",\"logo\":{\"@type\":\"ImageObject\",\"inLanguage\":\"en-US\",\"@id\":\"https:\\\/\\\/accesolatino.org\\\/#\\\/schema\\\/logo\\\/image\\\/\",\"url\":\"https:\\\/\\\/accesolatino.org\\\/wp-content\\\/uploads\\\/2021\\\/02\\\/logo-footer-acceso-latino.png\",\"contentUrl\":\"https:\\\/\\\/accesolatino.org\\\/wp-content\\\/uploads\\\/2021\\\/02\\\/logo-footer-acceso-latino.png\",\"width\":240,\"height\":40,\"caption\":\"Acceso Latino | Fundaci\u00f3n Carlos Slim\"},\"image\":{\"@id\":\"https:\\\/\\\/accesolatino.org\\\/#\\\/schema\\\/logo\\\/image\\\/\"},\"sameAs\":[\"https:\\\/\\\/www.facebook.com\\\/AccesoLatinoOrg\",\"https:\\\/\\\/x.com\\\/FAccLatino\"]},{\"@type\":\"Person\",\"@id\":\"https:\\\/\\\/accesolatino.org\\\/#\\\/schema\\\/person\\\/57bc3bfd2c357610a5255490ca4cd305\",\"name\":\"Noticias\"}]}<\/script>\n<!-- \/ Yoast SEO plugin. -->","yoast_head_json":{"title":"Marshall Moya Design, talento latino que triunfa en DC - Acceso Latino","description":"La colombiana detr\u00e1s de la firma de arquitectura empez\u00f3 desde abajo, pero hoy asume grandes retos profesionales en el Distrito","robots":{"index":"index","follow":"follow","max-snippet":"max-snippet:-1","max-image-preview":"max-image-preview:large","max-video-preview":"max-video-preview:-1"},"canonical":"https:\/\/accesolatino.org\/en\/marshall-moya-design-talento-latino-que-triunfa-en-dc\/orgullo-latino\/","og_locale":"en_US","og_type":"article","og_title":"Marshall Moya Design, talento latino que triunfa en DC - Acceso Latino","og_description":"La colombiana detr\u00e1s de la firma de arquitectura empez\u00f3 desde abajo, pero hoy asume grandes retos profesionales en el Distrito","og_url":"https:\/\/accesolatino.org\/en\/marshall-moya-design-talento-latino-que-triunfa-en-dc\/orgullo-latino\/","og_site_name":"Acceso Latino","article_publisher":"https:\/\/www.facebook.com\/AccesoLatinoOrg","article_published_time":"2017-10-02T15:52:20+00:00","article_modified_time":"2025-10-27T20:21:07+00:00","og_image":[{"width":600,"height":400,"url":"https:\/\/accesolatino.org\/wp-content\/uploads\/2017\/10\/Marshall-Moya-Design-talento-latino-que-triunfa-en-DC.jpg","type":"image\/jpeg"}],"author":"Noticias","twitter_card":"summary_large_image","twitter_creator":"@FAccLatino","twitter_site":"@FAccLatino","twitter_misc":{"Written by":"Noticias","Est. reading time":"4 minutes"},"schema":{"@context":"https:\/\/schema.org","@graph":[{"@type":"Article","@id":"https:\/\/accesolatino.org\/marshall-moya-design-talento-latino-que-triunfa-en-dc\/orgullo-latino\/#article","isPartOf":{"@id":"https:\/\/accesolatino.org\/marshall-moya-design-talento-latino-que-triunfa-en-dc\/orgullo-latino\/"},"author":{"name":"Noticias","@id":"https:\/\/accesolatino.org\/#\/schema\/person\/57bc3bfd2c357610a5255490ca4cd305"},"headline":"Marshall Moya Design, talento latino que triunfa en DC","datePublished":"2017-10-02T15:52:20+00:00","dateModified":"2025-10-27T20:21:07+00:00","mainEntityOfPage":{"@id":"https:\/\/accesolatino.org\/marshall-moya-design-talento-latino-que-triunfa-en-dc\/orgullo-latino\/"},"wordCount":829,"commentCount":0,"publisher":{"@id":"https:\/\/accesolatino.org\/#organization"},"image":{"@id":"https:\/\/accesolatino.org\/marshall-moya-design-talento-latino-que-triunfa-en-dc\/orgullo-latino\/#primaryimage"},"thumbnailUrl":"https:\/\/accesolatino.org\/wp-content\/uploads\/2017\/10\/Marshall-Moya-Design-talento-latino-que-triunfa-en-DC.jpg","articleSection":["Orgullo Latino"],"inLanguage":"en-US","potentialAction":[{"@type":"CommentAction","name":"Comment","target":["https:\/\/accesolatino.org\/marshall-moya-design-talento-latino-que-triunfa-en-dc\/orgullo-latino\/#respond"]}]},{"@type":"WebPage","@id":"https:\/\/accesolatino.org\/marshall-moya-design-talento-latino-que-triunfa-en-dc\/orgullo-latino\/","url":"https:\/\/accesolatino.org\/marshall-moya-design-talento-latino-que-triunfa-en-dc\/orgullo-latino\/","name":"Marshall Moya Design, talento latino que triunfa en DC - Acceso Latino","isPartOf":{"@id":"https:\/\/accesolatino.org\/#website"},"primaryImageOfPage":{"@id":"https:\/\/accesolatino.org\/marshall-moya-design-talento-latino-que-triunfa-en-dc\/orgullo-latino\/#primaryimage"},"image":{"@id":"https:\/\/accesolatino.org\/marshall-moya-design-talento-latino-que-triunfa-en-dc\/orgullo-latino\/#primaryimage"},"thumbnailUrl":"https:\/\/accesolatino.org\/wp-content\/uploads\/2017\/10\/Marshall-Moya-Design-talento-latino-que-triunfa-en-DC.jpg","datePublished":"2017-10-02T15:52:20+00:00","dateModified":"2025-10-27T20:21:07+00:00","description":"La colombiana detr\u00e1s de la firma de arquitectura empez\u00f3 desde abajo, pero hoy asume grandes retos profesionales en el Distrito","breadcrumb":{"@id":"https:\/\/accesolatino.org\/marshall-moya-design-talento-latino-que-triunfa-en-dc\/orgullo-latino\/#breadcrumb"},"inLanguage":"en-US","potentialAction":[{"@type":"ReadAction","target":["https:\/\/accesolatino.org\/marshall-moya-design-talento-latino-que-triunfa-en-dc\/orgullo-latino\/"]}]},{"@type":"ImageObject","inLanguage":"en-US","@id":"https:\/\/accesolatino.org\/marshall-moya-design-talento-latino-que-triunfa-en-dc\/orgullo-latino\/#primaryimage","url":"https:\/\/accesolatino.org\/wp-content\/uploads\/2017\/10\/Marshall-Moya-Design-talento-latino-que-triunfa-en-DC.jpg","contentUrl":"https:\/\/accesolatino.org\/wp-content\/uploads\/2017\/10\/Marshall-Moya-Design-talento-latino-que-triunfa-en-DC.jpg","width":"600","height":"400","caption":"Marshall-Moya-Design-talento-latino-que-triunfa-en-DC"},{"@type":"BreadcrumbList","@id":"https:\/\/accesolatino.org\/marshall-moya-design-talento-latino-que-triunfa-en-dc\/orgullo-latino\/#breadcrumb","itemListElement":[{"@type":"ListItem","position":1,"name":"Portada","item":"https:\/\/accesolatino.org\/"},{"@type":"ListItem","position":2,"name":"Orgullo Latino","item":"https:\/\/accesolatino.org\/category\/orgullo-latino\/"},{"@type":"ListItem","position":3,"name":"Marshall Moya Design, talento latino que triunfa en DC"}]},{"@type":"WebSite","@id":"https:\/\/accesolatino.org\/#website","url":"https:\/\/accesolatino.org\/","name":"Acceso Latino | Fundaci\u00f3n Carlos Slim","description":"Fundaci\u00f3n Carlos Slim","publisher":{"@id":"https:\/\/accesolatino.org\/#organization"},"potentialAction":[{"@type":"SearchAction","target":{"@type":"EntryPoint","urlTemplate":"https:\/\/accesolatino.org\/?s={search_term_string}"},"query-input":{"@type":"PropertyValueSpecification","valueRequired":true,"valueName":"search_term_string"}}],"inLanguage":"en-US"},{"@type":"Organization","@id":"https:\/\/accesolatino.org\/#organization","name":"Acceso Latino | Fundaci\u00f3n Carlos Slim","url":"https:\/\/accesolatino.org\/","logo":{"@type":"ImageObject","inLanguage":"en-US","@id":"https:\/\/accesolatino.org\/#\/schema\/logo\/image\/","url":"https:\/\/accesolatino.org\/wp-content\/uploads\/2021\/02\/logo-footer-acceso-latino.png","contentUrl":"https:\/\/accesolatino.org\/wp-content\/uploads\/2021\/02\/logo-footer-acceso-latino.png","width":240,"height":40,"caption":"Acceso Latino | Fundaci\u00f3n Carlos Slim"},"image":{"@id":"https:\/\/accesolatino.org\/#\/schema\/logo\/image\/"},"sameAs":["https:\/\/www.facebook.com\/AccesoLatinoOrg","https:\/\/x.com\/FAccLatino"]},{"@type":"Person","@id":"https:\/\/accesolatino.org\/#\/schema\/person\/57bc3bfd2c357610a5255490ca4cd305","name":"News"}]}},"_links":{"self":[{"href":"https:\/\/accesolatino.org\/en\/wp-json\/wp\/v2\/posts\/10418","targetHints":{"allow":["GET"]}}],"collection":[{"href":"https:\/\/accesolatino.org\/en\/wp-json\/wp\/v2\/posts"}],"about":[{"href":"https:\/\/accesolatino.org\/en\/wp-json\/wp\/v2\/types\/post"}],"author":[{"embeddable":true,"href":"https:\/\/accesolatino.org\/en\/wp-json\/wp\/v2\/users\/13"}],"replies":[{"embeddable":true,"href":"https:\/\/accesolatino.org\/en\/wp-json\/wp\/v2\/comments?post=10418"}],"version-history":[{"count":1,"href":"https:\/\/accesolatino.org\/en\/wp-json\/wp\/v2\/posts\/10418\/revisions"}],"predecessor-version":[{"id":66873,"href":"https:\/\/accesolatino.org\/en\/wp-json\/wp\/v2\/posts\/10418\/revisions\/66873"}],"wp:featuredmedia":[{"embeddable":true,"href":"https:\/\/accesolatino.org\/en\/wp-json\/wp\/v2\/media\/10419"}],"wp:attachment":[{"href":"https:\/\/accesolatino.org\/en\/wp-json\/wp\/v2\/media?parent=10418"}],"wp:term":[{"taxonomy":"category","embeddable":true,"href":"https:\/\/accesolatino.org\/en\/wp-json\/wp\/v2\/categories?post=10418"},{"taxonomy":"post_tag","embeddable":true,"href":"https:\/\/accesolatino.org\/en\/wp-json\/wp\/v2\/tags?post=10418"}],"curies":[{"name":"wp","href":"https:\/\/api.w.org\/{rel}","templated":true}]}}