{"id":10404,"date":"2017-09-28T20:54:32","date_gmt":"2017-09-29T01:54:32","guid":{"rendered":"https:\/\/accesolatino.org\/?p=10404"},"modified":"2025-10-27T14:21:41","modified_gmt":"2025-10-27T20:21:41","slug":"judy-canales-lanza-campana-para-ser-la-primera-latina-de-texas-en-el-congreso","status":"publish","type":"post","link":"https:\/\/accesolatino.org\/en\/judy-canales-lanza-campana-para-ser-la-primera-latina-de-texas-en-el-congreso\/orgullo-latino\/","title":{"rendered":"Judy Canales lanza campa\u00f1a para ser la primera latina de Texas en el Congreso"},"content":{"rendered":"<p>Cansada de un sistema que, a su juicio, ha ignorado las necesidades de los votantes, la mexicoamericana Judy Canales lanz\u00f3 este martes su campa\u00f1a para convertirse en 2018 en la primera latina en representar al distrito 23 de Texas en la C\u00e1mara de Representantes.<\/p>\n<p>Canales, de 55 a\u00f1os, quiere desbancar al legislador republicano, Will Hurd, y es tambi\u00e9n la primera latina en postularse a ese distrito, que cubre 29 condados a lo largo del suroeste de Texas, de mayor\u00eda hispana, principalmente mexicanos.<\/p>\n<p>En entrevista telef\u00f3nica con este diario desde su hogar en Eagle Pass, Canales explic\u00f3 hoy que se lanz\u00f3 al ruedo para cumplir una \u201cmeta de toda la vida\u201d, siguiendo el ejemplo del activismo comunitario de sus padres en Uvalde, en el suroeste tejano.<\/p>\n<p>\u201cNos han ignorado, estamos mal financiados, y el sistema nos ha restado importancia\u2026 quiero acercar el gobierno al pueblo\u201d, dijo.<\/p>\n<p>Seg\u00fan Canales, al recorrer los barrios en el distrito, la queja de los votantes es siempre la misma: \u201cme dicen que sienten que (Washington) nos trata como un distrito \u2018drive-by\u2019, insignificante\u201d.<\/p>\n<p>Hurd es considerado uno de los legisladores republicanos m\u00e1s vulnerables de Texas en 2018, y Canales prometi\u00f3 aportar a su distrito lo que, a su juicio, \u00e9ste no ha hecho: conexi\u00f3n con el pueblo, inversi\u00f3n en la educaci\u00f3n de los ni\u00f1os, apoyo al desarrollo de negocios, de la econom\u00eda, y ayudas para los ancianos y veteranos.<\/p>\n<p>\u201cLo primero que har\u00e9 es hacer una gira para escuchar las preocupaciones y prioridades de la gente\u2026 sienten que el sistema nos ha ignorado, y queda mucho por hacer\u201d, afirm\u00f3 Canales, mezclando con soltura respuestas en ingl\u00e9s y espa\u00f1ol.<\/p>\n<p>En ese sentido, Canales cree que el gobierno federal debe \u201crealizar un esfuerzo concertado\u201d, sobre todo para las comunidades rurales esparcidas en 29 condados, en un \u00e1rea que incluye las ciudades de San Antonio y El Paso.<\/p>\n<p>\u201cLa gente me dice \u00b4pagamos impuestos, somos contribuyentes rurales\u00b4, queremos lo mismo que el resto de los votantes\u201d, enfatiz\u00f3 Canales, quien encontr\u00f3 pasi\u00f3n por la pol\u00edtica desde sus d\u00edas como becaria, en 1982, en la oficina del congresista Abraham Kazen, el primer representante del distrito 23.<\/p>\n<p>Canales asegur\u00f3 que, tomando en cuenta la diversidad y la din\u00e1mica de las comunidades fronterizas, su plataforma pol\u00edtica pondr\u00e1 \u00e9nfasis en asuntos como la educaci\u00f3n, proyectos comunitarios, inversiones para el desarrollo econ\u00f3mico en zonas rurales.<\/p>\n<p>Texas tiene la segunda poblaci\u00f3n m\u00e1s grande de \u201cDreamers\u201d, despu\u00e9s de California, y a Canales le preocupa el impacto de la ley estatal \u201cSB4\u201d, que acecha a los inmigrantes indocumentados, porque a su juicio, la seguridad no est\u00e1 re\u00f1ida con las buenas relaciones entre la polic\u00eda y la comunidad.<\/p>\n<p>\u201cNo tenemos por qu\u00e9 marginar a la gente, lo que tenemos que hacer es educarlos sobre sus derechos, sin perder de vista la seguridad comunitaria\u2026ellos tambi\u00e9n pagan impuestos. Permitamos que (la polic\u00eda) haga su trabajo de seguridad p\u00fablica, pero no debemos crear un ambiente de antagonismo o de miedo\u201d en la comunidad inmigrante, observ\u00f3.<\/p>\n<p>Canales afrontar\u00e1 competencia por el esca\u00f1o de Hurd de otros rivales dem\u00f3cratas, el fiscal Jay Hulings, y Gina Ortiz Jones, una ex oficial de inteligencia del Ej\u00e9rcito, de origen asi\u00e1tico. El excongresista Pete Gallego anunci\u00f3 en agosto pasado que no luchar\u00eda por recuperar su esca\u00f1o.<\/p>\n<p>La oficina de Hurd, elegido en 2014, dej\u00f3 entrever que la oposici\u00f3n dem\u00f3crata no le quita el sue\u00f1o.<\/p>\n<p><em>Fuente: La Raza<\/em><\/p>","protected":false},"excerpt":{"rendered":"<p>Cansada de un sistema que, a su juicio, ha ignorado las necesidades de los votantes, la mexicoamericana Judy Canales lanz\u00f3 este martes su campa\u00f1a para convertirse en 2018 en la primera latina en representar al distrito 23 de Texas en la C\u00e1mara de Representantes. Canales, de 55 a\u00f1os, quiere desbancar al legislador republicano, Will Hurd, y es tambi\u00e9n la primera latina en postularse a ese distrito, que cubre 29 condados a lo largo del suroeste de Texas, de mayor\u00eda hispana, principalmente mexicanos. En entrevista telef\u00f3nica con este diario desde su hogar en Eagle Pass, Canales explic\u00f3 hoy que se lanz\u00f3 al ruedo para cumplir una \u201cmeta de toda la vida\u201d, siguiendo el ejemplo del activismo comunitario de sus padres en Uvalde, en el suroeste tejano. \u201cNos han ignorado, estamos mal financiados, y el sistema nos ha restado importancia\u2026 quiero acercar el gobierno al pueblo\u201d, dijo. Seg\u00fan Canales, al recorrer los barrios en el distrito, la queja de los votantes es siempre la misma: \u201cme dicen que sienten que (Washington) nos trata como un distrito \u2018drive-by\u2019, insignificante\u201d. Hurd es considerado uno de los legisladores republicanos m\u00e1s vulnerables de Texas en 2018, y Canales prometi\u00f3 aportar a su distrito lo que, a su juicio, \u00e9ste no ha hecho: conexi\u00f3n con el pueblo, inversi\u00f3n en la educaci\u00f3n de los ni\u00f1os, apoyo al desarrollo de negocios, de la econom\u00eda, y ayudas para los ancianos y veteranos. \u201cLo primero que har\u00e9 es hacer una gira para escuchar las preocupaciones y prioridades de la gente\u2026 sienten que el sistema nos ha ignorado, y queda mucho por hacer\u201d, afirm\u00f3 Canales, mezclando con soltura respuestas en ingl\u00e9s y espa\u00f1ol. En ese sentido, Canales cree que el gobierno federal debe \u201crealizar un esfuerzo concertado\u201d, sobre todo para las comunidades rurales esparcidas en 29 condados, en un \u00e1rea que incluye las ciudades de San Antonio y El Paso. \u201cLa gente me dice \u00b4pagamos impuestos, somos contribuyentes rurales\u00b4, queremos lo mismo que el resto de los votantes\u201d, enfatiz\u00f3 Canales, quien encontr\u00f3 pasi\u00f3n por la pol\u00edtica desde sus d\u00edas como becaria, en 1982, en la oficina del congresista Abraham Kazen, el primer representante del distrito 23. Canales asegur\u00f3 que, tomando en cuenta la diversidad y la din\u00e1mica de las comunidades fronterizas, su plataforma pol\u00edtica pondr\u00e1 \u00e9nfasis en asuntos como la educaci\u00f3n, proyectos comunitarios, inversiones para el desarrollo econ\u00f3mico en zonas rurales. Texas tiene la segunda poblaci\u00f3n m\u00e1s grande de \u201cDreamers\u201d, despu\u00e9s de California, y a Canales le preocupa el impacto de la ley estatal \u201cSB4\u201d, que acecha a los inmigrantes indocumentados, porque a su juicio, la seguridad no est\u00e1 re\u00f1ida con las buenas relaciones entre la polic\u00eda y la comunidad. \u201cNo tenemos por qu\u00e9 marginar a la gente, lo que tenemos que hacer es educarlos sobre sus derechos, sin perder de vista la seguridad comunitaria\u2026ellos tambi\u00e9n pagan impuestos. Permitamos que (la polic\u00eda) haga su trabajo de seguridad p\u00fablica, pero no debemos crear un ambiente de antagonismo o de miedo\u201d en la comunidad inmigrante, observ\u00f3. Canales afrontar\u00e1 competencia por el esca\u00f1o de Hurd de otros rivales dem\u00f3cratas, el fiscal Jay Hulings, y Gina Ortiz Jones, una ex oficial de inteligencia del Ej\u00e9rcito, de origen asi\u00e1tico. El excongresista Pete Gallego anunci\u00f3 en agosto pasado que no luchar\u00eda por recuperar su esca\u00f1o. La oficina de Hurd, elegido en 2014, dej\u00f3 entrever que la oposici\u00f3n dem\u00f3crata no le quita el sue\u00f1o. Fuente: La Raza<\/p>","protected":false},"author":13,"featured_media":10405,"comment_status":"open","ping_status":"open","sticky":false,"template":"","format":"standard","meta":{"_uf_show_specific_survey":0,"_uf_disable_surveys":false,"footnotes":""},"categories":[9],"tags":[],"class_list":["post-10404","post","type-post","status-publish","format-standard","has-post-thumbnail","hentry","category-orgullo-latino"],"aioseo_notices":[],"yoast_head":"<!-- This site is optimized with the Yoast SEO plugin v27.5 - https:\/\/yoast.com\/product\/yoast-seo-wordpress\/ -->\n<title>Judy Canales lanza campa\u00f1a para ser la primera latina de Texas en el Congreso<\/title>\n<meta name=\"description\" content=\"La mexicoamericana Judy Canales lanz\u00f3 este martes su campa\u00f1a para convertirse en 2018 en la primera latina en representar al distrito 23 de Texas en...\" \/>\n<meta name=\"robots\" content=\"index, follow, max-snippet:-1, max-image-preview:large, max-video-preview:-1\" \/>\n<link rel=\"canonical\" href=\"https:\/\/accesolatino.org\/en\/judy-canales-lanza-campana-para-ser-la-primera-latina-de-texas-en-el-congreso\/orgullo-latino\/\" \/>\n<meta property=\"og:locale\" content=\"en_US\" \/>\n<meta property=\"og:type\" content=\"article\" \/>\n<meta property=\"og:title\" content=\"Judy Canales lanza campa\u00f1a para ser la primera latina de Texas en el Congreso\" \/>\n<meta property=\"og:description\" content=\"La mexicoamericana Judy Canales lanz\u00f3 este martes su campa\u00f1a para convertirse en 2018 en la primera latina en representar al distrito 23 de Texas en...\" \/>\n<meta property=\"og:url\" content=\"https:\/\/accesolatino.org\/en\/judy-canales-lanza-campana-para-ser-la-primera-latina-de-texas-en-el-congreso\/orgullo-latino\/\" \/>\n<meta property=\"og:site_name\" content=\"Acceso Latino\" \/>\n<meta property=\"article:publisher\" content=\"https:\/\/www.facebook.com\/AccesoLatinoOrg\" \/>\n<meta property=\"article:published_time\" content=\"2017-09-29T01:54:32+00:00\" \/>\n<meta property=\"article:modified_time\" content=\"2025-10-27T20:21:41+00:00\" \/>\n<meta property=\"og:image\" content=\"https:\/\/accesolatino.org\/wp-content\/uploads\/2017\/09\/Judy-Canales-lanza-campana-para-ser-la-primera-latina-de-Texas-en-el-Congreso.jpg\" \/>\n\t<meta property=\"og:image:width\" content=\"600\" \/>\n\t<meta property=\"og:image:height\" content=\"400\" \/>\n\t<meta property=\"og:image:type\" content=\"image\/jpeg\" \/>\n<meta name=\"author\" content=\"Noticias\" \/>\n<meta name=\"twitter:card\" content=\"summary_large_image\" \/>\n<meta name=\"twitter:creator\" content=\"@FAccLatino\" \/>\n<meta name=\"twitter:site\" content=\"@FAccLatino\" \/>\n<meta name=\"twitter:label1\" content=\"Written by\" \/>\n\t<meta name=\"twitter:data1\" content=\"Noticias\" \/>\n\t<meta name=\"twitter:label2\" content=\"Est. reading time\" \/>\n\t<meta name=\"twitter:data2\" content=\"3 minutes\" \/>\n<script type=\"application\/ld+json\" class=\"yoast-schema-graph\">{\"@context\":\"https:\\\/\\\/schema.org\",\"@graph\":[{\"@type\":\"Article\",\"@id\":\"https:\\\/\\\/accesolatino.org\\\/judy-canales-lanza-campana-para-ser-la-primera-latina-de-texas-en-el-congreso\\\/orgullo-latino\\\/#article\",\"isPartOf\":{\"@id\":\"https:\\\/\\\/accesolatino.org\\\/judy-canales-lanza-campana-para-ser-la-primera-latina-de-texas-en-el-congreso\\\/orgullo-latino\\\/\"},\"author\":{\"name\":\"Noticias\",\"@id\":\"https:\\\/\\\/accesolatino.org\\\/#\\\/schema\\\/person\\\/57bc3bfd2c357610a5255490ca4cd305\"},\"headline\":\"Judy Canales lanza campa\u00f1a para ser la primera latina de Texas en el Congreso\",\"datePublished\":\"2017-09-29T01:54:32+00:00\",\"dateModified\":\"2025-10-27T20:21:41+00:00\",\"mainEntityOfPage\":{\"@id\":\"https:\\\/\\\/accesolatino.org\\\/judy-canales-lanza-campana-para-ser-la-primera-latina-de-texas-en-el-congreso\\\/orgullo-latino\\\/\"},\"wordCount\":604,\"commentCount\":0,\"publisher\":{\"@id\":\"https:\\\/\\\/accesolatino.org\\\/#organization\"},\"image\":{\"@id\":\"https:\\\/\\\/accesolatino.org\\\/judy-canales-lanza-campana-para-ser-la-primera-latina-de-texas-en-el-congreso\\\/orgullo-latino\\\/#primaryimage\"},\"thumbnailUrl\":\"https:\\\/\\\/accesolatino.org\\\/wp-content\\\/uploads\\\/2017\\\/09\\\/Judy-Canales-lanza-campana-para-ser-la-primera-latina-de-Texas-en-el-Congreso.jpg\",\"articleSection\":[\"Orgullo Latino\"],\"inLanguage\":\"en-US\",\"potentialAction\":[{\"@type\":\"CommentAction\",\"name\":\"Comment\",\"target\":[\"https:\\\/\\\/accesolatino.org\\\/judy-canales-lanza-campana-para-ser-la-primera-latina-de-texas-en-el-congreso\\\/orgullo-latino\\\/#respond\"]}]},{\"@type\":\"WebPage\",\"@id\":\"https:\\\/\\\/accesolatino.org\\\/judy-canales-lanza-campana-para-ser-la-primera-latina-de-texas-en-el-congreso\\\/orgullo-latino\\\/\",\"url\":\"https:\\\/\\\/accesolatino.org\\\/judy-canales-lanza-campana-para-ser-la-primera-latina-de-texas-en-el-congreso\\\/orgullo-latino\\\/\",\"name\":\"Judy Canales lanza campa\u00f1a para ser la primera latina de Texas en el Congreso\",\"isPartOf\":{\"@id\":\"https:\\\/\\\/accesolatino.org\\\/#website\"},\"primaryImageOfPage\":{\"@id\":\"https:\\\/\\\/accesolatino.org\\\/judy-canales-lanza-campana-para-ser-la-primera-latina-de-texas-en-el-congreso\\\/orgullo-latino\\\/#primaryimage\"},\"image\":{\"@id\":\"https:\\\/\\\/accesolatino.org\\\/judy-canales-lanza-campana-para-ser-la-primera-latina-de-texas-en-el-congreso\\\/orgullo-latino\\\/#primaryimage\"},\"thumbnailUrl\":\"https:\\\/\\\/accesolatino.org\\\/wp-content\\\/uploads\\\/2017\\\/09\\\/Judy-Canales-lanza-campana-para-ser-la-primera-latina-de-Texas-en-el-Congreso.jpg\",\"datePublished\":\"2017-09-29T01:54:32+00:00\",\"dateModified\":\"2025-10-27T20:21:41+00:00\",\"description\":\"La mexicoamericana Judy Canales lanz\u00f3 este martes su campa\u00f1a para convertirse en 2018 en la primera latina en representar al distrito 23 de Texas en...\",\"breadcrumb\":{\"@id\":\"https:\\\/\\\/accesolatino.org\\\/judy-canales-lanza-campana-para-ser-la-primera-latina-de-texas-en-el-congreso\\\/orgullo-latino\\\/#breadcrumb\"},\"inLanguage\":\"en-US\",\"potentialAction\":[{\"@type\":\"ReadAction\",\"target\":[\"https:\\\/\\\/accesolatino.org\\\/judy-canales-lanza-campana-para-ser-la-primera-latina-de-texas-en-el-congreso\\\/orgullo-latino\\\/\"]}]},{\"@type\":\"ImageObject\",\"inLanguage\":\"en-US\",\"@id\":\"https:\\\/\\\/accesolatino.org\\\/judy-canales-lanza-campana-para-ser-la-primera-latina-de-texas-en-el-congreso\\\/orgullo-latino\\\/#primaryimage\",\"url\":\"https:\\\/\\\/accesolatino.org\\\/wp-content\\\/uploads\\\/2017\\\/09\\\/Judy-Canales-lanza-campana-para-ser-la-primera-latina-de-Texas-en-el-Congreso.jpg\",\"contentUrl\":\"https:\\\/\\\/accesolatino.org\\\/wp-content\\\/uploads\\\/2017\\\/09\\\/Judy-Canales-lanza-campana-para-ser-la-primera-latina-de-Texas-en-el-Congreso.jpg\",\"width\":\"600\",\"height\":\"400\",\"caption\":\"Judy-Canales-lanza-campana-para-ser-la-primera-latina-de-Texas-en-el-Congreso\"},{\"@type\":\"BreadcrumbList\",\"@id\":\"https:\\\/\\\/accesolatino.org\\\/judy-canales-lanza-campana-para-ser-la-primera-latina-de-texas-en-el-congreso\\\/orgullo-latino\\\/#breadcrumb\",\"itemListElement\":[{\"@type\":\"ListItem\",\"position\":1,\"name\":\"Portada\",\"item\":\"https:\\\/\\\/accesolatino.org\\\/\"},{\"@type\":\"ListItem\",\"position\":2,\"name\":\"Orgullo Latino\",\"item\":\"https:\\\/\\\/accesolatino.org\\\/category\\\/orgullo-latino\\\/\"},{\"@type\":\"ListItem\",\"position\":3,\"name\":\"Judy Canales lanza campa\u00f1a para ser la primera latina de Texas en el Congreso\"}]},{\"@type\":\"WebSite\",\"@id\":\"https:\\\/\\\/accesolatino.org\\\/#website\",\"url\":\"https:\\\/\\\/accesolatino.org\\\/\",\"name\":\"Acceso Latino | Fundaci\u00f3n Carlos Slim\",\"description\":\"Fundaci\u00f3n Carlos Slim\",\"publisher\":{\"@id\":\"https:\\\/\\\/accesolatino.org\\\/#organization\"},\"potentialAction\":[{\"@type\":\"SearchAction\",\"target\":{\"@type\":\"EntryPoint\",\"urlTemplate\":\"https:\\\/\\\/accesolatino.org\\\/?s={search_term_string}\"},\"query-input\":{\"@type\":\"PropertyValueSpecification\",\"valueRequired\":true,\"valueName\":\"search_term_string\"}}],\"inLanguage\":\"en-US\"},{\"@type\":\"Organization\",\"@id\":\"https:\\\/\\\/accesolatino.org\\\/#organization\",\"name\":\"Acceso Latino | Fundaci\u00f3n Carlos Slim\",\"url\":\"https:\\\/\\\/accesolatino.org\\\/\",\"logo\":{\"@type\":\"ImageObject\",\"inLanguage\":\"en-US\",\"@id\":\"https:\\\/\\\/accesolatino.org\\\/#\\\/schema\\\/logo\\\/image\\\/\",\"url\":\"https:\\\/\\\/accesolatino.org\\\/wp-content\\\/uploads\\\/2021\\\/02\\\/logo-footer-acceso-latino.png\",\"contentUrl\":\"https:\\\/\\\/accesolatino.org\\\/wp-content\\\/uploads\\\/2021\\\/02\\\/logo-footer-acceso-latino.png\",\"width\":240,\"height\":40,\"caption\":\"Acceso Latino | Fundaci\u00f3n Carlos Slim\"},\"image\":{\"@id\":\"https:\\\/\\\/accesolatino.org\\\/#\\\/schema\\\/logo\\\/image\\\/\"},\"sameAs\":[\"https:\\\/\\\/www.facebook.com\\\/AccesoLatinoOrg\",\"https:\\\/\\\/x.com\\\/FAccLatino\"]},{\"@type\":\"Person\",\"@id\":\"https:\\\/\\\/accesolatino.org\\\/#\\\/schema\\\/person\\\/57bc3bfd2c357610a5255490ca4cd305\",\"name\":\"Noticias\"}]}<\/script>\n<!-- \/ Yoast SEO plugin. -->","yoast_head_json":{"title":"Judy Canales lanza campa\u00f1a para ser la primera latina de Texas en el Congreso","description":"La mexicoamericana Judy Canales lanz\u00f3 este martes su campa\u00f1a para convertirse en 2018 en la primera latina en representar al distrito 23 de Texas en...","robots":{"index":"index","follow":"follow","max-snippet":"max-snippet:-1","max-image-preview":"max-image-preview:large","max-video-preview":"max-video-preview:-1"},"canonical":"https:\/\/accesolatino.org\/en\/judy-canales-lanza-campana-para-ser-la-primera-latina-de-texas-en-el-congreso\/orgullo-latino\/","og_locale":"en_US","og_type":"article","og_title":"Judy Canales lanza campa\u00f1a para ser la primera latina de Texas en el Congreso","og_description":"La mexicoamericana Judy Canales lanz\u00f3 este martes su campa\u00f1a para convertirse en 2018 en la primera latina en representar al distrito 23 de Texas en...","og_url":"https:\/\/accesolatino.org\/en\/judy-canales-lanza-campana-para-ser-la-primera-latina-de-texas-en-el-congreso\/orgullo-latino\/","og_site_name":"Acceso Latino","article_publisher":"https:\/\/www.facebook.com\/AccesoLatinoOrg","article_published_time":"2017-09-29T01:54:32+00:00","article_modified_time":"2025-10-27T20:21:41+00:00","og_image":[{"width":600,"height":400,"url":"https:\/\/accesolatino.org\/wp-content\/uploads\/2017\/09\/Judy-Canales-lanza-campana-para-ser-la-primera-latina-de-Texas-en-el-Congreso.jpg","type":"image\/jpeg"}],"author":"Noticias","twitter_card":"summary_large_image","twitter_creator":"@FAccLatino","twitter_site":"@FAccLatino","twitter_misc":{"Written by":"Noticias","Est. reading time":"3 minutes"},"schema":{"@context":"https:\/\/schema.org","@graph":[{"@type":"Article","@id":"https:\/\/accesolatino.org\/judy-canales-lanza-campana-para-ser-la-primera-latina-de-texas-en-el-congreso\/orgullo-latino\/#article","isPartOf":{"@id":"https:\/\/accesolatino.org\/judy-canales-lanza-campana-para-ser-la-primera-latina-de-texas-en-el-congreso\/orgullo-latino\/"},"author":{"name":"Noticias","@id":"https:\/\/accesolatino.org\/#\/schema\/person\/57bc3bfd2c357610a5255490ca4cd305"},"headline":"Judy Canales lanza campa\u00f1a para ser la primera latina de Texas en el Congreso","datePublished":"2017-09-29T01:54:32+00:00","dateModified":"2025-10-27T20:21:41+00:00","mainEntityOfPage":{"@id":"https:\/\/accesolatino.org\/judy-canales-lanza-campana-para-ser-la-primera-latina-de-texas-en-el-congreso\/orgullo-latino\/"},"wordCount":604,"commentCount":0,"publisher":{"@id":"https:\/\/accesolatino.org\/#organization"},"image":{"@id":"https:\/\/accesolatino.org\/judy-canales-lanza-campana-para-ser-la-primera-latina-de-texas-en-el-congreso\/orgullo-latino\/#primaryimage"},"thumbnailUrl":"https:\/\/accesolatino.org\/wp-content\/uploads\/2017\/09\/Judy-Canales-lanza-campana-para-ser-la-primera-latina-de-Texas-en-el-Congreso.jpg","articleSection":["Orgullo Latino"],"inLanguage":"en-US","potentialAction":[{"@type":"CommentAction","name":"Comment","target":["https:\/\/accesolatino.org\/judy-canales-lanza-campana-para-ser-la-primera-latina-de-texas-en-el-congreso\/orgullo-latino\/#respond"]}]},{"@type":"WebPage","@id":"https:\/\/accesolatino.org\/judy-canales-lanza-campana-para-ser-la-primera-latina-de-texas-en-el-congreso\/orgullo-latino\/","url":"https:\/\/accesolatino.org\/judy-canales-lanza-campana-para-ser-la-primera-latina-de-texas-en-el-congreso\/orgullo-latino\/","name":"Judy Canales lanza campa\u00f1a para ser la primera latina de Texas en el Congreso","isPartOf":{"@id":"https:\/\/accesolatino.org\/#website"},"primaryImageOfPage":{"@id":"https:\/\/accesolatino.org\/judy-canales-lanza-campana-para-ser-la-primera-latina-de-texas-en-el-congreso\/orgullo-latino\/#primaryimage"},"image":{"@id":"https:\/\/accesolatino.org\/judy-canales-lanza-campana-para-ser-la-primera-latina-de-texas-en-el-congreso\/orgullo-latino\/#primaryimage"},"thumbnailUrl":"https:\/\/accesolatino.org\/wp-content\/uploads\/2017\/09\/Judy-Canales-lanza-campana-para-ser-la-primera-latina-de-Texas-en-el-Congreso.jpg","datePublished":"2017-09-29T01:54:32+00:00","dateModified":"2025-10-27T20:21:41+00:00","description":"La mexicoamericana Judy Canales lanz\u00f3 este martes su campa\u00f1a para convertirse en 2018 en la primera latina en representar al distrito 23 de Texas en...","breadcrumb":{"@id":"https:\/\/accesolatino.org\/judy-canales-lanza-campana-para-ser-la-primera-latina-de-texas-en-el-congreso\/orgullo-latino\/#breadcrumb"},"inLanguage":"en-US","potentialAction":[{"@type":"ReadAction","target":["https:\/\/accesolatino.org\/judy-canales-lanza-campana-para-ser-la-primera-latina-de-texas-en-el-congreso\/orgullo-latino\/"]}]},{"@type":"ImageObject","inLanguage":"en-US","@id":"https:\/\/accesolatino.org\/judy-canales-lanza-campana-para-ser-la-primera-latina-de-texas-en-el-congreso\/orgullo-latino\/#primaryimage","url":"https:\/\/accesolatino.org\/wp-content\/uploads\/2017\/09\/Judy-Canales-lanza-campana-para-ser-la-primera-latina-de-Texas-en-el-Congreso.jpg","contentUrl":"https:\/\/accesolatino.org\/wp-content\/uploads\/2017\/09\/Judy-Canales-lanza-campana-para-ser-la-primera-latina-de-Texas-en-el-Congreso.jpg","width":"600","height":"400","caption":"Judy-Canales-lanza-campana-para-ser-la-primera-latina-de-Texas-en-el-Congreso"},{"@type":"BreadcrumbList","@id":"https:\/\/accesolatino.org\/judy-canales-lanza-campana-para-ser-la-primera-latina-de-texas-en-el-congreso\/orgullo-latino\/#breadcrumb","itemListElement":[{"@type":"ListItem","position":1,"name":"Portada","item":"https:\/\/accesolatino.org\/"},{"@type":"ListItem","position":2,"name":"Orgullo Latino","item":"https:\/\/accesolatino.org\/category\/orgullo-latino\/"},{"@type":"ListItem","position":3,"name":"Judy Canales lanza campa\u00f1a para ser la primera latina de Texas en el Congreso"}]},{"@type":"WebSite","@id":"https:\/\/accesolatino.org\/#website","url":"https:\/\/accesolatino.org\/","name":"Acceso Latino | Fundaci\u00f3n Carlos Slim","description":"Fundaci\u00f3n Carlos Slim","publisher":{"@id":"https:\/\/accesolatino.org\/#organization"},"potentialAction":[{"@type":"SearchAction","target":{"@type":"EntryPoint","urlTemplate":"https:\/\/accesolatino.org\/?s={search_term_string}"},"query-input":{"@type":"PropertyValueSpecification","valueRequired":true,"valueName":"search_term_string"}}],"inLanguage":"en-US"},{"@type":"Organization","@id":"https:\/\/accesolatino.org\/#organization","name":"Acceso Latino | Fundaci\u00f3n Carlos Slim","url":"https:\/\/accesolatino.org\/","logo":{"@type":"ImageObject","inLanguage":"en-US","@id":"https:\/\/accesolatino.org\/#\/schema\/logo\/image\/","url":"https:\/\/accesolatino.org\/wp-content\/uploads\/2021\/02\/logo-footer-acceso-latino.png","contentUrl":"https:\/\/accesolatino.org\/wp-content\/uploads\/2021\/02\/logo-footer-acceso-latino.png","width":240,"height":40,"caption":"Acceso Latino | Fundaci\u00f3n Carlos Slim"},"image":{"@id":"https:\/\/accesolatino.org\/#\/schema\/logo\/image\/"},"sameAs":["https:\/\/www.facebook.com\/AccesoLatinoOrg","https:\/\/x.com\/FAccLatino"]},{"@type":"Person","@id":"https:\/\/accesolatino.org\/#\/schema\/person\/57bc3bfd2c357610a5255490ca4cd305","name":"News"}]}},"_links":{"self":[{"href":"https:\/\/accesolatino.org\/en\/wp-json\/wp\/v2\/posts\/10404","targetHints":{"allow":["GET"]}}],"collection":[{"href":"https:\/\/accesolatino.org\/en\/wp-json\/wp\/v2\/posts"}],"about":[{"href":"https:\/\/accesolatino.org\/en\/wp-json\/wp\/v2\/types\/post"}],"author":[{"embeddable":true,"href":"https:\/\/accesolatino.org\/en\/wp-json\/wp\/v2\/users\/13"}],"replies":[{"embeddable":true,"href":"https:\/\/accesolatino.org\/en\/wp-json\/wp\/v2\/comments?post=10404"}],"version-history":[{"count":1,"href":"https:\/\/accesolatino.org\/en\/wp-json\/wp\/v2\/posts\/10404\/revisions"}],"predecessor-version":[{"id":66876,"href":"https:\/\/accesolatino.org\/en\/wp-json\/wp\/v2\/posts\/10404\/revisions\/66876"}],"wp:featuredmedia":[{"embeddable":true,"href":"https:\/\/accesolatino.org\/en\/wp-json\/wp\/v2\/media\/10405"}],"wp:attachment":[{"href":"https:\/\/accesolatino.org\/en\/wp-json\/wp\/v2\/media?parent=10404"}],"wp:term":[{"taxonomy":"category","embeddable":true,"href":"https:\/\/accesolatino.org\/en\/wp-json\/wp\/v2\/categories?post=10404"},{"taxonomy":"post_tag","embeddable":true,"href":"https:\/\/accesolatino.org\/en\/wp-json\/wp\/v2\/tags?post=10404"}],"curies":[{"name":"wp","href":"https:\/\/api.w.org\/{rel}","templated":true}]}}