{"id":10397,"date":"2017-09-28T10:44:53","date_gmt":"2017-09-28T15:44:53","guid":{"rendered":"https:\/\/accesolatino.org\/?p=10397"},"modified":"2025-10-27T14:22:13","modified_gmt":"2025-10-27T20:22:13","slug":"arquidiocesis-de-los-angeles-ofrece-clinica-gratuita-de-daca","status":"publish","type":"post","link":"https:\/\/accesolatino.org\/en\/arquidiocesis-de-los-angeles-ofrece-clinica-gratuita-de-daca\/noticias\/","title":{"rendered":"Arquidi\u00f3cesis de Los \u00c1ngeles ofrece cl\u00ednica gratuita de DACA"},"content":{"rendered":"<p>El Papa Francisco lanzar\u00e1 el 27 de septiembre una campa\u00f1a mundial de dos a\u00f1os para fortalecer el apoyo a los inmigrantes y refugiados, \u201c<a title=\"\" href=\"http:\/\/www.sharejourney.org\/en-espanol\" target=\"_blank\" rel=\"noopener\">Comparte el Camino<\/a>\".<\/p>\n<p>Como parte de este esfuerzo, la Arquidi\u00f3cesis de Los \u00c1ngeles, en colaboraci\u00f3n con Caridades Cat\u00f3licas de Los \u00c1ngeles, lanzar\u00e1 una serie de talleres de renovaci\u00f3n de la Acci\u00f3n Diferida para las Llegados en la Infancia (DACA).<\/p>\n<p>\u201cA trav\u00e9s de esta hist\u00f3rica campa\u00f1a el Santo Padre espera unirnos en todo el mundo como una familia de Dios para apoyar a nuestros hermanos y hermanas que han hu\u00eddo de sus hogares buscando una vida segura y decente para sus familias\u201d, dijo el arzobispo de Los \u00c1ngeles Jos\u00e9 H. G\u00f3mez.<\/p>\n<p>\u201cCon el fin de DACA, m\u00e1s de 800,000 j\u00f3venes que hab\u00edan encontrado esperanza bajo DACA, corren el riesgo de ser deportados del \u00fanico hogar que han conocido. Es por eso que comenzaremos la campa\u00f1a Comparte el Camino en la Arquidi\u00f3cesis de Los \u00c1ngeles, ofreciendo una serie de talleres para ayudar a extender el proceso para aquellos que califican para la renovaci\u00f3n de DACA\u201d.<\/p>\n<p>El primer taller de renovaci\u00f3n de DACA se llevar\u00e1 a cabo el mi\u00e9rcoles 27 de septiembre, de 10:00 a.m. a 2:00 p.m. en la Parroquia Resurrecci\u00f3n en Boyle Heights, 3324 Opal St, Los \u00c1ngeles, 90023. Otros horarios de talleres y lugares ser\u00e1n publicados en FuturoEstadosUnidos.org.<\/p>\n<p>Los talleres son gratuitos, abiertos al p\u00fablico en general, y ofrecen a los que son elegibles los servicios de apoyo y legales necesarios para completar y presentar solicitudes de renovaci\u00f3n de DACA antes de la fecha l\u00edmite del 5 de octubre.<\/p>\n<p>Para aquellos interesados, por favor llamar al <a title=\"\" href=\"tel:+2136377820\" target=\"_blank\" rel=\"noopener\">(213) 637-7820<\/a> o enviar un correo electr\u00f3nico a <a title=\"\" href=\"mailto:immigration@la-archdiocese.org\" target=\"_blank\" rel=\"noopener\">immigration@la-archdiocese.org<\/a> para fijar una cita.<\/p>\n<p>\u00bfQu\u00e9 debes llevar?<\/p>\n<ul>\n<li>Copia de solicitudes anteriores de DACA<\/li>\n<li>Notificaci\u00f3n de aprobaci\u00f3n m\u00e1s reciente (Aviso I-797)<\/li>\n<li>N\u00famero\/Tarjeta de Seguro Social<\/li>\n<li>Tarjeta de identificaci\u00f3n de California<\/li>\n<li>Pago de $495 a USCIS para someter la solicitud<\/li>\n<li>Antecedentes penales (si existen, disposici\u00f3n judicial)<\/li>\n<li>Historial criminal (si tienes antecedentes o tienes alg\u00fan caso pendiente)<\/li>\n<\/ul>\n<p><em>Fuente: La Opini\u00f3n<\/em><\/p>","protected":false},"excerpt":{"rendered":"<p>El Papa Francisco lanzar\u00e1 el 27 de septiembre una campa\u00f1a mundial de dos a\u00f1os para fortalecer el apoyo a los inmigrantes y refugiados, \u201cComparte el Camino\u201d. Como parte de este esfuerzo, la Arquidi\u00f3cesis de Los \u00c1ngeles, en colaboraci\u00f3n con Caridades Cat\u00f3licas de Los \u00c1ngeles, lanzar\u00e1 una serie de talleres de renovaci\u00f3n de la Acci\u00f3n Diferida para las Llegados en la Infancia (DACA). \u201cA trav\u00e9s de esta hist\u00f3rica campa\u00f1a el Santo Padre espera unirnos en todo el mundo como una familia de Dios para apoyar a nuestros hermanos y hermanas que han hu\u00eddo de sus hogares buscando una vida segura y decente para sus familias\u201d, dijo el arzobispo de Los \u00c1ngeles Jos\u00e9 H. G\u00f3mez. \u201cCon el fin de DACA, m\u00e1s de 800,000 j\u00f3venes que hab\u00edan encontrado esperanza bajo DACA, corren el riesgo de ser deportados del \u00fanico hogar que han conocido. Es por eso que comenzaremos la campa\u00f1a Comparte el Camino en la Arquidi\u00f3cesis de Los \u00c1ngeles, ofreciendo una serie de talleres para ayudar a extender el proceso para aquellos que califican para la renovaci\u00f3n de DACA\u201d. El primer taller de renovaci\u00f3n de DACA se llevar\u00e1 a cabo el mi\u00e9rcoles 27 de septiembre, de 10:00 a.m. a 2:00 p.m. en la Parroquia Resurrecci\u00f3n en Boyle Heights, 3324 Opal St, Los \u00c1ngeles, 90023. Otros horarios de talleres y lugares ser\u00e1n publicados en FuturoEstadosUnidos.org. Los talleres son gratuitos, abiertos al p\u00fablico en general, y ofrecen a los que son elegibles los servicios de apoyo y legales necesarios para completar y presentar solicitudes de renovaci\u00f3n de DACA antes de la fecha l\u00edmite del 5 de octubre. Para aquellos interesados, por favor llamar al (213) 637-7820 o enviar un correo electr\u00f3nico a immigration@la-archdiocese.org para fijar una cita. \u00bfQu\u00e9 debes llevar? Copia de solicitudes anteriores de DACA Notificaci\u00f3n de aprobaci\u00f3n m\u00e1s reciente (Aviso I-797) N\u00famero\/Tarjeta de Seguro Social Tarjeta de identificaci\u00f3n de California Pago de $495 a USCIS para someter la solicitud Antecedentes penales (si existen, disposici\u00f3n judicial) Historial criminal (si tienes antecedentes o tienes alg\u00fan caso pendiente) Fuente: La Opini\u00f3n<\/p>","protected":false},"author":13,"featured_media":10398,"comment_status":"open","ping_status":"open","sticky":false,"template":"","format":"standard","meta":{"_uf_show_specific_survey":0,"_uf_disable_surveys":false,"footnotes":""},"categories":[10,1],"tags":[],"class_list":["post-10397","post","type-post","status-publish","format-standard","has-post-thumbnail","hentry","category-noticias","category-temas-de-interes"],"aioseo_notices":[],"yoast_head":"<!-- This site is optimized with the Yoast SEO plugin v27.5 - https:\/\/yoast.com\/product\/yoast-seo-wordpress\/ -->\n<title>Arquidi\u00f3cesis de Los \u00c1ngeles ofrece cl\u00ednica gratuita de DACA<\/title>\n<meta name=\"description\" content=\"La Arquidi\u00f3cesis de Los \u00c1ngeles, en colaboraci\u00f3n con Caridades Cat\u00f3licas de Los \u00c1ngeles, lanzar\u00e1 una serie de talleres de renovaci\u00f3n de DACA\" \/>\n<meta name=\"robots\" content=\"index, follow, max-snippet:-1, max-image-preview:large, max-video-preview:-1\" \/>\n<link rel=\"canonical\" href=\"https:\/\/accesolatino.org\/en\/arquidiocesis-de-los-angeles-ofrece-clinica-gratuita-de-daca\/noticias\/\" \/>\n<meta property=\"og:locale\" content=\"en_US\" \/>\n<meta property=\"og:type\" content=\"article\" \/>\n<meta property=\"og:title\" content=\"Arquidi\u00f3cesis de Los \u00c1ngeles ofrece cl\u00ednica gratuita de DACA\" \/>\n<meta property=\"og:description\" content=\"La Arquidi\u00f3cesis de Los \u00c1ngeles, en colaboraci\u00f3n con Caridades Cat\u00f3licas de Los \u00c1ngeles, lanzar\u00e1 una serie de talleres de renovaci\u00f3n de DACA\" \/>\n<meta property=\"og:url\" content=\"https:\/\/accesolatino.org\/en\/arquidiocesis-de-los-angeles-ofrece-clinica-gratuita-de-daca\/noticias\/\" \/>\n<meta property=\"og:site_name\" content=\"Acceso Latino\" \/>\n<meta property=\"article:publisher\" content=\"https:\/\/www.facebook.com\/AccesoLatinoOrg\" \/>\n<meta property=\"article:published_time\" content=\"2017-09-28T15:44:53+00:00\" \/>\n<meta property=\"article:modified_time\" content=\"2025-10-27T20:22:13+00:00\" \/>\n<meta property=\"og:image\" content=\"https:\/\/accesolatino.org\/wp-content\/uploads\/2017\/09\/Arquidiocesis-de-Los-Angeles-ofrece-clinica-gratuita-de-DACA.jpg\" \/>\n\t<meta property=\"og:image:width\" content=\"600\" \/>\n\t<meta property=\"og:image:height\" content=\"524\" \/>\n\t<meta property=\"og:image:type\" content=\"image\/jpeg\" \/>\n<meta name=\"author\" content=\"Noticias\" \/>\n<meta name=\"twitter:card\" content=\"summary_large_image\" \/>\n<meta name=\"twitter:creator\" content=\"@FAccLatino\" \/>\n<meta name=\"twitter:site\" content=\"@FAccLatino\" \/>\n<meta name=\"twitter:label1\" content=\"Written by\" \/>\n\t<meta name=\"twitter:data1\" content=\"Noticias\" \/>\n\t<meta name=\"twitter:label2\" content=\"Est. reading time\" \/>\n\t<meta name=\"twitter:data2\" content=\"2 minutes\" \/>\n<script type=\"application\/ld+json\" class=\"yoast-schema-graph\">{\"@context\":\"https:\\\/\\\/schema.org\",\"@graph\":[{\"@type\":\"Article\",\"@id\":\"https:\\\/\\\/accesolatino.org\\\/arquidiocesis-de-los-angeles-ofrece-clinica-gratuita-de-daca\\\/noticias\\\/#article\",\"isPartOf\":{\"@id\":\"https:\\\/\\\/accesolatino.org\\\/arquidiocesis-de-los-angeles-ofrece-clinica-gratuita-de-daca\\\/noticias\\\/\"},\"author\":{\"name\":\"Noticias\",\"@id\":\"https:\\\/\\\/accesolatino.org\\\/#\\\/schema\\\/person\\\/57bc3bfd2c357610a5255490ca4cd305\"},\"headline\":\"Arquidi\u00f3cesis de Los \u00c1ngeles ofrece cl\u00ednica gratuita de DACA\",\"datePublished\":\"2017-09-28T15:44:53+00:00\",\"dateModified\":\"2025-10-27T20:22:13+00:00\",\"mainEntityOfPage\":{\"@id\":\"https:\\\/\\\/accesolatino.org\\\/arquidiocesis-de-los-angeles-ofrece-clinica-gratuita-de-daca\\\/noticias\\\/\"},\"wordCount\":376,\"commentCount\":0,\"publisher\":{\"@id\":\"https:\\\/\\\/accesolatino.org\\\/#organization\"},\"image\":{\"@id\":\"https:\\\/\\\/accesolatino.org\\\/arquidiocesis-de-los-angeles-ofrece-clinica-gratuita-de-daca\\\/noticias\\\/#primaryimage\"},\"thumbnailUrl\":\"https:\\\/\\\/accesolatino.org\\\/wp-content\\\/uploads\\\/2017\\\/09\\\/Arquidiocesis-de-Los-Angeles-ofrece-clinica-gratuita-de-DACA.jpg\",\"articleSection\":[\"Noticias\",\"Temas de inter\u00e9s\"],\"inLanguage\":\"en-US\",\"potentialAction\":[{\"@type\":\"CommentAction\",\"name\":\"Comment\",\"target\":[\"https:\\\/\\\/accesolatino.org\\\/arquidiocesis-de-los-angeles-ofrece-clinica-gratuita-de-daca\\\/noticias\\\/#respond\"]}]},{\"@type\":\"WebPage\",\"@id\":\"https:\\\/\\\/accesolatino.org\\\/arquidiocesis-de-los-angeles-ofrece-clinica-gratuita-de-daca\\\/noticias\\\/\",\"url\":\"https:\\\/\\\/accesolatino.org\\\/arquidiocesis-de-los-angeles-ofrece-clinica-gratuita-de-daca\\\/noticias\\\/\",\"name\":\"Arquidi\u00f3cesis de Los \u00c1ngeles ofrece cl\u00ednica gratuita de DACA\",\"isPartOf\":{\"@id\":\"https:\\\/\\\/accesolatino.org\\\/#website\"},\"primaryImageOfPage\":{\"@id\":\"https:\\\/\\\/accesolatino.org\\\/arquidiocesis-de-los-angeles-ofrece-clinica-gratuita-de-daca\\\/noticias\\\/#primaryimage\"},\"image\":{\"@id\":\"https:\\\/\\\/accesolatino.org\\\/arquidiocesis-de-los-angeles-ofrece-clinica-gratuita-de-daca\\\/noticias\\\/#primaryimage\"},\"thumbnailUrl\":\"https:\\\/\\\/accesolatino.org\\\/wp-content\\\/uploads\\\/2017\\\/09\\\/Arquidiocesis-de-Los-Angeles-ofrece-clinica-gratuita-de-DACA.jpg\",\"datePublished\":\"2017-09-28T15:44:53+00:00\",\"dateModified\":\"2025-10-27T20:22:13+00:00\",\"description\":\"La Arquidi\u00f3cesis de Los \u00c1ngeles, en colaboraci\u00f3n con Caridades Cat\u00f3licas de Los \u00c1ngeles, lanzar\u00e1 una serie de talleres de renovaci\u00f3n de DACA\",\"breadcrumb\":{\"@id\":\"https:\\\/\\\/accesolatino.org\\\/arquidiocesis-de-los-angeles-ofrece-clinica-gratuita-de-daca\\\/noticias\\\/#breadcrumb\"},\"inLanguage\":\"en-US\",\"potentialAction\":[{\"@type\":\"ReadAction\",\"target\":[\"https:\\\/\\\/accesolatino.org\\\/arquidiocesis-de-los-angeles-ofrece-clinica-gratuita-de-daca\\\/noticias\\\/\"]}]},{\"@type\":\"ImageObject\",\"inLanguage\":\"en-US\",\"@id\":\"https:\\\/\\\/accesolatino.org\\\/arquidiocesis-de-los-angeles-ofrece-clinica-gratuita-de-daca\\\/noticias\\\/#primaryimage\",\"url\":\"https:\\\/\\\/accesolatino.org\\\/wp-content\\\/uploads\\\/2017\\\/09\\\/Arquidiocesis-de-Los-Angeles-ofrece-clinica-gratuita-de-DACA.jpg\",\"contentUrl\":\"https:\\\/\\\/accesolatino.org\\\/wp-content\\\/uploads\\\/2017\\\/09\\\/Arquidiocesis-de-Los-Angeles-ofrece-clinica-gratuita-de-DACA.jpg\",\"width\":\"600\",\"height\":\"524\",\"caption\":\"Arquidiocesis-de-Los-Angeles-ofrece-clinica-gratuita-de-DACA\"},{\"@type\":\"BreadcrumbList\",\"@id\":\"https:\\\/\\\/accesolatino.org\\\/arquidiocesis-de-los-angeles-ofrece-clinica-gratuita-de-daca\\\/noticias\\\/#breadcrumb\",\"itemListElement\":[{\"@type\":\"ListItem\",\"position\":1,\"name\":\"Portada\",\"item\":\"https:\\\/\\\/accesolatino.org\\\/\"},{\"@type\":\"ListItem\",\"position\":2,\"name\":\"Noticias\",\"item\":\"https:\\\/\\\/accesolatino.org\\\/category\\\/noticias\\\/\"},{\"@type\":\"ListItem\",\"position\":3,\"name\":\"Arquidi\u00f3cesis de Los \u00c1ngeles ofrece cl\u00ednica gratuita de DACA\"}]},{\"@type\":\"WebSite\",\"@id\":\"https:\\\/\\\/accesolatino.org\\\/#website\",\"url\":\"https:\\\/\\\/accesolatino.org\\\/\",\"name\":\"Acceso Latino | Fundaci\u00f3n Carlos Slim\",\"description\":\"Fundaci\u00f3n Carlos Slim\",\"publisher\":{\"@id\":\"https:\\\/\\\/accesolatino.org\\\/#organization\"},\"potentialAction\":[{\"@type\":\"SearchAction\",\"target\":{\"@type\":\"EntryPoint\",\"urlTemplate\":\"https:\\\/\\\/accesolatino.org\\\/?s={search_term_string}\"},\"query-input\":{\"@type\":\"PropertyValueSpecification\",\"valueRequired\":true,\"valueName\":\"search_term_string\"}}],\"inLanguage\":\"en-US\"},{\"@type\":\"Organization\",\"@id\":\"https:\\\/\\\/accesolatino.org\\\/#organization\",\"name\":\"Acceso Latino | Fundaci\u00f3n Carlos Slim\",\"url\":\"https:\\\/\\\/accesolatino.org\\\/\",\"logo\":{\"@type\":\"ImageObject\",\"inLanguage\":\"en-US\",\"@id\":\"https:\\\/\\\/accesolatino.org\\\/#\\\/schema\\\/logo\\\/image\\\/\",\"url\":\"https:\\\/\\\/accesolatino.org\\\/wp-content\\\/uploads\\\/2021\\\/02\\\/logo-footer-acceso-latino.png\",\"contentUrl\":\"https:\\\/\\\/accesolatino.org\\\/wp-content\\\/uploads\\\/2021\\\/02\\\/logo-footer-acceso-latino.png\",\"width\":240,\"height\":40,\"caption\":\"Acceso Latino | Fundaci\u00f3n Carlos Slim\"},\"image\":{\"@id\":\"https:\\\/\\\/accesolatino.org\\\/#\\\/schema\\\/logo\\\/image\\\/\"},\"sameAs\":[\"https:\\\/\\\/www.facebook.com\\\/AccesoLatinoOrg\",\"https:\\\/\\\/x.com\\\/FAccLatino\"]},{\"@type\":\"Person\",\"@id\":\"https:\\\/\\\/accesolatino.org\\\/#\\\/schema\\\/person\\\/57bc3bfd2c357610a5255490ca4cd305\",\"name\":\"Noticias\"}]}<\/script>\n<!-- \/ Yoast SEO plugin. -->","yoast_head_json":{"title":"Arquidi\u00f3cesis de Los \u00c1ngeles ofrece cl\u00ednica gratuita de DACA","description":"La Arquidi\u00f3cesis de Los \u00c1ngeles, en colaboraci\u00f3n con Caridades Cat\u00f3licas de Los \u00c1ngeles, lanzar\u00e1 una serie de talleres de renovaci\u00f3n de DACA","robots":{"index":"index","follow":"follow","max-snippet":"max-snippet:-1","max-image-preview":"max-image-preview:large","max-video-preview":"max-video-preview:-1"},"canonical":"https:\/\/accesolatino.org\/en\/arquidiocesis-de-los-angeles-ofrece-clinica-gratuita-de-daca\/noticias\/","og_locale":"en_US","og_type":"article","og_title":"Arquidi\u00f3cesis de Los \u00c1ngeles ofrece cl\u00ednica gratuita de DACA","og_description":"La Arquidi\u00f3cesis de Los \u00c1ngeles, en colaboraci\u00f3n con Caridades Cat\u00f3licas de Los \u00c1ngeles, lanzar\u00e1 una serie de talleres de renovaci\u00f3n de DACA","og_url":"https:\/\/accesolatino.org\/en\/arquidiocesis-de-los-angeles-ofrece-clinica-gratuita-de-daca\/noticias\/","og_site_name":"Acceso Latino","article_publisher":"https:\/\/www.facebook.com\/AccesoLatinoOrg","article_published_time":"2017-09-28T15:44:53+00:00","article_modified_time":"2025-10-27T20:22:13+00:00","og_image":[{"width":600,"height":524,"url":"https:\/\/accesolatino.org\/wp-content\/uploads\/2017\/09\/Arquidiocesis-de-Los-Angeles-ofrece-clinica-gratuita-de-DACA.jpg","type":"image\/jpeg"}],"author":"Noticias","twitter_card":"summary_large_image","twitter_creator":"@FAccLatino","twitter_site":"@FAccLatino","twitter_misc":{"Written by":"Noticias","Est. reading time":"2 minutes"},"schema":{"@context":"https:\/\/schema.org","@graph":[{"@type":"Article","@id":"https:\/\/accesolatino.org\/arquidiocesis-de-los-angeles-ofrece-clinica-gratuita-de-daca\/noticias\/#article","isPartOf":{"@id":"https:\/\/accesolatino.org\/arquidiocesis-de-los-angeles-ofrece-clinica-gratuita-de-daca\/noticias\/"},"author":{"name":"Noticias","@id":"https:\/\/accesolatino.org\/#\/schema\/person\/57bc3bfd2c357610a5255490ca4cd305"},"headline":"Arquidi\u00f3cesis de Los \u00c1ngeles ofrece cl\u00ednica gratuita de DACA","datePublished":"2017-09-28T15:44:53+00:00","dateModified":"2025-10-27T20:22:13+00:00","mainEntityOfPage":{"@id":"https:\/\/accesolatino.org\/arquidiocesis-de-los-angeles-ofrece-clinica-gratuita-de-daca\/noticias\/"},"wordCount":376,"commentCount":0,"publisher":{"@id":"https:\/\/accesolatino.org\/#organization"},"image":{"@id":"https:\/\/accesolatino.org\/arquidiocesis-de-los-angeles-ofrece-clinica-gratuita-de-daca\/noticias\/#primaryimage"},"thumbnailUrl":"https:\/\/accesolatino.org\/wp-content\/uploads\/2017\/09\/Arquidiocesis-de-Los-Angeles-ofrece-clinica-gratuita-de-DACA.jpg","articleSection":["Noticias","Temas de inter\u00e9s"],"inLanguage":"en-US","potentialAction":[{"@type":"CommentAction","name":"Comment","target":["https:\/\/accesolatino.org\/arquidiocesis-de-los-angeles-ofrece-clinica-gratuita-de-daca\/noticias\/#respond"]}]},{"@type":"WebPage","@id":"https:\/\/accesolatino.org\/arquidiocesis-de-los-angeles-ofrece-clinica-gratuita-de-daca\/noticias\/","url":"https:\/\/accesolatino.org\/arquidiocesis-de-los-angeles-ofrece-clinica-gratuita-de-daca\/noticias\/","name":"Arquidi\u00f3cesis de Los \u00c1ngeles ofrece cl\u00ednica gratuita de DACA","isPartOf":{"@id":"https:\/\/accesolatino.org\/#website"},"primaryImageOfPage":{"@id":"https:\/\/accesolatino.org\/arquidiocesis-de-los-angeles-ofrece-clinica-gratuita-de-daca\/noticias\/#primaryimage"},"image":{"@id":"https:\/\/accesolatino.org\/arquidiocesis-de-los-angeles-ofrece-clinica-gratuita-de-daca\/noticias\/#primaryimage"},"thumbnailUrl":"https:\/\/accesolatino.org\/wp-content\/uploads\/2017\/09\/Arquidiocesis-de-Los-Angeles-ofrece-clinica-gratuita-de-DACA.jpg","datePublished":"2017-09-28T15:44:53+00:00","dateModified":"2025-10-27T20:22:13+00:00","description":"La Arquidi\u00f3cesis de Los \u00c1ngeles, en colaboraci\u00f3n con Caridades Cat\u00f3licas de Los \u00c1ngeles, lanzar\u00e1 una serie de talleres de renovaci\u00f3n de DACA","breadcrumb":{"@id":"https:\/\/accesolatino.org\/arquidiocesis-de-los-angeles-ofrece-clinica-gratuita-de-daca\/noticias\/#breadcrumb"},"inLanguage":"en-US","potentialAction":[{"@type":"ReadAction","target":["https:\/\/accesolatino.org\/arquidiocesis-de-los-angeles-ofrece-clinica-gratuita-de-daca\/noticias\/"]}]},{"@type":"ImageObject","inLanguage":"en-US","@id":"https:\/\/accesolatino.org\/arquidiocesis-de-los-angeles-ofrece-clinica-gratuita-de-daca\/noticias\/#primaryimage","url":"https:\/\/accesolatino.org\/wp-content\/uploads\/2017\/09\/Arquidiocesis-de-Los-Angeles-ofrece-clinica-gratuita-de-DACA.jpg","contentUrl":"https:\/\/accesolatino.org\/wp-content\/uploads\/2017\/09\/Arquidiocesis-de-Los-Angeles-ofrece-clinica-gratuita-de-DACA.jpg","width":"600","height":"524","caption":"Arquidiocesis-de-Los-Angeles-ofrece-clinica-gratuita-de-DACA"},{"@type":"BreadcrumbList","@id":"https:\/\/accesolatino.org\/arquidiocesis-de-los-angeles-ofrece-clinica-gratuita-de-daca\/noticias\/#breadcrumb","itemListElement":[{"@type":"ListItem","position":1,"name":"Portada","item":"https:\/\/accesolatino.org\/"},{"@type":"ListItem","position":2,"name":"Noticias","item":"https:\/\/accesolatino.org\/category\/noticias\/"},{"@type":"ListItem","position":3,"name":"Arquidi\u00f3cesis de Los \u00c1ngeles ofrece cl\u00ednica gratuita de DACA"}]},{"@type":"WebSite","@id":"https:\/\/accesolatino.org\/#website","url":"https:\/\/accesolatino.org\/","name":"Acceso Latino | Fundaci\u00f3n Carlos Slim","description":"Fundaci\u00f3n Carlos Slim","publisher":{"@id":"https:\/\/accesolatino.org\/#organization"},"potentialAction":[{"@type":"SearchAction","target":{"@type":"EntryPoint","urlTemplate":"https:\/\/accesolatino.org\/?s={search_term_string}"},"query-input":{"@type":"PropertyValueSpecification","valueRequired":true,"valueName":"search_term_string"}}],"inLanguage":"en-US"},{"@type":"Organization","@id":"https:\/\/accesolatino.org\/#organization","name":"Acceso Latino | Fundaci\u00f3n Carlos Slim","url":"https:\/\/accesolatino.org\/","logo":{"@type":"ImageObject","inLanguage":"en-US","@id":"https:\/\/accesolatino.org\/#\/schema\/logo\/image\/","url":"https:\/\/accesolatino.org\/wp-content\/uploads\/2021\/02\/logo-footer-acceso-latino.png","contentUrl":"https:\/\/accesolatino.org\/wp-content\/uploads\/2021\/02\/logo-footer-acceso-latino.png","width":240,"height":40,"caption":"Acceso Latino | Fundaci\u00f3n Carlos Slim"},"image":{"@id":"https:\/\/accesolatino.org\/#\/schema\/logo\/image\/"},"sameAs":["https:\/\/www.facebook.com\/AccesoLatinoOrg","https:\/\/x.com\/FAccLatino"]},{"@type":"Person","@id":"https:\/\/accesolatino.org\/#\/schema\/person\/57bc3bfd2c357610a5255490ca4cd305","name":"News"}]}},"_links":{"self":[{"href":"https:\/\/accesolatino.org\/en\/wp-json\/wp\/v2\/posts\/10397","targetHints":{"allow":["GET"]}}],"collection":[{"href":"https:\/\/accesolatino.org\/en\/wp-json\/wp\/v2\/posts"}],"about":[{"href":"https:\/\/accesolatino.org\/en\/wp-json\/wp\/v2\/types\/post"}],"author":[{"embeddable":true,"href":"https:\/\/accesolatino.org\/en\/wp-json\/wp\/v2\/users\/13"}],"replies":[{"embeddable":true,"href":"https:\/\/accesolatino.org\/en\/wp-json\/wp\/v2\/comments?post=10397"}],"version-history":[{"count":1,"href":"https:\/\/accesolatino.org\/en\/wp-json\/wp\/v2\/posts\/10397\/revisions"}],"predecessor-version":[{"id":66879,"href":"https:\/\/accesolatino.org\/en\/wp-json\/wp\/v2\/posts\/10397\/revisions\/66879"}],"wp:featuredmedia":[{"embeddable":true,"href":"https:\/\/accesolatino.org\/en\/wp-json\/wp\/v2\/media\/10398"}],"wp:attachment":[{"href":"https:\/\/accesolatino.org\/en\/wp-json\/wp\/v2\/media?parent=10397"}],"wp:term":[{"taxonomy":"category","embeddable":true,"href":"https:\/\/accesolatino.org\/en\/wp-json\/wp\/v2\/categories?post=10397"},{"taxonomy":"post_tag","embeddable":true,"href":"https:\/\/accesolatino.org\/en\/wp-json\/wp\/v2\/tags?post=10397"}],"curies":[{"name":"wp","href":"https:\/\/api.w.org\/{rel}","templated":true}]}}