{"id":10381,"date":"2017-09-26T10:44:00","date_gmt":"2017-09-26T15:44:00","guid":{"rendered":"https:\/\/accesolatino.org\/?p=10381"},"modified":"2025-10-27T14:23:05","modified_gmt":"2025-10-27T20:23:05","slug":"inmigrante-creo-una-empresa-y-asi-freno-su-deportacion","status":"publish","type":"post","link":"https:\/\/accesolatino.org\/en\/inmigrante-creo-una-empresa-y-asi-freno-su-deportacion\/orgullo-latino\/","title":{"rendered":"Inmigrante cre\u00f3 una empresa y as\u00ed fren\u00f3 su deportaci\u00f3n"},"content":{"rendered":"<p>Juan D\u00edaz cruz\u00f3 la frontera huyendo de la pobreza y la violencia de su pa\u00eds. Luego de trabajar muy duro por varios a\u00f1os decidi\u00f3 luchar, y a pesar estar sin documentos y tener una orden de deportaci\u00f3n en su contra, asumi\u00f3 el reto de fundar su propia empresa de aire acondicionado y calefacci\u00f3n.<\/p>\n<p>Ahora luego de cinco a\u00f1os, gracias a su trabajo y empe\u00f1o, acaba de lograr lo que hasta para su abogado era imposible: el aplazamiento de la orden de deportaci\u00f3n.<\/p>\n<p>Esto es lo que est\u00e1 haciendo para demostrarle a un juez de inmigraci\u00f3n que merece quedarse en EE.UU.<\/p>\n<p><strong>Su pesadilla comenz\u00f3 con un DUI<\/strong><\/p>\n<p>El hispano Juan D\u00edaz pens\u00f3 que su peor pesadilla habr\u00eda sido cruzar el desierto caminando sin parar por m\u00e1s de dos d\u00edas, pasando hambre, fr\u00edo y sed. Pero no tardar\u00eda mucho en darse cuenta que vendr\u00eda algo peor.<\/p>\n<p>Luego de pasar la frontera en 1999, Juan se instal\u00f3 en el estado de Virginia y consigui\u00f3 trabajo demoliendo edificios y cargando bolsas de basura. Aunque era un trabajo muy duro lo hizo todos los d\u00edas por dos a\u00f1os.<\/p>\n<p>Un d\u00eda volviendo del trabajo en su veh\u00edculo, se sali\u00f3 de la carretera y golpe\u00f3 un tr\u00e1iler. \u201cNo ten\u00eda licencia y hab\u00eda un envase vac\u00edo de cerveza en mi auto. Me impusieron siete cargos entre ellos un DIU y uno por criminal trespassing\u201d, cuenta el inmigrante.<\/p>\n<p>Por miedo a ir a la c\u00e1rcel, acept\u00f3 todos los cargos y en lugar de enfrentar la situaci\u00f3n decidi\u00f3 salir del estado.<\/p>\n<p>Est\u00e1 ser\u00eda su peor decisi\u00f3n.<\/p>\n<p><strong>En Georgia encontrar\u00eda su verdadera vocaci\u00f3n<\/strong><\/p>\n<p>En el 2001, lleg\u00f3 a Atlanta, con solo un sleeping bag bajo el brazo. No ten\u00eda ni para pagar la renta y le cost\u00f3 mucho encontrar trabajo.<\/p>\n<p>Finalmente empez\u00f3 trabajando en una empresa de aire acondicionado y aunque no sab\u00eda nada del oficio estaba dispuesto a aprender.<\/p>\n<p>Comenz\u00f3 sin saber ingl\u00e9s y era el \u00fanico hispano de la compa\u00f1\u00eda. \u201cCuando me ped\u00edan una herramienta, yo pasaba tres, para no quedar mal\u201d.<\/p>\n<p>Por 10 a\u00f1os trabaj\u00f3 en la misma compa\u00f1\u00eda. Primero fue ayudante y luego pas\u00f3 a ser instalador, pero sent\u00eda que deb\u00eda llegar m\u00e1s lejos.<\/p>\n<p><strong>Los consejos de su padre y la crisis del 2008 lo llevaron a enfrentar sus miedos<\/strong><\/p>\n<p>Cuando llega la crisis econ\u00f3mica del 2008, comienza a escasear el trabajo y comenzaron los despidos en su empresa.<\/p>\n<p>En ese momento, recuerda con voz entre cortada, \u201cse me vinieron a la mente los consejos que me daba mi padre. En especial cuando nos dec\u00eda, a lo poco que tengas s\u00e1cale provecho\u201d.<\/p>\n<p>As\u00ed que, aunque se presentaron miles de obst\u00e1culos decidi\u00f3 a trabajar por su cuenta.<\/p>\n<p>El due\u00f1o de la compa\u00f1\u00eda lo apoy\u00f3 para obtener la certificaci\u00f3n en aire acondicionado y calefacci\u00f3n, y un compa\u00f1ero de trabajo lo respalda con la licencia necesaria para realizar los trabajos.<\/p>\n<p>Eso le abri\u00f3 muchas puertas y as\u00ed pudo fundar Don Juan Services. Una empresa que genera actualmente m\u00e1s de cinco empleos.<\/p>\n<p>Ahora luego de cinco a\u00f1os de lucha en las cortes, acaba de lograr el aplazamiento de su deportaci\u00f3n, y afirma que no tiene miedo \u201cs\u00e9 que mi caso se resolver\u00e1 sin que tenga que salir de este pa\u00eds, aqu\u00ed tengo mi empresa, mi casa y mi familia y estoy haciendo todo lo necesario para demostrarle al Gobierno que soy una persona con buena moral y que aport\u00f3 a la econom\u00eda de los EE.UU.\u201d<\/p>\n<p><strong>Juan D\u00edaz<\/strong><\/p>\n<p><strong>Don Juan Services LLC.<\/strong><\/p>\n<p><strong>770-905-6252<\/strong><\/p>\n<p><strong>Georgia<\/strong><\/p>\n<p><em><strong>&nbsp;<\/strong>Fuente: Mundo Hisp\u00e1nico<\/em><\/p>","protected":false},"excerpt":{"rendered":"<p>Juan D\u00edaz cruz\u00f3 la frontera huyendo de la pobreza y la violencia de su pa\u00eds. Luego de trabajar muy duro por varios a\u00f1os decidi\u00f3 luchar, y a pesar estar sin documentos y tener una orden de deportaci\u00f3n en su contra, asumi\u00f3 el reto de fundar su propia empresa de aire acondicionado y calefacci\u00f3n. Ahora luego de cinco a\u00f1os, gracias a su trabajo y empe\u00f1o, acaba de lograr lo que hasta para su abogado era imposible: el aplazamiento de la orden de deportaci\u00f3n. Esto es lo que est\u00e1 haciendo para demostrarle a un juez de inmigraci\u00f3n que merece quedarse en EE.UU. Su pesadilla comenz\u00f3 con un DUI El hispano Juan D\u00edaz pens\u00f3 que su peor pesadilla habr\u00eda sido cruzar el desierto caminando sin parar por m\u00e1s de dos d\u00edas, pasando hambre, fr\u00edo y sed. Pero no tardar\u00eda mucho en darse cuenta que vendr\u00eda algo peor. Luego de pasar la frontera en 1999, Juan se instal\u00f3 en el estado de Virginia y consigui\u00f3 trabajo demoliendo edificios y cargando bolsas de basura. Aunque era un trabajo muy duro lo hizo todos los d\u00edas por dos a\u00f1os. Un d\u00eda volviendo del trabajo en su veh\u00edculo, se sali\u00f3 de la carretera y golpe\u00f3 un tr\u00e1iler. \u201cNo ten\u00eda licencia y hab\u00eda un envase vac\u00edo de cerveza en mi auto. Me impusieron siete cargos entre ellos un DIU y uno por criminal trespassing\u201d, cuenta el inmigrante. Por miedo a ir a la c\u00e1rcel, acept\u00f3 todos los cargos y en lugar de enfrentar la situaci\u00f3n decidi\u00f3 salir del estado. Est\u00e1 ser\u00eda su peor decisi\u00f3n. En Georgia encontrar\u00eda su verdadera vocaci\u00f3n En el 2001, lleg\u00f3 a Atlanta, con solo un sleeping bag bajo el brazo. No ten\u00eda ni para pagar la renta y le cost\u00f3 mucho encontrar trabajo. Finalmente empez\u00f3 trabajando en una empresa de aire acondicionado y aunque no sab\u00eda nada del oficio estaba dispuesto a aprender. Comenz\u00f3 sin saber ingl\u00e9s y era el \u00fanico hispano de la compa\u00f1\u00eda. \u201cCuando me ped\u00edan una herramienta, yo pasaba tres, para no quedar mal\u201d. Por 10 a\u00f1os trabaj\u00f3 en la misma compa\u00f1\u00eda. Primero fue ayudante y luego pas\u00f3 a ser instalador, pero sent\u00eda que deb\u00eda llegar m\u00e1s lejos. Los consejos de su padre y la crisis del 2008 lo llevaron a enfrentar sus miedos Cuando llega la crisis econ\u00f3mica del 2008, comienza a escasear el trabajo y comenzaron los despidos en su empresa. En ese momento, recuerda con voz entre cortada, \u201cse me vinieron a la mente los consejos que me daba mi padre. En especial cuando nos dec\u00eda, a lo poco que tengas s\u00e1cale provecho\u201d. As\u00ed que, aunque se presentaron miles de obst\u00e1culos decidi\u00f3 a trabajar por su cuenta. El due\u00f1o de la compa\u00f1\u00eda lo apoy\u00f3 para obtener la certificaci\u00f3n en aire acondicionado y calefacci\u00f3n, y un compa\u00f1ero de trabajo lo respalda con la licencia necesaria para realizar los trabajos. Eso le abri\u00f3 muchas puertas y as\u00ed pudo fundar Don Juan Services. Una empresa que genera actualmente m\u00e1s de cinco empleos. Ahora luego de cinco a\u00f1os de lucha en las cortes, acaba de lograr el aplazamiento de su deportaci\u00f3n, y afirma que no tiene miedo \u201cs\u00e9 que mi caso se resolver\u00e1 sin que tenga que salir de este pa\u00eds, aqu\u00ed tengo mi empresa, mi casa y mi familia y estoy haciendo todo lo necesario para demostrarle al Gobierno que soy una persona con buena moral y que aport\u00f3 a la econom\u00eda de los EE.UU.\u201d Juan D\u00edaz Don Juan Services LLC. 770-905-6252 Georgia &nbsp;Fuente: Mundo Hisp\u00e1nico<\/p>","protected":false},"author":1,"featured_media":10382,"comment_status":"open","ping_status":"open","sticky":false,"template":"elementor_header_footer","format":"standard","meta":{"_uf_show_specific_survey":0,"_uf_disable_surveys":false,"footnotes":""},"categories":[9],"tags":[],"class_list":["post-10381","post","type-post","status-publish","format-standard","has-post-thumbnail","hentry","category-orgullo-latino"],"aioseo_notices":[],"yoast_head":"<!-- This site is optimized with the Yoast SEO plugin v27.5 - https:\/\/yoast.com\/product\/yoast-seo-wordpress\/ -->\n<title>Inmigrante cre\u00f3 una empresa y as\u00ed fren\u00f3 su deportaci\u00f3n - Acceso Latino<\/title>\n<meta name=\"description\" content=\"A pesar estar sin documentos y tener una orden de deportaci\u00f3n en su contra, asumi\u00f3 el reto de fundar su propia empresa de aire acondicionado y calefacci\u00f3n\" \/>\n<meta name=\"robots\" content=\"index, follow, max-snippet:-1, max-image-preview:large, max-video-preview:-1\" \/>\n<link rel=\"canonical\" href=\"https:\/\/accesolatino.org\/en\/inmigrante-creo-una-empresa-y-asi-freno-su-deportacion\/orgullo-latino\/\" \/>\n<meta property=\"og:locale\" content=\"en_US\" \/>\n<meta property=\"og:type\" content=\"article\" \/>\n<meta property=\"og:title\" content=\"Inmigrante cre\u00f3 una empresa y as\u00ed fren\u00f3 su deportaci\u00f3n - Acceso Latino\" \/>\n<meta property=\"og:description\" content=\"A pesar estar sin documentos y tener una orden de deportaci\u00f3n en su contra, asumi\u00f3 el reto de fundar su propia empresa de aire acondicionado y calefacci\u00f3n\" \/>\n<meta property=\"og:url\" content=\"https:\/\/accesolatino.org\/en\/inmigrante-creo-una-empresa-y-asi-freno-su-deportacion\/orgullo-latino\/\" \/>\n<meta property=\"og:site_name\" content=\"Acceso Latino\" \/>\n<meta property=\"article:publisher\" content=\"https:\/\/www.facebook.com\/AccesoLatinoOrg\" \/>\n<meta property=\"article:published_time\" content=\"2017-09-26T15:44:00+00:00\" \/>\n<meta property=\"article:modified_time\" content=\"2025-10-27T20:23:05+00:00\" \/>\n<meta property=\"og:image\" content=\"https:\/\/accesolatino.org\/wp-content\/uploads\/2017\/09\/Inmigrante-creo-una-empresa-y-asi-freno-su-deportacion.jpg\" \/>\n\t<meta property=\"og:image:width\" content=\"600\" \/>\n\t<meta property=\"og:image:height\" content=\"422\" \/>\n\t<meta property=\"og:image:type\" content=\"image\/jpeg\" \/>\n<meta name=\"author\" content=\"admin\" \/>\n<meta name=\"twitter:card\" content=\"summary_large_image\" \/>\n<meta name=\"twitter:creator\" content=\"@FAccLatino\" \/>\n<meta name=\"twitter:site\" content=\"@FAccLatino\" \/>\n<meta name=\"twitter:label1\" content=\"Written by\" \/>\n\t<meta name=\"twitter:data1\" content=\"admin\" \/>\n\t<meta name=\"twitter:label2\" content=\"Est. reading time\" \/>\n\t<meta name=\"twitter:data2\" content=\"3 minutes\" \/>\n<script type=\"application\/ld+json\" class=\"yoast-schema-graph\">{\"@context\":\"https:\\\/\\\/schema.org\",\"@graph\":[{\"@type\":\"Article\",\"@id\":\"https:\\\/\\\/accesolatino.org\\\/inmigrante-creo-una-empresa-y-asi-freno-su-deportacion\\\/orgullo-latino\\\/#article\",\"isPartOf\":{\"@id\":\"https:\\\/\\\/accesolatino.org\\\/inmigrante-creo-una-empresa-y-asi-freno-su-deportacion\\\/orgullo-latino\\\/\"},\"author\":{\"name\":\"admin\",\"@id\":\"https:\\\/\\\/accesolatino.org\\\/#\\\/schema\\\/person\\\/10763acf0565833da11d915ac8549efd\"},\"headline\":\"Inmigrante cre\u00f3 una empresa y as\u00ed fren\u00f3 su deportaci\u00f3n\",\"datePublished\":\"2017-09-26T15:44:00+00:00\",\"dateModified\":\"2025-10-27T20:23:05+00:00\",\"mainEntityOfPage\":{\"@id\":\"https:\\\/\\\/accesolatino.org\\\/inmigrante-creo-una-empresa-y-asi-freno-su-deportacion\\\/orgullo-latino\\\/\"},\"wordCount\":640,\"commentCount\":0,\"publisher\":{\"@id\":\"https:\\\/\\\/accesolatino.org\\\/#organization\"},\"image\":{\"@id\":\"https:\\\/\\\/accesolatino.org\\\/inmigrante-creo-una-empresa-y-asi-freno-su-deportacion\\\/orgullo-latino\\\/#primaryimage\"},\"thumbnailUrl\":\"https:\\\/\\\/accesolatino.org\\\/wp-content\\\/uploads\\\/2017\\\/09\\\/Inmigrante-creo-una-empresa-y-asi-freno-su-deportacion.jpg\",\"articleSection\":[\"Orgullo Latino\"],\"inLanguage\":\"en-US\",\"potentialAction\":[{\"@type\":\"CommentAction\",\"name\":\"Comment\",\"target\":[\"https:\\\/\\\/accesolatino.org\\\/inmigrante-creo-una-empresa-y-asi-freno-su-deportacion\\\/orgullo-latino\\\/#respond\"]}]},{\"@type\":\"WebPage\",\"@id\":\"https:\\\/\\\/accesolatino.org\\\/inmigrante-creo-una-empresa-y-asi-freno-su-deportacion\\\/orgullo-latino\\\/\",\"url\":\"https:\\\/\\\/accesolatino.org\\\/inmigrante-creo-una-empresa-y-asi-freno-su-deportacion\\\/orgullo-latino\\\/\",\"name\":\"Inmigrante cre\u00f3 una empresa y as\u00ed fren\u00f3 su deportaci\u00f3n - Acceso Latino\",\"isPartOf\":{\"@id\":\"https:\\\/\\\/accesolatino.org\\\/#website\"},\"primaryImageOfPage\":{\"@id\":\"https:\\\/\\\/accesolatino.org\\\/inmigrante-creo-una-empresa-y-asi-freno-su-deportacion\\\/orgullo-latino\\\/#primaryimage\"},\"image\":{\"@id\":\"https:\\\/\\\/accesolatino.org\\\/inmigrante-creo-una-empresa-y-asi-freno-su-deportacion\\\/orgullo-latino\\\/#primaryimage\"},\"thumbnailUrl\":\"https:\\\/\\\/accesolatino.org\\\/wp-content\\\/uploads\\\/2017\\\/09\\\/Inmigrante-creo-una-empresa-y-asi-freno-su-deportacion.jpg\",\"datePublished\":\"2017-09-26T15:44:00+00:00\",\"dateModified\":\"2025-10-27T20:23:05+00:00\",\"description\":\"A pesar estar sin documentos y tener una orden de deportaci\u00f3n en su contra, asumi\u00f3 el reto de fundar su propia empresa de aire acondicionado y calefacci\u00f3n\",\"breadcrumb\":{\"@id\":\"https:\\\/\\\/accesolatino.org\\\/inmigrante-creo-una-empresa-y-asi-freno-su-deportacion\\\/orgullo-latino\\\/#breadcrumb\"},\"inLanguage\":\"en-US\",\"potentialAction\":[{\"@type\":\"ReadAction\",\"target\":[\"https:\\\/\\\/accesolatino.org\\\/inmigrante-creo-una-empresa-y-asi-freno-su-deportacion\\\/orgullo-latino\\\/\"]}]},{\"@type\":\"ImageObject\",\"inLanguage\":\"en-US\",\"@id\":\"https:\\\/\\\/accesolatino.org\\\/inmigrante-creo-una-empresa-y-asi-freno-su-deportacion\\\/orgullo-latino\\\/#primaryimage\",\"url\":\"https:\\\/\\\/accesolatino.org\\\/wp-content\\\/uploads\\\/2017\\\/09\\\/Inmigrante-creo-una-empresa-y-asi-freno-su-deportacion.jpg\",\"contentUrl\":\"https:\\\/\\\/accesolatino.org\\\/wp-content\\\/uploads\\\/2017\\\/09\\\/Inmigrante-creo-una-empresa-y-asi-freno-su-deportacion.jpg\",\"width\":\"600\",\"height\":\"422\",\"caption\":\"Inmigrante-creo-una-empresa-y-asi-freno-su-deportacion\"},{\"@type\":\"BreadcrumbList\",\"@id\":\"https:\\\/\\\/accesolatino.org\\\/inmigrante-creo-una-empresa-y-asi-freno-su-deportacion\\\/orgullo-latino\\\/#breadcrumb\",\"itemListElement\":[{\"@type\":\"ListItem\",\"position\":1,\"name\":\"Portada\",\"item\":\"https:\\\/\\\/accesolatino.org\\\/\"},{\"@type\":\"ListItem\",\"position\":2,\"name\":\"Orgullo Latino\",\"item\":\"https:\\\/\\\/accesolatino.org\\\/category\\\/orgullo-latino\\\/\"},{\"@type\":\"ListItem\",\"position\":3,\"name\":\"Inmigrante cre\u00f3 una empresa y as\u00ed fren\u00f3 su deportaci\u00f3n\"}]},{\"@type\":\"WebSite\",\"@id\":\"https:\\\/\\\/accesolatino.org\\\/#website\",\"url\":\"https:\\\/\\\/accesolatino.org\\\/\",\"name\":\"Acceso Latino | Fundaci\u00f3n Carlos Slim\",\"description\":\"Fundaci\u00f3n Carlos Slim\",\"publisher\":{\"@id\":\"https:\\\/\\\/accesolatino.org\\\/#organization\"},\"potentialAction\":[{\"@type\":\"SearchAction\",\"target\":{\"@type\":\"EntryPoint\",\"urlTemplate\":\"https:\\\/\\\/accesolatino.org\\\/?s={search_term_string}\"},\"query-input\":{\"@type\":\"PropertyValueSpecification\",\"valueRequired\":true,\"valueName\":\"search_term_string\"}}],\"inLanguage\":\"en-US\"},{\"@type\":\"Organization\",\"@id\":\"https:\\\/\\\/accesolatino.org\\\/#organization\",\"name\":\"Acceso Latino | Fundaci\u00f3n Carlos Slim\",\"url\":\"https:\\\/\\\/accesolatino.org\\\/\",\"logo\":{\"@type\":\"ImageObject\",\"inLanguage\":\"en-US\",\"@id\":\"https:\\\/\\\/accesolatino.org\\\/#\\\/schema\\\/logo\\\/image\\\/\",\"url\":\"https:\\\/\\\/accesolatino.org\\\/wp-content\\\/uploads\\\/2021\\\/02\\\/logo-footer-acceso-latino.png\",\"contentUrl\":\"https:\\\/\\\/accesolatino.org\\\/wp-content\\\/uploads\\\/2021\\\/02\\\/logo-footer-acceso-latino.png\",\"width\":240,\"height\":40,\"caption\":\"Acceso Latino | Fundaci\u00f3n Carlos Slim\"},\"image\":{\"@id\":\"https:\\\/\\\/accesolatino.org\\\/#\\\/schema\\\/logo\\\/image\\\/\"},\"sameAs\":[\"https:\\\/\\\/www.facebook.com\\\/AccesoLatinoOrg\",\"https:\\\/\\\/x.com\\\/FAccLatino\"]},{\"@type\":\"Person\",\"@id\":\"https:\\\/\\\/accesolatino.org\\\/#\\\/schema\\\/person\\\/10763acf0565833da11d915ac8549efd\",\"name\":\"admin\"}]}<\/script>\n<!-- \/ Yoast SEO plugin. -->","yoast_head_json":{"title":"Inmigrante cre\u00f3 una empresa y as\u00ed fren\u00f3 su deportaci\u00f3n - Acceso Latino","description":"A pesar estar sin documentos y tener una orden de deportaci\u00f3n en su contra, asumi\u00f3 el reto de fundar su propia empresa de aire acondicionado y calefacci\u00f3n","robots":{"index":"index","follow":"follow","max-snippet":"max-snippet:-1","max-image-preview":"max-image-preview:large","max-video-preview":"max-video-preview:-1"},"canonical":"https:\/\/accesolatino.org\/en\/inmigrante-creo-una-empresa-y-asi-freno-su-deportacion\/orgullo-latino\/","og_locale":"en_US","og_type":"article","og_title":"Inmigrante cre\u00f3 una empresa y as\u00ed fren\u00f3 su deportaci\u00f3n - Acceso Latino","og_description":"A pesar estar sin documentos y tener una orden de deportaci\u00f3n en su contra, asumi\u00f3 el reto de fundar su propia empresa de aire acondicionado y calefacci\u00f3n","og_url":"https:\/\/accesolatino.org\/en\/inmigrante-creo-una-empresa-y-asi-freno-su-deportacion\/orgullo-latino\/","og_site_name":"Acceso Latino","article_publisher":"https:\/\/www.facebook.com\/AccesoLatinoOrg","article_published_time":"2017-09-26T15:44:00+00:00","article_modified_time":"2025-10-27T20:23:05+00:00","og_image":[{"width":600,"height":422,"url":"https:\/\/accesolatino.org\/wp-content\/uploads\/2017\/09\/Inmigrante-creo-una-empresa-y-asi-freno-su-deportacion.jpg","type":"image\/jpeg"}],"author":"admin","twitter_card":"summary_large_image","twitter_creator":"@FAccLatino","twitter_site":"@FAccLatino","twitter_misc":{"Written by":"admin","Est. reading time":"3 minutes"},"schema":{"@context":"https:\/\/schema.org","@graph":[{"@type":"Article","@id":"https:\/\/accesolatino.org\/inmigrante-creo-una-empresa-y-asi-freno-su-deportacion\/orgullo-latino\/#article","isPartOf":{"@id":"https:\/\/accesolatino.org\/inmigrante-creo-una-empresa-y-asi-freno-su-deportacion\/orgullo-latino\/"},"author":{"name":"admin","@id":"https:\/\/accesolatino.org\/#\/schema\/person\/10763acf0565833da11d915ac8549efd"},"headline":"Inmigrante cre\u00f3 una empresa y as\u00ed fren\u00f3 su deportaci\u00f3n","datePublished":"2017-09-26T15:44:00+00:00","dateModified":"2025-10-27T20:23:05+00:00","mainEntityOfPage":{"@id":"https:\/\/accesolatino.org\/inmigrante-creo-una-empresa-y-asi-freno-su-deportacion\/orgullo-latino\/"},"wordCount":640,"commentCount":0,"publisher":{"@id":"https:\/\/accesolatino.org\/#organization"},"image":{"@id":"https:\/\/accesolatino.org\/inmigrante-creo-una-empresa-y-asi-freno-su-deportacion\/orgullo-latino\/#primaryimage"},"thumbnailUrl":"https:\/\/accesolatino.org\/wp-content\/uploads\/2017\/09\/Inmigrante-creo-una-empresa-y-asi-freno-su-deportacion.jpg","articleSection":["Orgullo Latino"],"inLanguage":"en-US","potentialAction":[{"@type":"CommentAction","name":"Comment","target":["https:\/\/accesolatino.org\/inmigrante-creo-una-empresa-y-asi-freno-su-deportacion\/orgullo-latino\/#respond"]}]},{"@type":"WebPage","@id":"https:\/\/accesolatino.org\/inmigrante-creo-una-empresa-y-asi-freno-su-deportacion\/orgullo-latino\/","url":"https:\/\/accesolatino.org\/inmigrante-creo-una-empresa-y-asi-freno-su-deportacion\/orgullo-latino\/","name":"Inmigrante cre\u00f3 una empresa y as\u00ed fren\u00f3 su deportaci\u00f3n - Acceso Latino","isPartOf":{"@id":"https:\/\/accesolatino.org\/#website"},"primaryImageOfPage":{"@id":"https:\/\/accesolatino.org\/inmigrante-creo-una-empresa-y-asi-freno-su-deportacion\/orgullo-latino\/#primaryimage"},"image":{"@id":"https:\/\/accesolatino.org\/inmigrante-creo-una-empresa-y-asi-freno-su-deportacion\/orgullo-latino\/#primaryimage"},"thumbnailUrl":"https:\/\/accesolatino.org\/wp-content\/uploads\/2017\/09\/Inmigrante-creo-una-empresa-y-asi-freno-su-deportacion.jpg","datePublished":"2017-09-26T15:44:00+00:00","dateModified":"2025-10-27T20:23:05+00:00","description":"A pesar estar sin documentos y tener una orden de deportaci\u00f3n en su contra, asumi\u00f3 el reto de fundar su propia empresa de aire acondicionado y calefacci\u00f3n","breadcrumb":{"@id":"https:\/\/accesolatino.org\/inmigrante-creo-una-empresa-y-asi-freno-su-deportacion\/orgullo-latino\/#breadcrumb"},"inLanguage":"en-US","potentialAction":[{"@type":"ReadAction","target":["https:\/\/accesolatino.org\/inmigrante-creo-una-empresa-y-asi-freno-su-deportacion\/orgullo-latino\/"]}]},{"@type":"ImageObject","inLanguage":"en-US","@id":"https:\/\/accesolatino.org\/inmigrante-creo-una-empresa-y-asi-freno-su-deportacion\/orgullo-latino\/#primaryimage","url":"https:\/\/accesolatino.org\/wp-content\/uploads\/2017\/09\/Inmigrante-creo-una-empresa-y-asi-freno-su-deportacion.jpg","contentUrl":"https:\/\/accesolatino.org\/wp-content\/uploads\/2017\/09\/Inmigrante-creo-una-empresa-y-asi-freno-su-deportacion.jpg","width":"600","height":"422","caption":"Inmigrante-creo-una-empresa-y-asi-freno-su-deportacion"},{"@type":"BreadcrumbList","@id":"https:\/\/accesolatino.org\/inmigrante-creo-una-empresa-y-asi-freno-su-deportacion\/orgullo-latino\/#breadcrumb","itemListElement":[{"@type":"ListItem","position":1,"name":"Portada","item":"https:\/\/accesolatino.org\/"},{"@type":"ListItem","position":2,"name":"Orgullo Latino","item":"https:\/\/accesolatino.org\/category\/orgullo-latino\/"},{"@type":"ListItem","position":3,"name":"Inmigrante cre\u00f3 una empresa y as\u00ed fren\u00f3 su deportaci\u00f3n"}]},{"@type":"WebSite","@id":"https:\/\/accesolatino.org\/#website","url":"https:\/\/accesolatino.org\/","name":"Acceso Latino | Fundaci\u00f3n Carlos Slim","description":"Fundaci\u00f3n Carlos Slim","publisher":{"@id":"https:\/\/accesolatino.org\/#organization"},"potentialAction":[{"@type":"SearchAction","target":{"@type":"EntryPoint","urlTemplate":"https:\/\/accesolatino.org\/?s={search_term_string}"},"query-input":{"@type":"PropertyValueSpecification","valueRequired":true,"valueName":"search_term_string"}}],"inLanguage":"en-US"},{"@type":"Organization","@id":"https:\/\/accesolatino.org\/#organization","name":"Acceso Latino | Fundaci\u00f3n Carlos Slim","url":"https:\/\/accesolatino.org\/","logo":{"@type":"ImageObject","inLanguage":"en-US","@id":"https:\/\/accesolatino.org\/#\/schema\/logo\/image\/","url":"https:\/\/accesolatino.org\/wp-content\/uploads\/2021\/02\/logo-footer-acceso-latino.png","contentUrl":"https:\/\/accesolatino.org\/wp-content\/uploads\/2021\/02\/logo-footer-acceso-latino.png","width":240,"height":40,"caption":"Acceso Latino | Fundaci\u00f3n Carlos Slim"},"image":{"@id":"https:\/\/accesolatino.org\/#\/schema\/logo\/image\/"},"sameAs":["https:\/\/www.facebook.com\/AccesoLatinoOrg","https:\/\/x.com\/FAccLatino"]},{"@type":"Person","@id":"https:\/\/accesolatino.org\/#\/schema\/person\/10763acf0565833da11d915ac8549efd","name":"admin"}]}},"_links":{"self":[{"href":"https:\/\/accesolatino.org\/en\/wp-json\/wp\/v2\/posts\/10381","targetHints":{"allow":["GET"]}}],"collection":[{"href":"https:\/\/accesolatino.org\/en\/wp-json\/wp\/v2\/posts"}],"about":[{"href":"https:\/\/accesolatino.org\/en\/wp-json\/wp\/v2\/types\/post"}],"author":[{"embeddable":true,"href":"https:\/\/accesolatino.org\/en\/wp-json\/wp\/v2\/users\/1"}],"replies":[{"embeddable":true,"href":"https:\/\/accesolatino.org\/en\/wp-json\/wp\/v2\/comments?post=10381"}],"version-history":[{"count":1,"href":"https:\/\/accesolatino.org\/en\/wp-json\/wp\/v2\/posts\/10381\/revisions"}],"predecessor-version":[{"id":66883,"href":"https:\/\/accesolatino.org\/en\/wp-json\/wp\/v2\/posts\/10381\/revisions\/66883"}],"wp:featuredmedia":[{"embeddable":true,"href":"https:\/\/accesolatino.org\/en\/wp-json\/wp\/v2\/media\/10382"}],"wp:attachment":[{"href":"https:\/\/accesolatino.org\/en\/wp-json\/wp\/v2\/media?parent=10381"}],"wp:term":[{"taxonomy":"category","embeddable":true,"href":"https:\/\/accesolatino.org\/en\/wp-json\/wp\/v2\/categories?post=10381"},{"taxonomy":"post_tag","embeddable":true,"href":"https:\/\/accesolatino.org\/en\/wp-json\/wp\/v2\/tags?post=10381"}],"curies":[{"name":"wp","href":"https:\/\/api.w.org\/{rel}","templated":true}]}}