{"id":10261,"date":"2017-09-11T15:19:12","date_gmt":"2017-09-11T20:19:12","guid":{"rendered":"https:\/\/accesolatino.org\/?p=10261"},"modified":"2025-10-27T14:29:21","modified_gmt":"2025-10-27T20:29:21","slug":"inmigrantes-hispanos-de-exito-50-anos-de-cafe-cubano-en-los-angeles","status":"publish","type":"post","link":"https:\/\/accesolatino.org\/en\/inmigrantes-hispanos-de-exito-50-anos-de-cafe-cubano-en-los-angeles\/orgullo-latino\/","title":{"rendered":"Inmigrantes hispanos de \u00e9xito: 50 a\u00f1os de caf\u00e9 cubano en Los \u00c1ngeles"},"content":{"rendered":"<p>&#8220;Don Francisco Coffee&#8221; Casa Cubana abre sus puertas en LA orgullosos de sus ra\u00edces<\/p>\n<p>Esta semana se ha inaugurado en el coraz\u00f3n de Los \u00c1ngeles, en la galer\u00eda comercial situada entre la calle 6th y Broadway, \u201cDon Francisco Coffee\u201d Casa Cubana, un peque\u00f1o oasis para los amantes del buen caf\u00e9 y de la culinaria cubana; adem\u00e1s de un ejemplo de \u00e9xito entre la comunidad inmigrante e hispana, parad\u00f3jicamente, el mismo d\u00eda que el presidente de Estados Unidos amenaza con acabar con el salvavidas DACA.<\/p>\n<p>La familia Gavi\u00f1a, con 50 a\u00f1os a sus espaldas dedicados a ofrecer caf\u00e9 de calidad en suelo americano, es quien se encuentra detr\u00e1s de este proyecto. \u201cMis abuelos salieron de Cuba por razones pol\u00edticas, con cuatro hijos que quer\u00edan educar y criar\u201d, cuenta en exclusiva a La Opini\u00f3n Lisette Gavi\u00f1a, nieta de Don Francisco, \u201cen 1967 compraron un tostador peque\u00f1o en San Diego y regresaron al negocio envasando caf\u00e9 para la comunidad cubana y vietnamita de Los \u00c1ngeles\u201d.<\/p>\n<p>Su abuelo Don Francisco recomenz\u00f3 su vida \u201cde cero\u201d a los 60 a\u00f1os, como le gusta especificar a Lisette, en un pa\u00eds del que lo desconoc\u00eda todo y gracias a un peque\u00f1o negocio familiar de 1,100 pies cuadrados. Hoy dan empleo a m\u00e1s de 200 trabajadores entre esta cafeter\u00eda y su principal empresa de envasado de caf\u00e9 para otras marcas como McDonald y Porto\u2019s.<\/p>\n<p>Leonor Gavi\u00f1a, hija de Don Francisco, reconoce emocionada que la piedra angular de su negocio, y tambi\u00e9n de su \u00e9xito durante estas cinco d\u00e9cadas es la \u201cfuerte unidad familiar\u201d y la calidad de sus productos. \u201cLa calidad es la \u00fanica forma mediante la que podemos avanzar porque no somos grandes. El caf\u00e9 aqu\u00ed est\u00e1 hecho con amor, de coraz\u00f3n, y tambi\u00e9n tenemos unas baristas que son espectaculares\u201d, afirma.<\/p>\n<p>La marca de caf\u00e9 Don Francisco se cre\u00f3 en 1884, y hoy constituye un referente de caf\u00e9 de calidad que se puede encontrar en casi cualquier supermercado. Adem\u00e1s de caf\u00e9 cubano, en este nuevo establecimiento tambi\u00e9n tostan y venden semillas de caf\u00e9 procedentes de otros pa\u00edses latinoamericanos como Guatemala, Panam\u00e1, M\u00e9xico y, por supuesto, Colombia.<\/p>\n<p>Y para quienes no son demasiado cafeteros pero s\u00ed que les gusta comer bien, en Don Francisco Coffee pueden degustar platos tradicionalmente cubanos como pastelitos de carne, s\u00e1ndwiches de ropa vieja y Elena Ruz (mermelada de fresa con pavo) y dulces caseros como pudding de pan o pastelitos de guayaba y queso; todo acompa\u00f1ado de vino, cerveza, y claro est\u00e1, mucho caf\u00e9.<\/p>\n<p><em>Fuente: La Raza<\/em><\/p>","protected":false},"excerpt":{"rendered":"<p>&#8220;Don Francisco Coffee&#8221; Casa Cubana abre sus puertas en LA orgullosos de sus ra\u00edces Esta semana se ha inaugurado en el coraz\u00f3n de Los \u00c1ngeles, en la galer\u00eda comercial situada entre la calle 6th y Broadway, \u201cDon Francisco Coffee\u201d Casa Cubana, un peque\u00f1o oasis para los amantes del buen caf\u00e9 y de la culinaria cubana; adem\u00e1s de un ejemplo de \u00e9xito entre la comunidad inmigrante e hispana, parad\u00f3jicamente, el mismo d\u00eda que el presidente de Estados Unidos amenaza con acabar con el salvavidas DACA. La familia Gavi\u00f1a, con 50 a\u00f1os a sus espaldas dedicados a ofrecer caf\u00e9 de calidad en suelo americano, es quien se encuentra detr\u00e1s de este proyecto. \u201cMis abuelos salieron de Cuba por razones pol\u00edticas, con cuatro hijos que quer\u00edan educar y criar\u201d, cuenta en exclusiva a La Opini\u00f3n Lisette Gavi\u00f1a, nieta de Don Francisco, \u201cen 1967 compraron un tostador peque\u00f1o en San Diego y regresaron al negocio envasando caf\u00e9 para la comunidad cubana y vietnamita de Los \u00c1ngeles\u201d. Su abuelo Don Francisco recomenz\u00f3 su vida \u201cde cero\u201d a los 60 a\u00f1os, como le gusta especificar a Lisette, en un pa\u00eds del que lo desconoc\u00eda todo y gracias a un peque\u00f1o negocio familiar de 1,100 pies cuadrados. Hoy dan empleo a m\u00e1s de 200 trabajadores entre esta cafeter\u00eda y su principal empresa de envasado de caf\u00e9 para otras marcas como McDonald y Porto\u2019s. Leonor Gavi\u00f1a, hija de Don Francisco, reconoce emocionada que la piedra angular de su negocio, y tambi\u00e9n de su \u00e9xito durante estas cinco d\u00e9cadas es la \u201cfuerte unidad familiar\u201d y la calidad de sus productos. \u201cLa calidad es la \u00fanica forma mediante la que podemos avanzar porque no somos grandes. El caf\u00e9 aqu\u00ed est\u00e1 hecho con amor, de coraz\u00f3n, y tambi\u00e9n tenemos unas baristas que son espectaculares\u201d, afirma. La marca de caf\u00e9 Don Francisco se cre\u00f3 en 1884, y hoy constituye un referente de caf\u00e9 de calidad que se puede encontrar en casi cualquier supermercado. Adem\u00e1s de caf\u00e9 cubano, en este nuevo establecimiento tambi\u00e9n tostan y venden semillas de caf\u00e9 procedentes de otros pa\u00edses latinoamericanos como Guatemala, Panam\u00e1, M\u00e9xico y, por supuesto, Colombia. Y para quienes no son demasiado cafeteros pero s\u00ed que les gusta comer bien, en Don Francisco Coffee pueden degustar platos tradicionalmente cubanos como pastelitos de carne, s\u00e1ndwiches de ropa vieja y Elena Ruz (mermelada de fresa con pavo) y dulces caseros como pudding de pan o pastelitos de guayaba y queso; todo acompa\u00f1ado de vino, cerveza, y claro est\u00e1, mucho caf\u00e9. Fuente: La Raza<\/p>","protected":false},"author":1,"featured_media":10262,"comment_status":"open","ping_status":"open","sticky":false,"template":"elementor_header_footer","format":"standard","meta":{"_uf_show_specific_survey":0,"_uf_disable_surveys":false,"footnotes":""},"categories":[9],"tags":[],"class_list":["post-10261","post","type-post","status-publish","format-standard","has-post-thumbnail","hentry","category-orgullo-latino"],"aioseo_notices":[],"yoast_head":"<!-- This site is optimized with the Yoast SEO plugin v27.5 - https:\/\/yoast.com\/product\/yoast-seo-wordpress\/ -->\n<title>Inmigrantes hispanos de \u00e9xito: 50 a\u00f1os de caf\u00e9 cubano en Los \u00c1ngeles<\/title>\n<meta name=\"description\" content=\"&quot;Don Francisco Coffee&quot; Casa Cubana abre sus puertas en LA orgullosos de sus ra\u00edces\" \/>\n<meta name=\"robots\" content=\"index, follow, max-snippet:-1, max-image-preview:large, max-video-preview:-1\" \/>\n<link rel=\"canonical\" href=\"https:\/\/accesolatino.org\/en\/inmigrantes-hispanos-de-exito-50-anos-de-cafe-cubano-en-los-angeles\/orgullo-latino\/\" \/>\n<meta property=\"og:locale\" content=\"en_US\" \/>\n<meta property=\"og:type\" content=\"article\" \/>\n<meta property=\"og:title\" content=\"Inmigrantes hispanos de \u00e9xito: 50 a\u00f1os de caf\u00e9 cubano en Los \u00c1ngeles\" \/>\n<meta property=\"og:description\" content=\"&quot;Don Francisco Coffee&quot; Casa Cubana abre sus puertas en LA orgullosos de sus ra\u00edces\" \/>\n<meta property=\"og:url\" content=\"https:\/\/accesolatino.org\/en\/inmigrantes-hispanos-de-exito-50-anos-de-cafe-cubano-en-los-angeles\/orgullo-latino\/\" \/>\n<meta property=\"og:site_name\" content=\"Acceso Latino\" \/>\n<meta property=\"article:publisher\" content=\"https:\/\/www.facebook.com\/AccesoLatinoOrg\" \/>\n<meta property=\"article:published_time\" content=\"2017-09-11T20:19:12+00:00\" \/>\n<meta property=\"article:modified_time\" content=\"2025-10-27T20:29:21+00:00\" \/>\n<meta property=\"og:image\" content=\"https:\/\/accesolatino.org\/wp-content\/uploads\/2017\/09\/Inmigrantes-hispanos-de-exito-50-anos-de-cafe-cubano-en-Los-Angeles.jpg\" \/>\n\t<meta property=\"og:image:width\" content=\"600\" \/>\n\t<meta property=\"og:image:height\" content=\"400\" \/>\n\t<meta property=\"og:image:type\" content=\"image\/jpeg\" \/>\n<meta name=\"author\" content=\"admin\" \/>\n<meta name=\"twitter:card\" content=\"summary_large_image\" \/>\n<meta name=\"twitter:creator\" content=\"@FAccLatino\" \/>\n<meta name=\"twitter:site\" content=\"@FAccLatino\" \/>\n<meta name=\"twitter:label1\" content=\"Written by\" \/>\n\t<meta name=\"twitter:data1\" content=\"admin\" \/>\n\t<meta name=\"twitter:label2\" content=\"Est. reading time\" \/>\n\t<meta name=\"twitter:data2\" content=\"3 minutes\" \/>\n<script type=\"application\/ld+json\" class=\"yoast-schema-graph\">{\"@context\":\"https:\\\/\\\/schema.org\",\"@graph\":[{\"@type\":\"Article\",\"@id\":\"https:\\\/\\\/accesolatino.org\\\/inmigrantes-hispanos-de-exito-50-anos-de-cafe-cubano-en-los-angeles\\\/orgullo-latino\\\/#article\",\"isPartOf\":{\"@id\":\"https:\\\/\\\/accesolatino.org\\\/inmigrantes-hispanos-de-exito-50-anos-de-cafe-cubano-en-los-angeles\\\/orgullo-latino\\\/\"},\"author\":{\"name\":\"admin\",\"@id\":\"https:\\\/\\\/accesolatino.org\\\/#\\\/schema\\\/person\\\/10763acf0565833da11d915ac8549efd\"},\"headline\":\"Inmigrantes hispanos de \u00e9xito: 50 a\u00f1os de caf\u00e9 cubano en Los \u00c1ngeles\",\"datePublished\":\"2017-09-11T20:19:12+00:00\",\"dateModified\":\"2025-10-27T20:29:21+00:00\",\"mainEntityOfPage\":{\"@id\":\"https:\\\/\\\/accesolatino.org\\\/inmigrantes-hispanos-de-exito-50-anos-de-cafe-cubano-en-los-angeles\\\/orgullo-latino\\\/\"},\"wordCount\":453,\"commentCount\":0,\"publisher\":{\"@id\":\"https:\\\/\\\/accesolatino.org\\\/#organization\"},\"image\":{\"@id\":\"https:\\\/\\\/accesolatino.org\\\/inmigrantes-hispanos-de-exito-50-anos-de-cafe-cubano-en-los-angeles\\\/orgullo-latino\\\/#primaryimage\"},\"thumbnailUrl\":\"https:\\\/\\\/accesolatino.org\\\/wp-content\\\/uploads\\\/2017\\\/09\\\/Inmigrantes-hispanos-de-exito-50-anos-de-cafe-cubano-en-Los-Angeles.jpg\",\"articleSection\":[\"Orgullo Latino\"],\"inLanguage\":\"en-US\",\"potentialAction\":[{\"@type\":\"CommentAction\",\"name\":\"Comment\",\"target\":[\"https:\\\/\\\/accesolatino.org\\\/inmigrantes-hispanos-de-exito-50-anos-de-cafe-cubano-en-los-angeles\\\/orgullo-latino\\\/#respond\"]}]},{\"@type\":\"WebPage\",\"@id\":\"https:\\\/\\\/accesolatino.org\\\/inmigrantes-hispanos-de-exito-50-anos-de-cafe-cubano-en-los-angeles\\\/orgullo-latino\\\/\",\"url\":\"https:\\\/\\\/accesolatino.org\\\/inmigrantes-hispanos-de-exito-50-anos-de-cafe-cubano-en-los-angeles\\\/orgullo-latino\\\/\",\"name\":\"Inmigrantes hispanos de \u00e9xito: 50 a\u00f1os de caf\u00e9 cubano en Los \u00c1ngeles\",\"isPartOf\":{\"@id\":\"https:\\\/\\\/accesolatino.org\\\/#website\"},\"primaryImageOfPage\":{\"@id\":\"https:\\\/\\\/accesolatino.org\\\/inmigrantes-hispanos-de-exito-50-anos-de-cafe-cubano-en-los-angeles\\\/orgullo-latino\\\/#primaryimage\"},\"image\":{\"@id\":\"https:\\\/\\\/accesolatino.org\\\/inmigrantes-hispanos-de-exito-50-anos-de-cafe-cubano-en-los-angeles\\\/orgullo-latino\\\/#primaryimage\"},\"thumbnailUrl\":\"https:\\\/\\\/accesolatino.org\\\/wp-content\\\/uploads\\\/2017\\\/09\\\/Inmigrantes-hispanos-de-exito-50-anos-de-cafe-cubano-en-Los-Angeles.jpg\",\"datePublished\":\"2017-09-11T20:19:12+00:00\",\"dateModified\":\"2025-10-27T20:29:21+00:00\",\"description\":\"\\\"Don Francisco Coffee\\\" Casa Cubana abre sus puertas en LA orgullosos de sus ra\u00edces\",\"breadcrumb\":{\"@id\":\"https:\\\/\\\/accesolatino.org\\\/inmigrantes-hispanos-de-exito-50-anos-de-cafe-cubano-en-los-angeles\\\/orgullo-latino\\\/#breadcrumb\"},\"inLanguage\":\"en-US\",\"potentialAction\":[{\"@type\":\"ReadAction\",\"target\":[\"https:\\\/\\\/accesolatino.org\\\/inmigrantes-hispanos-de-exito-50-anos-de-cafe-cubano-en-los-angeles\\\/orgullo-latino\\\/\"]}]},{\"@type\":\"ImageObject\",\"inLanguage\":\"en-US\",\"@id\":\"https:\\\/\\\/accesolatino.org\\\/inmigrantes-hispanos-de-exito-50-anos-de-cafe-cubano-en-los-angeles\\\/orgullo-latino\\\/#primaryimage\",\"url\":\"https:\\\/\\\/accesolatino.org\\\/wp-content\\\/uploads\\\/2017\\\/09\\\/Inmigrantes-hispanos-de-exito-50-anos-de-cafe-cubano-en-Los-Angeles.jpg\",\"contentUrl\":\"https:\\\/\\\/accesolatino.org\\\/wp-content\\\/uploads\\\/2017\\\/09\\\/Inmigrantes-hispanos-de-exito-50-anos-de-cafe-cubano-en-Los-Angeles.jpg\",\"width\":\"600\",\"height\":\"400\",\"caption\":\"Inmigrantes-hispanos-de-exito-50-anos-de-cafe-cubano-en-Los-Angeles\"},{\"@type\":\"BreadcrumbList\",\"@id\":\"https:\\\/\\\/accesolatino.org\\\/inmigrantes-hispanos-de-exito-50-anos-de-cafe-cubano-en-los-angeles\\\/orgullo-latino\\\/#breadcrumb\",\"itemListElement\":[{\"@type\":\"ListItem\",\"position\":1,\"name\":\"Portada\",\"item\":\"https:\\\/\\\/accesolatino.org\\\/\"},{\"@type\":\"ListItem\",\"position\":2,\"name\":\"Orgullo Latino\",\"item\":\"https:\\\/\\\/accesolatino.org\\\/category\\\/orgullo-latino\\\/\"},{\"@type\":\"ListItem\",\"position\":3,\"name\":\"Inmigrantes hispanos de \u00e9xito: 50 a\u00f1os de caf\u00e9 cubano en Los \u00c1ngeles\"}]},{\"@type\":\"WebSite\",\"@id\":\"https:\\\/\\\/accesolatino.org\\\/#website\",\"url\":\"https:\\\/\\\/accesolatino.org\\\/\",\"name\":\"Acceso Latino | Fundaci\u00f3n Carlos Slim\",\"description\":\"Fundaci\u00f3n Carlos Slim\",\"publisher\":{\"@id\":\"https:\\\/\\\/accesolatino.org\\\/#organization\"},\"potentialAction\":[{\"@type\":\"SearchAction\",\"target\":{\"@type\":\"EntryPoint\",\"urlTemplate\":\"https:\\\/\\\/accesolatino.org\\\/?s={search_term_string}\"},\"query-input\":{\"@type\":\"PropertyValueSpecification\",\"valueRequired\":true,\"valueName\":\"search_term_string\"}}],\"inLanguage\":\"en-US\"},{\"@type\":\"Organization\",\"@id\":\"https:\\\/\\\/accesolatino.org\\\/#organization\",\"name\":\"Acceso Latino | Fundaci\u00f3n Carlos Slim\",\"url\":\"https:\\\/\\\/accesolatino.org\\\/\",\"logo\":{\"@type\":\"ImageObject\",\"inLanguage\":\"en-US\",\"@id\":\"https:\\\/\\\/accesolatino.org\\\/#\\\/schema\\\/logo\\\/image\\\/\",\"url\":\"https:\\\/\\\/accesolatino.org\\\/wp-content\\\/uploads\\\/2021\\\/02\\\/logo-footer-acceso-latino.png\",\"contentUrl\":\"https:\\\/\\\/accesolatino.org\\\/wp-content\\\/uploads\\\/2021\\\/02\\\/logo-footer-acceso-latino.png\",\"width\":240,\"height\":40,\"caption\":\"Acceso Latino | Fundaci\u00f3n Carlos Slim\"},\"image\":{\"@id\":\"https:\\\/\\\/accesolatino.org\\\/#\\\/schema\\\/logo\\\/image\\\/\"},\"sameAs\":[\"https:\\\/\\\/www.facebook.com\\\/AccesoLatinoOrg\",\"https:\\\/\\\/x.com\\\/FAccLatino\"]},{\"@type\":\"Person\",\"@id\":\"https:\\\/\\\/accesolatino.org\\\/#\\\/schema\\\/person\\\/10763acf0565833da11d915ac8549efd\",\"name\":\"admin\"}]}<\/script>\n<!-- \/ Yoast SEO plugin. -->","yoast_head_json":{"title":"Inmigrantes hispanos de \u00e9xito: 50 a\u00f1os de caf\u00e9 cubano en Los \u00c1ngeles","description":"\"Don Francisco Coffee\" Casa Cubana abre sus puertas en LA orgullosos de sus ra\u00edces","robots":{"index":"index","follow":"follow","max-snippet":"max-snippet:-1","max-image-preview":"max-image-preview:large","max-video-preview":"max-video-preview:-1"},"canonical":"https:\/\/accesolatino.org\/en\/inmigrantes-hispanos-de-exito-50-anos-de-cafe-cubano-en-los-angeles\/orgullo-latino\/","og_locale":"en_US","og_type":"article","og_title":"Inmigrantes hispanos de \u00e9xito: 50 a\u00f1os de caf\u00e9 cubano en Los \u00c1ngeles","og_description":"\"Don Francisco Coffee\" Casa Cubana abre sus puertas en LA orgullosos de sus ra\u00edces","og_url":"https:\/\/accesolatino.org\/en\/inmigrantes-hispanos-de-exito-50-anos-de-cafe-cubano-en-los-angeles\/orgullo-latino\/","og_site_name":"Acceso Latino","article_publisher":"https:\/\/www.facebook.com\/AccesoLatinoOrg","article_published_time":"2017-09-11T20:19:12+00:00","article_modified_time":"2025-10-27T20:29:21+00:00","og_image":[{"width":600,"height":400,"url":"https:\/\/accesolatino.org\/wp-content\/uploads\/2017\/09\/Inmigrantes-hispanos-de-exito-50-anos-de-cafe-cubano-en-Los-Angeles.jpg","type":"image\/jpeg"}],"author":"admin","twitter_card":"summary_large_image","twitter_creator":"@FAccLatino","twitter_site":"@FAccLatino","twitter_misc":{"Written by":"admin","Est. reading time":"3 minutes"},"schema":{"@context":"https:\/\/schema.org","@graph":[{"@type":"Article","@id":"https:\/\/accesolatino.org\/inmigrantes-hispanos-de-exito-50-anos-de-cafe-cubano-en-los-angeles\/orgullo-latino\/#article","isPartOf":{"@id":"https:\/\/accesolatino.org\/inmigrantes-hispanos-de-exito-50-anos-de-cafe-cubano-en-los-angeles\/orgullo-latino\/"},"author":{"name":"admin","@id":"https:\/\/accesolatino.org\/#\/schema\/person\/10763acf0565833da11d915ac8549efd"},"headline":"Inmigrantes hispanos de \u00e9xito: 50 a\u00f1os de caf\u00e9 cubano en Los \u00c1ngeles","datePublished":"2017-09-11T20:19:12+00:00","dateModified":"2025-10-27T20:29:21+00:00","mainEntityOfPage":{"@id":"https:\/\/accesolatino.org\/inmigrantes-hispanos-de-exito-50-anos-de-cafe-cubano-en-los-angeles\/orgullo-latino\/"},"wordCount":453,"commentCount":0,"publisher":{"@id":"https:\/\/accesolatino.org\/#organization"},"image":{"@id":"https:\/\/accesolatino.org\/inmigrantes-hispanos-de-exito-50-anos-de-cafe-cubano-en-los-angeles\/orgullo-latino\/#primaryimage"},"thumbnailUrl":"https:\/\/accesolatino.org\/wp-content\/uploads\/2017\/09\/Inmigrantes-hispanos-de-exito-50-anos-de-cafe-cubano-en-Los-Angeles.jpg","articleSection":["Orgullo Latino"],"inLanguage":"en-US","potentialAction":[{"@type":"CommentAction","name":"Comment","target":["https:\/\/accesolatino.org\/inmigrantes-hispanos-de-exito-50-anos-de-cafe-cubano-en-los-angeles\/orgullo-latino\/#respond"]}]},{"@type":"WebPage","@id":"https:\/\/accesolatino.org\/inmigrantes-hispanos-de-exito-50-anos-de-cafe-cubano-en-los-angeles\/orgullo-latino\/","url":"https:\/\/accesolatino.org\/inmigrantes-hispanos-de-exito-50-anos-de-cafe-cubano-en-los-angeles\/orgullo-latino\/","name":"Inmigrantes hispanos de \u00e9xito: 50 a\u00f1os de caf\u00e9 cubano en Los \u00c1ngeles","isPartOf":{"@id":"https:\/\/accesolatino.org\/#website"},"primaryImageOfPage":{"@id":"https:\/\/accesolatino.org\/inmigrantes-hispanos-de-exito-50-anos-de-cafe-cubano-en-los-angeles\/orgullo-latino\/#primaryimage"},"image":{"@id":"https:\/\/accesolatino.org\/inmigrantes-hispanos-de-exito-50-anos-de-cafe-cubano-en-los-angeles\/orgullo-latino\/#primaryimage"},"thumbnailUrl":"https:\/\/accesolatino.org\/wp-content\/uploads\/2017\/09\/Inmigrantes-hispanos-de-exito-50-anos-de-cafe-cubano-en-Los-Angeles.jpg","datePublished":"2017-09-11T20:19:12+00:00","dateModified":"2025-10-27T20:29:21+00:00","description":"\"Don Francisco Coffee\" Casa Cubana abre sus puertas en LA orgullosos de sus ra\u00edces","breadcrumb":{"@id":"https:\/\/accesolatino.org\/inmigrantes-hispanos-de-exito-50-anos-de-cafe-cubano-en-los-angeles\/orgullo-latino\/#breadcrumb"},"inLanguage":"en-US","potentialAction":[{"@type":"ReadAction","target":["https:\/\/accesolatino.org\/inmigrantes-hispanos-de-exito-50-anos-de-cafe-cubano-en-los-angeles\/orgullo-latino\/"]}]},{"@type":"ImageObject","inLanguage":"en-US","@id":"https:\/\/accesolatino.org\/inmigrantes-hispanos-de-exito-50-anos-de-cafe-cubano-en-los-angeles\/orgullo-latino\/#primaryimage","url":"https:\/\/accesolatino.org\/wp-content\/uploads\/2017\/09\/Inmigrantes-hispanos-de-exito-50-anos-de-cafe-cubano-en-Los-Angeles.jpg","contentUrl":"https:\/\/accesolatino.org\/wp-content\/uploads\/2017\/09\/Inmigrantes-hispanos-de-exito-50-anos-de-cafe-cubano-en-Los-Angeles.jpg","width":"600","height":"400","caption":"Inmigrantes-hispanos-de-exito-50-anos-de-cafe-cubano-en-Los-Angeles"},{"@type":"BreadcrumbList","@id":"https:\/\/accesolatino.org\/inmigrantes-hispanos-de-exito-50-anos-de-cafe-cubano-en-los-angeles\/orgullo-latino\/#breadcrumb","itemListElement":[{"@type":"ListItem","position":1,"name":"Portada","item":"https:\/\/accesolatino.org\/"},{"@type":"ListItem","position":2,"name":"Orgullo Latino","item":"https:\/\/accesolatino.org\/category\/orgullo-latino\/"},{"@type":"ListItem","position":3,"name":"Inmigrantes hispanos de \u00e9xito: 50 a\u00f1os de caf\u00e9 cubano en Los \u00c1ngeles"}]},{"@type":"WebSite","@id":"https:\/\/accesolatino.org\/#website","url":"https:\/\/accesolatino.org\/","name":"Acceso Latino | Fundaci\u00f3n Carlos Slim","description":"Fundaci\u00f3n Carlos Slim","publisher":{"@id":"https:\/\/accesolatino.org\/#organization"},"potentialAction":[{"@type":"SearchAction","target":{"@type":"EntryPoint","urlTemplate":"https:\/\/accesolatino.org\/?s={search_term_string}"},"query-input":{"@type":"PropertyValueSpecification","valueRequired":true,"valueName":"search_term_string"}}],"inLanguage":"en-US"},{"@type":"Organization","@id":"https:\/\/accesolatino.org\/#organization","name":"Acceso Latino | Fundaci\u00f3n Carlos Slim","url":"https:\/\/accesolatino.org\/","logo":{"@type":"ImageObject","inLanguage":"en-US","@id":"https:\/\/accesolatino.org\/#\/schema\/logo\/image\/","url":"https:\/\/accesolatino.org\/wp-content\/uploads\/2021\/02\/logo-footer-acceso-latino.png","contentUrl":"https:\/\/accesolatino.org\/wp-content\/uploads\/2021\/02\/logo-footer-acceso-latino.png","width":240,"height":40,"caption":"Acceso Latino | Fundaci\u00f3n Carlos Slim"},"image":{"@id":"https:\/\/accesolatino.org\/#\/schema\/logo\/image\/"},"sameAs":["https:\/\/www.facebook.com\/AccesoLatinoOrg","https:\/\/x.com\/FAccLatino"]},{"@type":"Person","@id":"https:\/\/accesolatino.org\/#\/schema\/person\/10763acf0565833da11d915ac8549efd","name":"admin"}]}},"_links":{"self":[{"href":"https:\/\/accesolatino.org\/en\/wp-json\/wp\/v2\/posts\/10261","targetHints":{"allow":["GET"]}}],"collection":[{"href":"https:\/\/accesolatino.org\/en\/wp-json\/wp\/v2\/posts"}],"about":[{"href":"https:\/\/accesolatino.org\/en\/wp-json\/wp\/v2\/types\/post"}],"author":[{"embeddable":true,"href":"https:\/\/accesolatino.org\/en\/wp-json\/wp\/v2\/users\/1"}],"replies":[{"embeddable":true,"href":"https:\/\/accesolatino.org\/en\/wp-json\/wp\/v2\/comments?post=10261"}],"version-history":[{"count":1,"href":"https:\/\/accesolatino.org\/en\/wp-json\/wp\/v2\/posts\/10261\/revisions"}],"predecessor-version":[{"id":66908,"href":"https:\/\/accesolatino.org\/en\/wp-json\/wp\/v2\/posts\/10261\/revisions\/66908"}],"wp:featuredmedia":[{"embeddable":true,"href":"https:\/\/accesolatino.org\/en\/wp-json\/wp\/v2\/media\/10262"}],"wp:attachment":[{"href":"https:\/\/accesolatino.org\/en\/wp-json\/wp\/v2\/media?parent=10261"}],"wp:term":[{"taxonomy":"category","embeddable":true,"href":"https:\/\/accesolatino.org\/en\/wp-json\/wp\/v2\/categories?post=10261"},{"taxonomy":"post_tag","embeddable":true,"href":"https:\/\/accesolatino.org\/en\/wp-json\/wp\/v2\/tags?post=10261"}],"curies":[{"name":"wp","href":"https:\/\/api.w.org\/{rel}","templated":true}]}}