{"id":10187,"date":"2017-09-07T09:49:17","date_gmt":"2017-09-07T14:49:17","guid":{"rendered":"https:\/\/accesolatino.org\/?p=10187"},"modified":"2025-10-27T14:29:43","modified_gmt":"2025-10-27T20:29:43","slug":"monica-rodriguez-la-tercera-latina-concejal-en-toda-la-historia-de-los-angeles","status":"publish","type":"post","link":"https:\/\/accesolatino.org\/en\/monica-rodriguez-la-tercera-latina-concejal-en-toda-la-historia-de-los-angeles\/orgullo-latino\/","title":{"rendered":"M\u00f3nica Rodr\u00edguez, la tercera latina concejal en toda la historia de Los \u00c1ngeles"},"content":{"rendered":"<p>Sus prioridades: servicios b\u00e1sicos, desamparados, viviendas y empleos<\/p>\n<p>M\u00f3nica Rodr\u00edguez, hija de inmigrantes mexicanos prest\u00f3 juramento el 1 de julio como concejal de Los \u00c1ngeles, con lo que se convirti\u00f3 en la tercera latina en toda la historia de la Ciudad en servir en el Concejo.<\/p>\n<p>Adem\u00e1s su triunfo, hizo posible que por primera vez, dos latinas sirvan al mismo tiempo en el Concejo de la Ciudad.<\/p>\n<p>M\u00f3nica Rodr\u00edguez y Nury Mart\u00ednez son las \u00fanicas mujeres en un grupo de 15 concejales en el Concejo de Los \u00c1ngeles. La primera latina en ser concejal fue Gloria Molina en 1987 y dur\u00f3 hasta 1991. Martinez se convirti\u00f3 en la segunda en 2013; y Rodriguez es la tercera al ser electa este a\u00f1o.<\/p>\n<p>\u201cEstoy muy emocionada porque espero hacer un gran impacto. He vivido en el distrito 7 toda mi vida. Crec\u00ed en Arletta a un milla del Ayuntamiento de Pacoima y fui a la secundaria San Fernando. Esta es mi comunidad\u201d, recalca la nueva concejal.<\/p>\n<p>Con apenas dos semanas en funciones en el puesto, Rodr\u00edguez dice que los primeros d\u00edas, los ha dedicado a mejorar los servicios b\u00e1sicos en en su distrito que comprende el noreste del Valle de San Fernando.<\/p>\n<p>\u201cTenemos un distrito que no ha sido representado en los \u00faltimos diez meses. Como resultado hay mucho descuido. Y quiero que la comunidad sientan nuestra presencia. Por eso estamos trabajando muy duro\u201d, sostiene.<\/p>\n<p>Y hace ver que un ejemplo perfecto de que los residentes del distrito 7, va a tener un representante verdadero en el Cabildo, lo dio el jueves pasado cuando dedic\u00f3 el d\u00eda, a sostener reuniones uno a uno con varios de sus representados. \u201cPlaticamos acerca de los problemas en sus vecindarios. Ellos est\u00e1n frustrados y molestos porque no han tenido ninguna representaci\u00f3n\u201d, dice.<\/p>\n<p>A\u00f1ade incluso que les pregunt\u00f3 si su predecesor se reuni\u00f3 con ellos y le respondieron que no. \u201cQuiero decirles que yo soy diferente y que voy a estar ah\u00ed para ellos\u201d, remarca.<\/p>\n<p>La nueva concejal gan\u00f3 en una elecci\u00f3n muy re\u00f1ida. Por eso la pregunta obligada es si quienes apoyaron a su opositor, se pondr\u00e1n sentir en confianza para tocar las puertas de su oficina.<\/p>\n<p>\u201cEstoy aqu\u00ed para atender a todos y todas las preocupaciones. No tiene nada que ver por qui\u00e9n votaron. Es mi responsabilidad hacer el mejor trabajo posible\u201d, expone.<\/p>\n<p><em>Fuente: El Diario NY<\/em><\/p>","protected":false},"excerpt":{"rendered":"<p>Sus prioridades: servicios b\u00e1sicos, desamparados, viviendas y empleos M\u00f3nica Rodr\u00edguez, hija de inmigrantes mexicanos prest\u00f3 juramento el 1 de julio como concejal de Los \u00c1ngeles, con lo que se convirti\u00f3 en la tercera latina en toda la historia de la Ciudad en servir en el Concejo. Adem\u00e1s su triunfo, hizo posible que por primera vez, dos latinas sirvan al mismo tiempo en el Concejo de la Ciudad. M\u00f3nica Rodr\u00edguez y Nury Mart\u00ednez son las \u00fanicas mujeres en un grupo de 15 concejales en el Concejo de Los \u00c1ngeles. La primera latina en ser concejal fue Gloria Molina en 1987 y dur\u00f3 hasta 1991. Martinez se convirti\u00f3 en la segunda en 2013; y Rodriguez es la tercera al ser electa este a\u00f1o. \u201cEstoy muy emocionada porque espero hacer un gran impacto. He vivido en el distrito 7 toda mi vida. Crec\u00ed en Arletta a un milla del Ayuntamiento de Pacoima y fui a la secundaria San Fernando. Esta es mi comunidad\u201d, recalca la nueva concejal. Con apenas dos semanas en funciones en el puesto, Rodr\u00edguez dice que los primeros d\u00edas, los ha dedicado a mejorar los servicios b\u00e1sicos en en su distrito que comprende el noreste del Valle de San Fernando. \u201cTenemos un distrito que no ha sido representado en los \u00faltimos diez meses. Como resultado hay mucho descuido. Y quiero que la comunidad sientan nuestra presencia. Por eso estamos trabajando muy duro\u201d, sostiene. Y hace ver que un ejemplo perfecto de que los residentes del distrito 7, va a tener un representante verdadero en el Cabildo, lo dio el jueves pasado cuando dedic\u00f3 el d\u00eda, a sostener reuniones uno a uno con varios de sus representados. \u201cPlaticamos acerca de los problemas en sus vecindarios. Ellos est\u00e1n frustrados y molestos porque no han tenido ninguna representaci\u00f3n\u201d, dice. A\u00f1ade incluso que les pregunt\u00f3 si su predecesor se reuni\u00f3 con ellos y le respondieron que no. \u201cQuiero decirles que yo soy diferente y que voy a estar ah\u00ed para ellos\u201d, remarca. La nueva concejal gan\u00f3 en una elecci\u00f3n muy re\u00f1ida. Por eso la pregunta obligada es si quienes apoyaron a su opositor, se pondr\u00e1n sentir en confianza para tocar las puertas de su oficina. \u201cEstoy aqu\u00ed para atender a todos y todas las preocupaciones. No tiene nada que ver por qui\u00e9n votaron. Es mi responsabilidad hacer el mejor trabajo posible\u201d, expone. Fuente: El Diario NY<\/p>","protected":false},"author":1,"featured_media":10188,"comment_status":"open","ping_status":"open","sticky":false,"template":"elementor_header_footer","format":"standard","meta":{"_uf_show_specific_survey":0,"_uf_disable_surveys":false,"footnotes":""},"categories":[9],"tags":[],"class_list":["post-10187","post","type-post","status-publish","format-standard","has-post-thumbnail","hentry","category-orgullo-latino"],"aioseo_notices":[],"yoast_head":"<!-- This site is optimized with the Yoast SEO plugin v27.5 - https:\/\/yoast.com\/product\/yoast-seo-wordpress\/ -->\n<title>M\u00f3nica Rodr\u00edguez, la tercera latina concejal en toda la historia de LA<\/title>\n<meta name=\"description\" content=\"Sus prioridades: servicios b\u00e1sicos, desamparados, viviendas y empleos\" \/>\n<meta name=\"robots\" content=\"index, follow, max-snippet:-1, max-image-preview:large, max-video-preview:-1\" \/>\n<link rel=\"canonical\" href=\"https:\/\/accesolatino.org\/en\/monica-rodriguez-la-tercera-latina-concejal-en-toda-la-historia-de-los-angeles\/orgullo-latino\/\" \/>\n<meta property=\"og:locale\" content=\"en_US\" \/>\n<meta property=\"og:type\" content=\"article\" \/>\n<meta property=\"og:title\" content=\"M\u00f3nica Rodr\u00edguez, la tercera latina concejal en toda la historia de LA\" \/>\n<meta property=\"og:description\" content=\"Sus prioridades: servicios b\u00e1sicos, desamparados, viviendas y empleos\" \/>\n<meta property=\"og:url\" content=\"https:\/\/accesolatino.org\/en\/monica-rodriguez-la-tercera-latina-concejal-en-toda-la-historia-de-los-angeles\/orgullo-latino\/\" \/>\n<meta property=\"og:site_name\" content=\"Acceso Latino\" \/>\n<meta property=\"article:publisher\" content=\"https:\/\/www.facebook.com\/AccesoLatinoOrg\" \/>\n<meta property=\"article:published_time\" content=\"2017-09-07T14:49:17+00:00\" \/>\n<meta property=\"article:modified_time\" content=\"2025-10-27T20:29:43+00:00\" \/>\n<meta property=\"og:image\" content=\"https:\/\/accesolatino.org\/wp-content\/uploads\/2017\/09\/Monica-Rodriguez-la-tercera-latina-concejal-en-toda-la-historia-de-Los-Angeles.jpg\" \/>\n\t<meta property=\"og:image:width\" content=\"600\" \/>\n\t<meta property=\"og:image:height\" content=\"562\" \/>\n\t<meta property=\"og:image:type\" content=\"image\/jpeg\" \/>\n<meta name=\"author\" content=\"admin\" \/>\n<meta name=\"twitter:card\" content=\"summary_large_image\" \/>\n<meta name=\"twitter:creator\" content=\"@FAccLatino\" \/>\n<meta name=\"twitter:site\" content=\"@FAccLatino\" \/>\n<meta name=\"twitter:label1\" content=\"Written by\" \/>\n\t<meta name=\"twitter:data1\" content=\"admin\" \/>\n\t<meta name=\"twitter:label2\" content=\"Est. reading time\" \/>\n\t<meta name=\"twitter:data2\" content=\"2 minutes\" \/>\n<script type=\"application\/ld+json\" class=\"yoast-schema-graph\">{\"@context\":\"https:\\\/\\\/schema.org\",\"@graph\":[{\"@type\":\"Article\",\"@id\":\"https:\\\/\\\/accesolatino.org\\\/monica-rodriguez-la-tercera-latina-concejal-en-toda-la-historia-de-los-angeles\\\/orgullo-latino\\\/#article\",\"isPartOf\":{\"@id\":\"https:\\\/\\\/accesolatino.org\\\/monica-rodriguez-la-tercera-latina-concejal-en-toda-la-historia-de-los-angeles\\\/orgullo-latino\\\/\"},\"author\":{\"name\":\"admin\",\"@id\":\"https:\\\/\\\/accesolatino.org\\\/#\\\/schema\\\/person\\\/10763acf0565833da11d915ac8549efd\"},\"headline\":\"M\u00f3nica Rodr\u00edguez, la tercera latina concejal en toda la historia de Los \u00c1ngeles\",\"datePublished\":\"2017-09-07T14:49:17+00:00\",\"dateModified\":\"2025-10-27T20:29:43+00:00\",\"mainEntityOfPage\":{\"@id\":\"https:\\\/\\\/accesolatino.org\\\/monica-rodriguez-la-tercera-latina-concejal-en-toda-la-historia-de-los-angeles\\\/orgullo-latino\\\/\"},\"wordCount\":419,\"commentCount\":0,\"publisher\":{\"@id\":\"https:\\\/\\\/accesolatino.org\\\/#organization\"},\"image\":{\"@id\":\"https:\\\/\\\/accesolatino.org\\\/monica-rodriguez-la-tercera-latina-concejal-en-toda-la-historia-de-los-angeles\\\/orgullo-latino\\\/#primaryimage\"},\"thumbnailUrl\":\"https:\\\/\\\/accesolatino.org\\\/wp-content\\\/uploads\\\/2017\\\/09\\\/Monica-Rodriguez-la-tercera-latina-concejal-en-toda-la-historia-de-Los-Angeles.jpg\",\"articleSection\":[\"Orgullo Latino\"],\"inLanguage\":\"en-US\",\"potentialAction\":[{\"@type\":\"CommentAction\",\"name\":\"Comment\",\"target\":[\"https:\\\/\\\/accesolatino.org\\\/monica-rodriguez-la-tercera-latina-concejal-en-toda-la-historia-de-los-angeles\\\/orgullo-latino\\\/#respond\"]}]},{\"@type\":\"WebPage\",\"@id\":\"https:\\\/\\\/accesolatino.org\\\/monica-rodriguez-la-tercera-latina-concejal-en-toda-la-historia-de-los-angeles\\\/orgullo-latino\\\/\",\"url\":\"https:\\\/\\\/accesolatino.org\\\/monica-rodriguez-la-tercera-latina-concejal-en-toda-la-historia-de-los-angeles\\\/orgullo-latino\\\/\",\"name\":\"M\u00f3nica Rodr\u00edguez, la tercera latina concejal en toda la historia de LA\",\"isPartOf\":{\"@id\":\"https:\\\/\\\/accesolatino.org\\\/#website\"},\"primaryImageOfPage\":{\"@id\":\"https:\\\/\\\/accesolatino.org\\\/monica-rodriguez-la-tercera-latina-concejal-en-toda-la-historia-de-los-angeles\\\/orgullo-latino\\\/#primaryimage\"},\"image\":{\"@id\":\"https:\\\/\\\/accesolatino.org\\\/monica-rodriguez-la-tercera-latina-concejal-en-toda-la-historia-de-los-angeles\\\/orgullo-latino\\\/#primaryimage\"},\"thumbnailUrl\":\"https:\\\/\\\/accesolatino.org\\\/wp-content\\\/uploads\\\/2017\\\/09\\\/Monica-Rodriguez-la-tercera-latina-concejal-en-toda-la-historia-de-Los-Angeles.jpg\",\"datePublished\":\"2017-09-07T14:49:17+00:00\",\"dateModified\":\"2025-10-27T20:29:43+00:00\",\"description\":\"Sus prioridades: servicios b\u00e1sicos, desamparados, viviendas y empleos\",\"breadcrumb\":{\"@id\":\"https:\\\/\\\/accesolatino.org\\\/monica-rodriguez-la-tercera-latina-concejal-en-toda-la-historia-de-los-angeles\\\/orgullo-latino\\\/#breadcrumb\"},\"inLanguage\":\"en-US\",\"potentialAction\":[{\"@type\":\"ReadAction\",\"target\":[\"https:\\\/\\\/accesolatino.org\\\/monica-rodriguez-la-tercera-latina-concejal-en-toda-la-historia-de-los-angeles\\\/orgullo-latino\\\/\"]}]},{\"@type\":\"ImageObject\",\"inLanguage\":\"en-US\",\"@id\":\"https:\\\/\\\/accesolatino.org\\\/monica-rodriguez-la-tercera-latina-concejal-en-toda-la-historia-de-los-angeles\\\/orgullo-latino\\\/#primaryimage\",\"url\":\"https:\\\/\\\/accesolatino.org\\\/wp-content\\\/uploads\\\/2017\\\/09\\\/Monica-Rodriguez-la-tercera-latina-concejal-en-toda-la-historia-de-Los-Angeles.jpg\",\"contentUrl\":\"https:\\\/\\\/accesolatino.org\\\/wp-content\\\/uploads\\\/2017\\\/09\\\/Monica-Rodriguez-la-tercera-latina-concejal-en-toda-la-historia-de-Los-Angeles.jpg\",\"width\":\"600\",\"height\":\"562\",\"caption\":\"Monica-Rodriguez-la-tercera-latina-concejal-en-toda-la-historia-de-Los-Angeles\"},{\"@type\":\"BreadcrumbList\",\"@id\":\"https:\\\/\\\/accesolatino.org\\\/monica-rodriguez-la-tercera-latina-concejal-en-toda-la-historia-de-los-angeles\\\/orgullo-latino\\\/#breadcrumb\",\"itemListElement\":[{\"@type\":\"ListItem\",\"position\":1,\"name\":\"Portada\",\"item\":\"https:\\\/\\\/accesolatino.org\\\/\"},{\"@type\":\"ListItem\",\"position\":2,\"name\":\"Orgullo Latino\",\"item\":\"https:\\\/\\\/accesolatino.org\\\/category\\\/orgullo-latino\\\/\"},{\"@type\":\"ListItem\",\"position\":3,\"name\":\"M\u00f3nica Rodr\u00edguez, la tercera latina concejal en toda la historia de Los \u00c1ngeles\"}]},{\"@type\":\"WebSite\",\"@id\":\"https:\\\/\\\/accesolatino.org\\\/#website\",\"url\":\"https:\\\/\\\/accesolatino.org\\\/\",\"name\":\"Acceso Latino | Fundaci\u00f3n Carlos Slim\",\"description\":\"Fundaci\u00f3n Carlos Slim\",\"publisher\":{\"@id\":\"https:\\\/\\\/accesolatino.org\\\/#organization\"},\"potentialAction\":[{\"@type\":\"SearchAction\",\"target\":{\"@type\":\"EntryPoint\",\"urlTemplate\":\"https:\\\/\\\/accesolatino.org\\\/?s={search_term_string}\"},\"query-input\":{\"@type\":\"PropertyValueSpecification\",\"valueRequired\":true,\"valueName\":\"search_term_string\"}}],\"inLanguage\":\"en-US\"},{\"@type\":\"Organization\",\"@id\":\"https:\\\/\\\/accesolatino.org\\\/#organization\",\"name\":\"Acceso Latino | Fundaci\u00f3n Carlos Slim\",\"url\":\"https:\\\/\\\/accesolatino.org\\\/\",\"logo\":{\"@type\":\"ImageObject\",\"inLanguage\":\"en-US\",\"@id\":\"https:\\\/\\\/accesolatino.org\\\/#\\\/schema\\\/logo\\\/image\\\/\",\"url\":\"https:\\\/\\\/accesolatino.org\\\/wp-content\\\/uploads\\\/2021\\\/02\\\/logo-footer-acceso-latino.png\",\"contentUrl\":\"https:\\\/\\\/accesolatino.org\\\/wp-content\\\/uploads\\\/2021\\\/02\\\/logo-footer-acceso-latino.png\",\"width\":240,\"height\":40,\"caption\":\"Acceso Latino | Fundaci\u00f3n Carlos Slim\"},\"image\":{\"@id\":\"https:\\\/\\\/accesolatino.org\\\/#\\\/schema\\\/logo\\\/image\\\/\"},\"sameAs\":[\"https:\\\/\\\/www.facebook.com\\\/AccesoLatinoOrg\",\"https:\\\/\\\/x.com\\\/FAccLatino\"]},{\"@type\":\"Person\",\"@id\":\"https:\\\/\\\/accesolatino.org\\\/#\\\/schema\\\/person\\\/10763acf0565833da11d915ac8549efd\",\"name\":\"admin\"}]}<\/script>\n<!-- \/ Yoast SEO plugin. -->","yoast_head_json":{"title":"M\u00f3nica Rodr\u00edguez, la tercera latina concejal en toda la historia de LA","description":"Sus prioridades: servicios b\u00e1sicos, desamparados, viviendas y empleos","robots":{"index":"index","follow":"follow","max-snippet":"max-snippet:-1","max-image-preview":"max-image-preview:large","max-video-preview":"max-video-preview:-1"},"canonical":"https:\/\/accesolatino.org\/en\/monica-rodriguez-la-tercera-latina-concejal-en-toda-la-historia-de-los-angeles\/orgullo-latino\/","og_locale":"en_US","og_type":"article","og_title":"M\u00f3nica Rodr\u00edguez, la tercera latina concejal en toda la historia de LA","og_description":"Sus prioridades: servicios b\u00e1sicos, desamparados, viviendas y empleos","og_url":"https:\/\/accesolatino.org\/en\/monica-rodriguez-la-tercera-latina-concejal-en-toda-la-historia-de-los-angeles\/orgullo-latino\/","og_site_name":"Acceso Latino","article_publisher":"https:\/\/www.facebook.com\/AccesoLatinoOrg","article_published_time":"2017-09-07T14:49:17+00:00","article_modified_time":"2025-10-27T20:29:43+00:00","og_image":[{"width":600,"height":562,"url":"https:\/\/accesolatino.org\/wp-content\/uploads\/2017\/09\/Monica-Rodriguez-la-tercera-latina-concejal-en-toda-la-historia-de-Los-Angeles.jpg","type":"image\/jpeg"}],"author":"admin","twitter_card":"summary_large_image","twitter_creator":"@FAccLatino","twitter_site":"@FAccLatino","twitter_misc":{"Written by":"admin","Est. reading time":"2 minutes"},"schema":{"@context":"https:\/\/schema.org","@graph":[{"@type":"Article","@id":"https:\/\/accesolatino.org\/monica-rodriguez-la-tercera-latina-concejal-en-toda-la-historia-de-los-angeles\/orgullo-latino\/#article","isPartOf":{"@id":"https:\/\/accesolatino.org\/monica-rodriguez-la-tercera-latina-concejal-en-toda-la-historia-de-los-angeles\/orgullo-latino\/"},"author":{"name":"admin","@id":"https:\/\/accesolatino.org\/#\/schema\/person\/10763acf0565833da11d915ac8549efd"},"headline":"M\u00f3nica Rodr\u00edguez, la tercera latina concejal en toda la historia de Los \u00c1ngeles","datePublished":"2017-09-07T14:49:17+00:00","dateModified":"2025-10-27T20:29:43+00:00","mainEntityOfPage":{"@id":"https:\/\/accesolatino.org\/monica-rodriguez-la-tercera-latina-concejal-en-toda-la-historia-de-los-angeles\/orgullo-latino\/"},"wordCount":419,"commentCount":0,"publisher":{"@id":"https:\/\/accesolatino.org\/#organization"},"image":{"@id":"https:\/\/accesolatino.org\/monica-rodriguez-la-tercera-latina-concejal-en-toda-la-historia-de-los-angeles\/orgullo-latino\/#primaryimage"},"thumbnailUrl":"https:\/\/accesolatino.org\/wp-content\/uploads\/2017\/09\/Monica-Rodriguez-la-tercera-latina-concejal-en-toda-la-historia-de-Los-Angeles.jpg","articleSection":["Orgullo Latino"],"inLanguage":"en-US","potentialAction":[{"@type":"CommentAction","name":"Comment","target":["https:\/\/accesolatino.org\/monica-rodriguez-la-tercera-latina-concejal-en-toda-la-historia-de-los-angeles\/orgullo-latino\/#respond"]}]},{"@type":"WebPage","@id":"https:\/\/accesolatino.org\/monica-rodriguez-la-tercera-latina-concejal-en-toda-la-historia-de-los-angeles\/orgullo-latino\/","url":"https:\/\/accesolatino.org\/monica-rodriguez-la-tercera-latina-concejal-en-toda-la-historia-de-los-angeles\/orgullo-latino\/","name":"M\u00f3nica Rodr\u00edguez, la tercera latina concejal en toda la historia de LA","isPartOf":{"@id":"https:\/\/accesolatino.org\/#website"},"primaryImageOfPage":{"@id":"https:\/\/accesolatino.org\/monica-rodriguez-la-tercera-latina-concejal-en-toda-la-historia-de-los-angeles\/orgullo-latino\/#primaryimage"},"image":{"@id":"https:\/\/accesolatino.org\/monica-rodriguez-la-tercera-latina-concejal-en-toda-la-historia-de-los-angeles\/orgullo-latino\/#primaryimage"},"thumbnailUrl":"https:\/\/accesolatino.org\/wp-content\/uploads\/2017\/09\/Monica-Rodriguez-la-tercera-latina-concejal-en-toda-la-historia-de-Los-Angeles.jpg","datePublished":"2017-09-07T14:49:17+00:00","dateModified":"2025-10-27T20:29:43+00:00","description":"Sus prioridades: servicios b\u00e1sicos, desamparados, viviendas y empleos","breadcrumb":{"@id":"https:\/\/accesolatino.org\/monica-rodriguez-la-tercera-latina-concejal-en-toda-la-historia-de-los-angeles\/orgullo-latino\/#breadcrumb"},"inLanguage":"en-US","potentialAction":[{"@type":"ReadAction","target":["https:\/\/accesolatino.org\/monica-rodriguez-la-tercera-latina-concejal-en-toda-la-historia-de-los-angeles\/orgullo-latino\/"]}]},{"@type":"ImageObject","inLanguage":"en-US","@id":"https:\/\/accesolatino.org\/monica-rodriguez-la-tercera-latina-concejal-en-toda-la-historia-de-los-angeles\/orgullo-latino\/#primaryimage","url":"https:\/\/accesolatino.org\/wp-content\/uploads\/2017\/09\/Monica-Rodriguez-la-tercera-latina-concejal-en-toda-la-historia-de-Los-Angeles.jpg","contentUrl":"https:\/\/accesolatino.org\/wp-content\/uploads\/2017\/09\/Monica-Rodriguez-la-tercera-latina-concejal-en-toda-la-historia-de-Los-Angeles.jpg","width":"600","height":"562","caption":"Monica-Rodriguez-la-tercera-latina-concejal-en-toda-la-historia-de-Los-Angeles"},{"@type":"BreadcrumbList","@id":"https:\/\/accesolatino.org\/monica-rodriguez-la-tercera-latina-concejal-en-toda-la-historia-de-los-angeles\/orgullo-latino\/#breadcrumb","itemListElement":[{"@type":"ListItem","position":1,"name":"Portada","item":"https:\/\/accesolatino.org\/"},{"@type":"ListItem","position":2,"name":"Orgullo Latino","item":"https:\/\/accesolatino.org\/category\/orgullo-latino\/"},{"@type":"ListItem","position":3,"name":"M\u00f3nica Rodr\u00edguez, la tercera latina concejal en toda la historia de Los \u00c1ngeles"}]},{"@type":"WebSite","@id":"https:\/\/accesolatino.org\/#website","url":"https:\/\/accesolatino.org\/","name":"Acceso Latino | Fundaci\u00f3n Carlos Slim","description":"Fundaci\u00f3n Carlos Slim","publisher":{"@id":"https:\/\/accesolatino.org\/#organization"},"potentialAction":[{"@type":"SearchAction","target":{"@type":"EntryPoint","urlTemplate":"https:\/\/accesolatino.org\/?s={search_term_string}"},"query-input":{"@type":"PropertyValueSpecification","valueRequired":true,"valueName":"search_term_string"}}],"inLanguage":"en-US"},{"@type":"Organization","@id":"https:\/\/accesolatino.org\/#organization","name":"Acceso Latino | Fundaci\u00f3n Carlos Slim","url":"https:\/\/accesolatino.org\/","logo":{"@type":"ImageObject","inLanguage":"en-US","@id":"https:\/\/accesolatino.org\/#\/schema\/logo\/image\/","url":"https:\/\/accesolatino.org\/wp-content\/uploads\/2021\/02\/logo-footer-acceso-latino.png","contentUrl":"https:\/\/accesolatino.org\/wp-content\/uploads\/2021\/02\/logo-footer-acceso-latino.png","width":240,"height":40,"caption":"Acceso Latino | Fundaci\u00f3n Carlos Slim"},"image":{"@id":"https:\/\/accesolatino.org\/#\/schema\/logo\/image\/"},"sameAs":["https:\/\/www.facebook.com\/AccesoLatinoOrg","https:\/\/x.com\/FAccLatino"]},{"@type":"Person","@id":"https:\/\/accesolatino.org\/#\/schema\/person\/10763acf0565833da11d915ac8549efd","name":"admin"}]}},"_links":{"self":[{"href":"https:\/\/accesolatino.org\/en\/wp-json\/wp\/v2\/posts\/10187","targetHints":{"allow":["GET"]}}],"collection":[{"href":"https:\/\/accesolatino.org\/en\/wp-json\/wp\/v2\/posts"}],"about":[{"href":"https:\/\/accesolatino.org\/en\/wp-json\/wp\/v2\/types\/post"}],"author":[{"embeddable":true,"href":"https:\/\/accesolatino.org\/en\/wp-json\/wp\/v2\/users\/1"}],"replies":[{"embeddable":true,"href":"https:\/\/accesolatino.org\/en\/wp-json\/wp\/v2\/comments?post=10187"}],"version-history":[{"count":1,"href":"https:\/\/accesolatino.org\/en\/wp-json\/wp\/v2\/posts\/10187\/revisions"}],"predecessor-version":[{"id":66912,"href":"https:\/\/accesolatino.org\/en\/wp-json\/wp\/v2\/posts\/10187\/revisions\/66912"}],"wp:featuredmedia":[{"embeddable":true,"href":"https:\/\/accesolatino.org\/en\/wp-json\/wp\/v2\/media\/10188"}],"wp:attachment":[{"href":"https:\/\/accesolatino.org\/en\/wp-json\/wp\/v2\/media?parent=10187"}],"wp:term":[{"taxonomy":"category","embeddable":true,"href":"https:\/\/accesolatino.org\/en\/wp-json\/wp\/v2\/categories?post=10187"},{"taxonomy":"post_tag","embeddable":true,"href":"https:\/\/accesolatino.org\/en\/wp-json\/wp\/v2\/tags?post=10187"}],"curies":[{"name":"wp","href":"https:\/\/api.w.org\/{rel}","templated":true}]}}