{"id":10074,"date":"2017-08-24T09:59:12","date_gmt":"2017-08-24T14:59:12","guid":{"rendered":"https:\/\/accesolatino.org\/?p=10074"},"modified":"2025-10-27T14:39:09","modified_gmt":"2025-10-27T20:39:09","slug":"estudiante-de-la-unam-desarrolla-en-la-nasa-modelo-de-helicoptero-que-volara-en-marte","status":"publish","type":"post","link":"https:\/\/accesolatino.org\/en\/estudiante-de-la-unam-desarrolla-en-la-nasa-modelo-de-helicoptero-que-volara-en-marte\/orgullo-latino\/","title":{"rendered":"Estudiante de la UNAM desarrolla en la NASA modelo de helic\u00f3ptero que volar\u00e1 en Marte"},"content":{"rendered":"<p>Mar\u00eda Regina Apodaca Moreno, estudiante de la Facultad de Ciencias de la Universidad Nacional Aut\u00f3noma de M\u00e9xico (UNAM), realiz\u00f3 una estancia en el Centro de Investigaci\u00f3n de la NASA y poco a poco va haciendo realidad su sue\u00f1o de convertirse en una ingeniera aeroespacial.<\/p>\n<p>De acuerdo con informaci\u00f3n publicada por la UNAM, la estudiante de 22 a\u00f1os realiz\u00f3 una estancia de cuatro meses en un programa de internos del Centro de Investigaci\u00f3n AMES, de la agencia aeroespacial norteamericana, ubicada en el famoso sector tecnol\u00f3gico Silicon Valley.<\/p>\n<p>La estudiante relata que ser aceptada en dicho programa no fue f\u00e1cil, ya que adem\u00e1s de los altos est\u00e1ndares acad\u00e9micos que exige la Instituci\u00f3n, las gestiones le tomaron a\u00f1o y medio. No obstante, cont\u00f3 con la ayuda de uno de sus profesores de f\u00edsica, Guillermo Govea Anaya, quien la impuls\u00f3 a concretar su sue\u00f1o profesional.<\/p>\n<p>\u201cVio anunciada la convocatoria de la NASA en la p\u00e1gina de la Agencia Espacial Mexicana. \u00c9l conoc\u00eda mi inter\u00e9s por convertirme en ingeniera aeroespacial y me anim\u00f3 a enviar mis papeles\u201d, se\u00f1al\u00f3 la estudiante.<\/p>\n<p>La historia de Mar\u00cda Regina comienza desde muy joven cuando anhelaba ser como Scotty, personaje de la serie televisiva Star Trek (Viaje a las Estrellas), sue\u00f1o que parec\u00eda muy lejano debido a que continuamente la desalentaban sus conocidos. Sin embargo, la joven continu\u00f3 prepar\u00e1ndose a pesar de los obst\u00e1culos.<\/p>\n<p>Durante su estancia en AMES, Maria Regina inici\u00f3 un proyecto de investigaci\u00f3n para su tesis de licenciatura, el cual servir\u00e1 a la NASA para llevar a cabo en la misi\u00f3n del primer veh\u00edculo que aterrizar\u00e1 en Marte para el a\u00f1o 2020.<\/p>\n<p>La tesis en cuesti\u00f3n aborda el fen\u00f3meno de interacci\u00f3n del aire y la arena durante el despegue y la llegada del helic\u00f3ptero. De acuerdo con la joven este estudio responder\u00eda a la inquietud de la NASA acerca del comportamiento de estos elementos en el momento en que el veh\u00edculo se aproxima a la superficie planetaria, y las afectaciones que este podr\u00eda sufrir debido a la interacci\u00f3n con el torbellino que se generar\u00eda.<\/p>\n<p>\u201cCuando estos equipos aterrizan en la arena, como en Afganist\u00e1n, generan una enorme nube de polvo. Como en la superficie de Marte hay algo parecido a arena, no queremos que da\u00f1e sensores o al helic\u00f3ptero mismo\u201d, explic\u00f3.<\/p>\n<p>Regina desarroll\u00f3 una r\u00e9plica del helic\u00f3ptero espacial, tomando en cuenta las caracter\u00edsticas m\u00e1s importantes del veh\u00edculo, como parte de un proyecto de divulgaci\u00f3n cient\u00edfica adicional a las actividades de investigaci\u00f3n que realiza, el cual est\u00e1 enfocado en ni\u00f1os.<\/p>\n<p>\u201cFabriqu\u00e9 el modelo del helic\u00f3ptero como un proyecto de divulgaci\u00f3n para ni\u00f1os que explicara lo que estamos haciendo. Hice una versi\u00f3n juguete respetando las caracter\u00edsticas m\u00e1s importantes del equipo\u201d, se\u00f1al\u00f3 la estudiante.<\/p>\n<p>Este caso se suma al de la estudiante <a title=\"\" href=\"https:\/\/accesolatino.org\/en\/joven-mexicana-es-seleccionada-para-realizar-una-estancia-en-la-nasa\/\" target=\"_blank\" rel=\"noopener\">Brenda Natalia P\u00e9rez P\u00e9rez<\/a>, originaria de Chihuahua que tambi\u00e9n realizar\u00e1 una estancia en el centro de investigaci\u00f3n AMES y del joven chiapaneco Rub\u00e9n Miguel Garc\u00eda Ruiz, que participar\u00e1 en el programa Spheres\/Astrobee Facility.<\/p>\n<p><em>Fuente: Sin Embargo<\/em><\/p>","protected":false},"excerpt":{"rendered":"<p>Mar\u00eda Regina Apodaca Moreno, estudiante de la Facultad de Ciencias de la Universidad Nacional Aut\u00f3noma de M\u00e9xico (UNAM), realiz\u00f3 una estancia en el Centro de Investigaci\u00f3n de la NASA y poco a poco va haciendo realidad su sue\u00f1o de convertirse en una ingeniera aeroespacial. De acuerdo con informaci\u00f3n publicada por la UNAM, la estudiante de 22 a\u00f1os realiz\u00f3 una estancia de cuatro meses en un programa de internos del Centro de Investigaci\u00f3n AMES, de la agencia aeroespacial norteamericana, ubicada en el famoso sector tecnol\u00f3gico Silicon Valley. La estudiante relata que ser aceptada en dicho programa no fue f\u00e1cil, ya que adem\u00e1s de los altos est\u00e1ndares acad\u00e9micos que exige la Instituci\u00f3n, las gestiones le tomaron a\u00f1o y medio. No obstante, cont\u00f3 con la ayuda de uno de sus profesores de f\u00edsica, Guillermo Govea Anaya, quien la impuls\u00f3 a concretar su sue\u00f1o profesional. \u201cVio anunciada la convocatoria de la NASA en la p\u00e1gina de la Agencia Espacial Mexicana. \u00c9l conoc\u00eda mi inter\u00e9s por convertirme en ingeniera aeroespacial y me anim\u00f3 a enviar mis papeles\u201d, se\u00f1al\u00f3 la estudiante. La historia de Mar\u00cda Regina comienza desde muy joven cuando anhelaba ser como Scotty, personaje de la serie televisiva Star Trek (Viaje a las Estrellas), sue\u00f1o que parec\u00eda muy lejano debido a que continuamente la desalentaban sus conocidos. Sin embargo, la joven continu\u00f3 prepar\u00e1ndose a pesar de los obst\u00e1culos. Durante su estancia en AMES, Maria Regina inici\u00f3 un proyecto de investigaci\u00f3n para su tesis de licenciatura, el cual servir\u00e1 a la NASA para llevar a cabo en la misi\u00f3n del primer veh\u00edculo que aterrizar\u00e1 en Marte para el a\u00f1o 2020. La tesis en cuesti\u00f3n aborda el fen\u00f3meno de interacci\u00f3n del aire y la arena durante el despegue y la llegada del helic\u00f3ptero. De acuerdo con la joven este estudio responder\u00eda a la inquietud de la NASA acerca del comportamiento de estos elementos en el momento en que el veh\u00edculo se aproxima a la superficie planetaria, y las afectaciones que este podr\u00eda sufrir debido a la interacci\u00f3n con el torbellino que se generar\u00eda. \u201cCuando estos equipos aterrizan en la arena, como en Afganist\u00e1n, generan una enorme nube de polvo. Como en la superficie de Marte hay algo parecido a arena, no queremos que da\u00f1e sensores o al helic\u00f3ptero mismo\u201d, explic\u00f3. Regina desarroll\u00f3 una r\u00e9plica del helic\u00f3ptero espacial, tomando en cuenta las caracter\u00edsticas m\u00e1s importantes del veh\u00edculo, como parte de un proyecto de divulgaci\u00f3n cient\u00edfica adicional a las actividades de investigaci\u00f3n que realiza, el cual est\u00e1 enfocado en ni\u00f1os. \u201cFabriqu\u00e9 el modelo del helic\u00f3ptero como un proyecto de divulgaci\u00f3n para ni\u00f1os que explicara lo que estamos haciendo. Hice una versi\u00f3n juguete respetando las caracter\u00edsticas m\u00e1s importantes del equipo\u201d, se\u00f1al\u00f3 la estudiante. Este caso se suma al de la estudiante Brenda Natalia P\u00e9rez P\u00e9rez, originaria de Chihuahua que tambi\u00e9n realizar\u00e1 una estancia en el centro de investigaci\u00f3n AMES y del joven chiapaneco Rub\u00e9n Miguel Garc\u00eda Ruiz, que participar\u00e1 en el programa Spheres\/Astrobee Facility. Fuente: Sin Embargo<\/p>","protected":false},"author":1,"featured_media":10075,"comment_status":"open","ping_status":"open","sticky":false,"template":"elementor_header_footer","format":"standard","meta":{"_uf_show_specific_survey":0,"_uf_disable_surveys":false,"footnotes":""},"categories":[9],"tags":[],"class_list":["post-10074","post","type-post","status-publish","format-standard","has-post-thumbnail","hentry","category-orgullo-latino"],"aioseo_notices":[],"yoast_head":"<!-- This site is optimized with the Yoast SEO plugin v27.5 - https:\/\/yoast.com\/product\/yoast-seo-wordpress\/ -->\n<title>Estudiante de la UNAM desarrolla en la NASA modelo de helic\u00f3ptero...<\/title>\n<meta name=\"description\" content=\"Mar\u00eda Regina Apodaca Moreno, estudiante de la Facultad de Ciencias de la UNAM, realiz\u00f3 una estancia en el Centro de Investigaci\u00f3n de la NASA\" \/>\n<meta name=\"robots\" content=\"index, follow, max-snippet:-1, max-image-preview:large, max-video-preview:-1\" \/>\n<link rel=\"canonical\" href=\"https:\/\/accesolatino.org\/en\/estudiante-de-la-unam-desarrolla-en-la-nasa-modelo-de-helicoptero-que-volara-en-marte\/orgullo-latino\/\" \/>\n<meta property=\"og:locale\" content=\"en_US\" \/>\n<meta property=\"og:type\" content=\"article\" \/>\n<meta property=\"og:title\" content=\"Estudiante de la UNAM desarrolla en la NASA modelo de helic\u00f3ptero...\" \/>\n<meta property=\"og:description\" content=\"Mar\u00eda Regina Apodaca Moreno, estudiante de la Facultad de Ciencias de la UNAM, realiz\u00f3 una estancia en el Centro de Investigaci\u00f3n de la NASA\" \/>\n<meta property=\"og:url\" content=\"https:\/\/accesolatino.org\/en\/estudiante-de-la-unam-desarrolla-en-la-nasa-modelo-de-helicoptero-que-volara-en-marte\/orgullo-latino\/\" \/>\n<meta property=\"og:site_name\" content=\"Acceso Latino\" \/>\n<meta property=\"article:publisher\" content=\"https:\/\/www.facebook.com\/AccesoLatinoOrg\" \/>\n<meta property=\"article:published_time\" content=\"2017-08-24T14:59:12+00:00\" \/>\n<meta property=\"article:modified_time\" content=\"2025-10-27T20:39:09+00:00\" \/>\n<meta property=\"og:image\" content=\"https:\/\/accesolatino.org\/wp-content\/uploads\/2017\/08\/Estudiante-de-la-UNAM-desarrolla-en-la-NASA-modelo-de-helicoptero-que-volara-en-Marte.jpg\" \/>\n\t<meta property=\"og:image:width\" content=\"600\" \/>\n\t<meta property=\"og:image:height\" content=\"317\" \/>\n\t<meta property=\"og:image:type\" content=\"image\/jpeg\" \/>\n<meta name=\"author\" content=\"admin\" \/>\n<meta name=\"twitter:card\" content=\"summary_large_image\" \/>\n<meta name=\"twitter:creator\" content=\"@FAccLatino\" \/>\n<meta name=\"twitter:site\" content=\"@FAccLatino\" \/>\n<meta name=\"twitter:label1\" content=\"Written by\" \/>\n\t<meta name=\"twitter:data1\" content=\"admin\" \/>\n\t<meta name=\"twitter:label2\" content=\"Est. reading time\" \/>\n\t<meta name=\"twitter:data2\" content=\"3 minutes\" \/>\n<script type=\"application\/ld+json\" class=\"yoast-schema-graph\">{\"@context\":\"https:\\\/\\\/schema.org\",\"@graph\":[{\"@type\":\"Article\",\"@id\":\"https:\\\/\\\/accesolatino.org\\\/estudiante-de-la-unam-desarrolla-en-la-nasa-modelo-de-helicoptero-que-volara-en-marte\\\/orgullo-latino\\\/#article\",\"isPartOf\":{\"@id\":\"https:\\\/\\\/accesolatino.org\\\/estudiante-de-la-unam-desarrolla-en-la-nasa-modelo-de-helicoptero-que-volara-en-marte\\\/orgullo-latino\\\/\"},\"author\":{\"name\":\"admin\",\"@id\":\"https:\\\/\\\/accesolatino.org\\\/#\\\/schema\\\/person\\\/10763acf0565833da11d915ac8549efd\"},\"headline\":\"Estudiante de la UNAM desarrolla en la NASA modelo de helic\u00f3ptero que volar\u00e1 en Marte\",\"datePublished\":\"2017-08-24T14:59:12+00:00\",\"dateModified\":\"2025-10-27T20:39:09+00:00\",\"mainEntityOfPage\":{\"@id\":\"https:\\\/\\\/accesolatino.org\\\/estudiante-de-la-unam-desarrolla-en-la-nasa-modelo-de-helicoptero-que-volara-en-marte\\\/orgullo-latino\\\/\"},\"wordCount\":567,\"commentCount\":0,\"publisher\":{\"@id\":\"https:\\\/\\\/accesolatino.org\\\/#organization\"},\"image\":{\"@id\":\"https:\\\/\\\/accesolatino.org\\\/estudiante-de-la-unam-desarrolla-en-la-nasa-modelo-de-helicoptero-que-volara-en-marte\\\/orgullo-latino\\\/#primaryimage\"},\"thumbnailUrl\":\"https:\\\/\\\/accesolatino.org\\\/wp-content\\\/uploads\\\/2017\\\/08\\\/Estudiante-de-la-UNAM-desarrolla-en-la-NASA-modelo-de-helicoptero-que-volara-en-Marte.jpg\",\"articleSection\":[\"Orgullo Latino\"],\"inLanguage\":\"en-US\",\"potentialAction\":[{\"@type\":\"CommentAction\",\"name\":\"Comment\",\"target\":[\"https:\\\/\\\/accesolatino.org\\\/estudiante-de-la-unam-desarrolla-en-la-nasa-modelo-de-helicoptero-que-volara-en-marte\\\/orgullo-latino\\\/#respond\"]}]},{\"@type\":\"WebPage\",\"@id\":\"https:\\\/\\\/accesolatino.org\\\/estudiante-de-la-unam-desarrolla-en-la-nasa-modelo-de-helicoptero-que-volara-en-marte\\\/orgullo-latino\\\/\",\"url\":\"https:\\\/\\\/accesolatino.org\\\/estudiante-de-la-unam-desarrolla-en-la-nasa-modelo-de-helicoptero-que-volara-en-marte\\\/orgullo-latino\\\/\",\"name\":\"Estudiante de la UNAM desarrolla en la NASA modelo de helic\u00f3ptero...\",\"isPartOf\":{\"@id\":\"https:\\\/\\\/accesolatino.org\\\/#website\"},\"primaryImageOfPage\":{\"@id\":\"https:\\\/\\\/accesolatino.org\\\/estudiante-de-la-unam-desarrolla-en-la-nasa-modelo-de-helicoptero-que-volara-en-marte\\\/orgullo-latino\\\/#primaryimage\"},\"image\":{\"@id\":\"https:\\\/\\\/accesolatino.org\\\/estudiante-de-la-unam-desarrolla-en-la-nasa-modelo-de-helicoptero-que-volara-en-marte\\\/orgullo-latino\\\/#primaryimage\"},\"thumbnailUrl\":\"https:\\\/\\\/accesolatino.org\\\/wp-content\\\/uploads\\\/2017\\\/08\\\/Estudiante-de-la-UNAM-desarrolla-en-la-NASA-modelo-de-helicoptero-que-volara-en-Marte.jpg\",\"datePublished\":\"2017-08-24T14:59:12+00:00\",\"dateModified\":\"2025-10-27T20:39:09+00:00\",\"description\":\"Mar\u00eda Regina Apodaca Moreno, estudiante de la Facultad de Ciencias de la UNAM, realiz\u00f3 una estancia en el Centro de Investigaci\u00f3n de la NASA\",\"breadcrumb\":{\"@id\":\"https:\\\/\\\/accesolatino.org\\\/estudiante-de-la-unam-desarrolla-en-la-nasa-modelo-de-helicoptero-que-volara-en-marte\\\/orgullo-latino\\\/#breadcrumb\"},\"inLanguage\":\"en-US\",\"potentialAction\":[{\"@type\":\"ReadAction\",\"target\":[\"https:\\\/\\\/accesolatino.org\\\/estudiante-de-la-unam-desarrolla-en-la-nasa-modelo-de-helicoptero-que-volara-en-marte\\\/orgullo-latino\\\/\"]}]},{\"@type\":\"ImageObject\",\"inLanguage\":\"en-US\",\"@id\":\"https:\\\/\\\/accesolatino.org\\\/estudiante-de-la-unam-desarrolla-en-la-nasa-modelo-de-helicoptero-que-volara-en-marte\\\/orgullo-latino\\\/#primaryimage\",\"url\":\"https:\\\/\\\/accesolatino.org\\\/wp-content\\\/uploads\\\/2017\\\/08\\\/Estudiante-de-la-UNAM-desarrolla-en-la-NASA-modelo-de-helicoptero-que-volara-en-Marte.jpg\",\"contentUrl\":\"https:\\\/\\\/accesolatino.org\\\/wp-content\\\/uploads\\\/2017\\\/08\\\/Estudiante-de-la-UNAM-desarrolla-en-la-NASA-modelo-de-helicoptero-que-volara-en-Marte.jpg\",\"width\":\"600\",\"height\":\"317\",\"caption\":\"Estudiante-de-la-UNAM-desarrolla-en-la-NASA-modelo-de-helicoptero-que-volara-en-Marte\"},{\"@type\":\"BreadcrumbList\",\"@id\":\"https:\\\/\\\/accesolatino.org\\\/estudiante-de-la-unam-desarrolla-en-la-nasa-modelo-de-helicoptero-que-volara-en-marte\\\/orgullo-latino\\\/#breadcrumb\",\"itemListElement\":[{\"@type\":\"ListItem\",\"position\":1,\"name\":\"Portada\",\"item\":\"https:\\\/\\\/accesolatino.org\\\/\"},{\"@type\":\"ListItem\",\"position\":2,\"name\":\"Orgullo Latino\",\"item\":\"https:\\\/\\\/accesolatino.org\\\/category\\\/orgullo-latino\\\/\"},{\"@type\":\"ListItem\",\"position\":3,\"name\":\"Estudiante de la UNAM desarrolla en la NASA modelo de helic\u00f3ptero que volar\u00e1 en Marte\"}]},{\"@type\":\"WebSite\",\"@id\":\"https:\\\/\\\/accesolatino.org\\\/#website\",\"url\":\"https:\\\/\\\/accesolatino.org\\\/\",\"name\":\"Acceso Latino | Fundaci\u00f3n Carlos Slim\",\"description\":\"Fundaci\u00f3n Carlos Slim\",\"publisher\":{\"@id\":\"https:\\\/\\\/accesolatino.org\\\/#organization\"},\"potentialAction\":[{\"@type\":\"SearchAction\",\"target\":{\"@type\":\"EntryPoint\",\"urlTemplate\":\"https:\\\/\\\/accesolatino.org\\\/?s={search_term_string}\"},\"query-input\":{\"@type\":\"PropertyValueSpecification\",\"valueRequired\":true,\"valueName\":\"search_term_string\"}}],\"inLanguage\":\"en-US\"},{\"@type\":\"Organization\",\"@id\":\"https:\\\/\\\/accesolatino.org\\\/#organization\",\"name\":\"Acceso Latino | Fundaci\u00f3n Carlos Slim\",\"url\":\"https:\\\/\\\/accesolatino.org\\\/\",\"logo\":{\"@type\":\"ImageObject\",\"inLanguage\":\"en-US\",\"@id\":\"https:\\\/\\\/accesolatino.org\\\/#\\\/schema\\\/logo\\\/image\\\/\",\"url\":\"https:\\\/\\\/accesolatino.org\\\/wp-content\\\/uploads\\\/2021\\\/02\\\/logo-footer-acceso-latino.png\",\"contentUrl\":\"https:\\\/\\\/accesolatino.org\\\/wp-content\\\/uploads\\\/2021\\\/02\\\/logo-footer-acceso-latino.png\",\"width\":240,\"height\":40,\"caption\":\"Acceso Latino | Fundaci\u00f3n Carlos Slim\"},\"image\":{\"@id\":\"https:\\\/\\\/accesolatino.org\\\/#\\\/schema\\\/logo\\\/image\\\/\"},\"sameAs\":[\"https:\\\/\\\/www.facebook.com\\\/AccesoLatinoOrg\",\"https:\\\/\\\/x.com\\\/FAccLatino\"]},{\"@type\":\"Person\",\"@id\":\"https:\\\/\\\/accesolatino.org\\\/#\\\/schema\\\/person\\\/10763acf0565833da11d915ac8549efd\",\"name\":\"admin\"}]}<\/script>\n<!-- \/ Yoast SEO plugin. -->","yoast_head_json":{"title":"Estudiante de la UNAM desarrolla en la NASA modelo de helic\u00f3ptero...","description":"Mar\u00eda Regina Apodaca Moreno, estudiante de la Facultad de Ciencias de la UNAM, realiz\u00f3 una estancia en el Centro de Investigaci\u00f3n de la NASA","robots":{"index":"index","follow":"follow","max-snippet":"max-snippet:-1","max-image-preview":"max-image-preview:large","max-video-preview":"max-video-preview:-1"},"canonical":"https:\/\/accesolatino.org\/en\/estudiante-de-la-unam-desarrolla-en-la-nasa-modelo-de-helicoptero-que-volara-en-marte\/orgullo-latino\/","og_locale":"en_US","og_type":"article","og_title":"Estudiante de la UNAM desarrolla en la NASA modelo de helic\u00f3ptero...","og_description":"Mar\u00eda Regina Apodaca Moreno, estudiante de la Facultad de Ciencias de la UNAM, realiz\u00f3 una estancia en el Centro de Investigaci\u00f3n de la NASA","og_url":"https:\/\/accesolatino.org\/en\/estudiante-de-la-unam-desarrolla-en-la-nasa-modelo-de-helicoptero-que-volara-en-marte\/orgullo-latino\/","og_site_name":"Acceso Latino","article_publisher":"https:\/\/www.facebook.com\/AccesoLatinoOrg","article_published_time":"2017-08-24T14:59:12+00:00","article_modified_time":"2025-10-27T20:39:09+00:00","og_image":[{"width":600,"height":317,"url":"https:\/\/accesolatino.org\/wp-content\/uploads\/2017\/08\/Estudiante-de-la-UNAM-desarrolla-en-la-NASA-modelo-de-helicoptero-que-volara-en-Marte.jpg","type":"image\/jpeg"}],"author":"admin","twitter_card":"summary_large_image","twitter_creator":"@FAccLatino","twitter_site":"@FAccLatino","twitter_misc":{"Written by":"admin","Est. reading time":"3 minutes"},"schema":{"@context":"https:\/\/schema.org","@graph":[{"@type":"Article","@id":"https:\/\/accesolatino.org\/estudiante-de-la-unam-desarrolla-en-la-nasa-modelo-de-helicoptero-que-volara-en-marte\/orgullo-latino\/#article","isPartOf":{"@id":"https:\/\/accesolatino.org\/estudiante-de-la-unam-desarrolla-en-la-nasa-modelo-de-helicoptero-que-volara-en-marte\/orgullo-latino\/"},"author":{"name":"admin","@id":"https:\/\/accesolatino.org\/#\/schema\/person\/10763acf0565833da11d915ac8549efd"},"headline":"Estudiante de la UNAM desarrolla en la NASA modelo de helic\u00f3ptero que volar\u00e1 en Marte","datePublished":"2017-08-24T14:59:12+00:00","dateModified":"2025-10-27T20:39:09+00:00","mainEntityOfPage":{"@id":"https:\/\/accesolatino.org\/estudiante-de-la-unam-desarrolla-en-la-nasa-modelo-de-helicoptero-que-volara-en-marte\/orgullo-latino\/"},"wordCount":567,"commentCount":0,"publisher":{"@id":"https:\/\/accesolatino.org\/#organization"},"image":{"@id":"https:\/\/accesolatino.org\/estudiante-de-la-unam-desarrolla-en-la-nasa-modelo-de-helicoptero-que-volara-en-marte\/orgullo-latino\/#primaryimage"},"thumbnailUrl":"https:\/\/accesolatino.org\/wp-content\/uploads\/2017\/08\/Estudiante-de-la-UNAM-desarrolla-en-la-NASA-modelo-de-helicoptero-que-volara-en-Marte.jpg","articleSection":["Orgullo Latino"],"inLanguage":"en-US","potentialAction":[{"@type":"CommentAction","name":"Comment","target":["https:\/\/accesolatino.org\/estudiante-de-la-unam-desarrolla-en-la-nasa-modelo-de-helicoptero-que-volara-en-marte\/orgullo-latino\/#respond"]}]},{"@type":"WebPage","@id":"https:\/\/accesolatino.org\/estudiante-de-la-unam-desarrolla-en-la-nasa-modelo-de-helicoptero-que-volara-en-marte\/orgullo-latino\/","url":"https:\/\/accesolatino.org\/estudiante-de-la-unam-desarrolla-en-la-nasa-modelo-de-helicoptero-que-volara-en-marte\/orgullo-latino\/","name":"Estudiante de la UNAM desarrolla en la NASA modelo de helic\u00f3ptero...","isPartOf":{"@id":"https:\/\/accesolatino.org\/#website"},"primaryImageOfPage":{"@id":"https:\/\/accesolatino.org\/estudiante-de-la-unam-desarrolla-en-la-nasa-modelo-de-helicoptero-que-volara-en-marte\/orgullo-latino\/#primaryimage"},"image":{"@id":"https:\/\/accesolatino.org\/estudiante-de-la-unam-desarrolla-en-la-nasa-modelo-de-helicoptero-que-volara-en-marte\/orgullo-latino\/#primaryimage"},"thumbnailUrl":"https:\/\/accesolatino.org\/wp-content\/uploads\/2017\/08\/Estudiante-de-la-UNAM-desarrolla-en-la-NASA-modelo-de-helicoptero-que-volara-en-Marte.jpg","datePublished":"2017-08-24T14:59:12+00:00","dateModified":"2025-10-27T20:39:09+00:00","description":"Mar\u00eda Regina Apodaca Moreno, estudiante de la Facultad de Ciencias de la UNAM, realiz\u00f3 una estancia en el Centro de Investigaci\u00f3n de la NASA","breadcrumb":{"@id":"https:\/\/accesolatino.org\/estudiante-de-la-unam-desarrolla-en-la-nasa-modelo-de-helicoptero-que-volara-en-marte\/orgullo-latino\/#breadcrumb"},"inLanguage":"en-US","potentialAction":[{"@type":"ReadAction","target":["https:\/\/accesolatino.org\/estudiante-de-la-unam-desarrolla-en-la-nasa-modelo-de-helicoptero-que-volara-en-marte\/orgullo-latino\/"]}]},{"@type":"ImageObject","inLanguage":"en-US","@id":"https:\/\/accesolatino.org\/estudiante-de-la-unam-desarrolla-en-la-nasa-modelo-de-helicoptero-que-volara-en-marte\/orgullo-latino\/#primaryimage","url":"https:\/\/accesolatino.org\/wp-content\/uploads\/2017\/08\/Estudiante-de-la-UNAM-desarrolla-en-la-NASA-modelo-de-helicoptero-que-volara-en-Marte.jpg","contentUrl":"https:\/\/accesolatino.org\/wp-content\/uploads\/2017\/08\/Estudiante-de-la-UNAM-desarrolla-en-la-NASA-modelo-de-helicoptero-que-volara-en-Marte.jpg","width":"600","height":"317","caption":"Estudiante-de-la-UNAM-desarrolla-en-la-NASA-modelo-de-helicoptero-que-volara-en-Marte"},{"@type":"BreadcrumbList","@id":"https:\/\/accesolatino.org\/estudiante-de-la-unam-desarrolla-en-la-nasa-modelo-de-helicoptero-que-volara-en-marte\/orgullo-latino\/#breadcrumb","itemListElement":[{"@type":"ListItem","position":1,"name":"Portada","item":"https:\/\/accesolatino.org\/"},{"@type":"ListItem","position":2,"name":"Orgullo Latino","item":"https:\/\/accesolatino.org\/category\/orgullo-latino\/"},{"@type":"ListItem","position":3,"name":"Estudiante de la UNAM desarrolla en la NASA modelo de helic\u00f3ptero que volar\u00e1 en Marte"}]},{"@type":"WebSite","@id":"https:\/\/accesolatino.org\/#website","url":"https:\/\/accesolatino.org\/","name":"Acceso Latino | Fundaci\u00f3n Carlos Slim","description":"Fundaci\u00f3n Carlos Slim","publisher":{"@id":"https:\/\/accesolatino.org\/#organization"},"potentialAction":[{"@type":"SearchAction","target":{"@type":"EntryPoint","urlTemplate":"https:\/\/accesolatino.org\/?s={search_term_string}"},"query-input":{"@type":"PropertyValueSpecification","valueRequired":true,"valueName":"search_term_string"}}],"inLanguage":"en-US"},{"@type":"Organization","@id":"https:\/\/accesolatino.org\/#organization","name":"Acceso Latino | Fundaci\u00f3n Carlos Slim","url":"https:\/\/accesolatino.org\/","logo":{"@type":"ImageObject","inLanguage":"en-US","@id":"https:\/\/accesolatino.org\/#\/schema\/logo\/image\/","url":"https:\/\/accesolatino.org\/wp-content\/uploads\/2021\/02\/logo-footer-acceso-latino.png","contentUrl":"https:\/\/accesolatino.org\/wp-content\/uploads\/2021\/02\/logo-footer-acceso-latino.png","width":240,"height":40,"caption":"Acceso Latino | Fundaci\u00f3n Carlos Slim"},"image":{"@id":"https:\/\/accesolatino.org\/#\/schema\/logo\/image\/"},"sameAs":["https:\/\/www.facebook.com\/AccesoLatinoOrg","https:\/\/x.com\/FAccLatino"]},{"@type":"Person","@id":"https:\/\/accesolatino.org\/#\/schema\/person\/10763acf0565833da11d915ac8549efd","name":"admin"}]}},"_links":{"self":[{"href":"https:\/\/accesolatino.org\/en\/wp-json\/wp\/v2\/posts\/10074","targetHints":{"allow":["GET"]}}],"collection":[{"href":"https:\/\/accesolatino.org\/en\/wp-json\/wp\/v2\/posts"}],"about":[{"href":"https:\/\/accesolatino.org\/en\/wp-json\/wp\/v2\/types\/post"}],"author":[{"embeddable":true,"href":"https:\/\/accesolatino.org\/en\/wp-json\/wp\/v2\/users\/1"}],"replies":[{"embeddable":true,"href":"https:\/\/accesolatino.org\/en\/wp-json\/wp\/v2\/comments?post=10074"}],"version-history":[{"count":1,"href":"https:\/\/accesolatino.org\/en\/wp-json\/wp\/v2\/posts\/10074\/revisions"}],"predecessor-version":[{"id":66938,"href":"https:\/\/accesolatino.org\/en\/wp-json\/wp\/v2\/posts\/10074\/revisions\/66938"}],"wp:featuredmedia":[{"embeddable":true,"href":"https:\/\/accesolatino.org\/en\/wp-json\/wp\/v2\/media\/10075"}],"wp:attachment":[{"href":"https:\/\/accesolatino.org\/en\/wp-json\/wp\/v2\/media?parent=10074"}],"wp:term":[{"taxonomy":"category","embeddable":true,"href":"https:\/\/accesolatino.org\/en\/wp-json\/wp\/v2\/categories?post=10074"},{"taxonomy":"post_tag","embeddable":true,"href":"https:\/\/accesolatino.org\/en\/wp-json\/wp\/v2\/tags?post=10074"}],"curies":[{"name":"wp","href":"https:\/\/api.w.org\/{rel}","templated":true}]}}